{"id":38475,"date":"2023-03-07T12:30:52","date_gmt":"2023-03-07T12:30:52","guid":{"rendered":"https:\/\/www.africa-press.net\/cameroun\/politique\/affaire-amougou-belinga-maxime-eko-eko-dans-les-crocs-de-la-mafia-son-fils-fait-denormes-revelations"},"modified":"2023-03-07T13:12:00","modified_gmt":"2023-03-07T13:12:00","slug":"affaire-amougou-belinga-maxime-eko-eko-dans-les-crocs-de-la-mafia-son-fils-fait-denormes-revelations","status":"publish","type":"post","link":"https:\/\/www.africa-press.net\/cameroun\/dossiers\/affaire-amougou-belinga-maxime-eko-eko-dans-les-crocs-de-la-mafia-son-fils-fait-denormes-revelations","title":{"rendered":"Affaire Amougou Belinga : Maxime Eko Eko dans les crocs de la mafia ? Son &lsquo;fils&rsquo; fait d&rsquo;\u00e9normes r\u00e9v\u00e9lations"},"content":{"rendered":"<p><span style=\"color: #ff6600\"><strong>Africa-Press &#8211; Cameroun. <\/strong><\/span>Dans une tribune sur les re\u0301seaux sociaux en re\u0301action a\u0300 la de\u0301tention provisoire du patron de la Direction ge\u0301ne\u0301rale de la recherche exte\u0301rieure, Dr succe\u0300s Nkongho qui se tague d&rsquo;e\u0302tre le &lsquo;fils&rsquo; de Le\u0301opold Maxime Eko Eko croit en un complot contre son pe\u0300re. Lecture<\/p>\n<p>\u00ab LE MAXIME LEOPOLD EKO EKO QUE JE CONNAIS !<\/p>\n<p>Il y a eu un moment dans ma vie ou\u0300 j&rsquo;ai perdu presque tout ce que j&rsquo;avais. Je perds mes amis, je perds ma famille e\u0301largie, je perds tout ce pour quoi j&rsquo;ai travaille\u0301, je perds mes sens civiques, presque perdu mon mariage et mes enfants a\u0300 cause du projet ambazonien jusqu&rsquo;a\u0300 ce que Dieu utilise M. Eko Eko pour me raisonner et me rame\u0300ne a\u0300 la raison aujourd&rsquo;hui Je suis fier de ma camerounaise malgre\u0301 la persistance des injustices et des manipulations au Cameroun qui est par de\u0301faut de la plupart des syste\u0300mes politiques africains.<\/p>\n<p>M. Eko Eko est le fonctionnaire du gouvernement camerounais le plus patriotique, le plus honne\u0302te, le plus humble, le plus simpliste, le plus transparent, le plus de\u0301sinte\u0301resse\u0301, le plus pacifique et le plus loyal avec qui j&rsquo;ai eu le privile\u0300ge d&rsquo;e\u0302tre proche<\/p>\n<p>Il y a bien longtemps avant que la crise anglophone n&rsquo;arrive a\u0300 la lampe, M. Eko Eko a e\u0301crit aux autorite\u0301s pour les avertir d&rsquo;une e\u0301ventuelle crise et leur a propose\u0301 comment la pre\u0301venir et quand la crise ang lophone a commence\u0301, il n&rsquo;a jamais e\u0301te\u0301 tenu compte de ses propositions jusqu&rsquo;a\u0300 ce qu&rsquo;elle passe d&rsquo;une e\u0301tape un beaucoup plus cou\u0302teux. Me\u0302me ignore\u0301, il s&rsquo;est quand me\u0302me rendu dans les re\u0301gions du Sud-Ouest et du Nord-Ouest pour avoir une conversation afin de calmer les enseignants et les avocats, mais certains des fonctionnaires qui voulaient prouver leur force exe\u0301cutive ont ignore\u0301 la voie de la paix que M. Eko Eko a de\u0301fendue et est alle\u0301 de l&rsquo;avant pour arre\u0302ter des manifestants\/activits pacifiques comme l&rsquo;avocat Agbor Nkongho, le Dr Neba Fontem, le juge Ayah Paul et une foule d&rsquo;autres. Huit mois plus tard, M. Eko Eko a ne\u0301gocie\u0301 en leur nom devant le pre\u0301sident de la Re\u0301publique pour leur libe\u0301ration au nom de la paix et ils ont e\u0301te\u0301 libe\u0301re\u0301s par une instruction pre\u0301sidentielle.<\/p>\n<p>En outre, lorsque Sisiku et d&rsquo;autres ont e\u0301te\u0301 kidnappe\u0301s au Nigeria et envole\u0301s au Cameroun, la plupart des membres du Conseil national de se\u0301curite\u0301 ont propose\u0301 qu&rsquo;ils soient tue\u0301s et jete\u0301s dans l&rsquo;oce\u0301an, M. Eko Eko s&rsquo;est dresse\u0301 contre et ils ont e\u0301te\u0301 amene\u0301s sains et saufs a\u0300 Yaounde\u0301 et M. Eko Eko a des pourparlers de paix entre eux et le gouvernement camerounais et M. Eko eko a des discussions de paix entre de nombreuses fractions ambazoniennes et a risque\u0301 sa vie a\u0300 plusieurs reprises pour rencontrer les redoutables dirigeants et ge\u0301ne\u0301raux ambazoniens dans des endroits qu&rsquo;il n&rsquo;aimera naturellement pas. Tout ce qu&rsquo;il a fait c&rsquo;est que la paix re\u0300gne au Cameroun. Il a e\u0301galement fortement pre\u0301conise\u0301 un re\u0300glement politique ou diplomatique de la crise anglophone.<\/p>\n<p>Il vaut aussi la peine de se rappeler quand M. Eko Eko est venu au Nigeria pour que moi et 87 re\u0301fugie\u0301s et combattants reviennent au Cameroun, conforme\u0301ment au diplo\u0302me pre\u0301sidentiel accordant l&rsquo;amnistie a\u0300 tous les combattants, en re\u0301ponse, j&rsquo;ai pris un vol avec lui avec joie dans le me\u0302me vol a\u0300 l&rsquo;ae\u0301roport de Nsimalen ou\u0300 nous e\u0301tions tous a donne\u0301 a\u0300 notre pays un orgasme politique auquel personne ne s&rsquo;attendait alors. Ce pas de ge\u0301ant a de\u0301clenche\u0301 certains de ses rivaux politiques qui sont des de\u0301tracteurs de la paix, des de\u0301tracteurs du Cameroun, des de\u0301tracteur du peuple anglophone et des de\u0301tracteurs des pre\u0301sident Paul Biya qui ont commence\u0301 a\u0300 sentir qu&rsquo;il les avait gifle\u0301s<\/p>\n<p>Ils ont ensuite commence\u0301 a\u0300 lui tendre des pie\u0300ges parce qu&rsquo;il a prouve\u0301 au pre\u0301sident du Cameroun et au monde en ge\u0301ne\u0301ral que nous pouvons avoir la paix sans l&rsquo;option militaire mais par un processus pacifique sans sang.<\/p>\n<p>Mr Eko Eko a tenu sa promesse envers tous les 87 anglophones qui ont e\u0301te\u0301 ramene\u0301s au Cameroun, il n&rsquo;a jamais ne\u0301glige\u0301 personne et il nous a prouve\u0301 que nous pouvons faire confiance a\u0300 notre pays le Cameroun et son gouvernement.<\/p>\n<p>Un autre cas ou\u0300 je suis te\u0301moin de sa since\u0301rite\u0301 et de son humilite\u0301 a e\u0301te\u0301 lorsqu&rsquo;il m&rsquo;a accuse\u0301 par erreur de collecter des dollars dans sa chambre d&rsquo;ho\u0302tel Hilton a\u0300 Abuja, pourtant, vingt-quatre heures plus tard, il s&rsquo;est excuse\u0301 quand il a de\u0301couvert le contraire et il voulait me donner tous les dollars en plus dollars supple\u0301mentaires dans le cadre de ses excuses et de la re\u0301paration des dommages cause\u0301s par erreur a\u0300 ma personnalite\u0301. J&rsquo;ai refuse\u0301 de collecter les dollars parce que c&rsquo;est un homme since\u0300re et humble et ma relation avec lui ne peut e\u0302tre mesure\u0301e avec de l&rsquo;argent.<\/p>\n<p>Quand son collaborateur (M. Lobe Elung James) a\u0300 son insu et sans son consentement a de\u0301libe\u0301re\u0301ment divulgue\u0301 les noms des combattants qui e\u0301taient cense\u0301s se rendre a\u0300 Yaounde\u0301 pour embrasser l&rsquo;amnistie pre\u0301sidentielle et cela a provoque\u0301 un scandale un jour avant notre de\u0301part, il m&rsquo;a pre\u0301sente\u0301 ses excuses presque a\u0300 genoux la pre\u0301sence du haut-commissariat du Cameroun au Nigeria a\u0300 Abuja. Encore vingt-cinq minutes apre\u0300s le de\u0301collage de l&rsquo;avion, il a laisse\u0301 son sie\u0300ge a\u0300 mon sie\u0300ge pour me re\u0301ite\u0301rer ses since\u0300res excuses. Ce que j&rsquo;ai appris de lui, c&rsquo;est qu&rsquo;il s&rsquo;excusait toujours chaque fois qu&rsquo;il sent que quelqu&rsquo;un est blesse\u0301 par ses actes, son inaction Son humilite\u0301 et sa since\u0301rite\u0301 sont une lec\u0327on non seulement pour moi mais pour les ge\u0301ne\u0301rations a\u0300 venir.<\/p>\n<p>Chaque fois que je m&rsquo;inquie\u0300te de quoi que ce soit et que j&rsquo;ai des doutes ou des questions, je l&rsquo;appellerai et me\u0302me s&rsquo;il est 2h du matin, il choisira mes appels ou rappellera mes appels presque imme\u0301diatement pour conseiller sa propre opinion ou cle\u0301rifier mes doutes<\/p>\n<p>A plusieurs reprises il avait voulu de\u0301missionner pour pouvoir rentrer chez lui et se reposer mais le pre\u0301sident de la Re\u0301publique lui demanderait de rester, il n&rsquo;a jamais e\u0301te\u0301 un homme de\u0301sespe\u0301re\u0301, il n&rsquo;as aucune ambition politique et c&rsquo;est un homme financie\u0300rement stable qui a de la sympathie humaine et ont toujours voulu vivre une vie de paix dans ses derniers jours en fonction et dans ce monde mais malheureusement, tout comme Je\u0301sus Chris a e\u0301te\u0301 trahi par son disciple le plus fiable, il a e\u0301te\u0301 trahi de proches collaborateurs qui se sont connecte\u0301s avec ses ennemis politiques pour mentir contre lui, l&rsquo;impliquer sans aucune preuve et aujourd&rsquo;hui il est en de\u0301tention impie pour quelque chose dont il ne sait rien.<\/p>\n<p>A TOI PAPA, NE T&rsquo;INQUIE\u0300TE PAS, LE VRAI PARRAIN DE L&rsquo;ASSASSINATION DE MARTINEZ ZOGO SERA BIENTO\u0302T EN PRISON ET TU SERAS UN HOMME LIBRE AU CAMEROUN.<\/p>\n<p>Ils savent que vous e\u0302tes l&rsquo;une des personnes qui peuvent prote\u0301ger notre Nation et son pre\u0301sident contre les ennemis et ennemis du Cameroun, ils savent que vous mai\u0302trisez leurs tactiques de fraude, leurs manipulations et leurs coup d&rsquo;e\u0301tat planifie\u0301 contre le pre\u0301sident Paul Biya, ils ont du\u0302 vous enlever pour avoir leur chemin.<\/p>\n<p>Papa ce n&rsquo;est pas fini jusqu&rsquo;a\u0300 ce que ce soit fini papa tu m&rsquo;as appris a\u0300 rester civil dans tous mes combats pour un Cameroun meilleur tu nous a montre\u0301 par exemple comment le pouvoir de l&rsquo;amour est plus que l&rsquo;amour du pouvoir s&rsquo;il te plai\u0302t pardonne les gentiment reste prier comme toi ont toujours e\u0301te\u0301, nous continuerons le combat pour notre pays tout en priant pour vous comme je sais que vous allez biento\u0302t quitter cette prison a\u0300 votre palais dans le village en tant que dirigeant traditionnel que vous e\u0302tes.<\/p>\n<p>Ils sont menace\u0301s par vous parce que vous avez mene\u0301 une enque\u0302te propre sur leurs multiples cas de corruption comme Covidgate, stade Olembe, route Douala-Yaounde et bien d&rsquo;autres plus vous avez signale\u0301 au pre\u0301sident leur mafia dans la crise anglophone et comment ils pre\u0301voient un coup d&rsquo;e\u0301tat. C&rsquo;est pourquoi ils vous ont faussement accuse\u0301 et incarce\u0301re\u0301 injustement mais tout comme le dit les e\u0301critures dans Daniel chapitre 3 verset 16 a\u0300 18 que ;<\/p>\n<p>\u00ab\u00a016 Shadrach, Meshach et Abed-Nego re\u0301pondent et disent au roi : \u00ab\u00a0O Nebuchadnezzar, nous n&rsquo;avons pas besoin de vous re\u0301pondre dans cette affaire. 17 Si tel est le cas, notre Dieu que nous servons est capable de nous de\u0301livrer de la fournaise ardente et Il nous de\u0301livrera de ta main, o\u0302 roi. 18 Mais si ce n&rsquo;est pas le cas, faites savoir, o\u0302 roi, que nous ne servons pas vos dieux, et que nous n&rsquo;adorerons pas l&rsquo;image d&rsquo;or que vous avez mise en place \u00a0\u00bb<\/p>\n<p>merci d&rsquo;aimer le Cameroun et si c&rsquo;est le salaire de vos fide\u0300les, patriotes, de\u0301sinte\u0301resse\u0301s et loyaux services rendus au Cameroun alors je crains quel salaire sera donne\u0301 a\u0300 ceux d&rsquo;entre nous ici.<\/p>\n<p>Je t&rsquo;aime papa !<\/p>\n<p>Ton fils \u00bb<\/p>\n<p><strong>Pour plus d&rsquo;informations et d&rsquo;analyses sur la <a href=\"https:\/\/www.africa-press.net\/cameroun\">Cameroun<\/a>, suivez <a href=\"https:\/\/www.africa-press.net\/\">Africa-Press<\/a><\/strong><\/p>\n","protected":false},"excerpt":{"rendered":"<p>Africa-Press &#8211; Cameroun. Dans une tribune sur les re\u0301seaux sociaux en re\u0301action a\u0300 la de\u0301tention provisoire du patron de la Direction ge\u0301ne\u0301rale de la recherche exte\u0301rieure, Dr succe\u0300s Nkongho qui se tague d&rsquo;e\u0302tre le &lsquo;fils&rsquo; de Le\u0301opold Maxime Eko Eko croit en un complot contre son pe\u0300re. Lecture \u00ab LE MAXIME LEOPOLD EKO EKO QUE [&hellip;]<\/p>\n","protected":false},"author":82,"featured_media":38473,"comment_status":"open","ping_status":"closed","sticky":false,"template":"","format":"standard","meta":{"footnotes":""},"categories":[7,10],"tags":[36,50,49],"class_list":["post-38475","post","type-post","status-publish","format-standard","has-post-thumbnail","hentry","category-dossiers","category-toutes-les-actualites","tag-africa-press","tag-africa-press-cameroun","tag-cameroun"],"yoast_head":"<!-- This site is optimized with the Yoast SEO Premium plugin v26.1 (Yoast SEO v27.0) - https:\/\/yoast.com\/product\/yoast-seo-premium-wordpress\/ -->\n<title>Affaire Amougou Belinga : Maxime Eko Eko dans les crocs de la mafia ? Son &#039;fils&#039; fait d&#039;\u00e9normes r\u00e9v\u00e9lations - Cameroun<\/title>\n<meta name=\"description\" content=\"Dans une tribune sur les re\u0301seaux sociaux en re\u0301action a\u0300 la de\u0301tention provisoire du patron de la Direction ge\u0301ne\u0301rale ...\" \/>\n<meta name=\"robots\" content=\"index, follow, max-snippet:-1, max-image-preview:large, max-video-preview:-1\" \/>\n<link rel=\"canonical\" href=\"https:\/\/www.africa-press.net\/cameroun\/dossiers\/affaire-amougou-belinga-maxime-eko-eko-dans-les-crocs-de-la-mafia-son-fils-fait-denormes-revelations\" \/>\n<meta property=\"og:locale\" content=\"fr_FR\" \/>\n<meta property=\"og:type\" content=\"article\" \/>\n<meta property=\"og:title\" content=\"Affaire Amougou Belinga : Maxime Eko Eko dans les crocs de la mafia ? Son &#039;fils&#039; fait d&#039;\u00e9normes r\u00e9v\u00e9lations\" \/>\n<meta property=\"og:description\" content=\"Dans une tribune sur les re\u0301seaux sociaux en re\u0301action a\u0300 la de\u0301tention provisoire du patron de la Direction ge\u0301ne\u0301rale ...\" \/>\n<meta property=\"og:url\" content=\"https:\/\/www.africa-press.net\/cameroun\/dossiers\/affaire-amougou-belinga-maxime-eko-eko-dans-les-crocs-de-la-mafia-son-fils-fait-denormes-revelations\" \/>\n<meta property=\"og:site_name\" content=\"Cameroun\" \/>\n<meta property=\"article:published_time\" content=\"2023-03-07T12:30:52+00:00\" \/>\n<meta property=\"article:modified_time\" content=\"2023-03-07T13:12:00+00:00\" \/>\n<meta property=\"og:image\" content=\"https:\/\/static.africa-press.net\/cameroun\/sites\/57\/2023\/03\/postQueueImg_1678179667.28.jpg\" \/>\n\t<meta property=\"og:image:width\" content=\"720\" \/>\n\t<meta property=\"og:image:height\" content=\"525\" \/>\n\t<meta property=\"og:image:type\" content=\"image\/jpeg\" \/>\n<meta name=\"author\" content=\"cfeditorfr\" \/>\n<meta name=\"twitter:card\" content=\"summary_large_image\" \/>\n<meta name=\"twitter:label1\" content=\"\u00c9crit par\" \/>\n\t<meta name=\"twitter:data1\" content=\"cfeditorfr\" \/>\n\t<meta name=\"twitter:label2\" content=\"Dur\u00e9e de lecture estim\u00e9e\" \/>\n\t<meta name=\"twitter:data2\" content=\"8 minutes\" \/>\n<script type=\"application\/ld+json\" class=\"yoast-schema-graph\">{\"@context\":\"https:\/\/schema.org\",\"@graph\":[{\"@type\":\"Article\",\"@id\":\"https:\/\/www.africa-press.net\/cameroun\/dossiers\/affaire-amougou-belinga-maxime-eko-eko-dans-les-crocs-de-la-mafia-son-fils-fait-denormes-revelations#article\",\"isPartOf\":{\"@id\":\"https:\/\/www.africa-press.net\/cameroun\/dossiers\/affaire-amougou-belinga-maxime-eko-eko-dans-les-crocs-de-la-mafia-son-fils-fait-denormes-revelations\"},\"author\":{\"name\":\"cfeditorfr\",\"@id\":\"https:\/\/www.africa-press.net\/cameroun\/#\/schema\/person\/2b1cf3cd81a31e3cd26889ca66d677f1\"},\"headline\":\"Affaire Amougou Belinga : Maxime Eko Eko dans les crocs de la mafia ? Son &lsquo;fils&rsquo; fait d&rsquo;\u00e9normes r\u00e9v\u00e9lations\",\"datePublished\":\"2023-03-07T12:30:52+00:00\",\"dateModified\":\"2023-03-07T13:12:00+00:00\",\"mainEntityOfPage\":{\"@id\":\"https:\/\/www.africa-press.net\/cameroun\/dossiers\/affaire-amougou-belinga-maxime-eko-eko-dans-les-crocs-de-la-mafia-son-fils-fait-denormes-revelations\"},\"wordCount\":1703,\"commentCount\":0,\"image\":{\"@id\":\"https:\/\/www.africa-press.net\/cameroun\/dossiers\/affaire-amougou-belinga-maxime-eko-eko-dans-les-crocs-de-la-mafia-son-fils-fait-denormes-revelations#primaryimage\"},\"thumbnailUrl\":\"https:\/\/static.africa-press.net\/cameroun\/sites\/57\/2023\/03\/postQueueImg_1678179667.28.jpg\",\"keywords\":[\"Africa Press\",\"Africa Press-Cameroun\",\"Cameroun\"],\"articleSection\":[\"Dossiers\",\"Toutes les actualit\u00e9s\"],\"inLanguage\":\"fr-FR\",\"potentialAction\":[{\"@type\":\"CommentAction\",\"name\":\"Comment\",\"target\":[\"https:\/\/www.africa-press.net\/cameroun\/dossiers\/affaire-amougou-belinga-maxime-eko-eko-dans-les-crocs-de-la-mafia-son-fils-fait-denormes-revelations#respond\"]}]},{\"@type\":\"WebPage\",\"@id\":\"https:\/\/www.africa-press.net\/cameroun\/dossiers\/affaire-amougou-belinga-maxime-eko-eko-dans-les-crocs-de-la-mafia-son-fils-fait-denormes-revelations\",\"url\":\"https:\/\/www.africa-press.net\/cameroun\/dossiers\/affaire-amougou-belinga-maxime-eko-eko-dans-les-crocs-de-la-mafia-son-fils-fait-denormes-revelations\",\"name\":\"Affaire Amougou Belinga : Maxime Eko Eko dans les crocs de la mafia ? Son 'fils' fait d'\u00e9normes r\u00e9v\u00e9lations - Cameroun\",\"isPartOf\":{\"@id\":\"https:\/\/www.africa-press.net\/cameroun\/#website\"},\"primaryImageOfPage\":{\"@id\":\"https:\/\/www.africa-press.net\/cameroun\/dossiers\/affaire-amougou-belinga-maxime-eko-eko-dans-les-crocs-de-la-mafia-son-fils-fait-denormes-revelations#primaryimage\"},\"image\":{\"@id\":\"https:\/\/www.africa-press.net\/cameroun\/dossiers\/affaire-amougou-belinga-maxime-eko-eko-dans-les-crocs-de-la-mafia-son-fils-fait-denormes-revelations#primaryimage\"},\"thumbnailUrl\":\"https:\/\/static.africa-press.net\/cameroun\/sites\/57\/2023\/03\/postQueueImg_1678179667.28.jpg\",\"datePublished\":\"2023-03-07T12:30:52+00:00\",\"dateModified\":\"2023-03-07T13:12:00+00:00\",\"author\":{\"@id\":\"https:\/\/www.africa-press.net\/cameroun\/#\/schema\/person\/2b1cf3cd81a31e3cd26889ca66d677f1\"},\"description\":\"Dans une tribune sur les re\u0301seaux sociaux en re\u0301action a\u0300 la de\u0301tention provisoire du patron de la Direction ge\u0301ne\u0301rale ...\",\"breadcrumb\":{\"@id\":\"https:\/\/www.africa-press.net\/cameroun\/dossiers\/affaire-amougou-belinga-maxime-eko-eko-dans-les-crocs-de-la-mafia-son-fils-fait-denormes-revelations#breadcrumb\"},\"inLanguage\":\"fr-FR\",\"potentialAction\":[{\"@type\":\"ReadAction\",\"target\":[\"https:\/\/www.africa-press.net\/cameroun\/dossiers\/affaire-amougou-belinga-maxime-eko-eko-dans-les-crocs-de-la-mafia-son-fils-fait-denormes-revelations\"]}]},{\"@type\":\"ImageObject\",\"inLanguage\":\"fr-FR\",\"@id\":\"https:\/\/www.africa-press.net\/cameroun\/dossiers\/affaire-amougou-belinga-maxime-eko-eko-dans-les-crocs-de-la-mafia-son-fils-fait-denormes-revelations#primaryimage\",\"url\":\"https:\/\/static.africa-press.net\/cameroun\/sites\/57\/2023\/03\/postQueueImg_1678179667.28.jpg\",\"contentUrl\":\"https:\/\/static.africa-press.net\/cameroun\/sites\/57\/2023\/03\/postQueueImg_1678179667.28.jpg\",\"width\":720,\"height\":525,\"caption\":\"Affaire Amougou Belinga : Maxime Eko Eko dans les crocs de la mafia ? Son 'fils' fait d'\u00e9normes r\u00e9v\u00e9lations\"},{\"@type\":\"BreadcrumbList\",\"@id\":\"https:\/\/www.africa-press.net\/cameroun\/dossiers\/affaire-amougou-belinga-maxime-eko-eko-dans-les-crocs-de-la-mafia-son-fils-fait-denormes-revelations#breadcrumb\",\"itemListElement\":[{\"@type\":\"ListItem\",\"position\":1,\"name\":\"Accueil\",\"item\":\"https:\/\/www.africa-press.net\/cameroun\/\"},{\"@type\":\"ListItem\",\"position\":2,\"name\":\"Affaire Amougou Belinga : Maxime Eko Eko dans les crocs de la mafia ? Son &lsquo;fils&rsquo; fait d&rsquo;\u00e9normes r\u00e9v\u00e9lations\"}]},{\"@type\":\"WebSite\",\"@id\":\"https:\/\/www.africa-press.net\/cameroun\/#website\",\"url\":\"https:\/\/www.africa-press.net\/cameroun\/\",\"name\":\"Cameroun\",\"description\":\"Just another Africa News Agency Sites site\",\"potentialAction\":[{\"@type\":\"SearchAction\",\"target\":{\"@type\":\"EntryPoint\",\"urlTemplate\":\"https:\/\/www.africa-press.net\/cameroun\/?s={search_term_string}\"},\"query-input\":{\"@type\":\"PropertyValueSpecification\",\"valueRequired\":true,\"valueName\":\"search_term_string\"}}],\"inLanguage\":\"fr-FR\"},{\"@type\":\"Person\",\"@id\":\"https:\/\/www.africa-press.net\/cameroun\/#\/schema\/person\/2b1cf3cd81a31e3cd26889ca66d677f1\",\"name\":\"cfeditorfr\"}]}<\/script>\n<!-- \/ Yoast SEO Premium plugin. -->","yoast_head_json":{"title":"Affaire Amougou Belinga : Maxime Eko Eko dans les crocs de la mafia ? Son 'fils' fait d'\u00e9normes r\u00e9v\u00e9lations - Cameroun","description":"Dans une tribune sur les re\u0301seaux sociaux en re\u0301action a\u0300 la de\u0301tention provisoire du patron de la Direction ge\u0301ne\u0301rale ...","robots":{"index":"index","follow":"follow","max-snippet":"max-snippet:-1","max-image-preview":"max-image-preview:large","max-video-preview":"max-video-preview:-1"},"canonical":"https:\/\/www.africa-press.net\/cameroun\/dossiers\/affaire-amougou-belinga-maxime-eko-eko-dans-les-crocs-de-la-mafia-son-fils-fait-denormes-revelations","og_locale":"fr_FR","og_type":"article","og_title":"Affaire Amougou Belinga : Maxime Eko Eko dans les crocs de la mafia ? Son 'fils' fait d'\u00e9normes r\u00e9v\u00e9lations","og_description":"Dans une tribune sur les re\u0301seaux sociaux en re\u0301action a\u0300 la de\u0301tention provisoire du patron de la Direction ge\u0301ne\u0301rale ...","og_url":"https:\/\/www.africa-press.net\/cameroun\/dossiers\/affaire-amougou-belinga-maxime-eko-eko-dans-les-crocs-de-la-mafia-son-fils-fait-denormes-revelations","og_site_name":"Cameroun","article_published_time":"2023-03-07T12:30:52+00:00","article_modified_time":"2023-03-07T13:12:00+00:00","og_image":[{"width":720,"height":525,"url":"https:\/\/static.africa-press.net\/cameroun\/sites\/57\/2023\/03\/postQueueImg_1678179667.28.jpg","type":"image\/jpeg"}],"author":"cfeditorfr","twitter_card":"summary_large_image","twitter_misc":{"\u00c9crit par":"cfeditorfr","Dur\u00e9e de lecture estim\u00e9e":"8 minutes"},"schema":{"@context":"https:\/\/schema.org","@graph":[{"@type":"Article","@id":"https:\/\/www.africa-press.net\/cameroun\/dossiers\/affaire-amougou-belinga-maxime-eko-eko-dans-les-crocs-de-la-mafia-son-fils-fait-denormes-revelations#article","isPartOf":{"@id":"https:\/\/www.africa-press.net\/cameroun\/dossiers\/affaire-amougou-belinga-maxime-eko-eko-dans-les-crocs-de-la-mafia-son-fils-fait-denormes-revelations"},"author":{"name":"cfeditorfr","@id":"https:\/\/www.africa-press.net\/cameroun\/#\/schema\/person\/2b1cf3cd81a31e3cd26889ca66d677f1"},"headline":"Affaire Amougou Belinga : Maxime Eko Eko dans les crocs de la mafia ? Son &lsquo;fils&rsquo; fait d&rsquo;\u00e9normes r\u00e9v\u00e9lations","datePublished":"2023-03-07T12:30:52+00:00","dateModified":"2023-03-07T13:12:00+00:00","mainEntityOfPage":{"@id":"https:\/\/www.africa-press.net\/cameroun\/dossiers\/affaire-amougou-belinga-maxime-eko-eko-dans-les-crocs-de-la-mafia-son-fils-fait-denormes-revelations"},"wordCount":1703,"commentCount":0,"image":{"@id":"https:\/\/www.africa-press.net\/cameroun\/dossiers\/affaire-amougou-belinga-maxime-eko-eko-dans-les-crocs-de-la-mafia-son-fils-fait-denormes-revelations#primaryimage"},"thumbnailUrl":"https:\/\/static.africa-press.net\/cameroun\/sites\/57\/2023\/03\/postQueueImg_1678179667.28.jpg","keywords":["Africa Press","Africa Press-Cameroun","Cameroun"],"articleSection":["Dossiers","Toutes les actualit\u00e9s"],"inLanguage":"fr-FR","potentialAction":[{"@type":"CommentAction","name":"Comment","target":["https:\/\/www.africa-press.net\/cameroun\/dossiers\/affaire-amougou-belinga-maxime-eko-eko-dans-les-crocs-de-la-mafia-son-fils-fait-denormes-revelations#respond"]}]},{"@type":"WebPage","@id":"https:\/\/www.africa-press.net\/cameroun\/dossiers\/affaire-amougou-belinga-maxime-eko-eko-dans-les-crocs-de-la-mafia-son-fils-fait-denormes-revelations","url":"https:\/\/www.africa-press.net\/cameroun\/dossiers\/affaire-amougou-belinga-maxime-eko-eko-dans-les-crocs-de-la-mafia-son-fils-fait-denormes-revelations","name":"Affaire Amougou Belinga : Maxime Eko Eko dans les crocs de la mafia ? Son 'fils' fait d'\u00e9normes r\u00e9v\u00e9lations - Cameroun","isPartOf":{"@id":"https:\/\/www.africa-press.net\/cameroun\/#website"},"primaryImageOfPage":{"@id":"https:\/\/www.africa-press.net\/cameroun\/dossiers\/affaire-amougou-belinga-maxime-eko-eko-dans-les-crocs-de-la-mafia-son-fils-fait-denormes-revelations#primaryimage"},"image":{"@id":"https:\/\/www.africa-press.net\/cameroun\/dossiers\/affaire-amougou-belinga-maxime-eko-eko-dans-les-crocs-de-la-mafia-son-fils-fait-denormes-revelations#primaryimage"},"thumbnailUrl":"https:\/\/static.africa-press.net\/cameroun\/sites\/57\/2023\/03\/postQueueImg_1678179667.28.jpg","datePublished":"2023-03-07T12:30:52+00:00","dateModified":"2023-03-07T13:12:00+00:00","author":{"@id":"https:\/\/www.africa-press.net\/cameroun\/#\/schema\/person\/2b1cf3cd81a31e3cd26889ca66d677f1"},"description":"Dans une tribune sur les re\u0301seaux sociaux en re\u0301action a\u0300 la de\u0301tention provisoire du patron de la Direction ge\u0301ne\u0301rale ...","breadcrumb":{"@id":"https:\/\/www.africa-press.net\/cameroun\/dossiers\/affaire-amougou-belinga-maxime-eko-eko-dans-les-crocs-de-la-mafia-son-fils-fait-denormes-revelations#breadcrumb"},"inLanguage":"fr-FR","potentialAction":[{"@type":"ReadAction","target":["https:\/\/www.africa-press.net\/cameroun\/dossiers\/affaire-amougou-belinga-maxime-eko-eko-dans-les-crocs-de-la-mafia-son-fils-fait-denormes-revelations"]}]},{"@type":"ImageObject","inLanguage":"fr-FR","@id":"https:\/\/www.africa-press.net\/cameroun\/dossiers\/affaire-amougou-belinga-maxime-eko-eko-dans-les-crocs-de-la-mafia-son-fils-fait-denormes-revelations#primaryimage","url":"https:\/\/static.africa-press.net\/cameroun\/sites\/57\/2023\/03\/postQueueImg_1678179667.28.jpg","contentUrl":"https:\/\/static.africa-press.net\/cameroun\/sites\/57\/2023\/03\/postQueueImg_1678179667.28.jpg","width":720,"height":525,"caption":"Affaire Amougou Belinga : Maxime Eko Eko dans les crocs de la mafia ? Son 'fils' fait d'\u00e9normes r\u00e9v\u00e9lations"},{"@type":"BreadcrumbList","@id":"https:\/\/www.africa-press.net\/cameroun\/dossiers\/affaire-amougou-belinga-maxime-eko-eko-dans-les-crocs-de-la-mafia-son-fils-fait-denormes-revelations#breadcrumb","itemListElement":[{"@type":"ListItem","position":1,"name":"Accueil","item":"https:\/\/www.africa-press.net\/cameroun\/"},{"@type":"ListItem","position":2,"name":"Affaire Amougou Belinga : Maxime Eko Eko dans les crocs de la mafia ? Son &lsquo;fils&rsquo; fait d&rsquo;\u00e9normes r\u00e9v\u00e9lations"}]},{"@type":"WebSite","@id":"https:\/\/www.africa-press.net\/cameroun\/#website","url":"https:\/\/www.africa-press.net\/cameroun\/","name":"Cameroun","description":"Just another Africa News Agency Sites site","potentialAction":[{"@type":"SearchAction","target":{"@type":"EntryPoint","urlTemplate":"https:\/\/www.africa-press.net\/cameroun\/?s={search_term_string}"},"query-input":{"@type":"PropertyValueSpecification","valueRequired":true,"valueName":"search_term_string"}}],"inLanguage":"fr-FR"},{"@type":"Person","@id":"https:\/\/www.africa-press.net\/cameroun\/#\/schema\/person\/2b1cf3cd81a31e3cd26889ca66d677f1","name":"cfeditorfr"}]}},"_links":{"self":[{"href":"https:\/\/www.africa-press.net\/cameroun\/wp-json\/wp\/v2\/posts\/38475","targetHints":{"allow":["GET"]}}],"collection":[{"href":"https:\/\/www.africa-press.net\/cameroun\/wp-json\/wp\/v2\/posts"}],"about":[{"href":"https:\/\/www.africa-press.net\/cameroun\/wp-json\/wp\/v2\/types\/post"}],"author":[{"embeddable":true,"href":"https:\/\/www.africa-press.net\/cameroun\/wp-json\/wp\/v2\/users\/82"}],"replies":[{"embeddable":true,"href":"https:\/\/www.africa-press.net\/cameroun\/wp-json\/wp\/v2\/comments?post=38475"}],"version-history":[{"count":0,"href":"https:\/\/www.africa-press.net\/cameroun\/wp-json\/wp\/v2\/posts\/38475\/revisions"}],"wp:featuredmedia":[{"embeddable":true,"href":"https:\/\/www.africa-press.net\/cameroun\/wp-json\/wp\/v2\/media\/38473"}],"wp:attachment":[{"href":"https:\/\/www.africa-press.net\/cameroun\/wp-json\/wp\/v2\/media?parent=38475"}],"wp:term":[{"taxonomy":"category","embeddable":true,"href":"https:\/\/www.africa-press.net\/cameroun\/wp-json\/wp\/v2\/categories?post=38475"},{"taxonomy":"post_tag","embeddable":true,"href":"https:\/\/www.africa-press.net\/cameroun\/wp-json\/wp\/v2\/tags?post=38475"}],"curies":[{"name":"wp","href":"https:\/\/api.w.org\/{rel}","templated":true}]}}