{"id":38476,"date":"2023-03-07T12:32:47","date_gmt":"2023-03-07T12:32:47","guid":{"rendered":"https:\/\/www.africa-press.net\/cameroun\/politique\/comme-un-air-de-revolte-a-kondengui-les-detenus-denoncent-le-traitement-de-faveur-damougou"},"modified":"2023-03-07T13:16:41","modified_gmt":"2023-03-07T13:16:41","slug":"comme-un-air-de-revolte-a-kondengui-les-detenus-denoncent-le-traitement-de-faveur-damougou","status":"publish","type":"post","link":"https:\/\/www.africa-press.net\/cameroun\/toutes-les-actualites\/comme-un-air-de-revolte-a-kondengui-les-detenus-denoncent-le-traitement-de-faveur-damougou","title":{"rendered":"Comme un air de r\u00e9volte \u00e0 Kondengui: les d\u00e9tenus d\u00e9noncent le traitement de faveur d&rsquo;Amougou"},"content":{"rendered":"<p><span style=\"color: #ff6600\"><strong>Africa-Press &#8211; Cameroun. <\/strong><\/span>D&rsquo;apre\u0300s des informations diffuse\u0301es ce mardi 07 mars par le rappeur Valse\u0301ro, des prisonniers de la prison centrale de Kondengui n&rsquo;acceptent pas les privile\u0300ges mis en place par les responsables de Kondengui a\u0300 Amougou Belinga.<\/p>\n<p>\u00ab\u00a0Les de\u0301tenus sont sur le point de se soulever a\u0300 cause des privile\u0300ges de Amougou Belinga. Le re\u0301gisseur le traite comme un roi et les prisonniers sont en cole\u0300re\u00a0\u00bb, e\u0301crit Valse\u0301ro.<\/p>\n<p>A Kondengui, l&rsquo;on apprend que la cellule du Zomloa des Zomloa a e\u0301te\u0301 re\u0301ame\u0301nage\u0301. Il a droit a\u0300 du climatiseur, un lit a\u0300 deux places, ses te\u0301le\u0301phones, une te\u0301le\u0301visons e\u0301cran plat&#8230;<\/p>\n<p>Toutes ces privile\u0300ges mettent en cole\u0300re les autres prisonniers qui se demandent pourquoi les lois ne sont pas les me\u0302me pour eux tous, qui sont en conflit avec la lois.<\/p>\n<p><strong>Pour plus d&rsquo;informations et d&rsquo;analyses sur la <a href=\"https:\/\/www.africa-press.net\/cameroun\">Cameroun<\/a>, suivez <a href=\"https:\/\/www.africa-press.net\/\">Africa-Press<\/a><\/strong><\/p>\n","protected":false},"excerpt":{"rendered":"<p>Africa-Press &#8211; Cameroun. D&rsquo;apre\u0300s des informations diffuse\u0301es ce mardi 07 mars par le rappeur Valse\u0301ro, des prisonniers de la prison centrale de Kondengui n&rsquo;acceptent pas les privile\u0300ges mis en place par les responsables de Kondengui a\u0300 Amougou Belinga. \u00ab\u00a0Les de\u0301tenus sont sur le point de se soulever a\u0300 cause des privile\u0300ges de Amougou Belinga. Le [&hellip;]<\/p>\n","protected":false},"author":82,"featured_media":38474,"comment_status":"open","ping_status":"closed","sticky":false,"template":"","format":"standard","meta":{"footnotes":""},"categories":[21,10],"tags":[36,50,49],"class_list":["post-38476","post","type-post","status-publish","format-standard","has-post-thumbnail","hentry","category-communaute","category-toutes-les-actualites","tag-africa-press","tag-africa-press-cameroun","tag-cameroun"],"yoast_head":"<!-- This site is optimized with the Yoast SEO Premium plugin v26.1 (Yoast SEO v27.0) - https:\/\/yoast.com\/product\/yoast-seo-premium-wordpress\/ -->\n<title>Comme un air de r\u00e9volte \u00e0 Kondengui: les d\u00e9tenus d\u00e9noncent le traitement de faveur d&#039;Amougou - Cameroun<\/title>\n<meta name=\"description\" content=\"D&#039;apre\u0300s des informations diffuse\u0301es ce mardi 07 mars par le rappeur Valse\u0301ro, des prisonniers de la prison centrale de ...D&#039;apre\u0300s des informations diffuse\u0301es ce mardi 07 mars par le rappeur Valse\u0301ro, des prisonniers de la prison centrale de ...\" \/>\n<meta name=\"robots\" content=\"index, follow, max-snippet:-1, max-image-preview:large, max-video-preview:-1\" \/>\n<link rel=\"canonical\" href=\"https:\/\/www.africa-press.net\/cameroun\/toutes-les-actualites\/comme-un-air-de-revolte-a-kondengui-les-detenus-denoncent-le-traitement-de-faveur-damougou\" \/>\n<meta property=\"og:locale\" content=\"fr_FR\" \/>\n<meta property=\"og:type\" content=\"article\" \/>\n<meta property=\"og:title\" content=\"Comme un air de r\u00e9volte \u00e0 Kondengui: les d\u00e9tenus d\u00e9noncent le traitement de faveur d&#039;Amougou\" \/>\n<meta property=\"og:description\" content=\"D&#039;apre\u0300s des informations diffuse\u0301es ce mardi 07 mars par le rappeur Valse\u0301ro, des prisonniers de la prison centrale de ...D&#039;apre\u0300s des informations diffuse\u0301es ce mardi 07 mars par le rappeur Valse\u0301ro, des prisonniers de la prison centrale de ...\" \/>\n<meta property=\"og:url\" content=\"https:\/\/www.africa-press.net\/cameroun\/toutes-les-actualites\/comme-un-air-de-revolte-a-kondengui-les-detenus-denoncent-le-traitement-de-faveur-damougou\" \/>\n<meta property=\"og:site_name\" content=\"Cameroun\" \/>\n<meta property=\"article:published_time\" content=\"2023-03-07T12:32:47+00:00\" \/>\n<meta property=\"article:modified_time\" content=\"2023-03-07T13:16:41+00:00\" \/>\n<meta property=\"og:image\" content=\"https:\/\/static.africa-press.net\/cameroun\/sites\/57\/2023\/03\/postQueueImg_1678179776.96.jpg\" \/>\n\t<meta property=\"og:image:width\" content=\"720\" \/>\n\t<meta property=\"og:image:height\" content=\"360\" \/>\n\t<meta property=\"og:image:type\" content=\"image\/jpeg\" \/>\n<meta name=\"author\" content=\"cfeditorfr\" \/>\n<meta name=\"twitter:card\" content=\"summary_large_image\" \/>\n<meta name=\"twitter:label1\" content=\"\u00c9crit par\" \/>\n\t<meta name=\"twitter:data1\" content=\"cfeditorfr\" \/>\n\t<meta name=\"twitter:label2\" content=\"Dur\u00e9e de lecture estim\u00e9e\" \/>\n\t<meta name=\"twitter:data2\" content=\"1 minute\" \/>\n<script type=\"application\/ld+json\" class=\"yoast-schema-graph\">{\"@context\":\"https:\/\/schema.org\",\"@graph\":[{\"@type\":\"Article\",\"@id\":\"https:\/\/www.africa-press.net\/cameroun\/toutes-les-actualites\/comme-un-air-de-revolte-a-kondengui-les-detenus-denoncent-le-traitement-de-faveur-damougou#article\",\"isPartOf\":{\"@id\":\"https:\/\/www.africa-press.net\/cameroun\/toutes-les-actualites\/comme-un-air-de-revolte-a-kondengui-les-detenus-denoncent-le-traitement-de-faveur-damougou\"},\"author\":{\"name\":\"cfeditorfr\",\"@id\":\"https:\/\/www.africa-press.net\/cameroun\/#\/schema\/person\/2b1cf3cd81a31e3cd26889ca66d677f1\"},\"headline\":\"Comme un air de r\u00e9volte \u00e0 Kondengui: les d\u00e9tenus d\u00e9noncent le traitement de faveur d&rsquo;Amougou\",\"datePublished\":\"2023-03-07T12:32:47+00:00\",\"dateModified\":\"2023-03-07T13:16:41+00:00\",\"mainEntityOfPage\":{\"@id\":\"https:\/\/www.africa-press.net\/cameroun\/toutes-les-actualites\/comme-un-air-de-revolte-a-kondengui-les-detenus-denoncent-le-traitement-de-faveur-damougou\"},\"wordCount\":183,\"commentCount\":0,\"image\":{\"@id\":\"https:\/\/www.africa-press.net\/cameroun\/toutes-les-actualites\/comme-un-air-de-revolte-a-kondengui-les-detenus-denoncent-le-traitement-de-faveur-damougou#primaryimage\"},\"thumbnailUrl\":\"https:\/\/static.africa-press.net\/cameroun\/sites\/57\/2023\/03\/postQueueImg_1678179776.96.jpg\",\"keywords\":[\"Africa Press\",\"Africa Press-Cameroun\",\"Cameroun\"],\"articleSection\":[\"Communaut\u00e9\",\"Toutes les actualit\u00e9s\"],\"inLanguage\":\"fr-FR\",\"potentialAction\":[{\"@type\":\"CommentAction\",\"name\":\"Comment\",\"target\":[\"https:\/\/www.africa-press.net\/cameroun\/toutes-les-actualites\/comme-un-air-de-revolte-a-kondengui-les-detenus-denoncent-le-traitement-de-faveur-damougou#respond\"]}]},{\"@type\":\"WebPage\",\"@id\":\"https:\/\/www.africa-press.net\/cameroun\/toutes-les-actualites\/comme-un-air-de-revolte-a-kondengui-les-detenus-denoncent-le-traitement-de-faveur-damougou\",\"url\":\"https:\/\/www.africa-press.net\/cameroun\/toutes-les-actualites\/comme-un-air-de-revolte-a-kondengui-les-detenus-denoncent-le-traitement-de-faveur-damougou\",\"name\":\"Comme un air de r\u00e9volte \u00e0 Kondengui: les d\u00e9tenus d\u00e9noncent le traitement de faveur d'Amougou - Cameroun\",\"isPartOf\":{\"@id\":\"https:\/\/www.africa-press.net\/cameroun\/#website\"},\"primaryImageOfPage\":{\"@id\":\"https:\/\/www.africa-press.net\/cameroun\/toutes-les-actualites\/comme-un-air-de-revolte-a-kondengui-les-detenus-denoncent-le-traitement-de-faveur-damougou#primaryimage\"},\"image\":{\"@id\":\"https:\/\/www.africa-press.net\/cameroun\/toutes-les-actualites\/comme-un-air-de-revolte-a-kondengui-les-detenus-denoncent-le-traitement-de-faveur-damougou#primaryimage\"},\"thumbnailUrl\":\"https:\/\/static.africa-press.net\/cameroun\/sites\/57\/2023\/03\/postQueueImg_1678179776.96.jpg\",\"datePublished\":\"2023-03-07T12:32:47+00:00\",\"dateModified\":\"2023-03-07T13:16:41+00:00\",\"author\":{\"@id\":\"https:\/\/www.africa-press.net\/cameroun\/#\/schema\/person\/2b1cf3cd81a31e3cd26889ca66d677f1\"},\"description\":\"D'apre\u0300s des informations diffuse\u0301es ce mardi 07 mars par le rappeur Valse\u0301ro, des prisonniers de la prison centrale de ...D'apre\u0300s des informations diffuse\u0301es ce mardi 07 mars par le rappeur Valse\u0301ro, des prisonniers de la prison centrale de ...\",\"breadcrumb\":{\"@id\":\"https:\/\/www.africa-press.net\/cameroun\/toutes-les-actualites\/comme-un-air-de-revolte-a-kondengui-les-detenus-denoncent-le-traitement-de-faveur-damougou#breadcrumb\"},\"inLanguage\":\"fr-FR\",\"potentialAction\":[{\"@type\":\"ReadAction\",\"target\":[\"https:\/\/www.africa-press.net\/cameroun\/toutes-les-actualites\/comme-un-air-de-revolte-a-kondengui-les-detenus-denoncent-le-traitement-de-faveur-damougou\"]}]},{\"@type\":\"ImageObject\",\"inLanguage\":\"fr-FR\",\"@id\":\"https:\/\/www.africa-press.net\/cameroun\/toutes-les-actualites\/comme-un-air-de-revolte-a-kondengui-les-detenus-denoncent-le-traitement-de-faveur-damougou#primaryimage\",\"url\":\"https:\/\/static.africa-press.net\/cameroun\/sites\/57\/2023\/03\/postQueueImg_1678179776.96.jpg\",\"contentUrl\":\"https:\/\/static.africa-press.net\/cameroun\/sites\/57\/2023\/03\/postQueueImg_1678179776.96.jpg\",\"width\":720,\"height\":360,\"caption\":\"Comme un air de r\u00e9volte \u00e0 Kondengui: les d\u00e9tenus d\u00e9noncent le traitement de faveur d'Amougou\"},{\"@type\":\"BreadcrumbList\",\"@id\":\"https:\/\/www.africa-press.net\/cameroun\/toutes-les-actualites\/comme-un-air-de-revolte-a-kondengui-les-detenus-denoncent-le-traitement-de-faveur-damougou#breadcrumb\",\"itemListElement\":[{\"@type\":\"ListItem\",\"position\":1,\"name\":\"Accueil\",\"item\":\"https:\/\/www.africa-press.net\/cameroun\/\"},{\"@type\":\"ListItem\",\"position\":2,\"name\":\"Comme un air de r\u00e9volte \u00e0 Kondengui: les d\u00e9tenus d\u00e9noncent le traitement de faveur d&rsquo;Amougou\"}]},{\"@type\":\"WebSite\",\"@id\":\"https:\/\/www.africa-press.net\/cameroun\/#website\",\"url\":\"https:\/\/www.africa-press.net\/cameroun\/\",\"name\":\"Cameroun\",\"description\":\"Just another Africa News Agency Sites site\",\"potentialAction\":[{\"@type\":\"SearchAction\",\"target\":{\"@type\":\"EntryPoint\",\"urlTemplate\":\"https:\/\/www.africa-press.net\/cameroun\/?s={search_term_string}\"},\"query-input\":{\"@type\":\"PropertyValueSpecification\",\"valueRequired\":true,\"valueName\":\"search_term_string\"}}],\"inLanguage\":\"fr-FR\"},{\"@type\":\"Person\",\"@id\":\"https:\/\/www.africa-press.net\/cameroun\/#\/schema\/person\/2b1cf3cd81a31e3cd26889ca66d677f1\",\"name\":\"cfeditorfr\"}]}<\/script>\n<!-- \/ Yoast SEO Premium plugin. -->","yoast_head_json":{"title":"Comme un air de r\u00e9volte \u00e0 Kondengui: les d\u00e9tenus d\u00e9noncent le traitement de faveur d'Amougou - Cameroun","description":"D'apre\u0300s des informations diffuse\u0301es ce mardi 07 mars par le rappeur Valse\u0301ro, des prisonniers de la prison centrale de ...D'apre\u0300s des informations diffuse\u0301es ce mardi 07 mars par le rappeur Valse\u0301ro, des prisonniers de la prison centrale de ...","robots":{"index":"index","follow":"follow","max-snippet":"max-snippet:-1","max-image-preview":"max-image-preview:large","max-video-preview":"max-video-preview:-1"},"canonical":"https:\/\/www.africa-press.net\/cameroun\/toutes-les-actualites\/comme-un-air-de-revolte-a-kondengui-les-detenus-denoncent-le-traitement-de-faveur-damougou","og_locale":"fr_FR","og_type":"article","og_title":"Comme un air de r\u00e9volte \u00e0 Kondengui: les d\u00e9tenus d\u00e9noncent le traitement de faveur d'Amougou","og_description":"D'apre\u0300s des informations diffuse\u0301es ce mardi 07 mars par le rappeur Valse\u0301ro, des prisonniers de la prison centrale de ...D'apre\u0300s des informations diffuse\u0301es ce mardi 07 mars par le rappeur Valse\u0301ro, des prisonniers de la prison centrale de ...","og_url":"https:\/\/www.africa-press.net\/cameroun\/toutes-les-actualites\/comme-un-air-de-revolte-a-kondengui-les-detenus-denoncent-le-traitement-de-faveur-damougou","og_site_name":"Cameroun","article_published_time":"2023-03-07T12:32:47+00:00","article_modified_time":"2023-03-07T13:16:41+00:00","og_image":[{"width":720,"height":360,"url":"https:\/\/static.africa-press.net\/cameroun\/sites\/57\/2023\/03\/postQueueImg_1678179776.96.jpg","type":"image\/jpeg"}],"author":"cfeditorfr","twitter_card":"summary_large_image","twitter_misc":{"\u00c9crit par":"cfeditorfr","Dur\u00e9e de lecture estim\u00e9e":"1 minute"},"schema":{"@context":"https:\/\/schema.org","@graph":[{"@type":"Article","@id":"https:\/\/www.africa-press.net\/cameroun\/toutes-les-actualites\/comme-un-air-de-revolte-a-kondengui-les-detenus-denoncent-le-traitement-de-faveur-damougou#article","isPartOf":{"@id":"https:\/\/www.africa-press.net\/cameroun\/toutes-les-actualites\/comme-un-air-de-revolte-a-kondengui-les-detenus-denoncent-le-traitement-de-faveur-damougou"},"author":{"name":"cfeditorfr","@id":"https:\/\/www.africa-press.net\/cameroun\/#\/schema\/person\/2b1cf3cd81a31e3cd26889ca66d677f1"},"headline":"Comme un air de r\u00e9volte \u00e0 Kondengui: les d\u00e9tenus d\u00e9noncent le traitement de faveur d&rsquo;Amougou","datePublished":"2023-03-07T12:32:47+00:00","dateModified":"2023-03-07T13:16:41+00:00","mainEntityOfPage":{"@id":"https:\/\/www.africa-press.net\/cameroun\/toutes-les-actualites\/comme-un-air-de-revolte-a-kondengui-les-detenus-denoncent-le-traitement-de-faveur-damougou"},"wordCount":183,"commentCount":0,"image":{"@id":"https:\/\/www.africa-press.net\/cameroun\/toutes-les-actualites\/comme-un-air-de-revolte-a-kondengui-les-detenus-denoncent-le-traitement-de-faveur-damougou#primaryimage"},"thumbnailUrl":"https:\/\/static.africa-press.net\/cameroun\/sites\/57\/2023\/03\/postQueueImg_1678179776.96.jpg","keywords":["Africa Press","Africa Press-Cameroun","Cameroun"],"articleSection":["Communaut\u00e9","Toutes les actualit\u00e9s"],"inLanguage":"fr-FR","potentialAction":[{"@type":"CommentAction","name":"Comment","target":["https:\/\/www.africa-press.net\/cameroun\/toutes-les-actualites\/comme-un-air-de-revolte-a-kondengui-les-detenus-denoncent-le-traitement-de-faveur-damougou#respond"]}]},{"@type":"WebPage","@id":"https:\/\/www.africa-press.net\/cameroun\/toutes-les-actualites\/comme-un-air-de-revolte-a-kondengui-les-detenus-denoncent-le-traitement-de-faveur-damougou","url":"https:\/\/www.africa-press.net\/cameroun\/toutes-les-actualites\/comme-un-air-de-revolte-a-kondengui-les-detenus-denoncent-le-traitement-de-faveur-damougou","name":"Comme un air de r\u00e9volte \u00e0 Kondengui: les d\u00e9tenus d\u00e9noncent le traitement de faveur d'Amougou - Cameroun","isPartOf":{"@id":"https:\/\/www.africa-press.net\/cameroun\/#website"},"primaryImageOfPage":{"@id":"https:\/\/www.africa-press.net\/cameroun\/toutes-les-actualites\/comme-un-air-de-revolte-a-kondengui-les-detenus-denoncent-le-traitement-de-faveur-damougou#primaryimage"},"image":{"@id":"https:\/\/www.africa-press.net\/cameroun\/toutes-les-actualites\/comme-un-air-de-revolte-a-kondengui-les-detenus-denoncent-le-traitement-de-faveur-damougou#primaryimage"},"thumbnailUrl":"https:\/\/static.africa-press.net\/cameroun\/sites\/57\/2023\/03\/postQueueImg_1678179776.96.jpg","datePublished":"2023-03-07T12:32:47+00:00","dateModified":"2023-03-07T13:16:41+00:00","author":{"@id":"https:\/\/www.africa-press.net\/cameroun\/#\/schema\/person\/2b1cf3cd81a31e3cd26889ca66d677f1"},"description":"D'apre\u0300s des informations diffuse\u0301es ce mardi 07 mars par le rappeur Valse\u0301ro, des prisonniers de la prison centrale de ...D'apre\u0300s des informations diffuse\u0301es ce mardi 07 mars par le rappeur Valse\u0301ro, des prisonniers de la prison centrale de ...","breadcrumb":{"@id":"https:\/\/www.africa-press.net\/cameroun\/toutes-les-actualites\/comme-un-air-de-revolte-a-kondengui-les-detenus-denoncent-le-traitement-de-faveur-damougou#breadcrumb"},"inLanguage":"fr-FR","potentialAction":[{"@type":"ReadAction","target":["https:\/\/www.africa-press.net\/cameroun\/toutes-les-actualites\/comme-un-air-de-revolte-a-kondengui-les-detenus-denoncent-le-traitement-de-faveur-damougou"]}]},{"@type":"ImageObject","inLanguage":"fr-FR","@id":"https:\/\/www.africa-press.net\/cameroun\/toutes-les-actualites\/comme-un-air-de-revolte-a-kondengui-les-detenus-denoncent-le-traitement-de-faveur-damougou#primaryimage","url":"https:\/\/static.africa-press.net\/cameroun\/sites\/57\/2023\/03\/postQueueImg_1678179776.96.jpg","contentUrl":"https:\/\/static.africa-press.net\/cameroun\/sites\/57\/2023\/03\/postQueueImg_1678179776.96.jpg","width":720,"height":360,"caption":"Comme un air de r\u00e9volte \u00e0 Kondengui: les d\u00e9tenus d\u00e9noncent le traitement de faveur d'Amougou"},{"@type":"BreadcrumbList","@id":"https:\/\/www.africa-press.net\/cameroun\/toutes-les-actualites\/comme-un-air-de-revolte-a-kondengui-les-detenus-denoncent-le-traitement-de-faveur-damougou#breadcrumb","itemListElement":[{"@type":"ListItem","position":1,"name":"Accueil","item":"https:\/\/www.africa-press.net\/cameroun\/"},{"@type":"ListItem","position":2,"name":"Comme un air de r\u00e9volte \u00e0 Kondengui: les d\u00e9tenus d\u00e9noncent le traitement de faveur d&rsquo;Amougou"}]},{"@type":"WebSite","@id":"https:\/\/www.africa-press.net\/cameroun\/#website","url":"https:\/\/www.africa-press.net\/cameroun\/","name":"Cameroun","description":"Just another Africa News Agency Sites site","potentialAction":[{"@type":"SearchAction","target":{"@type":"EntryPoint","urlTemplate":"https:\/\/www.africa-press.net\/cameroun\/?s={search_term_string}"},"query-input":{"@type":"PropertyValueSpecification","valueRequired":true,"valueName":"search_term_string"}}],"inLanguage":"fr-FR"},{"@type":"Person","@id":"https:\/\/www.africa-press.net\/cameroun\/#\/schema\/person\/2b1cf3cd81a31e3cd26889ca66d677f1","name":"cfeditorfr"}]}},"_links":{"self":[{"href":"https:\/\/www.africa-press.net\/cameroun\/wp-json\/wp\/v2\/posts\/38476","targetHints":{"allow":["GET"]}}],"collection":[{"href":"https:\/\/www.africa-press.net\/cameroun\/wp-json\/wp\/v2\/posts"}],"about":[{"href":"https:\/\/www.africa-press.net\/cameroun\/wp-json\/wp\/v2\/types\/post"}],"author":[{"embeddable":true,"href":"https:\/\/www.africa-press.net\/cameroun\/wp-json\/wp\/v2\/users\/82"}],"replies":[{"embeddable":true,"href":"https:\/\/www.africa-press.net\/cameroun\/wp-json\/wp\/v2\/comments?post=38476"}],"version-history":[{"count":0,"href":"https:\/\/www.africa-press.net\/cameroun\/wp-json\/wp\/v2\/posts\/38476\/revisions"}],"wp:featuredmedia":[{"embeddable":true,"href":"https:\/\/www.africa-press.net\/cameroun\/wp-json\/wp\/v2\/media\/38474"}],"wp:attachment":[{"href":"https:\/\/www.africa-press.net\/cameroun\/wp-json\/wp\/v2\/media?parent=38476"}],"wp:term":[{"taxonomy":"category","embeddable":true,"href":"https:\/\/www.africa-press.net\/cameroun\/wp-json\/wp\/v2\/categories?post=38476"},{"taxonomy":"post_tag","embeddable":true,"href":"https:\/\/www.africa-press.net\/cameroun\/wp-json\/wp\/v2\/tags?post=38476"}],"curies":[{"name":"wp","href":"https:\/\/api.w.org\/{rel}","templated":true}]}}