{"id":38480,"date":"2023-03-07T12:32:58","date_gmt":"2023-03-07T12:32:58","guid":{"rendered":"https:\/\/www.africa-press.net\/cameroun\/politique\/cameroun-soumission-au-foyer-et-si-nous-en-parlions"},"modified":"2023-03-07T13:17:26","modified_gmt":"2023-03-07T13:17:26","slug":"cameroun-soumission-au-foyer-et-si-nous-en-parlions","status":"publish","type":"post","link":"https:\/\/www.africa-press.net\/cameroun\/dossiers\/cameroun-soumission-au-foyer-et-si-nous-en-parlions","title":{"rendered":"Cameroun\/ soumission au foyer : et si nous en parlions &#8230;"},"content":{"rendered":"<p><span style=\"color: #ff6600\"><strong>Africa-Press &#8211; Cameroun. <\/strong><\/span>LA JOURNE\u0301E internationale de la femme se ce\u0301le\u0300bre cette anne\u0301e sous le the\u0300me : \u00ab\u00a0Pour un monde digital et inclusif-innovation et technologies pour l&rsquo;Egalite de sexes.<\/p>\n<p>\u00a0\u00bb Portant, aujourd&rsquo;hui, les femmes se sentent me\u0301prise\u0301es et sous-estime\u0301es par des hommes.<\/p>\n<p>Pour re\u0301ponse a\u0300 cela, elless&rsquo;exprimentmais peut-e\u0302tre pas de la bonne manie\u0300re. Elles estiment qu&rsquo;elles sont le\u0301se\u0301es par la nation surtout au niveau de leurs droits. Cette opinion est davantage un plaidoyer pour reconside\u0301ration de la ce\u0301le\u0301bration de la journe\u0301e du 8 mars.<\/p>\n<p>Car, au-dela\u0300 des faits de victimisation de la femme, il est primordial qu&rsquo;elle soit soutenue dans sa de\u0301marche sociale, pour une meilleure participation a\u0300 l&rsquo;e\u0301dification d&rsquo;une socie\u0301te\u0301 e\u0301quilibre\u0301e.<\/p>\n<p>Trouvez une bonne manie\u0300re de faire comprendre ou de rappeler aux femmes que, la course vers la modernite\u0301 ne leur enle\u0300ve pas leur valeur premie\u0300re et les caracte\u0300res patrimoniaux intrinse\u0300ques avec lesquels, elles ont e\u0301te\u0301 cre\u0301e\u0301es.<\/p>\n<p>Elles sont donc avant toute chose, des me\u0300res et e\u0301pouses qui, pour prendre soin de leur foyer, sont contraintes d&rsquo;e\u0302tre des cuisinie\u0300res et soumises pour l&rsquo;e\u0301quilibre du foyer.<\/p>\n<p>Par le passe\u0301, la scolarisation des filles e\u0301taient d&rsquo;un luxe. Les filles e\u0301taient promises en mariage de fac\u0327on pre\u0301coce et seuls les garc\u0327ons avaient droit a\u0300 l&rsquo;e\u0301ducation.<\/p>\n<p>La pratique des mutilations ge\u0301nitales que certaines socie\u0301te\u0301s persistent a\u0300 vouloir justifier et bien d&rsquo;autres pratiques ne\u0301fastes au de\u0301veloppement de la jeune fille, entrainent le sous-de\u0301veloppement, pourtant les Objet de de\u0301veloppement durable (Odd), sont requis.<\/p>\n<p>Pour preuve, la recrudescence des violences conjugales a\u0300 l&rsquo;endroit des femmes dans la socie\u0301te\u0301, te\u0301moigne de cette logique de de\u0301se\u0301quilibre pour lequel les femmes se battent.<\/p>\n<p>L&rsquo;irresponsabilite\u0301 des hommes qui continuent de renier la paternite\u0301, abandonnant toute la responsabilite\u0301 aux femmes pour ce qui est de la charge et de l&rsquo;e\u0301ducation, est une autre frustration qui galvanise la femme a\u0300 reque\u0301rir son autorite\u0301.<\/p>\n<p>C&rsquo;est ce plaidoyer qui me\u0300nent de nombreuses femmes a\u0300 des revendications e\u0301quilibriste et e\u0301galitaire : l&rsquo;Egalite de sexe, ce qui n&rsquo;est et ne sera jamais possible.<\/p>\n<p>Les quelques faits ainsi de\u0301crits, ne peuvent cependant rejeter les initiatives positives prises en sa faveur de l&rsquo;ame\u0301lioration de la condition de vie de la femme au Cameroun, ni les avancer au fil du temps comme une ne\u0301cessite\u0301 vitale. Depuis un certain temps, l&rsquo;e\u0301ducation de la jeune fille s&rsquo;est impose\u0301e du primaire au supe\u0301rieur et les chiffres parlent d&rsquo;eux-me\u0302mes.<\/p>\n<p>Aujourd&rsquo;hui, on parle de femmes dynamiques: ministres, me\u0301decins, journalistes, se\u0301nateurs, de\u0301pute\u0301s, cultivatrices, enseignantes, professeurs d&rsquo;Universite\u0301s, Bayam-salams, Colonels, Directrices et promotrices d&rsquo;entreprises, Commissaires de police etc.<\/p>\n<p>Ces femmes ont renverse\u0301 bien de tendances, preuve s&rsquo;il en fallait encore, de l&rsquo;effectivite\u0301 de la mise en place des politiques publiques lie\u0301es a\u0300 la lutte contre la pauvrete\u0301 et soumettre l&rsquo;Objet de de\u0301veloppement durable (Odd).<\/p>\n<p>SOUMISE ET E\u0301QUILIBRE\u0301E. . . La soumission dans le foyer c&rsquo;est la subordination et l&rsquo;obe\u0301issance envers son e\u0301poux. Retenons ici que la subordination est un acte involontaire qui est soumis a\u0300 une obligation, tandis que l&rsquo;obe\u0301issance est un acte volontaire a\u0300 laquelle on se soumet avec intelligence tout en conservant certaines liberte\u0301s.<\/p>\n<p>La femme soumise se conformera a\u0300 la volonte\u0301 de son mari quand il est pre\u0301sent et lui de\u0301sobe\u0301ira en son absence. Peu importe ce que peut devenir la femme dans la socie\u0301te\u0301, c\u0327a ne devra aucunement changer sa place dans son foyer.<\/p>\n<p>Une femme nait me\u0301nage\u0300re pour son foyer et non pour la socie\u0301te\u0301, mais peut devenir une autorite\u0301 dans la me\u0302me socie\u0301te\u0301 mais pas dans son foyer d\u2019ou\u0300 la soumission s&rsquo;impose. Une femme peut devenir Me\u0301decin par exemple mais ne sera jamais e\u0301gale a\u0300 l&rsquo;homme.<\/p>\n<p>Une femme ne pourra jamais enceinter une autre, alors a\u0300 quel niveau l&rsquo;Egalite de sexe s&rsquo;impose ? Les femmes devraient revendiquer ce qui leur est de droit sans toutefois oublier leurs devoirs..<\/p>\n<p>. Une femme soumise dans un foyer rend son homme heureux, lui procure du bonheur et reste une be\u0301ne\u0301diction pour la famille.<\/p>\n<p>Une femme soumise dans un pays, ce pays est heureux et connait le bonheur. Dieu a donne\u0301 le pouvoir a\u0300 la femme, valorisez vos femmes et vous serez heureux. Souvenez-vous qu&rsquo;au jardin d&rsquo;E\u0301den, Dieu a dit a\u0300 la femme, tu e\u0301craseras la te\u0302te du serpent qui symbolise Satan.<\/p>\n<p>PAR Dr CHRISTINE ANANGA<\/p>\n<p><strong>Pour plus d&rsquo;informations et d&rsquo;analyses sur la <a href=\"https:\/\/www.africa-press.net\/cameroun\">Cameroun<\/a>, suivez <a href=\"https:\/\/www.africa-press.net\/\">Africa-Press<\/a><\/strong><\/p>\n","protected":false},"excerpt":{"rendered":"<p>Africa-Press &#8211; Cameroun. LA JOURNE\u0301E internationale de la femme se ce\u0301le\u0300bre cette anne\u0301e sous le the\u0300me : \u00ab\u00a0Pour un monde digital et inclusif-innovation et technologies pour l&rsquo;Egalite de sexes. \u00a0\u00bb Portant, aujourd&rsquo;hui, les femmes se sentent me\u0301prise\u0301es et sous-estime\u0301es par des hommes. Pour re\u0301ponse a\u0300 cela, elless&rsquo;exprimentmais peut-e\u0302tre pas de la bonne manie\u0300re. Elles estiment [&hellip;]<\/p>\n","protected":false},"author":82,"featured_media":38478,"comment_status":"open","ping_status":"closed","sticky":false,"template":"","format":"standard","meta":{"footnotes":""},"categories":[7,10],"tags":[36,50,49],"class_list":["post-38480","post","type-post","status-publish","format-standard","has-post-thumbnail","hentry","category-dossiers","category-toutes-les-actualites","tag-africa-press","tag-africa-press-cameroun","tag-cameroun"],"yoast_head":"<!-- This site is optimized with the Yoast SEO Premium plugin v26.1 (Yoast SEO v27.0) - https:\/\/yoast.com\/product\/yoast-seo-premium-wordpress\/ -->\n<title>Cameroun\/ soumission au foyer : et si nous en parlions ... - Cameroun<\/title>\n<meta name=\"description\" content=\"LA JOURNE\u0301E internationale de la femme se ce\u0301le\u0300bre cette anne\u0301e sous le the\u0300me : &quot;Pour un monde digital et inclusif-inn ...\" \/>\n<meta name=\"robots\" content=\"index, follow, max-snippet:-1, max-image-preview:large, max-video-preview:-1\" \/>\n<link rel=\"canonical\" href=\"https:\/\/www.africa-press.net\/cameroun\/dossiers\/cameroun-soumission-au-foyer-et-si-nous-en-parlions\" \/>\n<meta property=\"og:locale\" content=\"fr_FR\" \/>\n<meta property=\"og:type\" content=\"article\" \/>\n<meta property=\"og:title\" content=\"Cameroun\/ soumission au foyer : et si nous en parlions ...\" \/>\n<meta property=\"og:description\" content=\"LA JOURNE\u0301E internationale de la femme se ce\u0301le\u0300bre cette anne\u0301e sous le the\u0300me : &quot;Pour un monde digital et inclusif-inn ...\" \/>\n<meta property=\"og:url\" content=\"https:\/\/www.africa-press.net\/cameroun\/dossiers\/cameroun-soumission-au-foyer-et-si-nous-en-parlions\" \/>\n<meta property=\"og:site_name\" content=\"Cameroun\" \/>\n<meta property=\"article:published_time\" content=\"2023-03-07T12:32:58+00:00\" \/>\n<meta property=\"article:modified_time\" content=\"2023-03-07T13:17:26+00:00\" \/>\n<meta property=\"og:image\" content=\"https:\/\/static.africa-press.net\/cameroun\/sites\/57\/2023\/03\/postQueueImg_1678179796.29.jpg\" \/>\n\t<meta property=\"og:image:width\" content=\"720\" \/>\n\t<meta property=\"og:image:height\" content=\"504\" \/>\n\t<meta property=\"og:image:type\" content=\"image\/jpeg\" \/>\n<meta name=\"author\" content=\"cfeditorfr\" \/>\n<meta name=\"twitter:card\" content=\"summary_large_image\" \/>\n<meta name=\"twitter:label1\" content=\"\u00c9crit par\" \/>\n\t<meta name=\"twitter:data1\" content=\"cfeditorfr\" \/>\n\t<meta name=\"twitter:label2\" content=\"Dur\u00e9e de lecture estim\u00e9e\" \/>\n\t<meta name=\"twitter:data2\" content=\"4 minutes\" \/>\n<script type=\"application\/ld+json\" class=\"yoast-schema-graph\">{\"@context\":\"https:\/\/schema.org\",\"@graph\":[{\"@type\":\"Article\",\"@id\":\"https:\/\/www.africa-press.net\/cameroun\/dossiers\/cameroun-soumission-au-foyer-et-si-nous-en-parlions#article\",\"isPartOf\":{\"@id\":\"https:\/\/www.africa-press.net\/cameroun\/dossiers\/cameroun-soumission-au-foyer-et-si-nous-en-parlions\"},\"author\":{\"name\":\"cfeditorfr\",\"@id\":\"https:\/\/www.africa-press.net\/cameroun\/#\/schema\/person\/2b1cf3cd81a31e3cd26889ca66d677f1\"},\"headline\":\"Cameroun\/ soumission au foyer : et si nous en parlions &#8230;\",\"datePublished\":\"2023-03-07T12:32:58+00:00\",\"dateModified\":\"2023-03-07T13:17:26+00:00\",\"mainEntityOfPage\":{\"@id\":\"https:\/\/www.africa-press.net\/cameroun\/dossiers\/cameroun-soumission-au-foyer-et-si-nous-en-parlions\"},\"wordCount\":836,\"commentCount\":0,\"image\":{\"@id\":\"https:\/\/www.africa-press.net\/cameroun\/dossiers\/cameroun-soumission-au-foyer-et-si-nous-en-parlions#primaryimage\"},\"thumbnailUrl\":\"https:\/\/static.africa-press.net\/cameroun\/sites\/57\/2023\/03\/postQueueImg_1678179796.29.jpg\",\"keywords\":[\"Africa Press\",\"Africa Press-Cameroun\",\"Cameroun\"],\"articleSection\":[\"Dossiers\",\"Toutes les actualit\u00e9s\"],\"inLanguage\":\"fr-FR\",\"potentialAction\":[{\"@type\":\"CommentAction\",\"name\":\"Comment\",\"target\":[\"https:\/\/www.africa-press.net\/cameroun\/dossiers\/cameroun-soumission-au-foyer-et-si-nous-en-parlions#respond\"]}]},{\"@type\":\"WebPage\",\"@id\":\"https:\/\/www.africa-press.net\/cameroun\/dossiers\/cameroun-soumission-au-foyer-et-si-nous-en-parlions\",\"url\":\"https:\/\/www.africa-press.net\/cameroun\/dossiers\/cameroun-soumission-au-foyer-et-si-nous-en-parlions\",\"name\":\"Cameroun\/ soumission au foyer : et si nous en parlions ... - Cameroun\",\"isPartOf\":{\"@id\":\"https:\/\/www.africa-press.net\/cameroun\/#website\"},\"primaryImageOfPage\":{\"@id\":\"https:\/\/www.africa-press.net\/cameroun\/dossiers\/cameroun-soumission-au-foyer-et-si-nous-en-parlions#primaryimage\"},\"image\":{\"@id\":\"https:\/\/www.africa-press.net\/cameroun\/dossiers\/cameroun-soumission-au-foyer-et-si-nous-en-parlions#primaryimage\"},\"thumbnailUrl\":\"https:\/\/static.africa-press.net\/cameroun\/sites\/57\/2023\/03\/postQueueImg_1678179796.29.jpg\",\"datePublished\":\"2023-03-07T12:32:58+00:00\",\"dateModified\":\"2023-03-07T13:17:26+00:00\",\"author\":{\"@id\":\"https:\/\/www.africa-press.net\/cameroun\/#\/schema\/person\/2b1cf3cd81a31e3cd26889ca66d677f1\"},\"description\":\"LA JOURNE\u0301E internationale de la femme se ce\u0301le\u0300bre cette anne\u0301e sous le the\u0300me : \\\"Pour un monde digital et inclusif-inn ...\",\"breadcrumb\":{\"@id\":\"https:\/\/www.africa-press.net\/cameroun\/dossiers\/cameroun-soumission-au-foyer-et-si-nous-en-parlions#breadcrumb\"},\"inLanguage\":\"fr-FR\",\"potentialAction\":[{\"@type\":\"ReadAction\",\"target\":[\"https:\/\/www.africa-press.net\/cameroun\/dossiers\/cameroun-soumission-au-foyer-et-si-nous-en-parlions\"]}]},{\"@type\":\"ImageObject\",\"inLanguage\":\"fr-FR\",\"@id\":\"https:\/\/www.africa-press.net\/cameroun\/dossiers\/cameroun-soumission-au-foyer-et-si-nous-en-parlions#primaryimage\",\"url\":\"https:\/\/static.africa-press.net\/cameroun\/sites\/57\/2023\/03\/postQueueImg_1678179796.29.jpg\",\"contentUrl\":\"https:\/\/static.africa-press.net\/cameroun\/sites\/57\/2023\/03\/postQueueImg_1678179796.29.jpg\",\"width\":720,\"height\":504,\"caption\":\"Cameroun\/ soumission au foyer : et si nous en parlions ...\"},{\"@type\":\"BreadcrumbList\",\"@id\":\"https:\/\/www.africa-press.net\/cameroun\/dossiers\/cameroun-soumission-au-foyer-et-si-nous-en-parlions#breadcrumb\",\"itemListElement\":[{\"@type\":\"ListItem\",\"position\":1,\"name\":\"Accueil\",\"item\":\"https:\/\/www.africa-press.net\/cameroun\/\"},{\"@type\":\"ListItem\",\"position\":2,\"name\":\"Cameroun\/ soumission au foyer : et si nous en parlions &#8230;\"}]},{\"@type\":\"WebSite\",\"@id\":\"https:\/\/www.africa-press.net\/cameroun\/#website\",\"url\":\"https:\/\/www.africa-press.net\/cameroun\/\",\"name\":\"Cameroun\",\"description\":\"Just another Africa News Agency Sites site\",\"potentialAction\":[{\"@type\":\"SearchAction\",\"target\":{\"@type\":\"EntryPoint\",\"urlTemplate\":\"https:\/\/www.africa-press.net\/cameroun\/?s={search_term_string}\"},\"query-input\":{\"@type\":\"PropertyValueSpecification\",\"valueRequired\":true,\"valueName\":\"search_term_string\"}}],\"inLanguage\":\"fr-FR\"},{\"@type\":\"Person\",\"@id\":\"https:\/\/www.africa-press.net\/cameroun\/#\/schema\/person\/2b1cf3cd81a31e3cd26889ca66d677f1\",\"name\":\"cfeditorfr\"}]}<\/script>\n<!-- \/ Yoast SEO Premium plugin. -->","yoast_head_json":{"title":"Cameroun\/ soumission au foyer : et si nous en parlions ... - Cameroun","description":"LA JOURNE\u0301E internationale de la femme se ce\u0301le\u0300bre cette anne\u0301e sous le the\u0300me : \"Pour un monde digital et inclusif-inn ...","robots":{"index":"index","follow":"follow","max-snippet":"max-snippet:-1","max-image-preview":"max-image-preview:large","max-video-preview":"max-video-preview:-1"},"canonical":"https:\/\/www.africa-press.net\/cameroun\/dossiers\/cameroun-soumission-au-foyer-et-si-nous-en-parlions","og_locale":"fr_FR","og_type":"article","og_title":"Cameroun\/ soumission au foyer : et si nous en parlions ...","og_description":"LA JOURNE\u0301E internationale de la femme se ce\u0301le\u0300bre cette anne\u0301e sous le the\u0300me : \"Pour un monde digital et inclusif-inn ...","og_url":"https:\/\/www.africa-press.net\/cameroun\/dossiers\/cameroun-soumission-au-foyer-et-si-nous-en-parlions","og_site_name":"Cameroun","article_published_time":"2023-03-07T12:32:58+00:00","article_modified_time":"2023-03-07T13:17:26+00:00","og_image":[{"width":720,"height":504,"url":"https:\/\/static.africa-press.net\/cameroun\/sites\/57\/2023\/03\/postQueueImg_1678179796.29.jpg","type":"image\/jpeg"}],"author":"cfeditorfr","twitter_card":"summary_large_image","twitter_misc":{"\u00c9crit par":"cfeditorfr","Dur\u00e9e de lecture estim\u00e9e":"4 minutes"},"schema":{"@context":"https:\/\/schema.org","@graph":[{"@type":"Article","@id":"https:\/\/www.africa-press.net\/cameroun\/dossiers\/cameroun-soumission-au-foyer-et-si-nous-en-parlions#article","isPartOf":{"@id":"https:\/\/www.africa-press.net\/cameroun\/dossiers\/cameroun-soumission-au-foyer-et-si-nous-en-parlions"},"author":{"name":"cfeditorfr","@id":"https:\/\/www.africa-press.net\/cameroun\/#\/schema\/person\/2b1cf3cd81a31e3cd26889ca66d677f1"},"headline":"Cameroun\/ soumission au foyer : et si nous en parlions &#8230;","datePublished":"2023-03-07T12:32:58+00:00","dateModified":"2023-03-07T13:17:26+00:00","mainEntityOfPage":{"@id":"https:\/\/www.africa-press.net\/cameroun\/dossiers\/cameroun-soumission-au-foyer-et-si-nous-en-parlions"},"wordCount":836,"commentCount":0,"image":{"@id":"https:\/\/www.africa-press.net\/cameroun\/dossiers\/cameroun-soumission-au-foyer-et-si-nous-en-parlions#primaryimage"},"thumbnailUrl":"https:\/\/static.africa-press.net\/cameroun\/sites\/57\/2023\/03\/postQueueImg_1678179796.29.jpg","keywords":["Africa Press","Africa Press-Cameroun","Cameroun"],"articleSection":["Dossiers","Toutes les actualit\u00e9s"],"inLanguage":"fr-FR","potentialAction":[{"@type":"CommentAction","name":"Comment","target":["https:\/\/www.africa-press.net\/cameroun\/dossiers\/cameroun-soumission-au-foyer-et-si-nous-en-parlions#respond"]}]},{"@type":"WebPage","@id":"https:\/\/www.africa-press.net\/cameroun\/dossiers\/cameroun-soumission-au-foyer-et-si-nous-en-parlions","url":"https:\/\/www.africa-press.net\/cameroun\/dossiers\/cameroun-soumission-au-foyer-et-si-nous-en-parlions","name":"Cameroun\/ soumission au foyer : et si nous en parlions ... - Cameroun","isPartOf":{"@id":"https:\/\/www.africa-press.net\/cameroun\/#website"},"primaryImageOfPage":{"@id":"https:\/\/www.africa-press.net\/cameroun\/dossiers\/cameroun-soumission-au-foyer-et-si-nous-en-parlions#primaryimage"},"image":{"@id":"https:\/\/www.africa-press.net\/cameroun\/dossiers\/cameroun-soumission-au-foyer-et-si-nous-en-parlions#primaryimage"},"thumbnailUrl":"https:\/\/static.africa-press.net\/cameroun\/sites\/57\/2023\/03\/postQueueImg_1678179796.29.jpg","datePublished":"2023-03-07T12:32:58+00:00","dateModified":"2023-03-07T13:17:26+00:00","author":{"@id":"https:\/\/www.africa-press.net\/cameroun\/#\/schema\/person\/2b1cf3cd81a31e3cd26889ca66d677f1"},"description":"LA JOURNE\u0301E internationale de la femme se ce\u0301le\u0300bre cette anne\u0301e sous le the\u0300me : \"Pour un monde digital et inclusif-inn ...","breadcrumb":{"@id":"https:\/\/www.africa-press.net\/cameroun\/dossiers\/cameroun-soumission-au-foyer-et-si-nous-en-parlions#breadcrumb"},"inLanguage":"fr-FR","potentialAction":[{"@type":"ReadAction","target":["https:\/\/www.africa-press.net\/cameroun\/dossiers\/cameroun-soumission-au-foyer-et-si-nous-en-parlions"]}]},{"@type":"ImageObject","inLanguage":"fr-FR","@id":"https:\/\/www.africa-press.net\/cameroun\/dossiers\/cameroun-soumission-au-foyer-et-si-nous-en-parlions#primaryimage","url":"https:\/\/static.africa-press.net\/cameroun\/sites\/57\/2023\/03\/postQueueImg_1678179796.29.jpg","contentUrl":"https:\/\/static.africa-press.net\/cameroun\/sites\/57\/2023\/03\/postQueueImg_1678179796.29.jpg","width":720,"height":504,"caption":"Cameroun\/ soumission au foyer : et si nous en parlions ..."},{"@type":"BreadcrumbList","@id":"https:\/\/www.africa-press.net\/cameroun\/dossiers\/cameroun-soumission-au-foyer-et-si-nous-en-parlions#breadcrumb","itemListElement":[{"@type":"ListItem","position":1,"name":"Accueil","item":"https:\/\/www.africa-press.net\/cameroun\/"},{"@type":"ListItem","position":2,"name":"Cameroun\/ soumission au foyer : et si nous en parlions &#8230;"}]},{"@type":"WebSite","@id":"https:\/\/www.africa-press.net\/cameroun\/#website","url":"https:\/\/www.africa-press.net\/cameroun\/","name":"Cameroun","description":"Just another Africa News Agency Sites site","potentialAction":[{"@type":"SearchAction","target":{"@type":"EntryPoint","urlTemplate":"https:\/\/www.africa-press.net\/cameroun\/?s={search_term_string}"},"query-input":{"@type":"PropertyValueSpecification","valueRequired":true,"valueName":"search_term_string"}}],"inLanguage":"fr-FR"},{"@type":"Person","@id":"https:\/\/www.africa-press.net\/cameroun\/#\/schema\/person\/2b1cf3cd81a31e3cd26889ca66d677f1","name":"cfeditorfr"}]}},"_links":{"self":[{"href":"https:\/\/www.africa-press.net\/cameroun\/wp-json\/wp\/v2\/posts\/38480","targetHints":{"allow":["GET"]}}],"collection":[{"href":"https:\/\/www.africa-press.net\/cameroun\/wp-json\/wp\/v2\/posts"}],"about":[{"href":"https:\/\/www.africa-press.net\/cameroun\/wp-json\/wp\/v2\/types\/post"}],"author":[{"embeddable":true,"href":"https:\/\/www.africa-press.net\/cameroun\/wp-json\/wp\/v2\/users\/82"}],"replies":[{"embeddable":true,"href":"https:\/\/www.africa-press.net\/cameroun\/wp-json\/wp\/v2\/comments?post=38480"}],"version-history":[{"count":0,"href":"https:\/\/www.africa-press.net\/cameroun\/wp-json\/wp\/v2\/posts\/38480\/revisions"}],"wp:featuredmedia":[{"embeddable":true,"href":"https:\/\/www.africa-press.net\/cameroun\/wp-json\/wp\/v2\/media\/38478"}],"wp:attachment":[{"href":"https:\/\/www.africa-press.net\/cameroun\/wp-json\/wp\/v2\/media?parent=38480"}],"wp:term":[{"taxonomy":"category","embeddable":true,"href":"https:\/\/www.africa-press.net\/cameroun\/wp-json\/wp\/v2\/categories?post=38480"},{"taxonomy":"post_tag","embeddable":true,"href":"https:\/\/www.africa-press.net\/cameroun\/wp-json\/wp\/v2\/tags?post=38480"}],"curies":[{"name":"wp","href":"https:\/\/api.w.org\/{rel}","templated":true}]}}