{"id":38483,"date":"2023-03-07T12:31:19","date_gmt":"2023-03-07T12:31:19","guid":{"rendered":"https:\/\/www.africa-press.net\/cameroun\/politique\/faux-ordres-de-paul-biya-mvondo-ayolo-a-voulu-empecher-lexecution-du-mandat-de-depot-decerne-contre-les-suspects"},"modified":"2023-03-07T13:15:20","modified_gmt":"2023-03-07T13:15:20","slug":"faux-ordres-de-paul-biya-mvondo-ayolo-a-voulu-empecher-lexecution-du-mandat-de-depot-decerne-contre-les-suspects","status":"publish","type":"post","link":"https:\/\/www.africa-press.net\/cameroun\/politique\/faux-ordres-de-paul-biya-mvondo-ayolo-a-voulu-empecher-lexecution-du-mandat-de-depot-decerne-contre-les-suspects","title":{"rendered":"Faux ordres de Paul Biya : \u2018Mvondo Ayolo a voulu emp\u00eacher l\u2019ex\u00e9cution du mandat de d\u00e9p\u00f4t d\u00e9cern\u00e9 contre les suspects\u2019"},"content":{"rendered":"<p><span style=\"color: #ff6600\"><strong>Africa-Press &#8211; Cameroun. <\/strong><\/span>Dans l\u2019affaire Martinez, Amougou Belinga et Cie ont e\u0301te\u0301 inculpe\u0301s et place\u0301s sous mandat de de\u0301po\u0302t a\u0300 la prison centrale de Kondengui le 4 mars 2023 apre\u0300s un long feuilleton judicaire.<\/p>\n<p>Selon le journaliste en retrait Jean-Claude Mbede, si la proce\u0301dure a tant pris du temps, c\u2019est de la faute au directeur du cabinet civil de la pre\u0301sidence de la re\u0301publique, Mvondo Ayolo. Ce dernier aurait me\u0302me essaye\u0301 de faire capoter l\u2019affaire en faisant parvenir au tribunal militaire de fausses \u2018\u2019hautes instructions\u2019\u2019.<\/p>\n<p>Voici en de\u0301tails les informations du journaliste Jean-Claude Mbede<\/p>\n<p>Dans les secrets du Tribunal militaire! Vendredi dernier, le directeur du cabinet civil de la pre\u0301sidence de la re\u0301publique, Monsieur Mvondo Ayolo, partenaire en \u201caffaires\u201d a voulu empe\u0302cher l\u2019exe\u0301cution du mandat de de\u0301po\u0302t de\u0301cerne\u0301 contre les suspects.<\/p>\n<p>En effet, Monsieur ambo dit Ayolo a fait parvenir de fausses \u201chautes instructions\u201d par te\u0301le\u0301phone au tribunal militaire en laissant croire que le pre\u0301sident aurait exige\u0301 la mise en liberte\u0301 des pre\u0301venus. Il a fallu toute la maestria des magistrats et enque\u0302teurs pour savoir que le Directeur du cabinet civil qui ge\u0300re les affaires prive\u0301es du pre\u0301sident n\u2019est pas le SG du pre\u0301sident, qui lui est le principal collaborateur administratif du chef de l\u2019Etat.<\/p>\n<p>D\u2019autre part, pendant un mois la proce\u0301dure d\u2019instruction a e\u0301te\u0301 bloque\u0301e au tribunal militaire pour une seule raison: Monsieur Joe\u0308l Bias ex avocat qui e\u0301tait le juge d\u2019instruction en poste, a e\u0301te\u0301 l\u2019avocat d\u2019Amougou Belinga en 2004 dans l\u2019affaire du \u201cTop50\u201d des p.e\u0301.d.e\u0301. Je me souviens de ce Hoel Bias qui se vantait au tribunal en appuyant sur les lost: \u201cinfligeeeeeeer\u201d, la \u201cpeeeeiiiiiiine\u201d&#8230; un vrai vantard.<\/p>\n<p>Je rappelle que c\u2019est suite a\u0300 la publication du ce top 50 que le \u201czomloa\u201d s\u2019est enrichi en faisant le chantage aux personnalite\u0301s qui craignaient d\u2019e\u0302tre de\u0301nonce\u0301es. Il a toutes les institutions dans sa poche. Bravo au juge Simati II Kwamo qui a re\u0301siste\u0301 a\u0300 toute forme de pression. Le Cameroun va changer! \u00bb<\/p>\n<p><strong>Pour plus d&rsquo;informations et d&rsquo;analyses sur la <a href=\"https:\/\/www.africa-press.net\/cameroun\">Cameroun<\/a>, suivez <a href=\"https:\/\/www.africa-press.net\/\">Africa-Press<\/a><\/strong><\/p>\n","protected":false},"excerpt":{"rendered":"<p>Africa-Press &#8211; Cameroun. Dans l\u2019affaire Martinez, Amougou Belinga et Cie ont e\u0301te\u0301 inculpe\u0301s et place\u0301s sous mandat de de\u0301po\u0302t a\u0300 la prison centrale de Kondengui le 4 mars 2023 apre\u0300s un long feuilleton judicaire. Selon le journaliste en retrait Jean-Claude Mbede, si la proce\u0301dure a tant pris du temps, c\u2019est de la faute au directeur [&hellip;]<\/p>\n","protected":false},"author":82,"featured_media":38481,"comment_status":"open","ping_status":"closed","sticky":false,"template":"","format":"standard","meta":{"footnotes":""},"categories":[2,10],"tags":[36,50,49],"class_list":["post-38483","post","type-post","status-publish","format-standard","has-post-thumbnail","hentry","category-politique","category-toutes-les-actualites","tag-africa-press","tag-africa-press-cameroun","tag-cameroun"],"yoast_head":"<!-- This site is optimized with the Yoast SEO Premium plugin v26.1 (Yoast SEO v27.0) - https:\/\/yoast.com\/product\/yoast-seo-premium-wordpress\/ -->\n<title>Faux ordres de Paul Biya : \u2018Mvondo Ayolo a voulu emp\u00eacher l\u2019ex\u00e9cution du mandat de d\u00e9p\u00f4t d\u00e9cern\u00e9 contre les suspects\u2019 - Cameroun<\/title>\n<meta name=\"description\" content=\"Dans l\u2019affaire Martinez, Amougou Belinga et Cie ont e\u0301te\u0301 inculpe\u0301s et place\u0301s sous mandat de de\u0301po\u0302t a\u0300 la prison centr ...\" \/>\n<meta name=\"robots\" content=\"index, follow, max-snippet:-1, max-image-preview:large, max-video-preview:-1\" \/>\n<link rel=\"canonical\" href=\"https:\/\/www.africa-press.net\/cameroun\/politique\/faux-ordres-de-paul-biya-mvondo-ayolo-a-voulu-empecher-lexecution-du-mandat-de-depot-decerne-contre-les-suspects\" \/>\n<meta property=\"og:locale\" content=\"fr_FR\" \/>\n<meta property=\"og:type\" content=\"article\" \/>\n<meta property=\"og:title\" content=\"Faux ordres de Paul Biya : \u2018Mvondo Ayolo a voulu emp\u00eacher l\u2019ex\u00e9cution du mandat de d\u00e9p\u00f4t d\u00e9cern\u00e9 contre les suspects\u2019\" \/>\n<meta property=\"og:description\" content=\"Dans l\u2019affaire Martinez, Amougou Belinga et Cie ont e\u0301te\u0301 inculpe\u0301s et place\u0301s sous mandat de de\u0301po\u0302t a\u0300 la prison centr ...\" \/>\n<meta property=\"og:url\" content=\"https:\/\/www.africa-press.net\/cameroun\/politique\/faux-ordres-de-paul-biya-mvondo-ayolo-a-voulu-empecher-lexecution-du-mandat-de-depot-decerne-contre-les-suspects\" \/>\n<meta property=\"og:site_name\" content=\"Cameroun\" \/>\n<meta property=\"article:published_time\" content=\"2023-03-07T12:31:19+00:00\" \/>\n<meta property=\"article:modified_time\" content=\"2023-03-07T13:15:20+00:00\" \/>\n<meta property=\"og:image\" content=\"https:\/\/static.africa-press.net\/cameroun\/sites\/57\/2023\/03\/postQueueImg_1678179681.60.jpg\" \/>\n\t<meta property=\"og:image:width\" content=\"720\" \/>\n\t<meta property=\"og:image:height\" content=\"360\" \/>\n\t<meta property=\"og:image:type\" content=\"image\/jpeg\" \/>\n<meta name=\"author\" content=\"cfeditorfr\" \/>\n<meta name=\"twitter:card\" content=\"summary_large_image\" \/>\n<meta name=\"twitter:label1\" content=\"\u00c9crit par\" \/>\n\t<meta name=\"twitter:data1\" content=\"cfeditorfr\" \/>\n\t<meta name=\"twitter:label2\" content=\"Dur\u00e9e de lecture estim\u00e9e\" \/>\n\t<meta name=\"twitter:data2\" content=\"2 minutes\" \/>\n<script type=\"application\/ld+json\" class=\"yoast-schema-graph\">{\"@context\":\"https:\/\/schema.org\",\"@graph\":[{\"@type\":\"Article\",\"@id\":\"https:\/\/www.africa-press.net\/cameroun\/politique\/faux-ordres-de-paul-biya-mvondo-ayolo-a-voulu-empecher-lexecution-du-mandat-de-depot-decerne-contre-les-suspects#article\",\"isPartOf\":{\"@id\":\"https:\/\/www.africa-press.net\/cameroun\/politique\/faux-ordres-de-paul-biya-mvondo-ayolo-a-voulu-empecher-lexecution-du-mandat-de-depot-decerne-contre-les-suspects\"},\"author\":{\"name\":\"cfeditorfr\",\"@id\":\"https:\/\/www.africa-press.net\/cameroun\/#\/schema\/person\/2b1cf3cd81a31e3cd26889ca66d677f1\"},\"headline\":\"Faux ordres de Paul Biya : \u2018Mvondo Ayolo a voulu emp\u00eacher l\u2019ex\u00e9cution du mandat de d\u00e9p\u00f4t d\u00e9cern\u00e9 contre les suspects\u2019\",\"datePublished\":\"2023-03-07T12:31:19+00:00\",\"dateModified\":\"2023-03-07T13:15:20+00:00\",\"mainEntityOfPage\":{\"@id\":\"https:\/\/www.africa-press.net\/cameroun\/politique\/faux-ordres-de-paul-biya-mvondo-ayolo-a-voulu-empecher-lexecution-du-mandat-de-depot-decerne-contre-les-suspects\"},\"wordCount\":413,\"commentCount\":0,\"image\":{\"@id\":\"https:\/\/www.africa-press.net\/cameroun\/politique\/faux-ordres-de-paul-biya-mvondo-ayolo-a-voulu-empecher-lexecution-du-mandat-de-depot-decerne-contre-les-suspects#primaryimage\"},\"thumbnailUrl\":\"https:\/\/static.africa-press.net\/cameroun\/sites\/57\/2023\/03\/postQueueImg_1678179681.60.jpg\",\"keywords\":[\"Africa Press\",\"Africa Press-Cameroun\",\"Cameroun\"],\"articleSection\":[\"Politique\",\"Toutes les actualit\u00e9s\"],\"inLanguage\":\"fr-FR\",\"potentialAction\":[{\"@type\":\"CommentAction\",\"name\":\"Comment\",\"target\":[\"https:\/\/www.africa-press.net\/cameroun\/politique\/faux-ordres-de-paul-biya-mvondo-ayolo-a-voulu-empecher-lexecution-du-mandat-de-depot-decerne-contre-les-suspects#respond\"]}]},{\"@type\":\"WebPage\",\"@id\":\"https:\/\/www.africa-press.net\/cameroun\/politique\/faux-ordres-de-paul-biya-mvondo-ayolo-a-voulu-empecher-lexecution-du-mandat-de-depot-decerne-contre-les-suspects\",\"url\":\"https:\/\/www.africa-press.net\/cameroun\/politique\/faux-ordres-de-paul-biya-mvondo-ayolo-a-voulu-empecher-lexecution-du-mandat-de-depot-decerne-contre-les-suspects\",\"name\":\"Faux ordres de Paul Biya : \u2018Mvondo Ayolo a voulu emp\u00eacher l\u2019ex\u00e9cution du mandat de d\u00e9p\u00f4t d\u00e9cern\u00e9 contre les suspects\u2019 - Cameroun\",\"isPartOf\":{\"@id\":\"https:\/\/www.africa-press.net\/cameroun\/#website\"},\"primaryImageOfPage\":{\"@id\":\"https:\/\/www.africa-press.net\/cameroun\/politique\/faux-ordres-de-paul-biya-mvondo-ayolo-a-voulu-empecher-lexecution-du-mandat-de-depot-decerne-contre-les-suspects#primaryimage\"},\"image\":{\"@id\":\"https:\/\/www.africa-press.net\/cameroun\/politique\/faux-ordres-de-paul-biya-mvondo-ayolo-a-voulu-empecher-lexecution-du-mandat-de-depot-decerne-contre-les-suspects#primaryimage\"},\"thumbnailUrl\":\"https:\/\/static.africa-press.net\/cameroun\/sites\/57\/2023\/03\/postQueueImg_1678179681.60.jpg\",\"datePublished\":\"2023-03-07T12:31:19+00:00\",\"dateModified\":\"2023-03-07T13:15:20+00:00\",\"author\":{\"@id\":\"https:\/\/www.africa-press.net\/cameroun\/#\/schema\/person\/2b1cf3cd81a31e3cd26889ca66d677f1\"},\"description\":\"Dans l\u2019affaire Martinez, Amougou Belinga et Cie ont e\u0301te\u0301 inculpe\u0301s et place\u0301s sous mandat de de\u0301po\u0302t a\u0300 la prison centr ...\",\"breadcrumb\":{\"@id\":\"https:\/\/www.africa-press.net\/cameroun\/politique\/faux-ordres-de-paul-biya-mvondo-ayolo-a-voulu-empecher-lexecution-du-mandat-de-depot-decerne-contre-les-suspects#breadcrumb\"},\"inLanguage\":\"fr-FR\",\"potentialAction\":[{\"@type\":\"ReadAction\",\"target\":[\"https:\/\/www.africa-press.net\/cameroun\/politique\/faux-ordres-de-paul-biya-mvondo-ayolo-a-voulu-empecher-lexecution-du-mandat-de-depot-decerne-contre-les-suspects\"]}]},{\"@type\":\"ImageObject\",\"inLanguage\":\"fr-FR\",\"@id\":\"https:\/\/www.africa-press.net\/cameroun\/politique\/faux-ordres-de-paul-biya-mvondo-ayolo-a-voulu-empecher-lexecution-du-mandat-de-depot-decerne-contre-les-suspects#primaryimage\",\"url\":\"https:\/\/static.africa-press.net\/cameroun\/sites\/57\/2023\/03\/postQueueImg_1678179681.60.jpg\",\"contentUrl\":\"https:\/\/static.africa-press.net\/cameroun\/sites\/57\/2023\/03\/postQueueImg_1678179681.60.jpg\",\"width\":720,\"height\":360,\"caption\":\"Faux ordres de Paul Biya : \u2018Mvondo Ayolo a voulu emp\u00eacher l\u2019ex\u00e9cution du mandat de d\u00e9p\u00f4t d\u00e9cern\u00e9 contre les suspects\u2019\"},{\"@type\":\"BreadcrumbList\",\"@id\":\"https:\/\/www.africa-press.net\/cameroun\/politique\/faux-ordres-de-paul-biya-mvondo-ayolo-a-voulu-empecher-lexecution-du-mandat-de-depot-decerne-contre-les-suspects#breadcrumb\",\"itemListElement\":[{\"@type\":\"ListItem\",\"position\":1,\"name\":\"Accueil\",\"item\":\"https:\/\/www.africa-press.net\/cameroun\/\"},{\"@type\":\"ListItem\",\"position\":2,\"name\":\"Faux ordres de Paul Biya : \u2018Mvondo Ayolo a voulu emp\u00eacher l\u2019ex\u00e9cution du mandat de d\u00e9p\u00f4t d\u00e9cern\u00e9 contre les suspects\u2019\"}]},{\"@type\":\"WebSite\",\"@id\":\"https:\/\/www.africa-press.net\/cameroun\/#website\",\"url\":\"https:\/\/www.africa-press.net\/cameroun\/\",\"name\":\"Cameroun\",\"description\":\"Just another Africa News Agency Sites site\",\"potentialAction\":[{\"@type\":\"SearchAction\",\"target\":{\"@type\":\"EntryPoint\",\"urlTemplate\":\"https:\/\/www.africa-press.net\/cameroun\/?s={search_term_string}\"},\"query-input\":{\"@type\":\"PropertyValueSpecification\",\"valueRequired\":true,\"valueName\":\"search_term_string\"}}],\"inLanguage\":\"fr-FR\"},{\"@type\":\"Person\",\"@id\":\"https:\/\/www.africa-press.net\/cameroun\/#\/schema\/person\/2b1cf3cd81a31e3cd26889ca66d677f1\",\"name\":\"cfeditorfr\"}]}<\/script>\n<!-- \/ Yoast SEO Premium plugin. -->","yoast_head_json":{"title":"Faux ordres de Paul Biya : \u2018Mvondo Ayolo a voulu emp\u00eacher l\u2019ex\u00e9cution du mandat de d\u00e9p\u00f4t d\u00e9cern\u00e9 contre les suspects\u2019 - Cameroun","description":"Dans l\u2019affaire Martinez, Amougou Belinga et Cie ont e\u0301te\u0301 inculpe\u0301s et place\u0301s sous mandat de de\u0301po\u0302t a\u0300 la prison centr ...","robots":{"index":"index","follow":"follow","max-snippet":"max-snippet:-1","max-image-preview":"max-image-preview:large","max-video-preview":"max-video-preview:-1"},"canonical":"https:\/\/www.africa-press.net\/cameroun\/politique\/faux-ordres-de-paul-biya-mvondo-ayolo-a-voulu-empecher-lexecution-du-mandat-de-depot-decerne-contre-les-suspects","og_locale":"fr_FR","og_type":"article","og_title":"Faux ordres de Paul Biya : \u2018Mvondo Ayolo a voulu emp\u00eacher l\u2019ex\u00e9cution du mandat de d\u00e9p\u00f4t d\u00e9cern\u00e9 contre les suspects\u2019","og_description":"Dans l\u2019affaire Martinez, Amougou Belinga et Cie ont e\u0301te\u0301 inculpe\u0301s et place\u0301s sous mandat de de\u0301po\u0302t a\u0300 la prison centr ...","og_url":"https:\/\/www.africa-press.net\/cameroun\/politique\/faux-ordres-de-paul-biya-mvondo-ayolo-a-voulu-empecher-lexecution-du-mandat-de-depot-decerne-contre-les-suspects","og_site_name":"Cameroun","article_published_time":"2023-03-07T12:31:19+00:00","article_modified_time":"2023-03-07T13:15:20+00:00","og_image":[{"width":720,"height":360,"url":"https:\/\/static.africa-press.net\/cameroun\/sites\/57\/2023\/03\/postQueueImg_1678179681.60.jpg","type":"image\/jpeg"}],"author":"cfeditorfr","twitter_card":"summary_large_image","twitter_misc":{"\u00c9crit par":"cfeditorfr","Dur\u00e9e de lecture estim\u00e9e":"2 minutes"},"schema":{"@context":"https:\/\/schema.org","@graph":[{"@type":"Article","@id":"https:\/\/www.africa-press.net\/cameroun\/politique\/faux-ordres-de-paul-biya-mvondo-ayolo-a-voulu-empecher-lexecution-du-mandat-de-depot-decerne-contre-les-suspects#article","isPartOf":{"@id":"https:\/\/www.africa-press.net\/cameroun\/politique\/faux-ordres-de-paul-biya-mvondo-ayolo-a-voulu-empecher-lexecution-du-mandat-de-depot-decerne-contre-les-suspects"},"author":{"name":"cfeditorfr","@id":"https:\/\/www.africa-press.net\/cameroun\/#\/schema\/person\/2b1cf3cd81a31e3cd26889ca66d677f1"},"headline":"Faux ordres de Paul Biya : \u2018Mvondo Ayolo a voulu emp\u00eacher l\u2019ex\u00e9cution du mandat de d\u00e9p\u00f4t d\u00e9cern\u00e9 contre les suspects\u2019","datePublished":"2023-03-07T12:31:19+00:00","dateModified":"2023-03-07T13:15:20+00:00","mainEntityOfPage":{"@id":"https:\/\/www.africa-press.net\/cameroun\/politique\/faux-ordres-de-paul-biya-mvondo-ayolo-a-voulu-empecher-lexecution-du-mandat-de-depot-decerne-contre-les-suspects"},"wordCount":413,"commentCount":0,"image":{"@id":"https:\/\/www.africa-press.net\/cameroun\/politique\/faux-ordres-de-paul-biya-mvondo-ayolo-a-voulu-empecher-lexecution-du-mandat-de-depot-decerne-contre-les-suspects#primaryimage"},"thumbnailUrl":"https:\/\/static.africa-press.net\/cameroun\/sites\/57\/2023\/03\/postQueueImg_1678179681.60.jpg","keywords":["Africa Press","Africa Press-Cameroun","Cameroun"],"articleSection":["Politique","Toutes les actualit\u00e9s"],"inLanguage":"fr-FR","potentialAction":[{"@type":"CommentAction","name":"Comment","target":["https:\/\/www.africa-press.net\/cameroun\/politique\/faux-ordres-de-paul-biya-mvondo-ayolo-a-voulu-empecher-lexecution-du-mandat-de-depot-decerne-contre-les-suspects#respond"]}]},{"@type":"WebPage","@id":"https:\/\/www.africa-press.net\/cameroun\/politique\/faux-ordres-de-paul-biya-mvondo-ayolo-a-voulu-empecher-lexecution-du-mandat-de-depot-decerne-contre-les-suspects","url":"https:\/\/www.africa-press.net\/cameroun\/politique\/faux-ordres-de-paul-biya-mvondo-ayolo-a-voulu-empecher-lexecution-du-mandat-de-depot-decerne-contre-les-suspects","name":"Faux ordres de Paul Biya : \u2018Mvondo Ayolo a voulu emp\u00eacher l\u2019ex\u00e9cution du mandat de d\u00e9p\u00f4t d\u00e9cern\u00e9 contre les suspects\u2019 - Cameroun","isPartOf":{"@id":"https:\/\/www.africa-press.net\/cameroun\/#website"},"primaryImageOfPage":{"@id":"https:\/\/www.africa-press.net\/cameroun\/politique\/faux-ordres-de-paul-biya-mvondo-ayolo-a-voulu-empecher-lexecution-du-mandat-de-depot-decerne-contre-les-suspects#primaryimage"},"image":{"@id":"https:\/\/www.africa-press.net\/cameroun\/politique\/faux-ordres-de-paul-biya-mvondo-ayolo-a-voulu-empecher-lexecution-du-mandat-de-depot-decerne-contre-les-suspects#primaryimage"},"thumbnailUrl":"https:\/\/static.africa-press.net\/cameroun\/sites\/57\/2023\/03\/postQueueImg_1678179681.60.jpg","datePublished":"2023-03-07T12:31:19+00:00","dateModified":"2023-03-07T13:15:20+00:00","author":{"@id":"https:\/\/www.africa-press.net\/cameroun\/#\/schema\/person\/2b1cf3cd81a31e3cd26889ca66d677f1"},"description":"Dans l\u2019affaire Martinez, Amougou Belinga et Cie ont e\u0301te\u0301 inculpe\u0301s et place\u0301s sous mandat de de\u0301po\u0302t a\u0300 la prison centr ...","breadcrumb":{"@id":"https:\/\/www.africa-press.net\/cameroun\/politique\/faux-ordres-de-paul-biya-mvondo-ayolo-a-voulu-empecher-lexecution-du-mandat-de-depot-decerne-contre-les-suspects#breadcrumb"},"inLanguage":"fr-FR","potentialAction":[{"@type":"ReadAction","target":["https:\/\/www.africa-press.net\/cameroun\/politique\/faux-ordres-de-paul-biya-mvondo-ayolo-a-voulu-empecher-lexecution-du-mandat-de-depot-decerne-contre-les-suspects"]}]},{"@type":"ImageObject","inLanguage":"fr-FR","@id":"https:\/\/www.africa-press.net\/cameroun\/politique\/faux-ordres-de-paul-biya-mvondo-ayolo-a-voulu-empecher-lexecution-du-mandat-de-depot-decerne-contre-les-suspects#primaryimage","url":"https:\/\/static.africa-press.net\/cameroun\/sites\/57\/2023\/03\/postQueueImg_1678179681.60.jpg","contentUrl":"https:\/\/static.africa-press.net\/cameroun\/sites\/57\/2023\/03\/postQueueImg_1678179681.60.jpg","width":720,"height":360,"caption":"Faux ordres de Paul Biya : \u2018Mvondo Ayolo a voulu emp\u00eacher l\u2019ex\u00e9cution du mandat de d\u00e9p\u00f4t d\u00e9cern\u00e9 contre les suspects\u2019"},{"@type":"BreadcrumbList","@id":"https:\/\/www.africa-press.net\/cameroun\/politique\/faux-ordres-de-paul-biya-mvondo-ayolo-a-voulu-empecher-lexecution-du-mandat-de-depot-decerne-contre-les-suspects#breadcrumb","itemListElement":[{"@type":"ListItem","position":1,"name":"Accueil","item":"https:\/\/www.africa-press.net\/cameroun\/"},{"@type":"ListItem","position":2,"name":"Faux ordres de Paul Biya : \u2018Mvondo Ayolo a voulu emp\u00eacher l\u2019ex\u00e9cution du mandat de d\u00e9p\u00f4t d\u00e9cern\u00e9 contre les suspects\u2019"}]},{"@type":"WebSite","@id":"https:\/\/www.africa-press.net\/cameroun\/#website","url":"https:\/\/www.africa-press.net\/cameroun\/","name":"Cameroun","description":"Just another Africa News Agency Sites site","potentialAction":[{"@type":"SearchAction","target":{"@type":"EntryPoint","urlTemplate":"https:\/\/www.africa-press.net\/cameroun\/?s={search_term_string}"},"query-input":{"@type":"PropertyValueSpecification","valueRequired":true,"valueName":"search_term_string"}}],"inLanguage":"fr-FR"},{"@type":"Person","@id":"https:\/\/www.africa-press.net\/cameroun\/#\/schema\/person\/2b1cf3cd81a31e3cd26889ca66d677f1","name":"cfeditorfr"}]}},"_links":{"self":[{"href":"https:\/\/www.africa-press.net\/cameroun\/wp-json\/wp\/v2\/posts\/38483","targetHints":{"allow":["GET"]}}],"collection":[{"href":"https:\/\/www.africa-press.net\/cameroun\/wp-json\/wp\/v2\/posts"}],"about":[{"href":"https:\/\/www.africa-press.net\/cameroun\/wp-json\/wp\/v2\/types\/post"}],"author":[{"embeddable":true,"href":"https:\/\/www.africa-press.net\/cameroun\/wp-json\/wp\/v2\/users\/82"}],"replies":[{"embeddable":true,"href":"https:\/\/www.africa-press.net\/cameroun\/wp-json\/wp\/v2\/comments?post=38483"}],"version-history":[{"count":0,"href":"https:\/\/www.africa-press.net\/cameroun\/wp-json\/wp\/v2\/posts\/38483\/revisions"}],"wp:featuredmedia":[{"embeddable":true,"href":"https:\/\/www.africa-press.net\/cameroun\/wp-json\/wp\/v2\/media\/38481"}],"wp:attachment":[{"href":"https:\/\/www.africa-press.net\/cameroun\/wp-json\/wp\/v2\/media?parent=38483"}],"wp:term":[{"taxonomy":"category","embeddable":true,"href":"https:\/\/www.africa-press.net\/cameroun\/wp-json\/wp\/v2\/categories?post=38483"},{"taxonomy":"post_tag","embeddable":true,"href":"https:\/\/www.africa-press.net\/cameroun\/wp-json\/wp\/v2\/tags?post=38483"}],"curies":[{"name":"wp","href":"https:\/\/api.w.org\/{rel}","templated":true}]}}