{"id":38487,"date":"2023-03-07T12:31:24","date_gmt":"2023-03-07T12:31:24","guid":{"rendered":"https:\/\/www.africa-press.net\/cameroun\/politique\/paul-biya-annonce-un-important-evenement-dans-les-prochains-jours"},"modified":"2023-03-07T13:16:11","modified_gmt":"2023-03-07T13:16:11","slug":"paul-biya-annonce-un-important-evenement-dans-les-prochains-jours","status":"publish","type":"post","link":"https:\/\/www.africa-press.net\/cameroun\/politique\/paul-biya-annonce-un-important-evenement-dans-les-prochains-jours","title":{"rendered":"Paul Biya annonce un important \u00e9v\u00e9nement dans les prochains jours"},"content":{"rendered":"<p><span style=\"color: #ff6600\"><strong>Africa-Press &#8211; Cameroun. <\/strong><\/span>Paul Biya annonce un important e\u0301ve\u0301nement dans les prochains jours de ce mois. La grande annonce a e\u0301te\u0301 faite via des canaux officiels. En effet, le pre\u0301sident camerounais a envoye\u0301 des e\u0301missaires aupre\u0300s de ses homologues de la zone CEMAC.<\/p>\n<p>C&rsquo;est ainsi que le Pre\u0301sident Ali Bongo Ondimba a rec\u0327u en audience ce lundi au Palais Re\u0301novation, Lejeune Mbella Mbella, Ministre des Relations Exte\u0301rieures, envoye\u0301 Spe\u0301cial du Pre\u0301sident Paul Biya.<\/p>\n<p>Le Ministre e\u0301tait porteur d\u2019un message e\u0301crit de fraternite\u0301 et d\u2019amitie\u0301 du Pre\u0301sident Paul BIYA, a\u0300 son Homologue le Pre\u0301sident Ali Bongo Ondimba, l\u2019invitant a\u0300 prendre part au Sommet Ordinaire des Chefs d\u2019Etat de la Communaute\u0301 Economique et Mone\u0301taire de l\u2019Afrique Centrale (CEMAC).<\/p>\n<p>Obiang Nguema a e\u0301galement rec\u0327u un e\u0301missaire de Biya. En effet, le Pre\u0301sident Obiang Nguema Mbassogo a rec\u0327u en audience a\u0300 Malabo en Guine\u0301e E\u0301quatoriale, le Ministre El Haj Ousmane Mey, Ministre des Lignes, envoye\u0301 Spe\u0301cial de S.E. Paul Biya, Pre\u0301sident de la Re\u0301publique du Cameroun.<\/p>\n<p>Le Ministre e\u0301tait porteur du me\u0302me message portant sur le Sommet Ordinaire des Chefs d\u2019Etat de la Communaute\u0301 Economique et Mone\u0301taire de l\u2019Afrique Centrale (CEMAC).<\/p>\n<p>On indique aussi que ce sommet ordinaire aura lieu a\u0300 Yaounde\u0301, au Cameroun, le 17 mars 2023.<\/p>\n<p><strong>Pour plus d&rsquo;informations et d&rsquo;analyses sur la <a href=\"https:\/\/www.africa-press.net\/cameroun\">Cameroun<\/a>, suivez <a href=\"https:\/\/www.africa-press.net\/\">Africa-Press<\/a><\/strong><\/p>\n","protected":false},"excerpt":{"rendered":"<p>Africa-Press &#8211; Cameroun. Paul Biya annonce un important e\u0301ve\u0301nement dans les prochains jours de ce mois. La grande annonce a e\u0301te\u0301 faite via des canaux officiels. En effet, le pre\u0301sident camerounais a envoye\u0301 des e\u0301missaires aupre\u0300s de ses homologues de la zone CEMAC. C&rsquo;est ainsi que le Pre\u0301sident Ali Bongo Ondimba a rec\u0327u en audience [&hellip;]<\/p>\n","protected":false},"author":82,"featured_media":38485,"comment_status":"open","ping_status":"closed","sticky":false,"template":"","format":"standard","meta":{"footnotes":""},"categories":[2,10],"tags":[36,50,49],"class_list":["post-38487","post","type-post","status-publish","format-standard","has-post-thumbnail","hentry","category-politique","category-toutes-les-actualites","tag-africa-press","tag-africa-press-cameroun","tag-cameroun"],"yoast_head":"<!-- This site is optimized with the Yoast SEO Premium plugin v26.1 (Yoast SEO v27.0) - https:\/\/yoast.com\/product\/yoast-seo-premium-wordpress\/ -->\n<title>Paul Biya annonce un important \u00e9v\u00e9nement dans les prochains jours - Cameroun<\/title>\n<meta name=\"description\" content=\"Paul Biya annonce un important e\u0301ve\u0301nement dans les prochains jours de ce mois. La grande annonce a e\u0301te\u0301 faite via des ...\" \/>\n<meta name=\"robots\" content=\"index, follow, max-snippet:-1, max-image-preview:large, max-video-preview:-1\" \/>\n<link rel=\"canonical\" href=\"https:\/\/www.africa-press.net\/cameroun\/politique\/paul-biya-annonce-un-important-evenement-dans-les-prochains-jours\" \/>\n<meta property=\"og:locale\" content=\"fr_FR\" \/>\n<meta property=\"og:type\" content=\"article\" \/>\n<meta property=\"og:title\" content=\"Paul Biya annonce un important \u00e9v\u00e9nement dans les prochains jours\" \/>\n<meta property=\"og:description\" content=\"Paul Biya annonce un important e\u0301ve\u0301nement dans les prochains jours de ce mois. La grande annonce a e\u0301te\u0301 faite via des ...\" \/>\n<meta property=\"og:url\" content=\"https:\/\/www.africa-press.net\/cameroun\/politique\/paul-biya-annonce-un-important-evenement-dans-les-prochains-jours\" \/>\n<meta property=\"og:site_name\" content=\"Cameroun\" \/>\n<meta property=\"article:published_time\" content=\"2023-03-07T12:31:24+00:00\" \/>\n<meta property=\"article:modified_time\" content=\"2023-03-07T13:16:11+00:00\" \/>\n<meta property=\"og:image\" content=\"https:\/\/static.africa-press.net\/cameroun\/sites\/57\/2023\/03\/postQueueImg_1678179689.67.jpg\" \/>\n\t<meta property=\"og:image:width\" content=\"720\" \/>\n\t<meta property=\"og:image:height\" content=\"480\" \/>\n\t<meta property=\"og:image:type\" content=\"image\/jpeg\" \/>\n<meta name=\"author\" content=\"cfeditorfr\" \/>\n<meta name=\"twitter:card\" content=\"summary_large_image\" \/>\n<meta name=\"twitter:label1\" content=\"\u00c9crit par\" \/>\n\t<meta name=\"twitter:data1\" content=\"cfeditorfr\" \/>\n\t<meta name=\"twitter:label2\" content=\"Dur\u00e9e de lecture estim\u00e9e\" \/>\n\t<meta name=\"twitter:data2\" content=\"1 minute\" \/>\n<script type=\"application\/ld+json\" class=\"yoast-schema-graph\">{\"@context\":\"https:\/\/schema.org\",\"@graph\":[{\"@type\":\"Article\",\"@id\":\"https:\/\/www.africa-press.net\/cameroun\/politique\/paul-biya-annonce-un-important-evenement-dans-les-prochains-jours#article\",\"isPartOf\":{\"@id\":\"https:\/\/www.africa-press.net\/cameroun\/politique\/paul-biya-annonce-un-important-evenement-dans-les-prochains-jours\"},\"author\":{\"name\":\"cfeditorfr\",\"@id\":\"https:\/\/www.africa-press.net\/cameroun\/#\/schema\/person\/2b1cf3cd81a31e3cd26889ca66d677f1\"},\"headline\":\"Paul Biya annonce un important \u00e9v\u00e9nement dans les prochains jours\",\"datePublished\":\"2023-03-07T12:31:24+00:00\",\"dateModified\":\"2023-03-07T13:16:11+00:00\",\"mainEntityOfPage\":{\"@id\":\"https:\/\/www.africa-press.net\/cameroun\/politique\/paul-biya-annonce-un-important-evenement-dans-les-prochains-jours\"},\"wordCount\":264,\"commentCount\":0,\"image\":{\"@id\":\"https:\/\/www.africa-press.net\/cameroun\/politique\/paul-biya-annonce-un-important-evenement-dans-les-prochains-jours#primaryimage\"},\"thumbnailUrl\":\"https:\/\/static.africa-press.net\/cameroun\/sites\/57\/2023\/03\/postQueueImg_1678179689.67.jpg\",\"keywords\":[\"Africa Press\",\"Africa Press-Cameroun\",\"Cameroun\"],\"articleSection\":[\"Politique\",\"Toutes les actualit\u00e9s\"],\"inLanguage\":\"fr-FR\",\"potentialAction\":[{\"@type\":\"CommentAction\",\"name\":\"Comment\",\"target\":[\"https:\/\/www.africa-press.net\/cameroun\/politique\/paul-biya-annonce-un-important-evenement-dans-les-prochains-jours#respond\"]}]},{\"@type\":\"WebPage\",\"@id\":\"https:\/\/www.africa-press.net\/cameroun\/politique\/paul-biya-annonce-un-important-evenement-dans-les-prochains-jours\",\"url\":\"https:\/\/www.africa-press.net\/cameroun\/politique\/paul-biya-annonce-un-important-evenement-dans-les-prochains-jours\",\"name\":\"Paul Biya annonce un important \u00e9v\u00e9nement dans les prochains jours - Cameroun\",\"isPartOf\":{\"@id\":\"https:\/\/www.africa-press.net\/cameroun\/#website\"},\"primaryImageOfPage\":{\"@id\":\"https:\/\/www.africa-press.net\/cameroun\/politique\/paul-biya-annonce-un-important-evenement-dans-les-prochains-jours#primaryimage\"},\"image\":{\"@id\":\"https:\/\/www.africa-press.net\/cameroun\/politique\/paul-biya-annonce-un-important-evenement-dans-les-prochains-jours#primaryimage\"},\"thumbnailUrl\":\"https:\/\/static.africa-press.net\/cameroun\/sites\/57\/2023\/03\/postQueueImg_1678179689.67.jpg\",\"datePublished\":\"2023-03-07T12:31:24+00:00\",\"dateModified\":\"2023-03-07T13:16:11+00:00\",\"author\":{\"@id\":\"https:\/\/www.africa-press.net\/cameroun\/#\/schema\/person\/2b1cf3cd81a31e3cd26889ca66d677f1\"},\"description\":\"Paul Biya annonce un important e\u0301ve\u0301nement dans les prochains jours de ce mois. La grande annonce a e\u0301te\u0301 faite via des ...\",\"breadcrumb\":{\"@id\":\"https:\/\/www.africa-press.net\/cameroun\/politique\/paul-biya-annonce-un-important-evenement-dans-les-prochains-jours#breadcrumb\"},\"inLanguage\":\"fr-FR\",\"potentialAction\":[{\"@type\":\"ReadAction\",\"target\":[\"https:\/\/www.africa-press.net\/cameroun\/politique\/paul-biya-annonce-un-important-evenement-dans-les-prochains-jours\"]}]},{\"@type\":\"ImageObject\",\"inLanguage\":\"fr-FR\",\"@id\":\"https:\/\/www.africa-press.net\/cameroun\/politique\/paul-biya-annonce-un-important-evenement-dans-les-prochains-jours#primaryimage\",\"url\":\"https:\/\/static.africa-press.net\/cameroun\/sites\/57\/2023\/03\/postQueueImg_1678179689.67.jpg\",\"contentUrl\":\"https:\/\/static.africa-press.net\/cameroun\/sites\/57\/2023\/03\/postQueueImg_1678179689.67.jpg\",\"width\":720,\"height\":480,\"caption\":\"Paul Biya annonce un important \u00e9v\u00e9nement dans les prochains jours\"},{\"@type\":\"BreadcrumbList\",\"@id\":\"https:\/\/www.africa-press.net\/cameroun\/politique\/paul-biya-annonce-un-important-evenement-dans-les-prochains-jours#breadcrumb\",\"itemListElement\":[{\"@type\":\"ListItem\",\"position\":1,\"name\":\"Accueil\",\"item\":\"https:\/\/www.africa-press.net\/cameroun\/\"},{\"@type\":\"ListItem\",\"position\":2,\"name\":\"Paul Biya annonce un important \u00e9v\u00e9nement dans les prochains jours\"}]},{\"@type\":\"WebSite\",\"@id\":\"https:\/\/www.africa-press.net\/cameroun\/#website\",\"url\":\"https:\/\/www.africa-press.net\/cameroun\/\",\"name\":\"Cameroun\",\"description\":\"Just another Africa News Agency Sites site\",\"potentialAction\":[{\"@type\":\"SearchAction\",\"target\":{\"@type\":\"EntryPoint\",\"urlTemplate\":\"https:\/\/www.africa-press.net\/cameroun\/?s={search_term_string}\"},\"query-input\":{\"@type\":\"PropertyValueSpecification\",\"valueRequired\":true,\"valueName\":\"search_term_string\"}}],\"inLanguage\":\"fr-FR\"},{\"@type\":\"Person\",\"@id\":\"https:\/\/www.africa-press.net\/cameroun\/#\/schema\/person\/2b1cf3cd81a31e3cd26889ca66d677f1\",\"name\":\"cfeditorfr\"}]}<\/script>\n<!-- \/ Yoast SEO Premium plugin. -->","yoast_head_json":{"title":"Paul Biya annonce un important \u00e9v\u00e9nement dans les prochains jours - Cameroun","description":"Paul Biya annonce un important e\u0301ve\u0301nement dans les prochains jours de ce mois. La grande annonce a e\u0301te\u0301 faite via des ...","robots":{"index":"index","follow":"follow","max-snippet":"max-snippet:-1","max-image-preview":"max-image-preview:large","max-video-preview":"max-video-preview:-1"},"canonical":"https:\/\/www.africa-press.net\/cameroun\/politique\/paul-biya-annonce-un-important-evenement-dans-les-prochains-jours","og_locale":"fr_FR","og_type":"article","og_title":"Paul Biya annonce un important \u00e9v\u00e9nement dans les prochains jours","og_description":"Paul Biya annonce un important e\u0301ve\u0301nement dans les prochains jours de ce mois. La grande annonce a e\u0301te\u0301 faite via des ...","og_url":"https:\/\/www.africa-press.net\/cameroun\/politique\/paul-biya-annonce-un-important-evenement-dans-les-prochains-jours","og_site_name":"Cameroun","article_published_time":"2023-03-07T12:31:24+00:00","article_modified_time":"2023-03-07T13:16:11+00:00","og_image":[{"width":720,"height":480,"url":"https:\/\/static.africa-press.net\/cameroun\/sites\/57\/2023\/03\/postQueueImg_1678179689.67.jpg","type":"image\/jpeg"}],"author":"cfeditorfr","twitter_card":"summary_large_image","twitter_misc":{"\u00c9crit par":"cfeditorfr","Dur\u00e9e de lecture estim\u00e9e":"1 minute"},"schema":{"@context":"https:\/\/schema.org","@graph":[{"@type":"Article","@id":"https:\/\/www.africa-press.net\/cameroun\/politique\/paul-biya-annonce-un-important-evenement-dans-les-prochains-jours#article","isPartOf":{"@id":"https:\/\/www.africa-press.net\/cameroun\/politique\/paul-biya-annonce-un-important-evenement-dans-les-prochains-jours"},"author":{"name":"cfeditorfr","@id":"https:\/\/www.africa-press.net\/cameroun\/#\/schema\/person\/2b1cf3cd81a31e3cd26889ca66d677f1"},"headline":"Paul Biya annonce un important \u00e9v\u00e9nement dans les prochains jours","datePublished":"2023-03-07T12:31:24+00:00","dateModified":"2023-03-07T13:16:11+00:00","mainEntityOfPage":{"@id":"https:\/\/www.africa-press.net\/cameroun\/politique\/paul-biya-annonce-un-important-evenement-dans-les-prochains-jours"},"wordCount":264,"commentCount":0,"image":{"@id":"https:\/\/www.africa-press.net\/cameroun\/politique\/paul-biya-annonce-un-important-evenement-dans-les-prochains-jours#primaryimage"},"thumbnailUrl":"https:\/\/static.africa-press.net\/cameroun\/sites\/57\/2023\/03\/postQueueImg_1678179689.67.jpg","keywords":["Africa Press","Africa Press-Cameroun","Cameroun"],"articleSection":["Politique","Toutes les actualit\u00e9s"],"inLanguage":"fr-FR","potentialAction":[{"@type":"CommentAction","name":"Comment","target":["https:\/\/www.africa-press.net\/cameroun\/politique\/paul-biya-annonce-un-important-evenement-dans-les-prochains-jours#respond"]}]},{"@type":"WebPage","@id":"https:\/\/www.africa-press.net\/cameroun\/politique\/paul-biya-annonce-un-important-evenement-dans-les-prochains-jours","url":"https:\/\/www.africa-press.net\/cameroun\/politique\/paul-biya-annonce-un-important-evenement-dans-les-prochains-jours","name":"Paul Biya annonce un important \u00e9v\u00e9nement dans les prochains jours - Cameroun","isPartOf":{"@id":"https:\/\/www.africa-press.net\/cameroun\/#website"},"primaryImageOfPage":{"@id":"https:\/\/www.africa-press.net\/cameroun\/politique\/paul-biya-annonce-un-important-evenement-dans-les-prochains-jours#primaryimage"},"image":{"@id":"https:\/\/www.africa-press.net\/cameroun\/politique\/paul-biya-annonce-un-important-evenement-dans-les-prochains-jours#primaryimage"},"thumbnailUrl":"https:\/\/static.africa-press.net\/cameroun\/sites\/57\/2023\/03\/postQueueImg_1678179689.67.jpg","datePublished":"2023-03-07T12:31:24+00:00","dateModified":"2023-03-07T13:16:11+00:00","author":{"@id":"https:\/\/www.africa-press.net\/cameroun\/#\/schema\/person\/2b1cf3cd81a31e3cd26889ca66d677f1"},"description":"Paul Biya annonce un important e\u0301ve\u0301nement dans les prochains jours de ce mois. La grande annonce a e\u0301te\u0301 faite via des ...","breadcrumb":{"@id":"https:\/\/www.africa-press.net\/cameroun\/politique\/paul-biya-annonce-un-important-evenement-dans-les-prochains-jours#breadcrumb"},"inLanguage":"fr-FR","potentialAction":[{"@type":"ReadAction","target":["https:\/\/www.africa-press.net\/cameroun\/politique\/paul-biya-annonce-un-important-evenement-dans-les-prochains-jours"]}]},{"@type":"ImageObject","inLanguage":"fr-FR","@id":"https:\/\/www.africa-press.net\/cameroun\/politique\/paul-biya-annonce-un-important-evenement-dans-les-prochains-jours#primaryimage","url":"https:\/\/static.africa-press.net\/cameroun\/sites\/57\/2023\/03\/postQueueImg_1678179689.67.jpg","contentUrl":"https:\/\/static.africa-press.net\/cameroun\/sites\/57\/2023\/03\/postQueueImg_1678179689.67.jpg","width":720,"height":480,"caption":"Paul Biya annonce un important \u00e9v\u00e9nement dans les prochains jours"},{"@type":"BreadcrumbList","@id":"https:\/\/www.africa-press.net\/cameroun\/politique\/paul-biya-annonce-un-important-evenement-dans-les-prochains-jours#breadcrumb","itemListElement":[{"@type":"ListItem","position":1,"name":"Accueil","item":"https:\/\/www.africa-press.net\/cameroun\/"},{"@type":"ListItem","position":2,"name":"Paul Biya annonce un important \u00e9v\u00e9nement dans les prochains jours"}]},{"@type":"WebSite","@id":"https:\/\/www.africa-press.net\/cameroun\/#website","url":"https:\/\/www.africa-press.net\/cameroun\/","name":"Cameroun","description":"Just another Africa News Agency Sites site","potentialAction":[{"@type":"SearchAction","target":{"@type":"EntryPoint","urlTemplate":"https:\/\/www.africa-press.net\/cameroun\/?s={search_term_string}"},"query-input":{"@type":"PropertyValueSpecification","valueRequired":true,"valueName":"search_term_string"}}],"inLanguage":"fr-FR"},{"@type":"Person","@id":"https:\/\/www.africa-press.net\/cameroun\/#\/schema\/person\/2b1cf3cd81a31e3cd26889ca66d677f1","name":"cfeditorfr"}]}},"_links":{"self":[{"href":"https:\/\/www.africa-press.net\/cameroun\/wp-json\/wp\/v2\/posts\/38487","targetHints":{"allow":["GET"]}}],"collection":[{"href":"https:\/\/www.africa-press.net\/cameroun\/wp-json\/wp\/v2\/posts"}],"about":[{"href":"https:\/\/www.africa-press.net\/cameroun\/wp-json\/wp\/v2\/types\/post"}],"author":[{"embeddable":true,"href":"https:\/\/www.africa-press.net\/cameroun\/wp-json\/wp\/v2\/users\/82"}],"replies":[{"embeddable":true,"href":"https:\/\/www.africa-press.net\/cameroun\/wp-json\/wp\/v2\/comments?post=38487"}],"version-history":[{"count":0,"href":"https:\/\/www.africa-press.net\/cameroun\/wp-json\/wp\/v2\/posts\/38487\/revisions"}],"wp:featuredmedia":[{"embeddable":true,"href":"https:\/\/www.africa-press.net\/cameroun\/wp-json\/wp\/v2\/media\/38485"}],"wp:attachment":[{"href":"https:\/\/www.africa-press.net\/cameroun\/wp-json\/wp\/v2\/media?parent=38487"}],"wp:term":[{"taxonomy":"category","embeddable":true,"href":"https:\/\/www.africa-press.net\/cameroun\/wp-json\/wp\/v2\/categories?post=38487"},{"taxonomy":"post_tag","embeddable":true,"href":"https:\/\/www.africa-press.net\/cameroun\/wp-json\/wp\/v2\/tags?post=38487"}],"curies":[{"name":"wp","href":"https:\/\/api.w.org\/{rel}","templated":true}]}}