{"id":38491,"date":"2023-03-07T12:31:32","date_gmt":"2023-03-07T12:31:32","guid":{"rendered":"https:\/\/www.africa-press.net\/cameroun\/politique\/amougou-belinga-et-coaccuses-en-prison-tout-se-passe-comme-si-le-journaliste-etait-encore-vivant"},"modified":"2023-03-07T13:16:55","modified_gmt":"2023-03-07T13:16:55","slug":"amougou-belinga-et-coaccuses-en-prison-tout-se-passe-comme-si-le-journaliste-etait-encore-vivant","status":"publish","type":"post","link":"https:\/\/www.africa-press.net\/cameroun\/politique\/amougou-belinga-et-coaccuses-en-prison-tout-se-passe-comme-si-le-journaliste-etait-encore-vivant","title":{"rendered":"Amougou Belinga et coaccus\u00e9s en prison : &lsquo;tout se passe comme si le journaliste \u00e9tait encore vivant&rsquo;"},"content":{"rendered":"<p><span style=\"color: #ff6600\"><strong>Africa-Press &#8211; Cameroun. <\/strong><\/span>Des suspects dans l\u2019affaire de l\u2019assassinat du journaliste Martinez Zogo ont e\u0301te\u0301 place\u0301s en de\u0301tention provisoire depuis le 4 mars 2023 ; inculpe\u0301e de filature, torture et complicite\u0301 de torture. Des motifs qui laissent croire qu\u2019il n\u2019y pas eu meurtre, et sont interpre\u0301te\u0301s comme une volonte\u0301 de minimiser les faits. Cette mise en de\u0301tention provisoire est aussi vue comme une le\u0301ge\u0300re avance\u0301e dans la recherche de la ve\u0301rite\u0301<\/p>\n<p>Les enque\u0302tes pre\u0301liminaires dans l\u2019affaire de l\u2019enle\u0300vement et l\u2019assassinat de Martinez Zogo le 17 janvier 2023, ont abouti a\u0300 l\u2019inculpation et au placement en de\u0301tention provisoire le 4 mars 2023 du pre\u0301sident du groupe l\u2019Anecdote Jean Pierre Amougou Belinga, du lieutenant-colonel Justin Danwe, le commissaire divisionnaire Maxime Eko Eko entre autres. Il a e\u0301te\u0301 retenu contre Jean Pierre Amougou Belinga les faits de complicite\u0301 de torture par aide, selon un communique\u0301 de la cellule de communication de son groupe. Les autres auraient e\u0301te\u0301 inculpe\u0301s pour filature, enle\u0300vement et torture. Auraient, parce qu\u2019aucune communication officielle du ministe\u0300re public n\u2019a e\u0301te\u0301 faite a\u0300 ce sujet, aucun communique\u0301 des enque\u0302teurs pour fixer l\u2019opinion, aucune confe\u0301rence de presse des avocats d\u2019une partie pour donner l\u2019information.<\/p>\n<p>L\u2019opinion devra se contenter encore des bribes d\u2019informations venant des sources non autorise\u0301es que condamne le gouvernement par la voix du ministre de la communication. Les voies de\u0301signe\u0301es comme compe\u0301tentes restent une fois de plus muette, laissant la rumeur ou ce qui est conside\u0301re\u0301e comme telle, gagner du terrain. En attendant une communication officielle, le constat est que les enque\u0302tes pre\u0301liminaires n\u2019ont pas encore permis de de\u0301terminer qui est le commanditaire de l\u2019assassinat du journaliste, les faits retenus ont soigneusement e\u0301vite\u0301 le vocable assassinat ou meurtre. Se limitant a\u0300 la filature, la torture et la complicite\u0301, tout se passe comme si le journaliste e\u0301tait encore vivant. Mais Martinez Zogo est bien mort, et le corps mutile\u0301 de\u0301couvert en e\u0301tat de de\u0301composition le 22 janvier, 5 jours apre\u0300s son enle\u0300vement, repose bien a\u0300 la morgue, en attendant que l\u2019auteur de l\u2019assassinat soit de\u0301signe\u0301.<\/p>\n<p>Les motifs retenus contre les inculpe\u0301s sont de\u0301ja\u0300 perc\u0327us au sein de l\u2019opinion comme une volonte\u0301 de noyer cette affaire d\u2019assassinat, quand on sait qu\u2019en comparaison avec d\u2019autres affaires, des militants d\u2019un parti politique ont souvent e\u0301te\u0301 place\u0301s en garde a\u0300 vue par le me\u0302me tribunal militaire et plus tard condamne\u0301s a\u0300 des peines allant jusqu\u2019a\u0300 7 ans de prison pour atteinte a\u0300 la su\u0302rete\u0301 de l\u2019Etat, alors qu\u2019ils avaient e\u0301te\u0301 interpelle\u0301s dans la rue ou a\u0300 domicile pour avoir annonce\u0301 une manifestation publique.<\/p>\n<p>Vale\u0300re Bessala pense de cette mise en de\u0301tention provisoire des suspects que \u00ab pour un pas, c\u2019en est un, vu la nature des enjeux et la qualite\u0301 des acteurs qui sont mobilise\u0301s dans cette proce\u0301dure pre\u0301liminaire. C\u2019est un grand pas pour le gouvernement, mais un petit pas pour le peuple. Si l\u2019on s\u2019en tient a\u0300 ces cold case, a\u0300 ses situations qui n\u2019ont jamais e\u0301te\u0301 re\u0301solues, on peut dire que c\u2019est un tre\u0300s petit pas pour le peuple mais un grand pas pour le gouvernement qui a de\u0301cide\u0301 de changer la donne<\/p>\n<p>Justice pour Martinez Zogo<\/p>\n<p>L\u2019avocate de la famille Zogo, Mai\u0302tre Fe\u0301licite\u0301 Esther Zeifman, conseille la prudence face a\u0300 l\u2019e\u0301volution de l\u2019affaire et appelle a\u0300 la vigilance pour la suite de la proce\u0301dure, qui devra respecter ses propres re\u0300gles. \u00ab Personne ne peut a\u0300 ce jour nier le caracte\u0300re odieux et crapuleux de l\u2019assassinat de Martinez Zogo. Nous en sommes tous meurtris, dit-elle, avant de continuer : \u00ab Toutefois, nos pleurs, notre douleur ne doivent pas nous faire perdre la raison, nous aveugler et nous e\u0301loigner des notions juridiques et du ro\u0302le de chaque e\u0301tape judiciaire qui rythmera ce qui convient de\u0301sormais d\u2019appeler l\u2019affaire Martinez Zogo. \u00bb Elle explique que l\u2019enque\u0302te pre\u0301liminaire consiste a\u0300 re\u0301unir les indices, et a\u0300 ce stade, aucune culpabilite\u0301 n\u2019est retenue contre les suspects. Cette phase une fois boucle\u0301e, les personnes de\u0301tenues dans ce cadre sont passe\u0301es du statut de suspects a\u0300 celui d\u2019inculpe\u0301s ou de mis en examen et place\u0301s sous mandat de de\u0301po\u0302t dans les prisons. C\u2019est a\u0300 ce niveau qu\u2019entre en jeu le juge d\u2019instruction.<\/p>\n<p>Me Zeifman pre\u0301cise le ro\u0302le de ce dernier : \u00ab Il ou elle posse\u0300de le pouvoir d\u2019inculper ou de mettre en examen les personnes a\u0300 l\u2019encontre desquelles il existe des indices graves ou concordants rendant vraisemblable qu\u2019elles aient pu participer comme auteur ou complice a\u0300 la commission des infractions dont il est saisi. La diffe\u0301rence essentielle entre l\u2019enque\u0302te pre\u0301liminaire et la phase de l\u2019instruction porte sur la nature des indices. Les officiers de police judiciaire sous le contro\u0302le du procureur de la Re\u0301publique ou du commissaire du gouvernement recherchent des indices. Le Juge d\u2019instruction au travers de son information judiciaire, va caracte\u0301riser la nature des indices, graves ou concordants. Selon que les indices sont graves ou concordants, le juge d\u2019instruction va rendre soit une ordonnance de non-lieu (aucun indice grave ou concordant rendant vraisemblable la participation a\u0300 la commission d\u2019une infraction), soit une ordonnance de renvoi devant une juridiction de jugement (tribunal correctionnel ou cour d\u2019assises) (indice grave ou concordant rendant vraisemblable la commission d\u2019une infraction).<\/p>\n<p>En cas d\u2019ordonnance de renvoi, la juridiction de jugement statuera sur la culpabilite\u0301 des personnes renvoye\u0301es devant elles : elles ne seront plus de\u0301signe\u0301es sous le vocable d\u2019inculpe\u0301es ou de mises en examen mais seront appele\u0301es pre\u0301venus ou accuse\u0301s. \u00bb Autrement dit, le juge d\u2019instruction peut a\u0300 ce stade de la proce\u0301dure de\u0301cider de la libe\u0301ration des personnes qui lui ont e\u0301te\u0301 pre\u0301sente\u0301es soit parce qu\u2019il n\u2019a rien trouve\u0301 contre eux, soit parce que ce qu\u2019il a \u00ab trouve\u0301 \u00bb leur permet de comparai\u0302tre libre. L\u2019avocate conclu ses propos en ces termes : \u00ab En ma qualite\u0301 de Conseil de la famille de Martinez Zogo, j\u2019exhorte les uns et les autres a\u0300 raison garder afin que le Juge d\u2019instruction de\u0301sormais saisi travaille dans la plus grande se\u0301re\u0301nite\u0301, dans le respect des lois de la Re\u0301publique, dans le respect de la dignite\u0301 et la douleur de la famille e\u0301plore\u0301e car ce qui nous importe c\u2019est justice pour Martinez Zogo, justice for Martinez Zogo.<\/p>\n<p>Les agitations de toutes sortes ne permettront pas l\u2019e\u0301closion d\u2019une ve\u0301rite\u0301 judiciaire. Si notre seul objectif est justice pour Martinez Zogo, tout en n\u2019abandonnant pas notre lutte, notre de\u0301termination pour l\u2019atteindre, restons calmes pour e\u0302tre focus sur cet objectif. \u00bb Le temps d\u2019y arriver, Vale\u0300re Bessala pense de cette mise en de\u0301tention provisoire des suspects que \u00ab pour un pas, c\u2019en est un, vu la nature des enjeux et la qualite\u0301 des acteurs qui sont mobilise\u0301s dans cette proce\u0301dure pre\u0301liminaire. C\u2019est un grand pas pour le gouvernement, mais un petit pas pour le peuple. Si l\u2019on s\u2019en tient a\u0300 ces cold case, a\u0300 ses situations qui n\u2019ont jamais e\u0301te\u0301 re\u0301solues, on peut dire que c\u2019est un tre\u0300s petit pas pour le peuple mais un grand pas pour le gouvernement qui a de\u0301cide\u0301 de changer la donne &#8230;C\u2019est un pas tout simplement parce que c\u2019est une victoire du peuple et des institutions de la Re\u0301publique. Cette premie\u0300re victoire est celle du peuple et de l\u2019institution supre\u0302me \u201c<\/p>\n<p><strong>Pour plus d&rsquo;informations et d&rsquo;analyses sur la <a href=\"https:\/\/www.africa-press.net\/cameroun\">Cameroun<\/a>, suivez <a href=\"https:\/\/www.africa-press.net\/\">Africa-Press<\/a><\/strong><\/p>\n","protected":false},"excerpt":{"rendered":"<p>Africa-Press &#8211; Cameroun. Des suspects dans l\u2019affaire de l\u2019assassinat du journaliste Martinez Zogo ont e\u0301te\u0301 place\u0301s en de\u0301tention provisoire depuis le 4 mars 2023 ; inculpe\u0301e de filature, torture et complicite\u0301 de torture. Des motifs qui laissent croire qu\u2019il n\u2019y pas eu meurtre, et sont interpre\u0301te\u0301s comme une volonte\u0301 de minimiser les faits. Cette mise [&hellip;]<\/p>\n","protected":false},"author":82,"featured_media":38489,"comment_status":"open","ping_status":"closed","sticky":false,"template":"","format":"standard","meta":{"footnotes":""},"categories":[2,10],"tags":[36,50,49],"class_list":["post-38491","post","type-post","status-publish","format-standard","has-post-thumbnail","hentry","category-politique","category-toutes-les-actualites","tag-africa-press","tag-africa-press-cameroun","tag-cameroun"],"yoast_head":"<!-- This site is optimized with the Yoast SEO Premium plugin v26.1 (Yoast SEO v27.0) - https:\/\/yoast.com\/product\/yoast-seo-premium-wordpress\/ -->\n<title>Amougou Belinga et coaccus\u00e9s en prison : &#039;tout se passe comme si le journaliste \u00e9tait encore vivant&#039; - Cameroun<\/title>\n<meta name=\"description\" content=\"Des suspects dans l\u2019affaire de l\u2019assassinat du journaliste Martinez Zogo ont e\u0301te\u0301 place\u0301s en de\u0301tention provisoire depu ...\" \/>\n<meta name=\"robots\" content=\"index, follow, max-snippet:-1, max-image-preview:large, max-video-preview:-1\" \/>\n<link rel=\"canonical\" href=\"https:\/\/www.africa-press.net\/cameroun\/politique\/amougou-belinga-et-coaccuses-en-prison-tout-se-passe-comme-si-le-journaliste-etait-encore-vivant\" \/>\n<meta property=\"og:locale\" content=\"fr_FR\" \/>\n<meta property=\"og:type\" content=\"article\" \/>\n<meta property=\"og:title\" content=\"Amougou Belinga et coaccus\u00e9s en prison : &#039;tout se passe comme si le journaliste \u00e9tait encore vivant&#039;\" \/>\n<meta property=\"og:description\" content=\"Des suspects dans l\u2019affaire de l\u2019assassinat du journaliste Martinez Zogo ont e\u0301te\u0301 place\u0301s en de\u0301tention provisoire depu ...\" \/>\n<meta property=\"og:url\" content=\"https:\/\/www.africa-press.net\/cameroun\/politique\/amougou-belinga-et-coaccuses-en-prison-tout-se-passe-comme-si-le-journaliste-etait-encore-vivant\" \/>\n<meta property=\"og:site_name\" content=\"Cameroun\" \/>\n<meta property=\"article:published_time\" content=\"2023-03-07T12:31:32+00:00\" \/>\n<meta property=\"article:modified_time\" content=\"2023-03-07T13:16:55+00:00\" \/>\n<meta property=\"og:image\" content=\"https:\/\/static.africa-press.net\/cameroun\/sites\/57\/2023\/03\/postQueueImg_1678179696.54.jpg\" \/>\n\t<meta property=\"og:image:width\" content=\"720\" \/>\n\t<meta property=\"og:image:height\" content=\"464\" \/>\n\t<meta property=\"og:image:type\" content=\"image\/jpeg\" \/>\n<meta name=\"author\" content=\"cfeditorfr\" \/>\n<meta name=\"twitter:card\" content=\"summary_large_image\" \/>\n<meta name=\"twitter:label1\" content=\"\u00c9crit par\" \/>\n\t<meta name=\"twitter:data1\" content=\"cfeditorfr\" \/>\n\t<meta name=\"twitter:label2\" content=\"Dur\u00e9e de lecture estim\u00e9e\" \/>\n\t<meta name=\"twitter:data2\" content=\"7 minutes\" \/>\n<script type=\"application\/ld+json\" class=\"yoast-schema-graph\">{\"@context\":\"https:\/\/schema.org\",\"@graph\":[{\"@type\":\"Article\",\"@id\":\"https:\/\/www.africa-press.net\/cameroun\/politique\/amougou-belinga-et-coaccuses-en-prison-tout-se-passe-comme-si-le-journaliste-etait-encore-vivant#article\",\"isPartOf\":{\"@id\":\"https:\/\/www.africa-press.net\/cameroun\/politique\/amougou-belinga-et-coaccuses-en-prison-tout-se-passe-comme-si-le-journaliste-etait-encore-vivant\"},\"author\":{\"name\":\"cfeditorfr\",\"@id\":\"https:\/\/www.africa-press.net\/cameroun\/#\/schema\/person\/2b1cf3cd81a31e3cd26889ca66d677f1\"},\"headline\":\"Amougou Belinga et coaccus\u00e9s en prison : &lsquo;tout se passe comme si le journaliste \u00e9tait encore vivant&rsquo;\",\"datePublished\":\"2023-03-07T12:31:32+00:00\",\"dateModified\":\"2023-03-07T13:16:55+00:00\",\"mainEntityOfPage\":{\"@id\":\"https:\/\/www.africa-press.net\/cameroun\/politique\/amougou-belinga-et-coaccuses-en-prison-tout-se-passe-comme-si-le-journaliste-etait-encore-vivant\"},\"wordCount\":1383,\"commentCount\":0,\"image\":{\"@id\":\"https:\/\/www.africa-press.net\/cameroun\/politique\/amougou-belinga-et-coaccuses-en-prison-tout-se-passe-comme-si-le-journaliste-etait-encore-vivant#primaryimage\"},\"thumbnailUrl\":\"https:\/\/static.africa-press.net\/cameroun\/sites\/57\/2023\/03\/postQueueImg_1678179696.54.jpg\",\"keywords\":[\"Africa Press\",\"Africa Press-Cameroun\",\"Cameroun\"],\"articleSection\":[\"Politique\",\"Toutes les actualit\u00e9s\"],\"inLanguage\":\"fr-FR\",\"potentialAction\":[{\"@type\":\"CommentAction\",\"name\":\"Comment\",\"target\":[\"https:\/\/www.africa-press.net\/cameroun\/politique\/amougou-belinga-et-coaccuses-en-prison-tout-se-passe-comme-si-le-journaliste-etait-encore-vivant#respond\"]}]},{\"@type\":\"WebPage\",\"@id\":\"https:\/\/www.africa-press.net\/cameroun\/politique\/amougou-belinga-et-coaccuses-en-prison-tout-se-passe-comme-si-le-journaliste-etait-encore-vivant\",\"url\":\"https:\/\/www.africa-press.net\/cameroun\/politique\/amougou-belinga-et-coaccuses-en-prison-tout-se-passe-comme-si-le-journaliste-etait-encore-vivant\",\"name\":\"Amougou Belinga et coaccus\u00e9s en prison : 'tout se passe comme si le journaliste \u00e9tait encore vivant' - Cameroun\",\"isPartOf\":{\"@id\":\"https:\/\/www.africa-press.net\/cameroun\/#website\"},\"primaryImageOfPage\":{\"@id\":\"https:\/\/www.africa-press.net\/cameroun\/politique\/amougou-belinga-et-coaccuses-en-prison-tout-se-passe-comme-si-le-journaliste-etait-encore-vivant#primaryimage\"},\"image\":{\"@id\":\"https:\/\/www.africa-press.net\/cameroun\/politique\/amougou-belinga-et-coaccuses-en-prison-tout-se-passe-comme-si-le-journaliste-etait-encore-vivant#primaryimage\"},\"thumbnailUrl\":\"https:\/\/static.africa-press.net\/cameroun\/sites\/57\/2023\/03\/postQueueImg_1678179696.54.jpg\",\"datePublished\":\"2023-03-07T12:31:32+00:00\",\"dateModified\":\"2023-03-07T13:16:55+00:00\",\"author\":{\"@id\":\"https:\/\/www.africa-press.net\/cameroun\/#\/schema\/person\/2b1cf3cd81a31e3cd26889ca66d677f1\"},\"description\":\"Des suspects dans l\u2019affaire de l\u2019assassinat du journaliste Martinez Zogo ont e\u0301te\u0301 place\u0301s en de\u0301tention provisoire depu ...\",\"breadcrumb\":{\"@id\":\"https:\/\/www.africa-press.net\/cameroun\/politique\/amougou-belinga-et-coaccuses-en-prison-tout-se-passe-comme-si-le-journaliste-etait-encore-vivant#breadcrumb\"},\"inLanguage\":\"fr-FR\",\"potentialAction\":[{\"@type\":\"ReadAction\",\"target\":[\"https:\/\/www.africa-press.net\/cameroun\/politique\/amougou-belinga-et-coaccuses-en-prison-tout-se-passe-comme-si-le-journaliste-etait-encore-vivant\"]}]},{\"@type\":\"ImageObject\",\"inLanguage\":\"fr-FR\",\"@id\":\"https:\/\/www.africa-press.net\/cameroun\/politique\/amougou-belinga-et-coaccuses-en-prison-tout-se-passe-comme-si-le-journaliste-etait-encore-vivant#primaryimage\",\"url\":\"https:\/\/static.africa-press.net\/cameroun\/sites\/57\/2023\/03\/postQueueImg_1678179696.54.jpg\",\"contentUrl\":\"https:\/\/static.africa-press.net\/cameroun\/sites\/57\/2023\/03\/postQueueImg_1678179696.54.jpg\",\"width\":720,\"height\":464,\"caption\":\"Amougou Belinga et coaccus\u00e9s en prison : 'tout se passe comme si le journaliste \u00e9tait encore vivant'\"},{\"@type\":\"BreadcrumbList\",\"@id\":\"https:\/\/www.africa-press.net\/cameroun\/politique\/amougou-belinga-et-coaccuses-en-prison-tout-se-passe-comme-si-le-journaliste-etait-encore-vivant#breadcrumb\",\"itemListElement\":[{\"@type\":\"ListItem\",\"position\":1,\"name\":\"Accueil\",\"item\":\"https:\/\/www.africa-press.net\/cameroun\/\"},{\"@type\":\"ListItem\",\"position\":2,\"name\":\"Amougou Belinga et coaccus\u00e9s en prison : &lsquo;tout se passe comme si le journaliste \u00e9tait encore vivant&rsquo;\"}]},{\"@type\":\"WebSite\",\"@id\":\"https:\/\/www.africa-press.net\/cameroun\/#website\",\"url\":\"https:\/\/www.africa-press.net\/cameroun\/\",\"name\":\"Cameroun\",\"description\":\"Just another Africa News Agency Sites site\",\"potentialAction\":[{\"@type\":\"SearchAction\",\"target\":{\"@type\":\"EntryPoint\",\"urlTemplate\":\"https:\/\/www.africa-press.net\/cameroun\/?s={search_term_string}\"},\"query-input\":{\"@type\":\"PropertyValueSpecification\",\"valueRequired\":true,\"valueName\":\"search_term_string\"}}],\"inLanguage\":\"fr-FR\"},{\"@type\":\"Person\",\"@id\":\"https:\/\/www.africa-press.net\/cameroun\/#\/schema\/person\/2b1cf3cd81a31e3cd26889ca66d677f1\",\"name\":\"cfeditorfr\"}]}<\/script>\n<!-- \/ Yoast SEO Premium plugin. -->","yoast_head_json":{"title":"Amougou Belinga et coaccus\u00e9s en prison : 'tout se passe comme si le journaliste \u00e9tait encore vivant' - Cameroun","description":"Des suspects dans l\u2019affaire de l\u2019assassinat du journaliste Martinez Zogo ont e\u0301te\u0301 place\u0301s en de\u0301tention provisoire depu ...","robots":{"index":"index","follow":"follow","max-snippet":"max-snippet:-1","max-image-preview":"max-image-preview:large","max-video-preview":"max-video-preview:-1"},"canonical":"https:\/\/www.africa-press.net\/cameroun\/politique\/amougou-belinga-et-coaccuses-en-prison-tout-se-passe-comme-si-le-journaliste-etait-encore-vivant","og_locale":"fr_FR","og_type":"article","og_title":"Amougou Belinga et coaccus\u00e9s en prison : 'tout se passe comme si le journaliste \u00e9tait encore vivant'","og_description":"Des suspects dans l\u2019affaire de l\u2019assassinat du journaliste Martinez Zogo ont e\u0301te\u0301 place\u0301s en de\u0301tention provisoire depu ...","og_url":"https:\/\/www.africa-press.net\/cameroun\/politique\/amougou-belinga-et-coaccuses-en-prison-tout-se-passe-comme-si-le-journaliste-etait-encore-vivant","og_site_name":"Cameroun","article_published_time":"2023-03-07T12:31:32+00:00","article_modified_time":"2023-03-07T13:16:55+00:00","og_image":[{"width":720,"height":464,"url":"https:\/\/static.africa-press.net\/cameroun\/sites\/57\/2023\/03\/postQueueImg_1678179696.54.jpg","type":"image\/jpeg"}],"author":"cfeditorfr","twitter_card":"summary_large_image","twitter_misc":{"\u00c9crit par":"cfeditorfr","Dur\u00e9e de lecture estim\u00e9e":"7 minutes"},"schema":{"@context":"https:\/\/schema.org","@graph":[{"@type":"Article","@id":"https:\/\/www.africa-press.net\/cameroun\/politique\/amougou-belinga-et-coaccuses-en-prison-tout-se-passe-comme-si-le-journaliste-etait-encore-vivant#article","isPartOf":{"@id":"https:\/\/www.africa-press.net\/cameroun\/politique\/amougou-belinga-et-coaccuses-en-prison-tout-se-passe-comme-si-le-journaliste-etait-encore-vivant"},"author":{"name":"cfeditorfr","@id":"https:\/\/www.africa-press.net\/cameroun\/#\/schema\/person\/2b1cf3cd81a31e3cd26889ca66d677f1"},"headline":"Amougou Belinga et coaccus\u00e9s en prison : &lsquo;tout se passe comme si le journaliste \u00e9tait encore vivant&rsquo;","datePublished":"2023-03-07T12:31:32+00:00","dateModified":"2023-03-07T13:16:55+00:00","mainEntityOfPage":{"@id":"https:\/\/www.africa-press.net\/cameroun\/politique\/amougou-belinga-et-coaccuses-en-prison-tout-se-passe-comme-si-le-journaliste-etait-encore-vivant"},"wordCount":1383,"commentCount":0,"image":{"@id":"https:\/\/www.africa-press.net\/cameroun\/politique\/amougou-belinga-et-coaccuses-en-prison-tout-se-passe-comme-si-le-journaliste-etait-encore-vivant#primaryimage"},"thumbnailUrl":"https:\/\/static.africa-press.net\/cameroun\/sites\/57\/2023\/03\/postQueueImg_1678179696.54.jpg","keywords":["Africa Press","Africa Press-Cameroun","Cameroun"],"articleSection":["Politique","Toutes les actualit\u00e9s"],"inLanguage":"fr-FR","potentialAction":[{"@type":"CommentAction","name":"Comment","target":["https:\/\/www.africa-press.net\/cameroun\/politique\/amougou-belinga-et-coaccuses-en-prison-tout-se-passe-comme-si-le-journaliste-etait-encore-vivant#respond"]}]},{"@type":"WebPage","@id":"https:\/\/www.africa-press.net\/cameroun\/politique\/amougou-belinga-et-coaccuses-en-prison-tout-se-passe-comme-si-le-journaliste-etait-encore-vivant","url":"https:\/\/www.africa-press.net\/cameroun\/politique\/amougou-belinga-et-coaccuses-en-prison-tout-se-passe-comme-si-le-journaliste-etait-encore-vivant","name":"Amougou Belinga et coaccus\u00e9s en prison : 'tout se passe comme si le journaliste \u00e9tait encore vivant' - Cameroun","isPartOf":{"@id":"https:\/\/www.africa-press.net\/cameroun\/#website"},"primaryImageOfPage":{"@id":"https:\/\/www.africa-press.net\/cameroun\/politique\/amougou-belinga-et-coaccuses-en-prison-tout-se-passe-comme-si-le-journaliste-etait-encore-vivant#primaryimage"},"image":{"@id":"https:\/\/www.africa-press.net\/cameroun\/politique\/amougou-belinga-et-coaccuses-en-prison-tout-se-passe-comme-si-le-journaliste-etait-encore-vivant#primaryimage"},"thumbnailUrl":"https:\/\/static.africa-press.net\/cameroun\/sites\/57\/2023\/03\/postQueueImg_1678179696.54.jpg","datePublished":"2023-03-07T12:31:32+00:00","dateModified":"2023-03-07T13:16:55+00:00","author":{"@id":"https:\/\/www.africa-press.net\/cameroun\/#\/schema\/person\/2b1cf3cd81a31e3cd26889ca66d677f1"},"description":"Des suspects dans l\u2019affaire de l\u2019assassinat du journaliste Martinez Zogo ont e\u0301te\u0301 place\u0301s en de\u0301tention provisoire depu ...","breadcrumb":{"@id":"https:\/\/www.africa-press.net\/cameroun\/politique\/amougou-belinga-et-coaccuses-en-prison-tout-se-passe-comme-si-le-journaliste-etait-encore-vivant#breadcrumb"},"inLanguage":"fr-FR","potentialAction":[{"@type":"ReadAction","target":["https:\/\/www.africa-press.net\/cameroun\/politique\/amougou-belinga-et-coaccuses-en-prison-tout-se-passe-comme-si-le-journaliste-etait-encore-vivant"]}]},{"@type":"ImageObject","inLanguage":"fr-FR","@id":"https:\/\/www.africa-press.net\/cameroun\/politique\/amougou-belinga-et-coaccuses-en-prison-tout-se-passe-comme-si-le-journaliste-etait-encore-vivant#primaryimage","url":"https:\/\/static.africa-press.net\/cameroun\/sites\/57\/2023\/03\/postQueueImg_1678179696.54.jpg","contentUrl":"https:\/\/static.africa-press.net\/cameroun\/sites\/57\/2023\/03\/postQueueImg_1678179696.54.jpg","width":720,"height":464,"caption":"Amougou Belinga et coaccus\u00e9s en prison : 'tout se passe comme si le journaliste \u00e9tait encore vivant'"},{"@type":"BreadcrumbList","@id":"https:\/\/www.africa-press.net\/cameroun\/politique\/amougou-belinga-et-coaccuses-en-prison-tout-se-passe-comme-si-le-journaliste-etait-encore-vivant#breadcrumb","itemListElement":[{"@type":"ListItem","position":1,"name":"Accueil","item":"https:\/\/www.africa-press.net\/cameroun\/"},{"@type":"ListItem","position":2,"name":"Amougou Belinga et coaccus\u00e9s en prison : &lsquo;tout se passe comme si le journaliste \u00e9tait encore vivant&rsquo;"}]},{"@type":"WebSite","@id":"https:\/\/www.africa-press.net\/cameroun\/#website","url":"https:\/\/www.africa-press.net\/cameroun\/","name":"Cameroun","description":"Just another Africa News Agency Sites site","potentialAction":[{"@type":"SearchAction","target":{"@type":"EntryPoint","urlTemplate":"https:\/\/www.africa-press.net\/cameroun\/?s={search_term_string}"},"query-input":{"@type":"PropertyValueSpecification","valueRequired":true,"valueName":"search_term_string"}}],"inLanguage":"fr-FR"},{"@type":"Person","@id":"https:\/\/www.africa-press.net\/cameroun\/#\/schema\/person\/2b1cf3cd81a31e3cd26889ca66d677f1","name":"cfeditorfr"}]}},"_links":{"self":[{"href":"https:\/\/www.africa-press.net\/cameroun\/wp-json\/wp\/v2\/posts\/38491","targetHints":{"allow":["GET"]}}],"collection":[{"href":"https:\/\/www.africa-press.net\/cameroun\/wp-json\/wp\/v2\/posts"}],"about":[{"href":"https:\/\/www.africa-press.net\/cameroun\/wp-json\/wp\/v2\/types\/post"}],"author":[{"embeddable":true,"href":"https:\/\/www.africa-press.net\/cameroun\/wp-json\/wp\/v2\/users\/82"}],"replies":[{"embeddable":true,"href":"https:\/\/www.africa-press.net\/cameroun\/wp-json\/wp\/v2\/comments?post=38491"}],"version-history":[{"count":0,"href":"https:\/\/www.africa-press.net\/cameroun\/wp-json\/wp\/v2\/posts\/38491\/revisions"}],"wp:featuredmedia":[{"embeddable":true,"href":"https:\/\/www.africa-press.net\/cameroun\/wp-json\/wp\/v2\/media\/38489"}],"wp:attachment":[{"href":"https:\/\/www.africa-press.net\/cameroun\/wp-json\/wp\/v2\/media?parent=38491"}],"wp:term":[{"taxonomy":"category","embeddable":true,"href":"https:\/\/www.africa-press.net\/cameroun\/wp-json\/wp\/v2\/categories?post=38491"},{"taxonomy":"post_tag","embeddable":true,"href":"https:\/\/www.africa-press.net\/cameroun\/wp-json\/wp\/v2\/tags?post=38491"}],"curies":[{"name":"wp","href":"https:\/\/api.w.org\/{rel}","templated":true}]}}