{"id":38492,"date":"2023-03-07T12:33:52","date_gmt":"2023-03-07T12:33:52","guid":{"rendered":"https:\/\/www.africa-press.net\/cameroun\/politique\/cameroun-le-sous-prefet-de-yaounde-1er-ferme-pres-de-40-centres-de-sante"},"modified":"2023-03-07T13:19:56","modified_gmt":"2023-03-07T13:19:56","slug":"cameroun-le-sous-prefet-de-yaounde-1er-ferme-pres-de-40-centres-de-sante","status":"publish","type":"post","link":"https:\/\/www.africa-press.net\/cameroun\/toutes-les-actualites\/cameroun-le-sous-prefet-de-yaounde-1er-ferme-pres-de-40-centres-de-sante","title":{"rendered":"Cameroun : le sous-pr\u00e9fet de Yaound\u00e9 1er ferme pr\u00e8s de 40 centres de sant\u00e9"},"content":{"rendered":"<p><span style=\"color: #ff6600\"><strong>Africa-Press &#8211; Cameroun. <\/strong><\/span>Dans une de\u0301cision, l\u2019autorite\u0301 administrative invoque plus de 20 motifs conduisant a\u0300 la pose des scelle\u0301s sur ces structures de sante\u0301.<\/p>\n<p><b>37 structures de prestations de soins et services de sante\u0301<\/b> situe\u0301es dans le <b>district de sante\u0301 de Djoungolo<\/b> dans l\u2019arrondissement de Yaounde\u0301 1er, tombent sous le coup de la sanction. Elles sont ferme\u0301es a\u0300 compter du 22 fe\u0301vrier dernier, date de signature de la de\u0301cision, \u00ab jusqu\u2019a\u0300 nouvel ordre, a\u0300 partir de la date de pose des scelle\u0301s \u00bb, pre\u0301cise le sous-pre\u0301fet Harouna Nyandji Mgbatou dans la de\u0301cision N\u00b0034 D\/J06\/01.<\/p>\n<p>Il s\u2019agit de 37 structures dont deux a\u0300 Elig-Essono, deux a\u0300 Etoa-Meki, deux a\u0300 Tsinga Village, quatre a\u0300 Nlongkak, cinq a\u0300 Emana, six a\u0300 Mbala V, 16 a\u0300 Nkolondom.<\/p>\n<p>Plusieurs motifs ont conduit a\u0300 leur <b>fermeture<\/b>. L\u2019administrateur civil principal, auteur de la de\u0301cision, e\u0301nume\u0300re entre autres, <b>l\u2019absence d\u2019autorisation de cre\u0301ation<\/b>, d\u2019ouverture, de mise en service au public ; l\u2019emploi du <b>personnel parame\u0301dical<\/b> non forme\u0301 et non qualifie\u0301 ; la formation clandestine du personnel soignant ; les locaux exigus et de\u0301labre\u0301s ; l\u2019absence des dossiers du personnel employe\u0301 ; la vente des me\u0301dicaments de la rue ; le non-respect des directives de prise en charge du paludisme, etc. La <b>liste comple\u0300te des structures de sante\u0301 ferme\u0301es<\/b> est te\u0301le\u0301chargeable ci-dessous. De\u0301cision Sous-Pre\u0301fet fermetures<\/p>\n<p><strong>Pour plus d&rsquo;informations et d&rsquo;analyses sur la <a href=\"https:\/\/www.africa-press.net\/cameroun\">Cameroun<\/a>, suivez <a href=\"https:\/\/www.africa-press.net\/\">Africa-Press<\/a><\/strong><\/p>\n","protected":false},"excerpt":{"rendered":"<p>Africa-Press &#8211; Cameroun. Dans une de\u0301cision, l\u2019autorite\u0301 administrative invoque plus de 20 motifs conduisant a\u0300 la pose des scelle\u0301s sur ces structures de sante\u0301. 37 structures de prestations de soins et services de sante\u0301 situe\u0301es dans le district de sante\u0301 de Djoungolo dans l\u2019arrondissement de Yaounde\u0301 1er, tombent sous le coup de la sanction. Elles [&hellip;]<\/p>\n","protected":false},"author":82,"featured_media":38490,"comment_status":"open","ping_status":"closed","sticky":false,"template":"","format":"standard","meta":{"footnotes":""},"categories":[21,10],"tags":[36,50,49],"class_list":["post-38492","post","type-post","status-publish","format-standard","has-post-thumbnail","hentry","category-communaute","category-toutes-les-actualites","tag-africa-press","tag-africa-press-cameroun","tag-cameroun"],"yoast_head":"<!-- This site is optimized with the Yoast SEO Premium plugin v26.1 (Yoast SEO v27.0) - https:\/\/yoast.com\/product\/yoast-seo-premium-wordpress\/ -->\n<title>Cameroun : le sous-pr\u00e9fet de Yaound\u00e9 1er ferme pr\u00e8s de 40 centres de sant\u00e9 - Cameroun<\/title>\n<meta name=\"description\" content=\"Dans une de\u0301cision, l\u2019autorite\u0301 administrative invoque plus de 20 motifs conduisant a\u0300 la pose des scelle\u0301s sur ces stru ...\" \/>\n<meta name=\"robots\" content=\"index, follow, max-snippet:-1, max-image-preview:large, max-video-preview:-1\" \/>\n<link rel=\"canonical\" href=\"https:\/\/www.africa-press.net\/cameroun\/toutes-les-actualites\/cameroun-le-sous-prefet-de-yaounde-1er-ferme-pres-de-40-centres-de-sante\" \/>\n<meta property=\"og:locale\" content=\"fr_FR\" \/>\n<meta property=\"og:type\" content=\"article\" \/>\n<meta property=\"og:title\" content=\"Cameroun : le sous-pr\u00e9fet de Yaound\u00e9 1er ferme pr\u00e8s de 40 centres de sant\u00e9\" \/>\n<meta property=\"og:description\" content=\"Dans une de\u0301cision, l\u2019autorite\u0301 administrative invoque plus de 20 motifs conduisant a\u0300 la pose des scelle\u0301s sur ces stru ...\" \/>\n<meta property=\"og:url\" content=\"https:\/\/www.africa-press.net\/cameroun\/toutes-les-actualites\/cameroun-le-sous-prefet-de-yaounde-1er-ferme-pres-de-40-centres-de-sante\" \/>\n<meta property=\"og:site_name\" content=\"Cameroun\" \/>\n<meta property=\"article:published_time\" content=\"2023-03-07T12:33:52+00:00\" \/>\n<meta property=\"article:modified_time\" content=\"2023-03-07T13:19:56+00:00\" \/>\n<meta property=\"og:image\" content=\"https:\/\/static.africa-press.net\/cameroun\/sites\/57\/2023\/03\/postQueueImg_1678179838.10.jpg\" \/>\n\t<meta property=\"og:image:width\" content=\"1728\" \/>\n\t<meta property=\"og:image:height\" content=\"1152\" \/>\n\t<meta property=\"og:image:type\" content=\"image\/jpeg\" \/>\n<meta name=\"author\" content=\"cfeditorfr\" \/>\n<meta name=\"twitter:card\" content=\"summary_large_image\" \/>\n<meta name=\"twitter:label1\" content=\"\u00c9crit par\" \/>\n\t<meta name=\"twitter:data1\" content=\"cfeditorfr\" \/>\n\t<meta name=\"twitter:label2\" content=\"Dur\u00e9e de lecture estim\u00e9e\" \/>\n\t<meta name=\"twitter:data2\" content=\"1 minute\" \/>\n<script type=\"application\/ld+json\" class=\"yoast-schema-graph\">{\"@context\":\"https:\/\/schema.org\",\"@graph\":[{\"@type\":\"Article\",\"@id\":\"https:\/\/www.africa-press.net\/cameroun\/toutes-les-actualites\/cameroun-le-sous-prefet-de-yaounde-1er-ferme-pres-de-40-centres-de-sante#article\",\"isPartOf\":{\"@id\":\"https:\/\/www.africa-press.net\/cameroun\/toutes-les-actualites\/cameroun-le-sous-prefet-de-yaounde-1er-ferme-pres-de-40-centres-de-sante\"},\"author\":{\"name\":\"cfeditorfr\",\"@id\":\"https:\/\/www.africa-press.net\/cameroun\/#\/schema\/person\/2b1cf3cd81a31e3cd26889ca66d677f1\"},\"headline\":\"Cameroun : le sous-pr\u00e9fet de Yaound\u00e9 1er ferme pr\u00e8s de 40 centres de sant\u00e9\",\"datePublished\":\"2023-03-07T12:33:52+00:00\",\"dateModified\":\"2023-03-07T13:19:56+00:00\",\"mainEntityOfPage\":{\"@id\":\"https:\/\/www.africa-press.net\/cameroun\/toutes-les-actualites\/cameroun-le-sous-prefet-de-yaounde-1er-ferme-pres-de-40-centres-de-sante\"},\"wordCount\":263,\"commentCount\":0,\"image\":{\"@id\":\"https:\/\/www.africa-press.net\/cameroun\/toutes-les-actualites\/cameroun-le-sous-prefet-de-yaounde-1er-ferme-pres-de-40-centres-de-sante#primaryimage\"},\"thumbnailUrl\":\"https:\/\/static.africa-press.net\/cameroun\/sites\/57\/2023\/03\/postQueueImg_1678179838.10.jpg\",\"keywords\":[\"Africa Press\",\"Africa Press-Cameroun\",\"Cameroun\"],\"articleSection\":[\"Communaut\u00e9\",\"Toutes les actualit\u00e9s\"],\"inLanguage\":\"fr-FR\",\"potentialAction\":[{\"@type\":\"CommentAction\",\"name\":\"Comment\",\"target\":[\"https:\/\/www.africa-press.net\/cameroun\/toutes-les-actualites\/cameroun-le-sous-prefet-de-yaounde-1er-ferme-pres-de-40-centres-de-sante#respond\"]}]},{\"@type\":\"WebPage\",\"@id\":\"https:\/\/www.africa-press.net\/cameroun\/toutes-les-actualites\/cameroun-le-sous-prefet-de-yaounde-1er-ferme-pres-de-40-centres-de-sante\",\"url\":\"https:\/\/www.africa-press.net\/cameroun\/toutes-les-actualites\/cameroun-le-sous-prefet-de-yaounde-1er-ferme-pres-de-40-centres-de-sante\",\"name\":\"Cameroun : le sous-pr\u00e9fet de Yaound\u00e9 1er ferme pr\u00e8s de 40 centres de sant\u00e9 - Cameroun\",\"isPartOf\":{\"@id\":\"https:\/\/www.africa-press.net\/cameroun\/#website\"},\"primaryImageOfPage\":{\"@id\":\"https:\/\/www.africa-press.net\/cameroun\/toutes-les-actualites\/cameroun-le-sous-prefet-de-yaounde-1er-ferme-pres-de-40-centres-de-sante#primaryimage\"},\"image\":{\"@id\":\"https:\/\/www.africa-press.net\/cameroun\/toutes-les-actualites\/cameroun-le-sous-prefet-de-yaounde-1er-ferme-pres-de-40-centres-de-sante#primaryimage\"},\"thumbnailUrl\":\"https:\/\/static.africa-press.net\/cameroun\/sites\/57\/2023\/03\/postQueueImg_1678179838.10.jpg\",\"datePublished\":\"2023-03-07T12:33:52+00:00\",\"dateModified\":\"2023-03-07T13:19:56+00:00\",\"author\":{\"@id\":\"https:\/\/www.africa-press.net\/cameroun\/#\/schema\/person\/2b1cf3cd81a31e3cd26889ca66d677f1\"},\"description\":\"Dans une de\u0301cision, l\u2019autorite\u0301 administrative invoque plus de 20 motifs conduisant a\u0300 la pose des scelle\u0301s sur ces stru ...\",\"breadcrumb\":{\"@id\":\"https:\/\/www.africa-press.net\/cameroun\/toutes-les-actualites\/cameroun-le-sous-prefet-de-yaounde-1er-ferme-pres-de-40-centres-de-sante#breadcrumb\"},\"inLanguage\":\"fr-FR\",\"potentialAction\":[{\"@type\":\"ReadAction\",\"target\":[\"https:\/\/www.africa-press.net\/cameroun\/toutes-les-actualites\/cameroun-le-sous-prefet-de-yaounde-1er-ferme-pres-de-40-centres-de-sante\"]}]},{\"@type\":\"ImageObject\",\"inLanguage\":\"fr-FR\",\"@id\":\"https:\/\/www.africa-press.net\/cameroun\/toutes-les-actualites\/cameroun-le-sous-prefet-de-yaounde-1er-ferme-pres-de-40-centres-de-sante#primaryimage\",\"url\":\"https:\/\/static.africa-press.net\/cameroun\/sites\/57\/2023\/03\/postQueueImg_1678179838.10.jpg\",\"contentUrl\":\"https:\/\/static.africa-press.net\/cameroun\/sites\/57\/2023\/03\/postQueueImg_1678179838.10.jpg\",\"width\":1728,\"height\":1152,\"caption\":\"Cameroun : le sous-pr\u00e9fet de Yaound\u00e9 1er ferme pr\u00e8s de 40 centres de sant\u00e9\"},{\"@type\":\"BreadcrumbList\",\"@id\":\"https:\/\/www.africa-press.net\/cameroun\/toutes-les-actualites\/cameroun-le-sous-prefet-de-yaounde-1er-ferme-pres-de-40-centres-de-sante#breadcrumb\",\"itemListElement\":[{\"@type\":\"ListItem\",\"position\":1,\"name\":\"Accueil\",\"item\":\"https:\/\/www.africa-press.net\/cameroun\/\"},{\"@type\":\"ListItem\",\"position\":2,\"name\":\"Cameroun : le sous-pr\u00e9fet de Yaound\u00e9 1er ferme pr\u00e8s de 40 centres de sant\u00e9\"}]},{\"@type\":\"WebSite\",\"@id\":\"https:\/\/www.africa-press.net\/cameroun\/#website\",\"url\":\"https:\/\/www.africa-press.net\/cameroun\/\",\"name\":\"Cameroun\",\"description\":\"Just another Africa News Agency Sites site\",\"potentialAction\":[{\"@type\":\"SearchAction\",\"target\":{\"@type\":\"EntryPoint\",\"urlTemplate\":\"https:\/\/www.africa-press.net\/cameroun\/?s={search_term_string}\"},\"query-input\":{\"@type\":\"PropertyValueSpecification\",\"valueRequired\":true,\"valueName\":\"search_term_string\"}}],\"inLanguage\":\"fr-FR\"},{\"@type\":\"Person\",\"@id\":\"https:\/\/www.africa-press.net\/cameroun\/#\/schema\/person\/2b1cf3cd81a31e3cd26889ca66d677f1\",\"name\":\"cfeditorfr\"}]}<\/script>\n<!-- \/ Yoast SEO Premium plugin. -->","yoast_head_json":{"title":"Cameroun : le sous-pr\u00e9fet de Yaound\u00e9 1er ferme pr\u00e8s de 40 centres de sant\u00e9 - Cameroun","description":"Dans une de\u0301cision, l\u2019autorite\u0301 administrative invoque plus de 20 motifs conduisant a\u0300 la pose des scelle\u0301s sur ces stru ...","robots":{"index":"index","follow":"follow","max-snippet":"max-snippet:-1","max-image-preview":"max-image-preview:large","max-video-preview":"max-video-preview:-1"},"canonical":"https:\/\/www.africa-press.net\/cameroun\/toutes-les-actualites\/cameroun-le-sous-prefet-de-yaounde-1er-ferme-pres-de-40-centres-de-sante","og_locale":"fr_FR","og_type":"article","og_title":"Cameroun : le sous-pr\u00e9fet de Yaound\u00e9 1er ferme pr\u00e8s de 40 centres de sant\u00e9","og_description":"Dans une de\u0301cision, l\u2019autorite\u0301 administrative invoque plus de 20 motifs conduisant a\u0300 la pose des scelle\u0301s sur ces stru ...","og_url":"https:\/\/www.africa-press.net\/cameroun\/toutes-les-actualites\/cameroun-le-sous-prefet-de-yaounde-1er-ferme-pres-de-40-centres-de-sante","og_site_name":"Cameroun","article_published_time":"2023-03-07T12:33:52+00:00","article_modified_time":"2023-03-07T13:19:56+00:00","og_image":[{"width":1728,"height":1152,"url":"https:\/\/static.africa-press.net\/cameroun\/sites\/57\/2023\/03\/postQueueImg_1678179838.10.jpg","type":"image\/jpeg"}],"author":"cfeditorfr","twitter_card":"summary_large_image","twitter_misc":{"\u00c9crit par":"cfeditorfr","Dur\u00e9e de lecture estim\u00e9e":"1 minute"},"schema":{"@context":"https:\/\/schema.org","@graph":[{"@type":"Article","@id":"https:\/\/www.africa-press.net\/cameroun\/toutes-les-actualites\/cameroun-le-sous-prefet-de-yaounde-1er-ferme-pres-de-40-centres-de-sante#article","isPartOf":{"@id":"https:\/\/www.africa-press.net\/cameroun\/toutes-les-actualites\/cameroun-le-sous-prefet-de-yaounde-1er-ferme-pres-de-40-centres-de-sante"},"author":{"name":"cfeditorfr","@id":"https:\/\/www.africa-press.net\/cameroun\/#\/schema\/person\/2b1cf3cd81a31e3cd26889ca66d677f1"},"headline":"Cameroun : le sous-pr\u00e9fet de Yaound\u00e9 1er ferme pr\u00e8s de 40 centres de sant\u00e9","datePublished":"2023-03-07T12:33:52+00:00","dateModified":"2023-03-07T13:19:56+00:00","mainEntityOfPage":{"@id":"https:\/\/www.africa-press.net\/cameroun\/toutes-les-actualites\/cameroun-le-sous-prefet-de-yaounde-1er-ferme-pres-de-40-centres-de-sante"},"wordCount":263,"commentCount":0,"image":{"@id":"https:\/\/www.africa-press.net\/cameroun\/toutes-les-actualites\/cameroun-le-sous-prefet-de-yaounde-1er-ferme-pres-de-40-centres-de-sante#primaryimage"},"thumbnailUrl":"https:\/\/static.africa-press.net\/cameroun\/sites\/57\/2023\/03\/postQueueImg_1678179838.10.jpg","keywords":["Africa Press","Africa Press-Cameroun","Cameroun"],"articleSection":["Communaut\u00e9","Toutes les actualit\u00e9s"],"inLanguage":"fr-FR","potentialAction":[{"@type":"CommentAction","name":"Comment","target":["https:\/\/www.africa-press.net\/cameroun\/toutes-les-actualites\/cameroun-le-sous-prefet-de-yaounde-1er-ferme-pres-de-40-centres-de-sante#respond"]}]},{"@type":"WebPage","@id":"https:\/\/www.africa-press.net\/cameroun\/toutes-les-actualites\/cameroun-le-sous-prefet-de-yaounde-1er-ferme-pres-de-40-centres-de-sante","url":"https:\/\/www.africa-press.net\/cameroun\/toutes-les-actualites\/cameroun-le-sous-prefet-de-yaounde-1er-ferme-pres-de-40-centres-de-sante","name":"Cameroun : le sous-pr\u00e9fet de Yaound\u00e9 1er ferme pr\u00e8s de 40 centres de sant\u00e9 - Cameroun","isPartOf":{"@id":"https:\/\/www.africa-press.net\/cameroun\/#website"},"primaryImageOfPage":{"@id":"https:\/\/www.africa-press.net\/cameroun\/toutes-les-actualites\/cameroun-le-sous-prefet-de-yaounde-1er-ferme-pres-de-40-centres-de-sante#primaryimage"},"image":{"@id":"https:\/\/www.africa-press.net\/cameroun\/toutes-les-actualites\/cameroun-le-sous-prefet-de-yaounde-1er-ferme-pres-de-40-centres-de-sante#primaryimage"},"thumbnailUrl":"https:\/\/static.africa-press.net\/cameroun\/sites\/57\/2023\/03\/postQueueImg_1678179838.10.jpg","datePublished":"2023-03-07T12:33:52+00:00","dateModified":"2023-03-07T13:19:56+00:00","author":{"@id":"https:\/\/www.africa-press.net\/cameroun\/#\/schema\/person\/2b1cf3cd81a31e3cd26889ca66d677f1"},"description":"Dans une de\u0301cision, l\u2019autorite\u0301 administrative invoque plus de 20 motifs conduisant a\u0300 la pose des scelle\u0301s sur ces stru ...","breadcrumb":{"@id":"https:\/\/www.africa-press.net\/cameroun\/toutes-les-actualites\/cameroun-le-sous-prefet-de-yaounde-1er-ferme-pres-de-40-centres-de-sante#breadcrumb"},"inLanguage":"fr-FR","potentialAction":[{"@type":"ReadAction","target":["https:\/\/www.africa-press.net\/cameroun\/toutes-les-actualites\/cameroun-le-sous-prefet-de-yaounde-1er-ferme-pres-de-40-centres-de-sante"]}]},{"@type":"ImageObject","inLanguage":"fr-FR","@id":"https:\/\/www.africa-press.net\/cameroun\/toutes-les-actualites\/cameroun-le-sous-prefet-de-yaounde-1er-ferme-pres-de-40-centres-de-sante#primaryimage","url":"https:\/\/static.africa-press.net\/cameroun\/sites\/57\/2023\/03\/postQueueImg_1678179838.10.jpg","contentUrl":"https:\/\/static.africa-press.net\/cameroun\/sites\/57\/2023\/03\/postQueueImg_1678179838.10.jpg","width":1728,"height":1152,"caption":"Cameroun : le sous-pr\u00e9fet de Yaound\u00e9 1er ferme pr\u00e8s de 40 centres de sant\u00e9"},{"@type":"BreadcrumbList","@id":"https:\/\/www.africa-press.net\/cameroun\/toutes-les-actualites\/cameroun-le-sous-prefet-de-yaounde-1er-ferme-pres-de-40-centres-de-sante#breadcrumb","itemListElement":[{"@type":"ListItem","position":1,"name":"Accueil","item":"https:\/\/www.africa-press.net\/cameroun\/"},{"@type":"ListItem","position":2,"name":"Cameroun : le sous-pr\u00e9fet de Yaound\u00e9 1er ferme pr\u00e8s de 40 centres de sant\u00e9"}]},{"@type":"WebSite","@id":"https:\/\/www.africa-press.net\/cameroun\/#website","url":"https:\/\/www.africa-press.net\/cameroun\/","name":"Cameroun","description":"Just another Africa News Agency Sites site","potentialAction":[{"@type":"SearchAction","target":{"@type":"EntryPoint","urlTemplate":"https:\/\/www.africa-press.net\/cameroun\/?s={search_term_string}"},"query-input":{"@type":"PropertyValueSpecification","valueRequired":true,"valueName":"search_term_string"}}],"inLanguage":"fr-FR"},{"@type":"Person","@id":"https:\/\/www.africa-press.net\/cameroun\/#\/schema\/person\/2b1cf3cd81a31e3cd26889ca66d677f1","name":"cfeditorfr"}]}},"_links":{"self":[{"href":"https:\/\/www.africa-press.net\/cameroun\/wp-json\/wp\/v2\/posts\/38492","targetHints":{"allow":["GET"]}}],"collection":[{"href":"https:\/\/www.africa-press.net\/cameroun\/wp-json\/wp\/v2\/posts"}],"about":[{"href":"https:\/\/www.africa-press.net\/cameroun\/wp-json\/wp\/v2\/types\/post"}],"author":[{"embeddable":true,"href":"https:\/\/www.africa-press.net\/cameroun\/wp-json\/wp\/v2\/users\/82"}],"replies":[{"embeddable":true,"href":"https:\/\/www.africa-press.net\/cameroun\/wp-json\/wp\/v2\/comments?post=38492"}],"version-history":[{"count":0,"href":"https:\/\/www.africa-press.net\/cameroun\/wp-json\/wp\/v2\/posts\/38492\/revisions"}],"wp:featuredmedia":[{"embeddable":true,"href":"https:\/\/www.africa-press.net\/cameroun\/wp-json\/wp\/v2\/media\/38490"}],"wp:attachment":[{"href":"https:\/\/www.africa-press.net\/cameroun\/wp-json\/wp\/v2\/media?parent=38492"}],"wp:term":[{"taxonomy":"category","embeddable":true,"href":"https:\/\/www.africa-press.net\/cameroun\/wp-json\/wp\/v2\/categories?post=38492"},{"taxonomy":"post_tag","embeddable":true,"href":"https:\/\/www.africa-press.net\/cameroun\/wp-json\/wp\/v2\/tags?post=38492"}],"curies":[{"name":"wp","href":"https:\/\/api.w.org\/{rel}","templated":true}]}}