{"id":38495,"date":"2023-03-07T12:31:39","date_gmt":"2023-03-07T12:31:39","guid":{"rendered":"https:\/\/www.africa-press.net\/cameroun\/politique\/noso-un-prefet-demande-aux-chef-traditionnels-de-constituer-des-groupes-dautodefense"},"modified":"2023-03-07T13:17:42","modified_gmt":"2023-03-07T13:17:42","slug":"noso-un-prefet-demande-aux-chef-traditionnels-de-constituer-des-groupes-dautodefense","status":"publish","type":"post","link":"https:\/\/www.africa-press.net\/cameroun\/politique\/noso-un-prefet-demande-aux-chef-traditionnels-de-constituer-des-groupes-dautodefense","title":{"rendered":"NOSO : un pr\u00e9fet demande aux chef traditionnels de constituer des groupes d\u2019autod\u00e9fense"},"content":{"rendered":"<p><span style=\"color: #ff6600\"><strong>Africa-Press &#8211; Cameroun. <\/strong><\/span>L&rsquo;inse\u0301curite\u0301 et les menaces se\u0301paratistes dans la plupart des villages de Nkambe, dans le de\u0301partement de Dongang Matung de la re\u0301gion du Nord-Ouest, seraient en augmentation. La dernie\u0300re en date est le meurtre horrible d&rsquo;un enseignant de l&rsquo;e\u0301cole publique de Njap apre\u0300s les ce\u0301le\u0301brations du 11 fe\u0301vrier 2023.<\/p>\n<p>C&rsquo;est dans ce contexte que le sous-pre\u0301fet de Nkambe Ngida Lawrence Che a organise\u0301 une re\u0301union de coordination administrative et de se\u0301curite\u0301 le 5 mars afin de s&rsquo;attaquer a\u0300 certains de ces proble\u0300mes qui affectent sa localite\u0301.<\/p>\n<p>Les forces de de\u0301fense et de se\u0301curite\u0301, les autorite\u0301s administratives, les chefs religieux et traditionnels, les organisations de la socie\u0301te\u0301 civile ainsi que les groupes d&rsquo;autode\u0301fense ont participe\u0301 a\u0300 cette re\u0301union.<\/p>\n<p>Selon le sous-prefet, outre les menaces se\u0301curitaires, les vols de be\u0301tail, les vols qualifie\u0301s et les messages menac\u0327ants ont e\u0301te\u0301 rec\u0327us des combattants se\u0301paratistes ces derniers temps, d&rsquo;ou\u0300 la ne\u0301cessite\u0301 de renforcer la vigilance dans les 17 villages qui composent Nkambe.<\/p>\n<p>\u00ab\u00a0En parlant de vigilance, je ne veux pas l&rsquo;attribuer a\u0300 des groupes parce que chaque administrateur ici, tant que vous faites partie de cette division, cela fait partie de votre travail. Des groupes doivent e\u0302tre mis en place pour assurer cela\u00a0\u00bb, a-t-il estime\u0301.<\/p>\n<p>Il a e\u0301galement de\u0301clare\u0301 que l&rsquo;un des principaux proble\u0300mes auxquels ils sont confronte\u0301s a\u0300 Nkambe est le manque de mate\u0301riel, car certains membres des groupes d&rsquo;autode\u0301fense manquent de mate\u0301riel pour faire leur travail. A\u0300 la fin de la re\u0301union, il a e\u0301te\u0301 de\u0301cide\u0301 que la responsabilite\u0301 de la re\u0301solution du proble\u0300me serait collective.<\/p>\n<p>Il a e\u0301galement e\u0301te\u0301 de\u0301cide\u0301 que tous les de\u0301le\u0301gue\u0301s et les personnes dirigeant les services administratifs de la sous-prefecture doivent rendre lesdites unite\u0301s administratives tre\u0300s conviviales pour la population.<\/p>\n<p>Les autorite\u0301s traditionnelles, quant a\u0300 elles, ont de\u0301cide\u0301 de collaborer avec les forces administratives, de de\u0301fense et de se\u0301curite\u0301 pour que leurs villages respectifs restent calmes et sereins.<\/p>\n<p><strong>Pour plus d&rsquo;informations et d&rsquo;analyses sur la <a href=\"https:\/\/www.africa-press.net\/cameroun\">Cameroun<\/a>, suivez <a href=\"https:\/\/www.africa-press.net\/\">Africa-Press<\/a><\/strong><\/p>\n","protected":false},"excerpt":{"rendered":"<p>Africa-Press &#8211; Cameroun. L&rsquo;inse\u0301curite\u0301 et les menaces se\u0301paratistes dans la plupart des villages de Nkambe, dans le de\u0301partement de Dongang Matung de la re\u0301gion du Nord-Ouest, seraient en augmentation. La dernie\u0300re en date est le meurtre horrible d&rsquo;un enseignant de l&rsquo;e\u0301cole publique de Njap apre\u0300s les ce\u0301le\u0301brations du 11 fe\u0301vrier 2023. C&rsquo;est dans ce contexte [&hellip;]<\/p>\n","protected":false},"author":82,"featured_media":38493,"comment_status":"open","ping_status":"closed","sticky":false,"template":"","format":"standard","meta":{"footnotes":""},"categories":[2,10],"tags":[36,50,49],"class_list":["post-38495","post","type-post","status-publish","format-standard","has-post-thumbnail","hentry","category-politique","category-toutes-les-actualites","tag-africa-press","tag-africa-press-cameroun","tag-cameroun"],"yoast_head":"<!-- This site is optimized with the Yoast SEO Premium plugin v26.1 (Yoast SEO v27.0) - https:\/\/yoast.com\/product\/yoast-seo-premium-wordpress\/ -->\n<title>NOSO : un pr\u00e9fet demande aux chef traditionnels de constituer des groupes d\u2019autod\u00e9fense - Cameroun<\/title>\n<meta name=\"description\" content=\"L&#039;inse\u0301curite\u0301 et les menaces se\u0301paratistes dans la plupart des villages de Nkambe, dans le de\u0301partement de Dongang Matu ...\" \/>\n<meta name=\"robots\" content=\"index, follow, max-snippet:-1, max-image-preview:large, max-video-preview:-1\" \/>\n<link rel=\"canonical\" href=\"https:\/\/www.africa-press.net\/cameroun\/politique\/noso-un-prefet-demande-aux-chef-traditionnels-de-constituer-des-groupes-dautodefense\" \/>\n<meta property=\"og:locale\" content=\"fr_FR\" \/>\n<meta property=\"og:type\" content=\"article\" \/>\n<meta property=\"og:title\" content=\"NOSO : un pr\u00e9fet demande aux chef traditionnels de constituer des groupes d\u2019autod\u00e9fense\" \/>\n<meta property=\"og:description\" content=\"L&#039;inse\u0301curite\u0301 et les menaces se\u0301paratistes dans la plupart des villages de Nkambe, dans le de\u0301partement de Dongang Matu ...\" \/>\n<meta property=\"og:url\" content=\"https:\/\/www.africa-press.net\/cameroun\/politique\/noso-un-prefet-demande-aux-chef-traditionnels-de-constituer-des-groupes-dautodefense\" \/>\n<meta property=\"og:site_name\" content=\"Cameroun\" \/>\n<meta property=\"article:published_time\" content=\"2023-03-07T12:31:39+00:00\" \/>\n<meta property=\"article:modified_time\" content=\"2023-03-07T13:17:42+00:00\" \/>\n<meta property=\"og:image\" content=\"https:\/\/static.africa-press.net\/cameroun\/sites\/57\/2023\/03\/postQueueImg_1678179703.29.jpg\" \/>\n\t<meta property=\"og:image:width\" content=\"720\" \/>\n\t<meta property=\"og:image:height\" content=\"438\" \/>\n\t<meta property=\"og:image:type\" content=\"image\/jpeg\" \/>\n<meta name=\"author\" content=\"cfeditorfr\" \/>\n<meta name=\"twitter:card\" content=\"summary_large_image\" \/>\n<meta name=\"twitter:label1\" content=\"\u00c9crit par\" \/>\n\t<meta name=\"twitter:data1\" content=\"cfeditorfr\" \/>\n\t<meta name=\"twitter:label2\" content=\"Dur\u00e9e de lecture estim\u00e9e\" \/>\n\t<meta name=\"twitter:data2\" content=\"2 minutes\" \/>\n<script type=\"application\/ld+json\" class=\"yoast-schema-graph\">{\"@context\":\"https:\/\/schema.org\",\"@graph\":[{\"@type\":\"Article\",\"@id\":\"https:\/\/www.africa-press.net\/cameroun\/politique\/noso-un-prefet-demande-aux-chef-traditionnels-de-constituer-des-groupes-dautodefense#article\",\"isPartOf\":{\"@id\":\"https:\/\/www.africa-press.net\/cameroun\/politique\/noso-un-prefet-demande-aux-chef-traditionnels-de-constituer-des-groupes-dautodefense\"},\"author\":{\"name\":\"cfeditorfr\",\"@id\":\"https:\/\/www.africa-press.net\/cameroun\/#\/schema\/person\/2b1cf3cd81a31e3cd26889ca66d677f1\"},\"headline\":\"NOSO : un pr\u00e9fet demande aux chef traditionnels de constituer des groupes d\u2019autod\u00e9fense\",\"datePublished\":\"2023-03-07T12:31:39+00:00\",\"dateModified\":\"2023-03-07T13:17:42+00:00\",\"mainEntityOfPage\":{\"@id\":\"https:\/\/www.africa-press.net\/cameroun\/politique\/noso-un-prefet-demande-aux-chef-traditionnels-de-constituer-des-groupes-dautodefense\"},\"wordCount\":399,\"commentCount\":0,\"image\":{\"@id\":\"https:\/\/www.africa-press.net\/cameroun\/politique\/noso-un-prefet-demande-aux-chef-traditionnels-de-constituer-des-groupes-dautodefense#primaryimage\"},\"thumbnailUrl\":\"https:\/\/static.africa-press.net\/cameroun\/sites\/57\/2023\/03\/postQueueImg_1678179703.29.jpg\",\"keywords\":[\"Africa Press\",\"Africa Press-Cameroun\",\"Cameroun\"],\"articleSection\":[\"Politique\",\"Toutes les actualit\u00e9s\"],\"inLanguage\":\"fr-FR\",\"potentialAction\":[{\"@type\":\"CommentAction\",\"name\":\"Comment\",\"target\":[\"https:\/\/www.africa-press.net\/cameroun\/politique\/noso-un-prefet-demande-aux-chef-traditionnels-de-constituer-des-groupes-dautodefense#respond\"]}]},{\"@type\":\"WebPage\",\"@id\":\"https:\/\/www.africa-press.net\/cameroun\/politique\/noso-un-prefet-demande-aux-chef-traditionnels-de-constituer-des-groupes-dautodefense\",\"url\":\"https:\/\/www.africa-press.net\/cameroun\/politique\/noso-un-prefet-demande-aux-chef-traditionnels-de-constituer-des-groupes-dautodefense\",\"name\":\"NOSO : un pr\u00e9fet demande aux chef traditionnels de constituer des groupes d\u2019autod\u00e9fense - Cameroun\",\"isPartOf\":{\"@id\":\"https:\/\/www.africa-press.net\/cameroun\/#website\"},\"primaryImageOfPage\":{\"@id\":\"https:\/\/www.africa-press.net\/cameroun\/politique\/noso-un-prefet-demande-aux-chef-traditionnels-de-constituer-des-groupes-dautodefense#primaryimage\"},\"image\":{\"@id\":\"https:\/\/www.africa-press.net\/cameroun\/politique\/noso-un-prefet-demande-aux-chef-traditionnels-de-constituer-des-groupes-dautodefense#primaryimage\"},\"thumbnailUrl\":\"https:\/\/static.africa-press.net\/cameroun\/sites\/57\/2023\/03\/postQueueImg_1678179703.29.jpg\",\"datePublished\":\"2023-03-07T12:31:39+00:00\",\"dateModified\":\"2023-03-07T13:17:42+00:00\",\"author\":{\"@id\":\"https:\/\/www.africa-press.net\/cameroun\/#\/schema\/person\/2b1cf3cd81a31e3cd26889ca66d677f1\"},\"description\":\"L'inse\u0301curite\u0301 et les menaces se\u0301paratistes dans la plupart des villages de Nkambe, dans le de\u0301partement de Dongang Matu ...\",\"breadcrumb\":{\"@id\":\"https:\/\/www.africa-press.net\/cameroun\/politique\/noso-un-prefet-demande-aux-chef-traditionnels-de-constituer-des-groupes-dautodefense#breadcrumb\"},\"inLanguage\":\"fr-FR\",\"potentialAction\":[{\"@type\":\"ReadAction\",\"target\":[\"https:\/\/www.africa-press.net\/cameroun\/politique\/noso-un-prefet-demande-aux-chef-traditionnels-de-constituer-des-groupes-dautodefense\"]}]},{\"@type\":\"ImageObject\",\"inLanguage\":\"fr-FR\",\"@id\":\"https:\/\/www.africa-press.net\/cameroun\/politique\/noso-un-prefet-demande-aux-chef-traditionnels-de-constituer-des-groupes-dautodefense#primaryimage\",\"url\":\"https:\/\/static.africa-press.net\/cameroun\/sites\/57\/2023\/03\/postQueueImg_1678179703.29.jpg\",\"contentUrl\":\"https:\/\/static.africa-press.net\/cameroun\/sites\/57\/2023\/03\/postQueueImg_1678179703.29.jpg\",\"width\":720,\"height\":438,\"caption\":\"NOSO : un pr\u00e9fet demande aux chef traditionnels de constituer des groupes d\u2019autod\u00e9fense\"},{\"@type\":\"BreadcrumbList\",\"@id\":\"https:\/\/www.africa-press.net\/cameroun\/politique\/noso-un-prefet-demande-aux-chef-traditionnels-de-constituer-des-groupes-dautodefense#breadcrumb\",\"itemListElement\":[{\"@type\":\"ListItem\",\"position\":1,\"name\":\"Accueil\",\"item\":\"https:\/\/www.africa-press.net\/cameroun\/\"},{\"@type\":\"ListItem\",\"position\":2,\"name\":\"NOSO : un pr\u00e9fet demande aux chef traditionnels de constituer des groupes d\u2019autod\u00e9fense\"}]},{\"@type\":\"WebSite\",\"@id\":\"https:\/\/www.africa-press.net\/cameroun\/#website\",\"url\":\"https:\/\/www.africa-press.net\/cameroun\/\",\"name\":\"Cameroun\",\"description\":\"Just another Africa News Agency Sites site\",\"potentialAction\":[{\"@type\":\"SearchAction\",\"target\":{\"@type\":\"EntryPoint\",\"urlTemplate\":\"https:\/\/www.africa-press.net\/cameroun\/?s={search_term_string}\"},\"query-input\":{\"@type\":\"PropertyValueSpecification\",\"valueRequired\":true,\"valueName\":\"search_term_string\"}}],\"inLanguage\":\"fr-FR\"},{\"@type\":\"Person\",\"@id\":\"https:\/\/www.africa-press.net\/cameroun\/#\/schema\/person\/2b1cf3cd81a31e3cd26889ca66d677f1\",\"name\":\"cfeditorfr\"}]}<\/script>\n<!-- \/ Yoast SEO Premium plugin. -->","yoast_head_json":{"title":"NOSO : un pr\u00e9fet demande aux chef traditionnels de constituer des groupes d\u2019autod\u00e9fense - Cameroun","description":"L'inse\u0301curite\u0301 et les menaces se\u0301paratistes dans la plupart des villages de Nkambe, dans le de\u0301partement de Dongang Matu ...","robots":{"index":"index","follow":"follow","max-snippet":"max-snippet:-1","max-image-preview":"max-image-preview:large","max-video-preview":"max-video-preview:-1"},"canonical":"https:\/\/www.africa-press.net\/cameroun\/politique\/noso-un-prefet-demande-aux-chef-traditionnels-de-constituer-des-groupes-dautodefense","og_locale":"fr_FR","og_type":"article","og_title":"NOSO : un pr\u00e9fet demande aux chef traditionnels de constituer des groupes d\u2019autod\u00e9fense","og_description":"L'inse\u0301curite\u0301 et les menaces se\u0301paratistes dans la plupart des villages de Nkambe, dans le de\u0301partement de Dongang Matu ...","og_url":"https:\/\/www.africa-press.net\/cameroun\/politique\/noso-un-prefet-demande-aux-chef-traditionnels-de-constituer-des-groupes-dautodefense","og_site_name":"Cameroun","article_published_time":"2023-03-07T12:31:39+00:00","article_modified_time":"2023-03-07T13:17:42+00:00","og_image":[{"width":720,"height":438,"url":"https:\/\/static.africa-press.net\/cameroun\/sites\/57\/2023\/03\/postQueueImg_1678179703.29.jpg","type":"image\/jpeg"}],"author":"cfeditorfr","twitter_card":"summary_large_image","twitter_misc":{"\u00c9crit par":"cfeditorfr","Dur\u00e9e de lecture estim\u00e9e":"2 minutes"},"schema":{"@context":"https:\/\/schema.org","@graph":[{"@type":"Article","@id":"https:\/\/www.africa-press.net\/cameroun\/politique\/noso-un-prefet-demande-aux-chef-traditionnels-de-constituer-des-groupes-dautodefense#article","isPartOf":{"@id":"https:\/\/www.africa-press.net\/cameroun\/politique\/noso-un-prefet-demande-aux-chef-traditionnels-de-constituer-des-groupes-dautodefense"},"author":{"name":"cfeditorfr","@id":"https:\/\/www.africa-press.net\/cameroun\/#\/schema\/person\/2b1cf3cd81a31e3cd26889ca66d677f1"},"headline":"NOSO : un pr\u00e9fet demande aux chef traditionnels de constituer des groupes d\u2019autod\u00e9fense","datePublished":"2023-03-07T12:31:39+00:00","dateModified":"2023-03-07T13:17:42+00:00","mainEntityOfPage":{"@id":"https:\/\/www.africa-press.net\/cameroun\/politique\/noso-un-prefet-demande-aux-chef-traditionnels-de-constituer-des-groupes-dautodefense"},"wordCount":399,"commentCount":0,"image":{"@id":"https:\/\/www.africa-press.net\/cameroun\/politique\/noso-un-prefet-demande-aux-chef-traditionnels-de-constituer-des-groupes-dautodefense#primaryimage"},"thumbnailUrl":"https:\/\/static.africa-press.net\/cameroun\/sites\/57\/2023\/03\/postQueueImg_1678179703.29.jpg","keywords":["Africa Press","Africa Press-Cameroun","Cameroun"],"articleSection":["Politique","Toutes les actualit\u00e9s"],"inLanguage":"fr-FR","potentialAction":[{"@type":"CommentAction","name":"Comment","target":["https:\/\/www.africa-press.net\/cameroun\/politique\/noso-un-prefet-demande-aux-chef-traditionnels-de-constituer-des-groupes-dautodefense#respond"]}]},{"@type":"WebPage","@id":"https:\/\/www.africa-press.net\/cameroun\/politique\/noso-un-prefet-demande-aux-chef-traditionnels-de-constituer-des-groupes-dautodefense","url":"https:\/\/www.africa-press.net\/cameroun\/politique\/noso-un-prefet-demande-aux-chef-traditionnels-de-constituer-des-groupes-dautodefense","name":"NOSO : un pr\u00e9fet demande aux chef traditionnels de constituer des groupes d\u2019autod\u00e9fense - Cameroun","isPartOf":{"@id":"https:\/\/www.africa-press.net\/cameroun\/#website"},"primaryImageOfPage":{"@id":"https:\/\/www.africa-press.net\/cameroun\/politique\/noso-un-prefet-demande-aux-chef-traditionnels-de-constituer-des-groupes-dautodefense#primaryimage"},"image":{"@id":"https:\/\/www.africa-press.net\/cameroun\/politique\/noso-un-prefet-demande-aux-chef-traditionnels-de-constituer-des-groupes-dautodefense#primaryimage"},"thumbnailUrl":"https:\/\/static.africa-press.net\/cameroun\/sites\/57\/2023\/03\/postQueueImg_1678179703.29.jpg","datePublished":"2023-03-07T12:31:39+00:00","dateModified":"2023-03-07T13:17:42+00:00","author":{"@id":"https:\/\/www.africa-press.net\/cameroun\/#\/schema\/person\/2b1cf3cd81a31e3cd26889ca66d677f1"},"description":"L'inse\u0301curite\u0301 et les menaces se\u0301paratistes dans la plupart des villages de Nkambe, dans le de\u0301partement de Dongang Matu ...","breadcrumb":{"@id":"https:\/\/www.africa-press.net\/cameroun\/politique\/noso-un-prefet-demande-aux-chef-traditionnels-de-constituer-des-groupes-dautodefense#breadcrumb"},"inLanguage":"fr-FR","potentialAction":[{"@type":"ReadAction","target":["https:\/\/www.africa-press.net\/cameroun\/politique\/noso-un-prefet-demande-aux-chef-traditionnels-de-constituer-des-groupes-dautodefense"]}]},{"@type":"ImageObject","inLanguage":"fr-FR","@id":"https:\/\/www.africa-press.net\/cameroun\/politique\/noso-un-prefet-demande-aux-chef-traditionnels-de-constituer-des-groupes-dautodefense#primaryimage","url":"https:\/\/static.africa-press.net\/cameroun\/sites\/57\/2023\/03\/postQueueImg_1678179703.29.jpg","contentUrl":"https:\/\/static.africa-press.net\/cameroun\/sites\/57\/2023\/03\/postQueueImg_1678179703.29.jpg","width":720,"height":438,"caption":"NOSO : un pr\u00e9fet demande aux chef traditionnels de constituer des groupes d\u2019autod\u00e9fense"},{"@type":"BreadcrumbList","@id":"https:\/\/www.africa-press.net\/cameroun\/politique\/noso-un-prefet-demande-aux-chef-traditionnels-de-constituer-des-groupes-dautodefense#breadcrumb","itemListElement":[{"@type":"ListItem","position":1,"name":"Accueil","item":"https:\/\/www.africa-press.net\/cameroun\/"},{"@type":"ListItem","position":2,"name":"NOSO : un pr\u00e9fet demande aux chef traditionnels de constituer des groupes d\u2019autod\u00e9fense"}]},{"@type":"WebSite","@id":"https:\/\/www.africa-press.net\/cameroun\/#website","url":"https:\/\/www.africa-press.net\/cameroun\/","name":"Cameroun","description":"Just another Africa News Agency Sites site","potentialAction":[{"@type":"SearchAction","target":{"@type":"EntryPoint","urlTemplate":"https:\/\/www.africa-press.net\/cameroun\/?s={search_term_string}"},"query-input":{"@type":"PropertyValueSpecification","valueRequired":true,"valueName":"search_term_string"}}],"inLanguage":"fr-FR"},{"@type":"Person","@id":"https:\/\/www.africa-press.net\/cameroun\/#\/schema\/person\/2b1cf3cd81a31e3cd26889ca66d677f1","name":"cfeditorfr"}]}},"_links":{"self":[{"href":"https:\/\/www.africa-press.net\/cameroun\/wp-json\/wp\/v2\/posts\/38495","targetHints":{"allow":["GET"]}}],"collection":[{"href":"https:\/\/www.africa-press.net\/cameroun\/wp-json\/wp\/v2\/posts"}],"about":[{"href":"https:\/\/www.africa-press.net\/cameroun\/wp-json\/wp\/v2\/types\/post"}],"author":[{"embeddable":true,"href":"https:\/\/www.africa-press.net\/cameroun\/wp-json\/wp\/v2\/users\/82"}],"replies":[{"embeddable":true,"href":"https:\/\/www.africa-press.net\/cameroun\/wp-json\/wp\/v2\/comments?post=38495"}],"version-history":[{"count":0,"href":"https:\/\/www.africa-press.net\/cameroun\/wp-json\/wp\/v2\/posts\/38495\/revisions"}],"wp:featuredmedia":[{"embeddable":true,"href":"https:\/\/www.africa-press.net\/cameroun\/wp-json\/wp\/v2\/media\/38493"}],"wp:attachment":[{"href":"https:\/\/www.africa-press.net\/cameroun\/wp-json\/wp\/v2\/media?parent=38495"}],"wp:term":[{"taxonomy":"category","embeddable":true,"href":"https:\/\/www.africa-press.net\/cameroun\/wp-json\/wp\/v2\/categories?post=38495"},{"taxonomy":"post_tag","embeddable":true,"href":"https:\/\/www.africa-press.net\/cameroun\/wp-json\/wp\/v2\/tags?post=38495"}],"curies":[{"name":"wp","href":"https:\/\/api.w.org\/{rel}","templated":true}]}}