{"id":38496,"date":"2023-03-07T12:34:05","date_gmt":"2023-03-07T12:34:05","guid":{"rendered":"https:\/\/www.africa-press.net\/cameroun\/politique\/cameroun-guinee-equatoriale-le-ministre-alamine-ousmane-mey-recu-a-malabo"},"modified":"2023-03-07T13:21:52","modified_gmt":"2023-03-07T13:21:52","slug":"cameroun-guinee-equatoriale-le-ministre-alamine-ousmane-mey-recu-a-malabo","status":"publish","type":"post","link":"https:\/\/www.africa-press.net\/cameroun\/politique\/cameroun-guinee-equatoriale-le-ministre-alamine-ousmane-mey-recu-a-malabo","title":{"rendered":"Cameroun-Guin\u00e9e Equatoriale : le ministre Alamine Ousmane Mey re\u00e7u \u00e0 Malabo"},"content":{"rendered":"<p><span style=\"color: #ff6600\"><strong>Africa-Press &#8211; Cameroun. <\/strong><\/span>Le chef de l\u2019Etat e\u0301quato-guine\u0301en Teodoro Obiang Nguema a rec\u0327u en audience ce lundi 6 mars 2023, le ministre camerounais Alamine Ousmane Mey.<\/p>\n<p>Le ministre camerounais de l\u2019Economie et de la Planification et de l\u2019Ame\u0301nagement du territoire e\u0301tait porteur d\u2019un pli ferme\u0301. Le membre du gouvernement l\u2019a remis au pre\u0301sident Obiang Nguema Mbasogo, au cours d\u2019un entretien au palais du peuple de Malabo. Le message transmis au chef de l\u2019Etat confirme les liens d\u2019amitie\u0301 entre les deux pays.<\/p>\n<p>Au sortir de cette audience, l\u2019e\u0301missaire camerounais, qui a de\u0301crit le contenu de ce message de \u00ab totalement exclusif \u00bb a explique\u0301 devant la presse : \u00ab Je suis porteur d\u2019un message confidentiel que mon pre\u0301sident adresse a\u0300 son homologue e\u0301quato-guine\u0301en. C\u2019est une tradition entre les deux chefs d\u2019Etat d\u2019e\u0301changer dans divers secteurs qui touchent leurs deux Etats en particulier et les pays de la sous-re\u0301gion Afrique centrale en ge\u0301ne\u0301ral \u00bb, a-t-il pre\u0301cise\u0301.<\/p>\n<p>Pour sa part, le pre\u0301sident Obiang Nguema Mbasogo a exprime\u0301 sa satisfaction de la lettre rec\u0327ue, qui contient des enjeux d\u2019une importance entre les deux pays. Notons que, le Cameroun et la Guine\u0301e Equatoriale, pays voisins, partagent des relations d\u2019amitie\u0301 et appartiennent tous deux, a\u0300 la Communaute\u0301 e\u0301conomique et mone\u0301taire de l\u2019Afrique centrale (Cemac), dont le sommet ordinaire aura lieu a\u0300 Yaounde\u0301 au Cameroun le 17 mars prochain.<\/p>\n<p><strong>Pour plus d&rsquo;informations et d&rsquo;analyses sur la <a href=\"https:\/\/www.africa-press.net\/cameroun\">Cameroun<\/a>, suivez <a href=\"https:\/\/www.africa-press.net\/\">Africa-Press<\/a><\/strong><\/p>\n","protected":false},"excerpt":{"rendered":"<p>Africa-Press &#8211; Cameroun. Le chef de l\u2019Etat e\u0301quato-guine\u0301en Teodoro Obiang Nguema a rec\u0327u en audience ce lundi 6 mars 2023, le ministre camerounais Alamine Ousmane Mey. Le ministre camerounais de l\u2019Economie et de la Planification et de l\u2019Ame\u0301nagement du territoire e\u0301tait porteur d\u2019un pli ferme\u0301. Le membre du gouvernement l\u2019a remis au pre\u0301sident Obiang Nguema [&hellip;]<\/p>\n","protected":false},"author":82,"featured_media":38494,"comment_status":"open","ping_status":"closed","sticky":false,"template":"","format":"standard","meta":{"footnotes":""},"categories":[2,10],"tags":[36,50,49],"class_list":["post-38496","post","type-post","status-publish","format-standard","has-post-thumbnail","hentry","category-politique","category-toutes-les-actualites","tag-africa-press","tag-africa-press-cameroun","tag-cameroun"],"yoast_head":"<!-- This site is optimized with the Yoast SEO Premium plugin v26.1 (Yoast SEO v27.0) - https:\/\/yoast.com\/product\/yoast-seo-premium-wordpress\/ -->\n<title>Cameroun-Guin\u00e9e Equatoriale : le ministre Alamine Ousmane Mey re\u00e7u \u00e0 Malabo - Cameroun<\/title>\n<meta name=\"description\" content=\"Le chef de l\u2019Etat e\u0301quato-guine\u0301en Teodoro Obiang Nguema a rec\u0327u en audience ce lundi 6 mars 2023, le ministre camerouna ...Le chef de l\u2019Etat e\u0301quato-guine\u0301en Teodoro Obiang Nguema a rec\u0327u en audience ce lundi 6 mars 2023, le ministre camerouna ...\" \/>\n<meta name=\"robots\" content=\"index, follow, max-snippet:-1, max-image-preview:large, max-video-preview:-1\" \/>\n<link rel=\"canonical\" href=\"https:\/\/www.africa-press.net\/cameroun\/politique\/cameroun-guinee-equatoriale-le-ministre-alamine-ousmane-mey-recu-a-malabo\" \/>\n<meta property=\"og:locale\" content=\"fr_FR\" \/>\n<meta property=\"og:type\" content=\"article\" \/>\n<meta property=\"og:title\" content=\"Cameroun-Guin\u00e9e Equatoriale : le ministre Alamine Ousmane Mey re\u00e7u \u00e0 Malabo\" \/>\n<meta property=\"og:description\" content=\"Le chef de l\u2019Etat e\u0301quato-guine\u0301en Teodoro Obiang Nguema a rec\u0327u en audience ce lundi 6 mars 2023, le ministre camerouna ...Le chef de l\u2019Etat e\u0301quato-guine\u0301en Teodoro Obiang Nguema a rec\u0327u en audience ce lundi 6 mars 2023, le ministre camerouna ...\" \/>\n<meta property=\"og:url\" content=\"https:\/\/www.africa-press.net\/cameroun\/politique\/cameroun-guinee-equatoriale-le-ministre-alamine-ousmane-mey-recu-a-malabo\" \/>\n<meta property=\"og:site_name\" content=\"Cameroun\" \/>\n<meta property=\"article:published_time\" content=\"2023-03-07T12:34:05+00:00\" \/>\n<meta property=\"article:modified_time\" content=\"2023-03-07T13:21:52+00:00\" \/>\n<meta property=\"og:image\" content=\"https:\/\/static.africa-press.net\/cameroun\/sites\/57\/2023\/03\/postQueueImg_1678179850.33.jpg\" \/>\n\t<meta property=\"og:image:width\" content=\"720\" \/>\n\t<meta property=\"og:image:height\" content=\"460\" \/>\n\t<meta property=\"og:image:type\" content=\"image\/jpeg\" \/>\n<meta name=\"author\" content=\"cfeditorfr\" \/>\n<meta name=\"twitter:card\" content=\"summary_large_image\" \/>\n<meta name=\"twitter:label1\" content=\"\u00c9crit par\" \/>\n\t<meta name=\"twitter:data1\" content=\"cfeditorfr\" \/>\n\t<meta name=\"twitter:label2\" content=\"Dur\u00e9e de lecture estim\u00e9e\" \/>\n\t<meta name=\"twitter:data2\" content=\"1 minute\" \/>\n<script type=\"application\/ld+json\" class=\"yoast-schema-graph\">{\"@context\":\"https:\/\/schema.org\",\"@graph\":[{\"@type\":\"Article\",\"@id\":\"https:\/\/www.africa-press.net\/cameroun\/politique\/cameroun-guinee-equatoriale-le-ministre-alamine-ousmane-mey-recu-a-malabo#article\",\"isPartOf\":{\"@id\":\"https:\/\/www.africa-press.net\/cameroun\/politique\/cameroun-guinee-equatoriale-le-ministre-alamine-ousmane-mey-recu-a-malabo\"},\"author\":{\"name\":\"cfeditorfr\",\"@id\":\"https:\/\/www.africa-press.net\/cameroun\/#\/schema\/person\/2b1cf3cd81a31e3cd26889ca66d677f1\"},\"headline\":\"Cameroun-Guin\u00e9e Equatoriale : le ministre Alamine Ousmane Mey re\u00e7u \u00e0 Malabo\",\"datePublished\":\"2023-03-07T12:34:05+00:00\",\"dateModified\":\"2023-03-07T13:21:52+00:00\",\"mainEntityOfPage\":{\"@id\":\"https:\/\/www.africa-press.net\/cameroun\/politique\/cameroun-guinee-equatoriale-le-ministre-alamine-ousmane-mey-recu-a-malabo\"},\"wordCount\":274,\"commentCount\":0,\"image\":{\"@id\":\"https:\/\/www.africa-press.net\/cameroun\/politique\/cameroun-guinee-equatoriale-le-ministre-alamine-ousmane-mey-recu-a-malabo#primaryimage\"},\"thumbnailUrl\":\"https:\/\/static.africa-press.net\/cameroun\/sites\/57\/2023\/03\/postQueueImg_1678179850.33.jpg\",\"keywords\":[\"Africa Press\",\"Africa Press-Cameroun\",\"Cameroun\"],\"articleSection\":[\"Politique\",\"Toutes les actualit\u00e9s\"],\"inLanguage\":\"fr-FR\",\"potentialAction\":[{\"@type\":\"CommentAction\",\"name\":\"Comment\",\"target\":[\"https:\/\/www.africa-press.net\/cameroun\/politique\/cameroun-guinee-equatoriale-le-ministre-alamine-ousmane-mey-recu-a-malabo#respond\"]}]},{\"@type\":\"WebPage\",\"@id\":\"https:\/\/www.africa-press.net\/cameroun\/politique\/cameroun-guinee-equatoriale-le-ministre-alamine-ousmane-mey-recu-a-malabo\",\"url\":\"https:\/\/www.africa-press.net\/cameroun\/politique\/cameroun-guinee-equatoriale-le-ministre-alamine-ousmane-mey-recu-a-malabo\",\"name\":\"Cameroun-Guin\u00e9e Equatoriale : le ministre Alamine Ousmane Mey re\u00e7u \u00e0 Malabo - Cameroun\",\"isPartOf\":{\"@id\":\"https:\/\/www.africa-press.net\/cameroun\/#website\"},\"primaryImageOfPage\":{\"@id\":\"https:\/\/www.africa-press.net\/cameroun\/politique\/cameroun-guinee-equatoriale-le-ministre-alamine-ousmane-mey-recu-a-malabo#primaryimage\"},\"image\":{\"@id\":\"https:\/\/www.africa-press.net\/cameroun\/politique\/cameroun-guinee-equatoriale-le-ministre-alamine-ousmane-mey-recu-a-malabo#primaryimage\"},\"thumbnailUrl\":\"https:\/\/static.africa-press.net\/cameroun\/sites\/57\/2023\/03\/postQueueImg_1678179850.33.jpg\",\"datePublished\":\"2023-03-07T12:34:05+00:00\",\"dateModified\":\"2023-03-07T13:21:52+00:00\",\"author\":{\"@id\":\"https:\/\/www.africa-press.net\/cameroun\/#\/schema\/person\/2b1cf3cd81a31e3cd26889ca66d677f1\"},\"description\":\"Le chef de l\u2019Etat e\u0301quato-guine\u0301en Teodoro Obiang Nguema a rec\u0327u en audience ce lundi 6 mars 2023, le ministre camerouna ...Le chef de l\u2019Etat e\u0301quato-guine\u0301en Teodoro Obiang Nguema a rec\u0327u en audience ce lundi 6 mars 2023, le ministre camerouna ...\",\"breadcrumb\":{\"@id\":\"https:\/\/www.africa-press.net\/cameroun\/politique\/cameroun-guinee-equatoriale-le-ministre-alamine-ousmane-mey-recu-a-malabo#breadcrumb\"},\"inLanguage\":\"fr-FR\",\"potentialAction\":[{\"@type\":\"ReadAction\",\"target\":[\"https:\/\/www.africa-press.net\/cameroun\/politique\/cameroun-guinee-equatoriale-le-ministre-alamine-ousmane-mey-recu-a-malabo\"]}]},{\"@type\":\"ImageObject\",\"inLanguage\":\"fr-FR\",\"@id\":\"https:\/\/www.africa-press.net\/cameroun\/politique\/cameroun-guinee-equatoriale-le-ministre-alamine-ousmane-mey-recu-a-malabo#primaryimage\",\"url\":\"https:\/\/static.africa-press.net\/cameroun\/sites\/57\/2023\/03\/postQueueImg_1678179850.33.jpg\",\"contentUrl\":\"https:\/\/static.africa-press.net\/cameroun\/sites\/57\/2023\/03\/postQueueImg_1678179850.33.jpg\",\"width\":720,\"height\":460,\"caption\":\"Cameroun-Guin\u00e9e Equatoriale : le ministre Alamine Ousmane Mey re\u00e7u \u00e0 Malabo\"},{\"@type\":\"BreadcrumbList\",\"@id\":\"https:\/\/www.africa-press.net\/cameroun\/politique\/cameroun-guinee-equatoriale-le-ministre-alamine-ousmane-mey-recu-a-malabo#breadcrumb\",\"itemListElement\":[{\"@type\":\"ListItem\",\"position\":1,\"name\":\"Accueil\",\"item\":\"https:\/\/www.africa-press.net\/cameroun\/\"},{\"@type\":\"ListItem\",\"position\":2,\"name\":\"Cameroun-Guin\u00e9e Equatoriale : le ministre Alamine Ousmane Mey re\u00e7u \u00e0 Malabo\"}]},{\"@type\":\"WebSite\",\"@id\":\"https:\/\/www.africa-press.net\/cameroun\/#website\",\"url\":\"https:\/\/www.africa-press.net\/cameroun\/\",\"name\":\"Cameroun\",\"description\":\"Just another Africa News Agency Sites site\",\"potentialAction\":[{\"@type\":\"SearchAction\",\"target\":{\"@type\":\"EntryPoint\",\"urlTemplate\":\"https:\/\/www.africa-press.net\/cameroun\/?s={search_term_string}\"},\"query-input\":{\"@type\":\"PropertyValueSpecification\",\"valueRequired\":true,\"valueName\":\"search_term_string\"}}],\"inLanguage\":\"fr-FR\"},{\"@type\":\"Person\",\"@id\":\"https:\/\/www.africa-press.net\/cameroun\/#\/schema\/person\/2b1cf3cd81a31e3cd26889ca66d677f1\",\"name\":\"cfeditorfr\"}]}<\/script>\n<!-- \/ Yoast SEO Premium plugin. -->","yoast_head_json":{"title":"Cameroun-Guin\u00e9e Equatoriale : le ministre Alamine Ousmane Mey re\u00e7u \u00e0 Malabo - Cameroun","description":"Le chef de l\u2019Etat e\u0301quato-guine\u0301en Teodoro Obiang Nguema a rec\u0327u en audience ce lundi 6 mars 2023, le ministre camerouna ...Le chef de l\u2019Etat e\u0301quato-guine\u0301en Teodoro Obiang Nguema a rec\u0327u en audience ce lundi 6 mars 2023, le ministre camerouna ...","robots":{"index":"index","follow":"follow","max-snippet":"max-snippet:-1","max-image-preview":"max-image-preview:large","max-video-preview":"max-video-preview:-1"},"canonical":"https:\/\/www.africa-press.net\/cameroun\/politique\/cameroun-guinee-equatoriale-le-ministre-alamine-ousmane-mey-recu-a-malabo","og_locale":"fr_FR","og_type":"article","og_title":"Cameroun-Guin\u00e9e Equatoriale : le ministre Alamine Ousmane Mey re\u00e7u \u00e0 Malabo","og_description":"Le chef de l\u2019Etat e\u0301quato-guine\u0301en Teodoro Obiang Nguema a rec\u0327u en audience ce lundi 6 mars 2023, le ministre camerouna ...Le chef de l\u2019Etat e\u0301quato-guine\u0301en Teodoro Obiang Nguema a rec\u0327u en audience ce lundi 6 mars 2023, le ministre camerouna ...","og_url":"https:\/\/www.africa-press.net\/cameroun\/politique\/cameroun-guinee-equatoriale-le-ministre-alamine-ousmane-mey-recu-a-malabo","og_site_name":"Cameroun","article_published_time":"2023-03-07T12:34:05+00:00","article_modified_time":"2023-03-07T13:21:52+00:00","og_image":[{"width":720,"height":460,"url":"https:\/\/static.africa-press.net\/cameroun\/sites\/57\/2023\/03\/postQueueImg_1678179850.33.jpg","type":"image\/jpeg"}],"author":"cfeditorfr","twitter_card":"summary_large_image","twitter_misc":{"\u00c9crit par":"cfeditorfr","Dur\u00e9e de lecture estim\u00e9e":"1 minute"},"schema":{"@context":"https:\/\/schema.org","@graph":[{"@type":"Article","@id":"https:\/\/www.africa-press.net\/cameroun\/politique\/cameroun-guinee-equatoriale-le-ministre-alamine-ousmane-mey-recu-a-malabo#article","isPartOf":{"@id":"https:\/\/www.africa-press.net\/cameroun\/politique\/cameroun-guinee-equatoriale-le-ministre-alamine-ousmane-mey-recu-a-malabo"},"author":{"name":"cfeditorfr","@id":"https:\/\/www.africa-press.net\/cameroun\/#\/schema\/person\/2b1cf3cd81a31e3cd26889ca66d677f1"},"headline":"Cameroun-Guin\u00e9e Equatoriale : le ministre Alamine Ousmane Mey re\u00e7u \u00e0 Malabo","datePublished":"2023-03-07T12:34:05+00:00","dateModified":"2023-03-07T13:21:52+00:00","mainEntityOfPage":{"@id":"https:\/\/www.africa-press.net\/cameroun\/politique\/cameroun-guinee-equatoriale-le-ministre-alamine-ousmane-mey-recu-a-malabo"},"wordCount":274,"commentCount":0,"image":{"@id":"https:\/\/www.africa-press.net\/cameroun\/politique\/cameroun-guinee-equatoriale-le-ministre-alamine-ousmane-mey-recu-a-malabo#primaryimage"},"thumbnailUrl":"https:\/\/static.africa-press.net\/cameroun\/sites\/57\/2023\/03\/postQueueImg_1678179850.33.jpg","keywords":["Africa Press","Africa Press-Cameroun","Cameroun"],"articleSection":["Politique","Toutes les actualit\u00e9s"],"inLanguage":"fr-FR","potentialAction":[{"@type":"CommentAction","name":"Comment","target":["https:\/\/www.africa-press.net\/cameroun\/politique\/cameroun-guinee-equatoriale-le-ministre-alamine-ousmane-mey-recu-a-malabo#respond"]}]},{"@type":"WebPage","@id":"https:\/\/www.africa-press.net\/cameroun\/politique\/cameroun-guinee-equatoriale-le-ministre-alamine-ousmane-mey-recu-a-malabo","url":"https:\/\/www.africa-press.net\/cameroun\/politique\/cameroun-guinee-equatoriale-le-ministre-alamine-ousmane-mey-recu-a-malabo","name":"Cameroun-Guin\u00e9e Equatoriale : le ministre Alamine Ousmane Mey re\u00e7u \u00e0 Malabo - Cameroun","isPartOf":{"@id":"https:\/\/www.africa-press.net\/cameroun\/#website"},"primaryImageOfPage":{"@id":"https:\/\/www.africa-press.net\/cameroun\/politique\/cameroun-guinee-equatoriale-le-ministre-alamine-ousmane-mey-recu-a-malabo#primaryimage"},"image":{"@id":"https:\/\/www.africa-press.net\/cameroun\/politique\/cameroun-guinee-equatoriale-le-ministre-alamine-ousmane-mey-recu-a-malabo#primaryimage"},"thumbnailUrl":"https:\/\/static.africa-press.net\/cameroun\/sites\/57\/2023\/03\/postQueueImg_1678179850.33.jpg","datePublished":"2023-03-07T12:34:05+00:00","dateModified":"2023-03-07T13:21:52+00:00","author":{"@id":"https:\/\/www.africa-press.net\/cameroun\/#\/schema\/person\/2b1cf3cd81a31e3cd26889ca66d677f1"},"description":"Le chef de l\u2019Etat e\u0301quato-guine\u0301en Teodoro Obiang Nguema a rec\u0327u en audience ce lundi 6 mars 2023, le ministre camerouna ...Le chef de l\u2019Etat e\u0301quato-guine\u0301en Teodoro Obiang Nguema a rec\u0327u en audience ce lundi 6 mars 2023, le ministre camerouna ...","breadcrumb":{"@id":"https:\/\/www.africa-press.net\/cameroun\/politique\/cameroun-guinee-equatoriale-le-ministre-alamine-ousmane-mey-recu-a-malabo#breadcrumb"},"inLanguage":"fr-FR","potentialAction":[{"@type":"ReadAction","target":["https:\/\/www.africa-press.net\/cameroun\/politique\/cameroun-guinee-equatoriale-le-ministre-alamine-ousmane-mey-recu-a-malabo"]}]},{"@type":"ImageObject","inLanguage":"fr-FR","@id":"https:\/\/www.africa-press.net\/cameroun\/politique\/cameroun-guinee-equatoriale-le-ministre-alamine-ousmane-mey-recu-a-malabo#primaryimage","url":"https:\/\/static.africa-press.net\/cameroun\/sites\/57\/2023\/03\/postQueueImg_1678179850.33.jpg","contentUrl":"https:\/\/static.africa-press.net\/cameroun\/sites\/57\/2023\/03\/postQueueImg_1678179850.33.jpg","width":720,"height":460,"caption":"Cameroun-Guin\u00e9e Equatoriale : le ministre Alamine Ousmane Mey re\u00e7u \u00e0 Malabo"},{"@type":"BreadcrumbList","@id":"https:\/\/www.africa-press.net\/cameroun\/politique\/cameroun-guinee-equatoriale-le-ministre-alamine-ousmane-mey-recu-a-malabo#breadcrumb","itemListElement":[{"@type":"ListItem","position":1,"name":"Accueil","item":"https:\/\/www.africa-press.net\/cameroun\/"},{"@type":"ListItem","position":2,"name":"Cameroun-Guin\u00e9e Equatoriale : le ministre Alamine Ousmane Mey re\u00e7u \u00e0 Malabo"}]},{"@type":"WebSite","@id":"https:\/\/www.africa-press.net\/cameroun\/#website","url":"https:\/\/www.africa-press.net\/cameroun\/","name":"Cameroun","description":"Just another Africa News Agency Sites site","potentialAction":[{"@type":"SearchAction","target":{"@type":"EntryPoint","urlTemplate":"https:\/\/www.africa-press.net\/cameroun\/?s={search_term_string}"},"query-input":{"@type":"PropertyValueSpecification","valueRequired":true,"valueName":"search_term_string"}}],"inLanguage":"fr-FR"},{"@type":"Person","@id":"https:\/\/www.africa-press.net\/cameroun\/#\/schema\/person\/2b1cf3cd81a31e3cd26889ca66d677f1","name":"cfeditorfr"}]}},"_links":{"self":[{"href":"https:\/\/www.africa-press.net\/cameroun\/wp-json\/wp\/v2\/posts\/38496","targetHints":{"allow":["GET"]}}],"collection":[{"href":"https:\/\/www.africa-press.net\/cameroun\/wp-json\/wp\/v2\/posts"}],"about":[{"href":"https:\/\/www.africa-press.net\/cameroun\/wp-json\/wp\/v2\/types\/post"}],"author":[{"embeddable":true,"href":"https:\/\/www.africa-press.net\/cameroun\/wp-json\/wp\/v2\/users\/82"}],"replies":[{"embeddable":true,"href":"https:\/\/www.africa-press.net\/cameroun\/wp-json\/wp\/v2\/comments?post=38496"}],"version-history":[{"count":0,"href":"https:\/\/www.africa-press.net\/cameroun\/wp-json\/wp\/v2\/posts\/38496\/revisions"}],"wp:featuredmedia":[{"embeddable":true,"href":"https:\/\/www.africa-press.net\/cameroun\/wp-json\/wp\/v2\/media\/38494"}],"wp:attachment":[{"href":"https:\/\/www.africa-press.net\/cameroun\/wp-json\/wp\/v2\/media?parent=38496"}],"wp:term":[{"taxonomy":"category","embeddable":true,"href":"https:\/\/www.africa-press.net\/cameroun\/wp-json\/wp\/v2\/categories?post=38496"},{"taxonomy":"post_tag","embeddable":true,"href":"https:\/\/www.africa-press.net\/cameroun\/wp-json\/wp\/v2\/tags?post=38496"}],"curies":[{"name":"wp","href":"https:\/\/api.w.org\/{rel}","templated":true}]}}