{"id":38499,"date":"2023-03-07T12:31:49","date_gmt":"2023-03-07T12:31:49","guid":{"rendered":"https:\/\/www.africa-press.net\/cameroun\/politique\/france-cameroun-le-travail-de-memoire-sannonce-complique"},"modified":"2023-03-07T13:18:24","modified_gmt":"2023-03-07T13:18:24","slug":"france-cameroun-le-travail-de-memoire-sannonce-complique","status":"publish","type":"post","link":"https:\/\/www.africa-press.net\/cameroun\/dossiers\/france-cameroun-le-travail-de-memoire-sannonce-complique","title":{"rendered":"France \u2013Cameroun : le travail de m\u00e9moire s\u2019annonce compliqu\u00e9"},"content":{"rendered":"<p><span style=\"color: #ff6600\"><strong>Africa-Press &#8211; Cameroun. <\/strong><\/span>Dans un article, Jeune Afrique est revenu en de\u0301tail sur le travail de me\u0301moire qui devrait s\u2019effectue\u0301 entre la France et le Cameroun et dont les pre\u0301mices sont de\u0301ja\u0300 pose\u0301s. Pour le Magazine panafricain, il s\u2019agit d\u2019un travail de\u0301licat.<\/p>\n<p>Jeune Afrique rappele\u0301 que le 3 mars dernier a\u0300 Yaounde\u0301, la commission mixte franco-camerounaise a officiellement commence\u0301 ses travaux. \u00ab Charge\u0301e de documenter la de\u0301colonisation du Cameroun et la re\u0301pression sanglante mene\u0301e par la France, elle comporte un volet de recherche dirige\u0301 par Karine Ramondy, et un volet artistique pris en charge par Blick Bassy \u00bb.<\/p>\n<p>L\u2019objectif de cette commission est assez clair. \u00ab Faire la lumie\u0300re sur un pan d\u2019histoire sanglant, longtemps tu et me\u0301connu : une commission de chercheurs franc\u0327ais et camerounais entame ses recherches sur le ro\u0302le de la France pendant la colonisation et apre\u0300s l\u2019inde\u0301pendance de ce pays d\u2019Afrique centrale, travail me\u0301moriel en terrain mine\u0301 \u00bb, rappelle Jeune Afrique.<\/p>\n<p>\u00ab La de\u0301colonisation du Cameroun et la re\u0301pression sanglante mene\u0301e par la France, qualifie\u0301e de \u00ab guerre \u00bb par certains chercheurs, \u00ab a tre\u0300s peu de visibilite\u0301, notamment en France, ou\u0300 elle n\u2019est pas enseigne\u0301e dans les programmes scolaires, contrairement a\u0300 la guerre d\u2019Alge\u0301rie \u00bb, a souligne\u0301 la chercheure. \u00ab Ce sera l\u2019un des enjeux de la commission, rendre visible \u00bb ce pan d\u2019histoire, a-t-elle ajoute\u0301.Outre l\u2019acce\u0300s aux archives, promis par Paris, la commission se penchera sur la France \u00ab au sens large : pouvoir civil, militaire, e\u0301conomique, colons \u00bb, a-t-elle encore explique\u0301. Au Cameroun, Blick Bassy s\u2019occupera de re\u0301colter les te\u0301moignages oraux. \u00ab Je ne vais pas travailler avec les historiens, mais pluto\u0302t avec les associations et les gens sur le terrain \u00bb, a-t-il explique\u0301 insistant sur l\u2019 \u00ab aspect ine\u0301dit de ce volet patrimonial et culture \u00bb, pre\u0301cise Jeune Afrique.<\/p>\n<p>L\u2019on indique par ailleurs pour plusieurs raisons que le travail de me\u0301moire de la Commission s\u2019annonce d\u2019ores et de\u0301ja\u0300 complique\u0301.<\/p>\n<p><strong>Pour plus d&rsquo;informations et d&rsquo;analyses sur la <a href=\"https:\/\/www.africa-press.net\/cameroun\">Cameroun<\/a>, suivez <a href=\"https:\/\/www.africa-press.net\/\">Africa-Press<\/a><\/strong><\/p>\n","protected":false},"excerpt":{"rendered":"<p>Africa-Press &#8211; Cameroun. Dans un article, Jeune Afrique est revenu en de\u0301tail sur le travail de me\u0301moire qui devrait s\u2019effectue\u0301 entre la France et le Cameroun et dont les pre\u0301mices sont de\u0301ja\u0300 pose\u0301s. Pour le Magazine panafricain, il s\u2019agit d\u2019un travail de\u0301licat. Jeune Afrique rappele\u0301 que le 3 mars dernier a\u0300 Yaounde\u0301, la commission mixte [&hellip;]<\/p>\n","protected":false},"author":82,"featured_media":38497,"comment_status":"open","ping_status":"closed","sticky":false,"template":"","format":"standard","meta":{"footnotes":""},"categories":[7,10],"tags":[36,50,49],"class_list":["post-38499","post","type-post","status-publish","format-standard","has-post-thumbnail","hentry","category-dossiers","category-toutes-les-actualites","tag-africa-press","tag-africa-press-cameroun","tag-cameroun"],"yoast_head":"<!-- This site is optimized with the Yoast SEO Premium plugin v26.1 (Yoast SEO v27.0) - https:\/\/yoast.com\/product\/yoast-seo-premium-wordpress\/ -->\n<title>France \u2013Cameroun : le travail de m\u00e9moire s\u2019annonce compliqu\u00e9 - Cameroun<\/title>\n<meta name=\"description\" content=\"Dans un article, Jeune Afrique est revenu en de\u0301tail sur le travail de me\u0301moire qui devrait s\u2019effectue\u0301 entre la France ...\" \/>\n<meta name=\"robots\" content=\"index, follow, max-snippet:-1, max-image-preview:large, max-video-preview:-1\" \/>\n<link rel=\"canonical\" href=\"https:\/\/www.africa-press.net\/cameroun\/dossiers\/france-cameroun-le-travail-de-memoire-sannonce-complique\" \/>\n<meta property=\"og:locale\" content=\"fr_FR\" \/>\n<meta property=\"og:type\" content=\"article\" \/>\n<meta property=\"og:title\" content=\"France \u2013Cameroun : le travail de m\u00e9moire s\u2019annonce compliqu\u00e9\" \/>\n<meta property=\"og:description\" content=\"Dans un article, Jeune Afrique est revenu en de\u0301tail sur le travail de me\u0301moire qui devrait s\u2019effectue\u0301 entre la France ...\" \/>\n<meta property=\"og:url\" content=\"https:\/\/www.africa-press.net\/cameroun\/dossiers\/france-cameroun-le-travail-de-memoire-sannonce-complique\" \/>\n<meta property=\"og:site_name\" content=\"Cameroun\" \/>\n<meta property=\"article:published_time\" content=\"2023-03-07T12:31:49+00:00\" \/>\n<meta property=\"article:modified_time\" content=\"2023-03-07T13:18:24+00:00\" \/>\n<meta property=\"og:image\" content=\"https:\/\/static.africa-press.net\/cameroun\/sites\/57\/2023\/03\/postQueueImg_1678179714.01.jpg\" \/>\n\t<meta property=\"og:image:width\" content=\"720\" \/>\n\t<meta property=\"og:image:height\" content=\"480\" \/>\n\t<meta property=\"og:image:type\" content=\"image\/jpeg\" \/>\n<meta name=\"author\" content=\"cfeditorfr\" \/>\n<meta name=\"twitter:card\" content=\"summary_large_image\" \/>\n<meta name=\"twitter:label1\" content=\"\u00c9crit par\" \/>\n\t<meta name=\"twitter:data1\" content=\"cfeditorfr\" \/>\n\t<meta name=\"twitter:label2\" content=\"Dur\u00e9e de lecture estim\u00e9e\" \/>\n\t<meta name=\"twitter:data2\" content=\"2 minutes\" \/>\n<script type=\"application\/ld+json\" class=\"yoast-schema-graph\">{\"@context\":\"https:\/\/schema.org\",\"@graph\":[{\"@type\":\"Article\",\"@id\":\"https:\/\/www.africa-press.net\/cameroun\/dossiers\/france-cameroun-le-travail-de-memoire-sannonce-complique#article\",\"isPartOf\":{\"@id\":\"https:\/\/www.africa-press.net\/cameroun\/dossiers\/france-cameroun-le-travail-de-memoire-sannonce-complique\"},\"author\":{\"name\":\"cfeditorfr\",\"@id\":\"https:\/\/www.africa-press.net\/cameroun\/#\/schema\/person\/2b1cf3cd81a31e3cd26889ca66d677f1\"},\"headline\":\"France \u2013Cameroun : le travail de m\u00e9moire s\u2019annonce compliqu\u00e9\",\"datePublished\":\"2023-03-07T12:31:49+00:00\",\"dateModified\":\"2023-03-07T13:18:24+00:00\",\"mainEntityOfPage\":{\"@id\":\"https:\/\/www.africa-press.net\/cameroun\/dossiers\/france-cameroun-le-travail-de-memoire-sannonce-complique\"},\"wordCount\":369,\"commentCount\":0,\"image\":{\"@id\":\"https:\/\/www.africa-press.net\/cameroun\/dossiers\/france-cameroun-le-travail-de-memoire-sannonce-complique#primaryimage\"},\"thumbnailUrl\":\"https:\/\/static.africa-press.net\/cameroun\/sites\/57\/2023\/03\/postQueueImg_1678179714.01.jpg\",\"keywords\":[\"Africa Press\",\"Africa Press-Cameroun\",\"Cameroun\"],\"articleSection\":[\"Dossiers\",\"Toutes les actualit\u00e9s\"],\"inLanguage\":\"fr-FR\",\"potentialAction\":[{\"@type\":\"CommentAction\",\"name\":\"Comment\",\"target\":[\"https:\/\/www.africa-press.net\/cameroun\/dossiers\/france-cameroun-le-travail-de-memoire-sannonce-complique#respond\"]}]},{\"@type\":\"WebPage\",\"@id\":\"https:\/\/www.africa-press.net\/cameroun\/dossiers\/france-cameroun-le-travail-de-memoire-sannonce-complique\",\"url\":\"https:\/\/www.africa-press.net\/cameroun\/dossiers\/france-cameroun-le-travail-de-memoire-sannonce-complique\",\"name\":\"France \u2013Cameroun : le travail de m\u00e9moire s\u2019annonce compliqu\u00e9 - Cameroun\",\"isPartOf\":{\"@id\":\"https:\/\/www.africa-press.net\/cameroun\/#website\"},\"primaryImageOfPage\":{\"@id\":\"https:\/\/www.africa-press.net\/cameroun\/dossiers\/france-cameroun-le-travail-de-memoire-sannonce-complique#primaryimage\"},\"image\":{\"@id\":\"https:\/\/www.africa-press.net\/cameroun\/dossiers\/france-cameroun-le-travail-de-memoire-sannonce-complique#primaryimage\"},\"thumbnailUrl\":\"https:\/\/static.africa-press.net\/cameroun\/sites\/57\/2023\/03\/postQueueImg_1678179714.01.jpg\",\"datePublished\":\"2023-03-07T12:31:49+00:00\",\"dateModified\":\"2023-03-07T13:18:24+00:00\",\"author\":{\"@id\":\"https:\/\/www.africa-press.net\/cameroun\/#\/schema\/person\/2b1cf3cd81a31e3cd26889ca66d677f1\"},\"description\":\"Dans un article, Jeune Afrique est revenu en de\u0301tail sur le travail de me\u0301moire qui devrait s\u2019effectue\u0301 entre la France ...\",\"breadcrumb\":{\"@id\":\"https:\/\/www.africa-press.net\/cameroun\/dossiers\/france-cameroun-le-travail-de-memoire-sannonce-complique#breadcrumb\"},\"inLanguage\":\"fr-FR\",\"potentialAction\":[{\"@type\":\"ReadAction\",\"target\":[\"https:\/\/www.africa-press.net\/cameroun\/dossiers\/france-cameroun-le-travail-de-memoire-sannonce-complique\"]}]},{\"@type\":\"ImageObject\",\"inLanguage\":\"fr-FR\",\"@id\":\"https:\/\/www.africa-press.net\/cameroun\/dossiers\/france-cameroun-le-travail-de-memoire-sannonce-complique#primaryimage\",\"url\":\"https:\/\/static.africa-press.net\/cameroun\/sites\/57\/2023\/03\/postQueueImg_1678179714.01.jpg\",\"contentUrl\":\"https:\/\/static.africa-press.net\/cameroun\/sites\/57\/2023\/03\/postQueueImg_1678179714.01.jpg\",\"width\":720,\"height\":480,\"caption\":\"France \u2013Cameroun : le travail de m\u00e9moire s\u2019annonce compliqu\u00e9\"},{\"@type\":\"BreadcrumbList\",\"@id\":\"https:\/\/www.africa-press.net\/cameroun\/dossiers\/france-cameroun-le-travail-de-memoire-sannonce-complique#breadcrumb\",\"itemListElement\":[{\"@type\":\"ListItem\",\"position\":1,\"name\":\"Accueil\",\"item\":\"https:\/\/www.africa-press.net\/cameroun\/\"},{\"@type\":\"ListItem\",\"position\":2,\"name\":\"France \u2013Cameroun : le travail de m\u00e9moire s\u2019annonce compliqu\u00e9\"}]},{\"@type\":\"WebSite\",\"@id\":\"https:\/\/www.africa-press.net\/cameroun\/#website\",\"url\":\"https:\/\/www.africa-press.net\/cameroun\/\",\"name\":\"Cameroun\",\"description\":\"Just another Africa News Agency Sites site\",\"potentialAction\":[{\"@type\":\"SearchAction\",\"target\":{\"@type\":\"EntryPoint\",\"urlTemplate\":\"https:\/\/www.africa-press.net\/cameroun\/?s={search_term_string}\"},\"query-input\":{\"@type\":\"PropertyValueSpecification\",\"valueRequired\":true,\"valueName\":\"search_term_string\"}}],\"inLanguage\":\"fr-FR\"},{\"@type\":\"Person\",\"@id\":\"https:\/\/www.africa-press.net\/cameroun\/#\/schema\/person\/2b1cf3cd81a31e3cd26889ca66d677f1\",\"name\":\"cfeditorfr\"}]}<\/script>\n<!-- \/ Yoast SEO Premium plugin. -->","yoast_head_json":{"title":"France \u2013Cameroun : le travail de m\u00e9moire s\u2019annonce compliqu\u00e9 - Cameroun","description":"Dans un article, Jeune Afrique est revenu en de\u0301tail sur le travail de me\u0301moire qui devrait s\u2019effectue\u0301 entre la France ...","robots":{"index":"index","follow":"follow","max-snippet":"max-snippet:-1","max-image-preview":"max-image-preview:large","max-video-preview":"max-video-preview:-1"},"canonical":"https:\/\/www.africa-press.net\/cameroun\/dossiers\/france-cameroun-le-travail-de-memoire-sannonce-complique","og_locale":"fr_FR","og_type":"article","og_title":"France \u2013Cameroun : le travail de m\u00e9moire s\u2019annonce compliqu\u00e9","og_description":"Dans un article, Jeune Afrique est revenu en de\u0301tail sur le travail de me\u0301moire qui devrait s\u2019effectue\u0301 entre la France ...","og_url":"https:\/\/www.africa-press.net\/cameroun\/dossiers\/france-cameroun-le-travail-de-memoire-sannonce-complique","og_site_name":"Cameroun","article_published_time":"2023-03-07T12:31:49+00:00","article_modified_time":"2023-03-07T13:18:24+00:00","og_image":[{"width":720,"height":480,"url":"https:\/\/static.africa-press.net\/cameroun\/sites\/57\/2023\/03\/postQueueImg_1678179714.01.jpg","type":"image\/jpeg"}],"author":"cfeditorfr","twitter_card":"summary_large_image","twitter_misc":{"\u00c9crit par":"cfeditorfr","Dur\u00e9e de lecture estim\u00e9e":"2 minutes"},"schema":{"@context":"https:\/\/schema.org","@graph":[{"@type":"Article","@id":"https:\/\/www.africa-press.net\/cameroun\/dossiers\/france-cameroun-le-travail-de-memoire-sannonce-complique#article","isPartOf":{"@id":"https:\/\/www.africa-press.net\/cameroun\/dossiers\/france-cameroun-le-travail-de-memoire-sannonce-complique"},"author":{"name":"cfeditorfr","@id":"https:\/\/www.africa-press.net\/cameroun\/#\/schema\/person\/2b1cf3cd81a31e3cd26889ca66d677f1"},"headline":"France \u2013Cameroun : le travail de m\u00e9moire s\u2019annonce compliqu\u00e9","datePublished":"2023-03-07T12:31:49+00:00","dateModified":"2023-03-07T13:18:24+00:00","mainEntityOfPage":{"@id":"https:\/\/www.africa-press.net\/cameroun\/dossiers\/france-cameroun-le-travail-de-memoire-sannonce-complique"},"wordCount":369,"commentCount":0,"image":{"@id":"https:\/\/www.africa-press.net\/cameroun\/dossiers\/france-cameroun-le-travail-de-memoire-sannonce-complique#primaryimage"},"thumbnailUrl":"https:\/\/static.africa-press.net\/cameroun\/sites\/57\/2023\/03\/postQueueImg_1678179714.01.jpg","keywords":["Africa Press","Africa Press-Cameroun","Cameroun"],"articleSection":["Dossiers","Toutes les actualit\u00e9s"],"inLanguage":"fr-FR","potentialAction":[{"@type":"CommentAction","name":"Comment","target":["https:\/\/www.africa-press.net\/cameroun\/dossiers\/france-cameroun-le-travail-de-memoire-sannonce-complique#respond"]}]},{"@type":"WebPage","@id":"https:\/\/www.africa-press.net\/cameroun\/dossiers\/france-cameroun-le-travail-de-memoire-sannonce-complique","url":"https:\/\/www.africa-press.net\/cameroun\/dossiers\/france-cameroun-le-travail-de-memoire-sannonce-complique","name":"France \u2013Cameroun : le travail de m\u00e9moire s\u2019annonce compliqu\u00e9 - Cameroun","isPartOf":{"@id":"https:\/\/www.africa-press.net\/cameroun\/#website"},"primaryImageOfPage":{"@id":"https:\/\/www.africa-press.net\/cameroun\/dossiers\/france-cameroun-le-travail-de-memoire-sannonce-complique#primaryimage"},"image":{"@id":"https:\/\/www.africa-press.net\/cameroun\/dossiers\/france-cameroun-le-travail-de-memoire-sannonce-complique#primaryimage"},"thumbnailUrl":"https:\/\/static.africa-press.net\/cameroun\/sites\/57\/2023\/03\/postQueueImg_1678179714.01.jpg","datePublished":"2023-03-07T12:31:49+00:00","dateModified":"2023-03-07T13:18:24+00:00","author":{"@id":"https:\/\/www.africa-press.net\/cameroun\/#\/schema\/person\/2b1cf3cd81a31e3cd26889ca66d677f1"},"description":"Dans un article, Jeune Afrique est revenu en de\u0301tail sur le travail de me\u0301moire qui devrait s\u2019effectue\u0301 entre la France ...","breadcrumb":{"@id":"https:\/\/www.africa-press.net\/cameroun\/dossiers\/france-cameroun-le-travail-de-memoire-sannonce-complique#breadcrumb"},"inLanguage":"fr-FR","potentialAction":[{"@type":"ReadAction","target":["https:\/\/www.africa-press.net\/cameroun\/dossiers\/france-cameroun-le-travail-de-memoire-sannonce-complique"]}]},{"@type":"ImageObject","inLanguage":"fr-FR","@id":"https:\/\/www.africa-press.net\/cameroun\/dossiers\/france-cameroun-le-travail-de-memoire-sannonce-complique#primaryimage","url":"https:\/\/static.africa-press.net\/cameroun\/sites\/57\/2023\/03\/postQueueImg_1678179714.01.jpg","contentUrl":"https:\/\/static.africa-press.net\/cameroun\/sites\/57\/2023\/03\/postQueueImg_1678179714.01.jpg","width":720,"height":480,"caption":"France \u2013Cameroun : le travail de m\u00e9moire s\u2019annonce compliqu\u00e9"},{"@type":"BreadcrumbList","@id":"https:\/\/www.africa-press.net\/cameroun\/dossiers\/france-cameroun-le-travail-de-memoire-sannonce-complique#breadcrumb","itemListElement":[{"@type":"ListItem","position":1,"name":"Accueil","item":"https:\/\/www.africa-press.net\/cameroun\/"},{"@type":"ListItem","position":2,"name":"France \u2013Cameroun : le travail de m\u00e9moire s\u2019annonce compliqu\u00e9"}]},{"@type":"WebSite","@id":"https:\/\/www.africa-press.net\/cameroun\/#website","url":"https:\/\/www.africa-press.net\/cameroun\/","name":"Cameroun","description":"Just another Africa News Agency Sites site","potentialAction":[{"@type":"SearchAction","target":{"@type":"EntryPoint","urlTemplate":"https:\/\/www.africa-press.net\/cameroun\/?s={search_term_string}"},"query-input":{"@type":"PropertyValueSpecification","valueRequired":true,"valueName":"search_term_string"}}],"inLanguage":"fr-FR"},{"@type":"Person","@id":"https:\/\/www.africa-press.net\/cameroun\/#\/schema\/person\/2b1cf3cd81a31e3cd26889ca66d677f1","name":"cfeditorfr"}]}},"_links":{"self":[{"href":"https:\/\/www.africa-press.net\/cameroun\/wp-json\/wp\/v2\/posts\/38499","targetHints":{"allow":["GET"]}}],"collection":[{"href":"https:\/\/www.africa-press.net\/cameroun\/wp-json\/wp\/v2\/posts"}],"about":[{"href":"https:\/\/www.africa-press.net\/cameroun\/wp-json\/wp\/v2\/types\/post"}],"author":[{"embeddable":true,"href":"https:\/\/www.africa-press.net\/cameroun\/wp-json\/wp\/v2\/users\/82"}],"replies":[{"embeddable":true,"href":"https:\/\/www.africa-press.net\/cameroun\/wp-json\/wp\/v2\/comments?post=38499"}],"version-history":[{"count":0,"href":"https:\/\/www.africa-press.net\/cameroun\/wp-json\/wp\/v2\/posts\/38499\/revisions"}],"wp:featuredmedia":[{"embeddable":true,"href":"https:\/\/www.africa-press.net\/cameroun\/wp-json\/wp\/v2\/media\/38497"}],"wp:attachment":[{"href":"https:\/\/www.africa-press.net\/cameroun\/wp-json\/wp\/v2\/media?parent=38499"}],"wp:term":[{"taxonomy":"category","embeddable":true,"href":"https:\/\/www.africa-press.net\/cameroun\/wp-json\/wp\/v2\/categories?post=38499"},{"taxonomy":"post_tag","embeddable":true,"href":"https:\/\/www.africa-press.net\/cameroun\/wp-json\/wp\/v2\/tags?post=38499"}],"curies":[{"name":"wp","href":"https:\/\/api.w.org\/{rel}","templated":true}]}}