{"id":38500,"date":"2023-03-07T12:34:21","date_gmt":"2023-03-07T12:34:21","guid":{"rendered":"https:\/\/www.africa-press.net\/cameroun\/politique\/cameroun-paul-biya-fixe-les-nouveaux-baremes-salariaux-des-personnels-civils-et-militaires"},"modified":"2023-03-07T13:22:33","modified_gmt":"2023-03-07T13:22:33","slug":"cameroun-paul-biya-fixe-les-nouveaux-baremes-salariaux-des-personnels-civils-et-militaires","status":"publish","type":"post","link":"https:\/\/www.africa-press.net\/cameroun\/politique\/cameroun-paul-biya-fixe-les-nouveaux-baremes-salariaux-des-personnels-civils-et-militaires","title":{"rendered":"Cameroun : Paul Biya fixe les nouveaux bar\u00e8mes salariaux des personnels civils et militaires"},"content":{"rendered":"<p><span style=\"color: #ff6600\"><strong>Africa-Press &#8211; Cameroun. <\/strong><\/span>Le chef de l\u2019Etat a signe\u0301 un de\u0301cret d\u2019application de la mesure gouvernementale revalorisant le salaire des personnels de l\u2019Etat a\u0300 un taux de 5,2%.<\/p>\n<p><b>Le de\u0301cret N\u00b0 2023\/158 du 06 mars 2023<\/b> porte <b>revalorisation de la re\u0301mune\u0301ration mensuelle de base des personnels civils et militaires a\u0300 un taux de 5,2%<\/b>. Selon le texte, \u00ab la re\u0301mune\u0301ration mensuelle de base des personnels civils et militaires est, a\u0300 compter du 1er fe\u0301vrier 2023, revalorise\u0301e a\u0300 un taux moyen de 5,2%. Les nouveaux bare\u0300mes salariaux induits par cette revalorisation sont pre\u0301sente\u0301s en annexe du pre\u0301sent de\u0301cret \u00bb, peut-on lire.<\/p>\n<p>Le document annexe\u0301 pre\u0301sente les nouveaux bare\u0300mes salariaux du personnel relevant du code du travail, des fonctionnaires civils et enseignants d\u2019universite\u0301, des magistrats, des fonctionnaires de la police, des fonctionnaires de l\u2019administration pe\u0301nitentiaire et des militaires de rang (hommes de troupe). Ci-dessous, <b>te\u0301le\u0301charger le de\u0301cret N\u00b0 2023\/158 du 06 mars 2023 ainsi que les nouveaux bare\u0300mes salariaux<\/b>. DECRET No 158 DU 06 MARS 2023<\/p>\n<p>Cette <b>revalorisation est conse\u0301cutive a\u0300 la hausse des prix des carburants<\/b>.<\/p>\n<p><strong>Pour plus d&rsquo;informations et d&rsquo;analyses sur la <a href=\"https:\/\/www.africa-press.net\/cameroun\">Cameroun<\/a>, suivez <a href=\"https:\/\/www.africa-press.net\/\">Africa-Press<\/a><\/strong><\/p>\n","protected":false},"excerpt":{"rendered":"<p>Africa-Press &#8211; Cameroun. Le chef de l\u2019Etat a signe\u0301 un de\u0301cret d\u2019application de la mesure gouvernementale revalorisant le salaire des personnels de l\u2019Etat a\u0300 un taux de 5,2%. Le de\u0301cret N\u00b0 2023\/158 du 06 mars 2023 porte revalorisation de la re\u0301mune\u0301ration mensuelle de base des personnels civils et militaires a\u0300 un taux de 5,2%. Selon [&hellip;]<\/p>\n","protected":false},"author":82,"featured_media":38498,"comment_status":"open","ping_status":"closed","sticky":false,"template":"","format":"standard","meta":{"footnotes":""},"categories":[2,20,10],"tags":[36,50,49],"class_list":["post-38500","post","type-post","status-publish","format-standard","has-post-thumbnail","hentry","category-politique","category-top-nouvelles","category-toutes-les-actualites","tag-africa-press","tag-africa-press-cameroun","tag-cameroun"],"yoast_head":"<!-- This site is optimized with the Yoast SEO Premium plugin v26.1 (Yoast SEO v27.0) - https:\/\/yoast.com\/product\/yoast-seo-premium-wordpress\/ -->\n<title>Cameroun : Paul Biya fixe les nouveaux bar\u00e8mes salariaux des personnels civils et militaires - Cameroun<\/title>\n<meta name=\"description\" content=\"Le chef de l\u2019Etat a signe\u0301 un de\u0301cret d\u2019application de la mesure gouvernementale revalorisant le salaire des personnels ...\" \/>\n<meta name=\"robots\" content=\"index, follow, max-snippet:-1, max-image-preview:large, max-video-preview:-1\" \/>\n<link rel=\"canonical\" href=\"https:\/\/www.africa-press.net\/cameroun\/politique\/cameroun-paul-biya-fixe-les-nouveaux-baremes-salariaux-des-personnels-civils-et-militaires\" \/>\n<meta property=\"og:locale\" content=\"fr_FR\" \/>\n<meta property=\"og:type\" content=\"article\" \/>\n<meta property=\"og:title\" content=\"Cameroun : Paul Biya fixe les nouveaux bar\u00e8mes salariaux des personnels civils et militaires\" \/>\n<meta property=\"og:description\" content=\"Le chef de l\u2019Etat a signe\u0301 un de\u0301cret d\u2019application de la mesure gouvernementale revalorisant le salaire des personnels ...\" \/>\n<meta property=\"og:url\" content=\"https:\/\/www.africa-press.net\/cameroun\/politique\/cameroun-paul-biya-fixe-les-nouveaux-baremes-salariaux-des-personnels-civils-et-militaires\" \/>\n<meta property=\"og:site_name\" content=\"Cameroun\" \/>\n<meta property=\"article:published_time\" content=\"2023-03-07T12:34:21+00:00\" \/>\n<meta property=\"article:modified_time\" content=\"2023-03-07T13:22:33+00:00\" \/>\n<meta property=\"og:image\" content=\"https:\/\/static.africa-press.net\/cameroun\/sites\/57\/2023\/03\/postQueueImg_1678179898.72.jpg\" \/>\n\t<meta property=\"og:image:width\" content=\"770\" \/>\n\t<meta property=\"og:image:height\" content=\"440\" \/>\n\t<meta property=\"og:image:type\" content=\"image\/jpeg\" \/>\n<meta name=\"author\" content=\"cfeditorfr\" \/>\n<meta name=\"twitter:card\" content=\"summary_large_image\" \/>\n<meta name=\"twitter:label1\" content=\"\u00c9crit par\" \/>\n\t<meta name=\"twitter:data1\" content=\"cfeditorfr\" \/>\n\t<meta name=\"twitter:label2\" content=\"Dur\u00e9e de lecture estim\u00e9e\" \/>\n\t<meta name=\"twitter:data2\" content=\"1 minute\" \/>\n<script type=\"application\/ld+json\" class=\"yoast-schema-graph\">{\"@context\":\"https:\/\/schema.org\",\"@graph\":[{\"@type\":\"Article\",\"@id\":\"https:\/\/www.africa-press.net\/cameroun\/politique\/cameroun-paul-biya-fixe-les-nouveaux-baremes-salariaux-des-personnels-civils-et-militaires#article\",\"isPartOf\":{\"@id\":\"https:\/\/www.africa-press.net\/cameroun\/politique\/cameroun-paul-biya-fixe-les-nouveaux-baremes-salariaux-des-personnels-civils-et-militaires\"},\"author\":{\"name\":\"cfeditorfr\",\"@id\":\"https:\/\/www.africa-press.net\/cameroun\/#\/schema\/person\/2b1cf3cd81a31e3cd26889ca66d677f1\"},\"headline\":\"Cameroun : Paul Biya fixe les nouveaux bar\u00e8mes salariaux des personnels civils et militaires\",\"datePublished\":\"2023-03-07T12:34:21+00:00\",\"dateModified\":\"2023-03-07T13:22:33+00:00\",\"mainEntityOfPage\":{\"@id\":\"https:\/\/www.africa-press.net\/cameroun\/politique\/cameroun-paul-biya-fixe-les-nouveaux-baremes-salariaux-des-personnels-civils-et-militaires\"},\"wordCount\":212,\"commentCount\":0,\"image\":{\"@id\":\"https:\/\/www.africa-press.net\/cameroun\/politique\/cameroun-paul-biya-fixe-les-nouveaux-baremes-salariaux-des-personnels-civils-et-militaires#primaryimage\"},\"thumbnailUrl\":\"https:\/\/static.africa-press.net\/cameroun\/sites\/57\/2023\/03\/postQueueImg_1678179898.72.jpg\",\"keywords\":[\"Africa Press\",\"Africa Press-Cameroun\",\"Cameroun\"],\"articleSection\":[\"Politique\",\"Top Nouvelles\",\"Toutes les actualit\u00e9s\"],\"inLanguage\":\"fr-FR\",\"potentialAction\":[{\"@type\":\"CommentAction\",\"name\":\"Comment\",\"target\":[\"https:\/\/www.africa-press.net\/cameroun\/politique\/cameroun-paul-biya-fixe-les-nouveaux-baremes-salariaux-des-personnels-civils-et-militaires#respond\"]}]},{\"@type\":\"WebPage\",\"@id\":\"https:\/\/www.africa-press.net\/cameroun\/politique\/cameroun-paul-biya-fixe-les-nouveaux-baremes-salariaux-des-personnels-civils-et-militaires\",\"url\":\"https:\/\/www.africa-press.net\/cameroun\/politique\/cameroun-paul-biya-fixe-les-nouveaux-baremes-salariaux-des-personnels-civils-et-militaires\",\"name\":\"Cameroun : Paul Biya fixe les nouveaux bar\u00e8mes salariaux des personnels civils et militaires - Cameroun\",\"isPartOf\":{\"@id\":\"https:\/\/www.africa-press.net\/cameroun\/#website\"},\"primaryImageOfPage\":{\"@id\":\"https:\/\/www.africa-press.net\/cameroun\/politique\/cameroun-paul-biya-fixe-les-nouveaux-baremes-salariaux-des-personnels-civils-et-militaires#primaryimage\"},\"image\":{\"@id\":\"https:\/\/www.africa-press.net\/cameroun\/politique\/cameroun-paul-biya-fixe-les-nouveaux-baremes-salariaux-des-personnels-civils-et-militaires#primaryimage\"},\"thumbnailUrl\":\"https:\/\/static.africa-press.net\/cameroun\/sites\/57\/2023\/03\/postQueueImg_1678179898.72.jpg\",\"datePublished\":\"2023-03-07T12:34:21+00:00\",\"dateModified\":\"2023-03-07T13:22:33+00:00\",\"author\":{\"@id\":\"https:\/\/www.africa-press.net\/cameroun\/#\/schema\/person\/2b1cf3cd81a31e3cd26889ca66d677f1\"},\"description\":\"Le chef de l\u2019Etat a signe\u0301 un de\u0301cret d\u2019application de la mesure gouvernementale revalorisant le salaire des personnels ...\",\"breadcrumb\":{\"@id\":\"https:\/\/www.africa-press.net\/cameroun\/politique\/cameroun-paul-biya-fixe-les-nouveaux-baremes-salariaux-des-personnels-civils-et-militaires#breadcrumb\"},\"inLanguage\":\"fr-FR\",\"potentialAction\":[{\"@type\":\"ReadAction\",\"target\":[\"https:\/\/www.africa-press.net\/cameroun\/politique\/cameroun-paul-biya-fixe-les-nouveaux-baremes-salariaux-des-personnels-civils-et-militaires\"]}]},{\"@type\":\"ImageObject\",\"inLanguage\":\"fr-FR\",\"@id\":\"https:\/\/www.africa-press.net\/cameroun\/politique\/cameroun-paul-biya-fixe-les-nouveaux-baremes-salariaux-des-personnels-civils-et-militaires#primaryimage\",\"url\":\"https:\/\/static.africa-press.net\/cameroun\/sites\/57\/2023\/03\/postQueueImg_1678179898.72.jpg\",\"contentUrl\":\"https:\/\/static.africa-press.net\/cameroun\/sites\/57\/2023\/03\/postQueueImg_1678179898.72.jpg\",\"width\":770,\"height\":440,\"caption\":\"Cameroun : Paul Biya fixe les nouveaux bar\u00e8mes salariaux des personnels civils et militaires\"},{\"@type\":\"BreadcrumbList\",\"@id\":\"https:\/\/www.africa-press.net\/cameroun\/politique\/cameroun-paul-biya-fixe-les-nouveaux-baremes-salariaux-des-personnels-civils-et-militaires#breadcrumb\",\"itemListElement\":[{\"@type\":\"ListItem\",\"position\":1,\"name\":\"Accueil\",\"item\":\"https:\/\/www.africa-press.net\/cameroun\/\"},{\"@type\":\"ListItem\",\"position\":2,\"name\":\"Cameroun : Paul Biya fixe les nouveaux bar\u00e8mes salariaux des personnels civils et militaires\"}]},{\"@type\":\"WebSite\",\"@id\":\"https:\/\/www.africa-press.net\/cameroun\/#website\",\"url\":\"https:\/\/www.africa-press.net\/cameroun\/\",\"name\":\"Cameroun\",\"description\":\"Just another Africa News Agency Sites site\",\"potentialAction\":[{\"@type\":\"SearchAction\",\"target\":{\"@type\":\"EntryPoint\",\"urlTemplate\":\"https:\/\/www.africa-press.net\/cameroun\/?s={search_term_string}\"},\"query-input\":{\"@type\":\"PropertyValueSpecification\",\"valueRequired\":true,\"valueName\":\"search_term_string\"}}],\"inLanguage\":\"fr-FR\"},{\"@type\":\"Person\",\"@id\":\"https:\/\/www.africa-press.net\/cameroun\/#\/schema\/person\/2b1cf3cd81a31e3cd26889ca66d677f1\",\"name\":\"cfeditorfr\"}]}<\/script>\n<!-- \/ Yoast SEO Premium plugin. -->","yoast_head_json":{"title":"Cameroun : Paul Biya fixe les nouveaux bar\u00e8mes salariaux des personnels civils et militaires - Cameroun","description":"Le chef de l\u2019Etat a signe\u0301 un de\u0301cret d\u2019application de la mesure gouvernementale revalorisant le salaire des personnels ...","robots":{"index":"index","follow":"follow","max-snippet":"max-snippet:-1","max-image-preview":"max-image-preview:large","max-video-preview":"max-video-preview:-1"},"canonical":"https:\/\/www.africa-press.net\/cameroun\/politique\/cameroun-paul-biya-fixe-les-nouveaux-baremes-salariaux-des-personnels-civils-et-militaires","og_locale":"fr_FR","og_type":"article","og_title":"Cameroun : Paul Biya fixe les nouveaux bar\u00e8mes salariaux des personnels civils et militaires","og_description":"Le chef de l\u2019Etat a signe\u0301 un de\u0301cret d\u2019application de la mesure gouvernementale revalorisant le salaire des personnels ...","og_url":"https:\/\/www.africa-press.net\/cameroun\/politique\/cameroun-paul-biya-fixe-les-nouveaux-baremes-salariaux-des-personnels-civils-et-militaires","og_site_name":"Cameroun","article_published_time":"2023-03-07T12:34:21+00:00","article_modified_time":"2023-03-07T13:22:33+00:00","og_image":[{"width":770,"height":440,"url":"https:\/\/static.africa-press.net\/cameroun\/sites\/57\/2023\/03\/postQueueImg_1678179898.72.jpg","type":"image\/jpeg"}],"author":"cfeditorfr","twitter_card":"summary_large_image","twitter_misc":{"\u00c9crit par":"cfeditorfr","Dur\u00e9e de lecture estim\u00e9e":"1 minute"},"schema":{"@context":"https:\/\/schema.org","@graph":[{"@type":"Article","@id":"https:\/\/www.africa-press.net\/cameroun\/politique\/cameroun-paul-biya-fixe-les-nouveaux-baremes-salariaux-des-personnels-civils-et-militaires#article","isPartOf":{"@id":"https:\/\/www.africa-press.net\/cameroun\/politique\/cameroun-paul-biya-fixe-les-nouveaux-baremes-salariaux-des-personnels-civils-et-militaires"},"author":{"name":"cfeditorfr","@id":"https:\/\/www.africa-press.net\/cameroun\/#\/schema\/person\/2b1cf3cd81a31e3cd26889ca66d677f1"},"headline":"Cameroun : Paul Biya fixe les nouveaux bar\u00e8mes salariaux des personnels civils et militaires","datePublished":"2023-03-07T12:34:21+00:00","dateModified":"2023-03-07T13:22:33+00:00","mainEntityOfPage":{"@id":"https:\/\/www.africa-press.net\/cameroun\/politique\/cameroun-paul-biya-fixe-les-nouveaux-baremes-salariaux-des-personnels-civils-et-militaires"},"wordCount":212,"commentCount":0,"image":{"@id":"https:\/\/www.africa-press.net\/cameroun\/politique\/cameroun-paul-biya-fixe-les-nouveaux-baremes-salariaux-des-personnels-civils-et-militaires#primaryimage"},"thumbnailUrl":"https:\/\/static.africa-press.net\/cameroun\/sites\/57\/2023\/03\/postQueueImg_1678179898.72.jpg","keywords":["Africa Press","Africa Press-Cameroun","Cameroun"],"articleSection":["Politique","Top Nouvelles","Toutes les actualit\u00e9s"],"inLanguage":"fr-FR","potentialAction":[{"@type":"CommentAction","name":"Comment","target":["https:\/\/www.africa-press.net\/cameroun\/politique\/cameroun-paul-biya-fixe-les-nouveaux-baremes-salariaux-des-personnels-civils-et-militaires#respond"]}]},{"@type":"WebPage","@id":"https:\/\/www.africa-press.net\/cameroun\/politique\/cameroun-paul-biya-fixe-les-nouveaux-baremes-salariaux-des-personnels-civils-et-militaires","url":"https:\/\/www.africa-press.net\/cameroun\/politique\/cameroun-paul-biya-fixe-les-nouveaux-baremes-salariaux-des-personnels-civils-et-militaires","name":"Cameroun : Paul Biya fixe les nouveaux bar\u00e8mes salariaux des personnels civils et militaires - Cameroun","isPartOf":{"@id":"https:\/\/www.africa-press.net\/cameroun\/#website"},"primaryImageOfPage":{"@id":"https:\/\/www.africa-press.net\/cameroun\/politique\/cameroun-paul-biya-fixe-les-nouveaux-baremes-salariaux-des-personnels-civils-et-militaires#primaryimage"},"image":{"@id":"https:\/\/www.africa-press.net\/cameroun\/politique\/cameroun-paul-biya-fixe-les-nouveaux-baremes-salariaux-des-personnels-civils-et-militaires#primaryimage"},"thumbnailUrl":"https:\/\/static.africa-press.net\/cameroun\/sites\/57\/2023\/03\/postQueueImg_1678179898.72.jpg","datePublished":"2023-03-07T12:34:21+00:00","dateModified":"2023-03-07T13:22:33+00:00","author":{"@id":"https:\/\/www.africa-press.net\/cameroun\/#\/schema\/person\/2b1cf3cd81a31e3cd26889ca66d677f1"},"description":"Le chef de l\u2019Etat a signe\u0301 un de\u0301cret d\u2019application de la mesure gouvernementale revalorisant le salaire des personnels ...","breadcrumb":{"@id":"https:\/\/www.africa-press.net\/cameroun\/politique\/cameroun-paul-biya-fixe-les-nouveaux-baremes-salariaux-des-personnels-civils-et-militaires#breadcrumb"},"inLanguage":"fr-FR","potentialAction":[{"@type":"ReadAction","target":["https:\/\/www.africa-press.net\/cameroun\/politique\/cameroun-paul-biya-fixe-les-nouveaux-baremes-salariaux-des-personnels-civils-et-militaires"]}]},{"@type":"ImageObject","inLanguage":"fr-FR","@id":"https:\/\/www.africa-press.net\/cameroun\/politique\/cameroun-paul-biya-fixe-les-nouveaux-baremes-salariaux-des-personnels-civils-et-militaires#primaryimage","url":"https:\/\/static.africa-press.net\/cameroun\/sites\/57\/2023\/03\/postQueueImg_1678179898.72.jpg","contentUrl":"https:\/\/static.africa-press.net\/cameroun\/sites\/57\/2023\/03\/postQueueImg_1678179898.72.jpg","width":770,"height":440,"caption":"Cameroun : Paul Biya fixe les nouveaux bar\u00e8mes salariaux des personnels civils et militaires"},{"@type":"BreadcrumbList","@id":"https:\/\/www.africa-press.net\/cameroun\/politique\/cameroun-paul-biya-fixe-les-nouveaux-baremes-salariaux-des-personnels-civils-et-militaires#breadcrumb","itemListElement":[{"@type":"ListItem","position":1,"name":"Accueil","item":"https:\/\/www.africa-press.net\/cameroun\/"},{"@type":"ListItem","position":2,"name":"Cameroun : Paul Biya fixe les nouveaux bar\u00e8mes salariaux des personnels civils et militaires"}]},{"@type":"WebSite","@id":"https:\/\/www.africa-press.net\/cameroun\/#website","url":"https:\/\/www.africa-press.net\/cameroun\/","name":"Cameroun","description":"Just another Africa News Agency Sites site","potentialAction":[{"@type":"SearchAction","target":{"@type":"EntryPoint","urlTemplate":"https:\/\/www.africa-press.net\/cameroun\/?s={search_term_string}"},"query-input":{"@type":"PropertyValueSpecification","valueRequired":true,"valueName":"search_term_string"}}],"inLanguage":"fr-FR"},{"@type":"Person","@id":"https:\/\/www.africa-press.net\/cameroun\/#\/schema\/person\/2b1cf3cd81a31e3cd26889ca66d677f1","name":"cfeditorfr"}]}},"_links":{"self":[{"href":"https:\/\/www.africa-press.net\/cameroun\/wp-json\/wp\/v2\/posts\/38500","targetHints":{"allow":["GET"]}}],"collection":[{"href":"https:\/\/www.africa-press.net\/cameroun\/wp-json\/wp\/v2\/posts"}],"about":[{"href":"https:\/\/www.africa-press.net\/cameroun\/wp-json\/wp\/v2\/types\/post"}],"author":[{"embeddable":true,"href":"https:\/\/www.africa-press.net\/cameroun\/wp-json\/wp\/v2\/users\/82"}],"replies":[{"embeddable":true,"href":"https:\/\/www.africa-press.net\/cameroun\/wp-json\/wp\/v2\/comments?post=38500"}],"version-history":[{"count":0,"href":"https:\/\/www.africa-press.net\/cameroun\/wp-json\/wp\/v2\/posts\/38500\/revisions"}],"wp:featuredmedia":[{"embeddable":true,"href":"https:\/\/www.africa-press.net\/cameroun\/wp-json\/wp\/v2\/media\/38498"}],"wp:attachment":[{"href":"https:\/\/www.africa-press.net\/cameroun\/wp-json\/wp\/v2\/media?parent=38500"}],"wp:term":[{"taxonomy":"category","embeddable":true,"href":"https:\/\/www.africa-press.net\/cameroun\/wp-json\/wp\/v2\/categories?post=38500"},{"taxonomy":"post_tag","embeddable":true,"href":"https:\/\/www.africa-press.net\/cameroun\/wp-json\/wp\/v2\/tags?post=38500"}],"curies":[{"name":"wp","href":"https:\/\/api.w.org\/{rel}","templated":true}]}}