{"id":38509,"date":"2023-03-07T12:35:16","date_gmt":"2023-03-07T12:35:16","guid":{"rendered":"https:\/\/www.africa-press.net\/cameroun\/politique\/fonction-publique-paul-biya-officialise-la-hausse-des-salaires-de-52-au-cameroun"},"modified":"2023-03-07T13:23:37","modified_gmt":"2023-03-07T13:23:37","slug":"fonction-publique-paul-biya-officialise-la-hausse-des-salaires-de-52-au-cameroun","status":"publish","type":"post","link":"https:\/\/www.africa-press.net\/cameroun\/economie\/fonction-publique-paul-biya-officialise-la-hausse-des-salaires-de-52-au-cameroun","title":{"rendered":"Fonction publique\u00a0: Paul Biya officialise la hausse des salaires de 5,2% au Cameroun"},"content":{"rendered":"<p><span style=\"color: #ff6600\"><strong>Africa-Press &#8211; Cameroun. <\/strong><\/span>Investir au Cameroun) &#8211; Dans un de\u0301cret signe\u0301 le 6 mars 2023, Paul Biya, le chef de l\u2019E\u0301tat du Cameroun, revalorise \u00ab la re\u0301mune\u0301ration mensuelle de base des personnels civils et militaires, a\u0300 un taux moyen de 5,2% \u00bb. Cette revalorisation, qui s\u2019applique sur le salaire de base, est effective depuis le mois de fe\u0301vrier 2023, comme ont pu le constater les agents de l\u2019E\u0301tat sur leurs bulletins de paie du mois, avait e\u0301te\u0301 annonce\u0301e fin janvier 2023. Elle fait suite a\u0300 la de\u0301cision du gouvernement d\u2019augmenter de 15,8%, 25% et 36,5% respectivement, les prix du super, du gasoil et du pe\u0301trole a\u0300 usage industriel.<\/p>\n<p>Selon le gouvernement, cette revalorisation des salaires a pour but \u00ab de garantir le pouvoir d\u2019achat des consommateurs \u00bb face a\u0300 ces mesures visant \u00ab a\u0300 pre\u0301server les e\u0301quilibres budge\u0301taires, face a\u0300 la flambe\u0301e des prix des produits pe\u0301troliers sur le marche\u0301 international \u00bb. Mais, a\u0300 la faveur de l\u2019acce\u0301le\u0301ration de la flambe\u0301e des prix observe\u0301e sur le marche\u0301 camerounais depuis l\u2019entre\u0301e en vigueur de la nouvelle loi de finances et des nouveaux prix des carburants, l\u2019on peut s\u2019interroger sur l\u2019impact re\u0301el qu\u2019auront sur le pouvoir d\u2019achat des populations, la modique augmentation des salaires des agents publics consacre\u0301e par le de\u0301cret du chef de l\u2019E\u0301tat du 6 mars 2023.<\/p>\n<p>En effet, suite a\u0300 cette hausse des prix des carburants, le gouvernement a conce\u0301de\u0301 aux transporteurs une augmentation des tarifs atteignant les 25% pour certains services. Avec pour conse\u0301quence l\u2019e\u0301rosion du pouvoir d\u2019achat des me\u0301nages, dans la mesure ou\u0300 le transport est une rubrique de la grille des prix a\u0300 la consommation finale.<\/p>\n<p>A\u0300 cela, il faut ajouter l\u2019extension de la taxe spe\u0301ciale sur les produits pe\u0301troliers au gaz naturel utilise\u0301 par les entreprises dans la loi de finances 2023, et la revalorisation des tarifs d\u2019e\u0301lectricite\u0301 pour les entreprises. Toutes ces mesures concourent au renche\u0301rissement des produits sur le marche\u0301, avec pour corollaire une augmentation du taux d\u2019inflation projete\u0301 a\u0300 6% (supe\u0301rieur a\u0300 la proportion d\u2019augmentation des salaires a\u0300 la Fonction publique) en 2023 par le FMI, soit le double du seuil de tole\u0301rance de 3% admis dans la zone Cemac.<\/p>\n<p><strong>Pour plus d&rsquo;informations et d&rsquo;analyses sur la <a href=\"https:\/\/www.africa-press.net\/cameroun\">Cameroun<\/a>, suivez <a href=\"https:\/\/www.africa-press.net\/\">Africa-Press<\/a><\/strong><\/p>\n","protected":false},"excerpt":{"rendered":"<p>Africa-Press &#8211; Cameroun. Investir au Cameroun) &#8211; Dans un de\u0301cret signe\u0301 le 6 mars 2023, Paul Biya, le chef de l\u2019E\u0301tat du Cameroun, revalorise \u00ab la re\u0301mune\u0301ration mensuelle de base des personnels civils et militaires, a\u0300 un taux moyen de 5,2% \u00bb. Cette revalorisation, qui s\u2019applique sur le salaire de base, est effective depuis le [&hellip;]<\/p>\n","protected":false},"author":82,"featured_media":38506,"comment_status":"open","ping_status":"closed","sticky":false,"template":"","format":"standard","meta":{"footnotes":""},"categories":[3,10],"tags":[36,50,49],"class_list":["post-38509","post","type-post","status-publish","format-standard","has-post-thumbnail","hentry","category-economie","category-toutes-les-actualites","tag-africa-press","tag-africa-press-cameroun","tag-cameroun"],"yoast_head":"<!-- This site is optimized with the Yoast SEO Premium plugin v26.1 (Yoast SEO v27.0) - https:\/\/yoast.com\/product\/yoast-seo-premium-wordpress\/ -->\n<title>Fonction publique\u00a0: Paul Biya officialise la hausse des salaires de 5,2% au Cameroun - Cameroun<\/title>\n<meta name=\"description\" content=\"Investir au Cameroun) - Dans un de\u0301cret signe\u0301 le 6 mars 2023, Paul Biya, le chef de l\u2019E\u0301tat du Cameroun, revalorise \u00ab l ...\" \/>\n<meta name=\"robots\" content=\"index, follow, max-snippet:-1, max-image-preview:large, max-video-preview:-1\" \/>\n<link rel=\"canonical\" href=\"https:\/\/www.africa-press.net\/cameroun\/economie\/fonction-publique-paul-biya-officialise-la-hausse-des-salaires-de-52-au-cameroun\" \/>\n<meta property=\"og:locale\" content=\"fr_FR\" \/>\n<meta property=\"og:type\" content=\"article\" \/>\n<meta property=\"og:title\" content=\"Fonction publique\u00a0: Paul Biya officialise la hausse des salaires de 5,2% au Cameroun\" \/>\n<meta property=\"og:description\" content=\"Investir au Cameroun) - Dans un de\u0301cret signe\u0301 le 6 mars 2023, Paul Biya, le chef de l\u2019E\u0301tat du Cameroun, revalorise \u00ab l ...\" \/>\n<meta property=\"og:url\" content=\"https:\/\/www.africa-press.net\/cameroun\/economie\/fonction-publique-paul-biya-officialise-la-hausse-des-salaires-de-52-au-cameroun\" \/>\n<meta property=\"og:site_name\" content=\"Cameroun\" \/>\n<meta property=\"article:published_time\" content=\"2023-03-07T12:35:16+00:00\" \/>\n<meta property=\"article:modified_time\" content=\"2023-03-07T13:23:37+00:00\" \/>\n<meta property=\"og:image\" content=\"https:\/\/static.africa-press.net\/cameroun\/sites\/57\/2023\/03\/postQueueImg_1678179920.79.jpg\" \/>\n\t<meta property=\"og:image:width\" content=\"720\" \/>\n\t<meta property=\"og:image:height\" content=\"479\" \/>\n\t<meta property=\"og:image:type\" content=\"image\/jpeg\" \/>\n<meta name=\"author\" content=\"cfeditorfr\" \/>\n<meta name=\"twitter:card\" content=\"summary_large_image\" \/>\n<meta name=\"twitter:label1\" content=\"\u00c9crit par\" \/>\n\t<meta name=\"twitter:data1\" content=\"cfeditorfr\" \/>\n\t<meta name=\"twitter:label2\" content=\"Dur\u00e9e de lecture estim\u00e9e\" \/>\n\t<meta name=\"twitter:data2\" content=\"2 minutes\" \/>\n<script type=\"application\/ld+json\" class=\"yoast-schema-graph\">{\"@context\":\"https:\/\/schema.org\",\"@graph\":[{\"@type\":\"Article\",\"@id\":\"https:\/\/www.africa-press.net\/cameroun\/economie\/fonction-publique-paul-biya-officialise-la-hausse-des-salaires-de-52-au-cameroun#article\",\"isPartOf\":{\"@id\":\"https:\/\/www.africa-press.net\/cameroun\/economie\/fonction-publique-paul-biya-officialise-la-hausse-des-salaires-de-52-au-cameroun\"},\"author\":{\"name\":\"cfeditorfr\",\"@id\":\"https:\/\/www.africa-press.net\/cameroun\/#\/schema\/person\/2b1cf3cd81a31e3cd26889ca66d677f1\"},\"headline\":\"Fonction publique\u00a0: Paul Biya officialise la hausse des salaires de 5,2% au Cameroun\",\"datePublished\":\"2023-03-07T12:35:16+00:00\",\"dateModified\":\"2023-03-07T13:23:37+00:00\",\"mainEntityOfPage\":{\"@id\":\"https:\/\/www.africa-press.net\/cameroun\/economie\/fonction-publique-paul-biya-officialise-la-hausse-des-salaires-de-52-au-cameroun\"},\"wordCount\":414,\"commentCount\":0,\"image\":{\"@id\":\"https:\/\/www.africa-press.net\/cameroun\/economie\/fonction-publique-paul-biya-officialise-la-hausse-des-salaires-de-52-au-cameroun#primaryimage\"},\"thumbnailUrl\":\"https:\/\/static.africa-press.net\/cameroun\/sites\/57\/2023\/03\/postQueueImg_1678179920.79.jpg\",\"keywords\":[\"Africa Press\",\"Africa Press-Cameroun\",\"Cameroun\"],\"articleSection\":[\"\u00c9conomie\",\"Toutes les actualit\u00e9s\"],\"inLanguage\":\"fr-FR\",\"potentialAction\":[{\"@type\":\"CommentAction\",\"name\":\"Comment\",\"target\":[\"https:\/\/www.africa-press.net\/cameroun\/economie\/fonction-publique-paul-biya-officialise-la-hausse-des-salaires-de-52-au-cameroun#respond\"]}]},{\"@type\":\"WebPage\",\"@id\":\"https:\/\/www.africa-press.net\/cameroun\/economie\/fonction-publique-paul-biya-officialise-la-hausse-des-salaires-de-52-au-cameroun\",\"url\":\"https:\/\/www.africa-press.net\/cameroun\/economie\/fonction-publique-paul-biya-officialise-la-hausse-des-salaires-de-52-au-cameroun\",\"name\":\"Fonction publique\u00a0: Paul Biya officialise la hausse des salaires de 5,2% au Cameroun - Cameroun\",\"isPartOf\":{\"@id\":\"https:\/\/www.africa-press.net\/cameroun\/#website\"},\"primaryImageOfPage\":{\"@id\":\"https:\/\/www.africa-press.net\/cameroun\/economie\/fonction-publique-paul-biya-officialise-la-hausse-des-salaires-de-52-au-cameroun#primaryimage\"},\"image\":{\"@id\":\"https:\/\/www.africa-press.net\/cameroun\/economie\/fonction-publique-paul-biya-officialise-la-hausse-des-salaires-de-52-au-cameroun#primaryimage\"},\"thumbnailUrl\":\"https:\/\/static.africa-press.net\/cameroun\/sites\/57\/2023\/03\/postQueueImg_1678179920.79.jpg\",\"datePublished\":\"2023-03-07T12:35:16+00:00\",\"dateModified\":\"2023-03-07T13:23:37+00:00\",\"author\":{\"@id\":\"https:\/\/www.africa-press.net\/cameroun\/#\/schema\/person\/2b1cf3cd81a31e3cd26889ca66d677f1\"},\"description\":\"Investir au Cameroun) - Dans un de\u0301cret signe\u0301 le 6 mars 2023, Paul Biya, le chef de l\u2019E\u0301tat du Cameroun, revalorise \u00ab l ...\",\"breadcrumb\":{\"@id\":\"https:\/\/www.africa-press.net\/cameroun\/economie\/fonction-publique-paul-biya-officialise-la-hausse-des-salaires-de-52-au-cameroun#breadcrumb\"},\"inLanguage\":\"fr-FR\",\"potentialAction\":[{\"@type\":\"ReadAction\",\"target\":[\"https:\/\/www.africa-press.net\/cameroun\/economie\/fonction-publique-paul-biya-officialise-la-hausse-des-salaires-de-52-au-cameroun\"]}]},{\"@type\":\"ImageObject\",\"inLanguage\":\"fr-FR\",\"@id\":\"https:\/\/www.africa-press.net\/cameroun\/economie\/fonction-publique-paul-biya-officialise-la-hausse-des-salaires-de-52-au-cameroun#primaryimage\",\"url\":\"https:\/\/static.africa-press.net\/cameroun\/sites\/57\/2023\/03\/postQueueImg_1678179920.79.jpg\",\"contentUrl\":\"https:\/\/static.africa-press.net\/cameroun\/sites\/57\/2023\/03\/postQueueImg_1678179920.79.jpg\",\"width\":720,\"height\":479,\"caption\":\"Fonction publique\u00a0: Paul Biya officialise la hausse des salaires de 5,2% au Cameroun\"},{\"@type\":\"BreadcrumbList\",\"@id\":\"https:\/\/www.africa-press.net\/cameroun\/economie\/fonction-publique-paul-biya-officialise-la-hausse-des-salaires-de-52-au-cameroun#breadcrumb\",\"itemListElement\":[{\"@type\":\"ListItem\",\"position\":1,\"name\":\"Accueil\",\"item\":\"https:\/\/www.africa-press.net\/cameroun\/\"},{\"@type\":\"ListItem\",\"position\":2,\"name\":\"Fonction publique\u00a0: Paul Biya officialise la hausse des salaires de 5,2% au Cameroun\"}]},{\"@type\":\"WebSite\",\"@id\":\"https:\/\/www.africa-press.net\/cameroun\/#website\",\"url\":\"https:\/\/www.africa-press.net\/cameroun\/\",\"name\":\"Cameroun\",\"description\":\"Just another Africa News Agency Sites site\",\"potentialAction\":[{\"@type\":\"SearchAction\",\"target\":{\"@type\":\"EntryPoint\",\"urlTemplate\":\"https:\/\/www.africa-press.net\/cameroun\/?s={search_term_string}\"},\"query-input\":{\"@type\":\"PropertyValueSpecification\",\"valueRequired\":true,\"valueName\":\"search_term_string\"}}],\"inLanguage\":\"fr-FR\"},{\"@type\":\"Person\",\"@id\":\"https:\/\/www.africa-press.net\/cameroun\/#\/schema\/person\/2b1cf3cd81a31e3cd26889ca66d677f1\",\"name\":\"cfeditorfr\"}]}<\/script>\n<!-- \/ Yoast SEO Premium plugin. -->","yoast_head_json":{"title":"Fonction publique\u00a0: Paul Biya officialise la hausse des salaires de 5,2% au Cameroun - Cameroun","description":"Investir au Cameroun) - Dans un de\u0301cret signe\u0301 le 6 mars 2023, Paul Biya, le chef de l\u2019E\u0301tat du Cameroun, revalorise \u00ab l ...","robots":{"index":"index","follow":"follow","max-snippet":"max-snippet:-1","max-image-preview":"max-image-preview:large","max-video-preview":"max-video-preview:-1"},"canonical":"https:\/\/www.africa-press.net\/cameroun\/economie\/fonction-publique-paul-biya-officialise-la-hausse-des-salaires-de-52-au-cameroun","og_locale":"fr_FR","og_type":"article","og_title":"Fonction publique\u00a0: Paul Biya officialise la hausse des salaires de 5,2% au Cameroun","og_description":"Investir au Cameroun) - Dans un de\u0301cret signe\u0301 le 6 mars 2023, Paul Biya, le chef de l\u2019E\u0301tat du Cameroun, revalorise \u00ab l ...","og_url":"https:\/\/www.africa-press.net\/cameroun\/economie\/fonction-publique-paul-biya-officialise-la-hausse-des-salaires-de-52-au-cameroun","og_site_name":"Cameroun","article_published_time":"2023-03-07T12:35:16+00:00","article_modified_time":"2023-03-07T13:23:37+00:00","og_image":[{"width":720,"height":479,"url":"https:\/\/static.africa-press.net\/cameroun\/sites\/57\/2023\/03\/postQueueImg_1678179920.79.jpg","type":"image\/jpeg"}],"author":"cfeditorfr","twitter_card":"summary_large_image","twitter_misc":{"\u00c9crit par":"cfeditorfr","Dur\u00e9e de lecture estim\u00e9e":"2 minutes"},"schema":{"@context":"https:\/\/schema.org","@graph":[{"@type":"Article","@id":"https:\/\/www.africa-press.net\/cameroun\/economie\/fonction-publique-paul-biya-officialise-la-hausse-des-salaires-de-52-au-cameroun#article","isPartOf":{"@id":"https:\/\/www.africa-press.net\/cameroun\/economie\/fonction-publique-paul-biya-officialise-la-hausse-des-salaires-de-52-au-cameroun"},"author":{"name":"cfeditorfr","@id":"https:\/\/www.africa-press.net\/cameroun\/#\/schema\/person\/2b1cf3cd81a31e3cd26889ca66d677f1"},"headline":"Fonction publique\u00a0: Paul Biya officialise la hausse des salaires de 5,2% au Cameroun","datePublished":"2023-03-07T12:35:16+00:00","dateModified":"2023-03-07T13:23:37+00:00","mainEntityOfPage":{"@id":"https:\/\/www.africa-press.net\/cameroun\/economie\/fonction-publique-paul-biya-officialise-la-hausse-des-salaires-de-52-au-cameroun"},"wordCount":414,"commentCount":0,"image":{"@id":"https:\/\/www.africa-press.net\/cameroun\/economie\/fonction-publique-paul-biya-officialise-la-hausse-des-salaires-de-52-au-cameroun#primaryimage"},"thumbnailUrl":"https:\/\/static.africa-press.net\/cameroun\/sites\/57\/2023\/03\/postQueueImg_1678179920.79.jpg","keywords":["Africa Press","Africa Press-Cameroun","Cameroun"],"articleSection":["\u00c9conomie","Toutes les actualit\u00e9s"],"inLanguage":"fr-FR","potentialAction":[{"@type":"CommentAction","name":"Comment","target":["https:\/\/www.africa-press.net\/cameroun\/economie\/fonction-publique-paul-biya-officialise-la-hausse-des-salaires-de-52-au-cameroun#respond"]}]},{"@type":"WebPage","@id":"https:\/\/www.africa-press.net\/cameroun\/economie\/fonction-publique-paul-biya-officialise-la-hausse-des-salaires-de-52-au-cameroun","url":"https:\/\/www.africa-press.net\/cameroun\/economie\/fonction-publique-paul-biya-officialise-la-hausse-des-salaires-de-52-au-cameroun","name":"Fonction publique\u00a0: Paul Biya officialise la hausse des salaires de 5,2% au Cameroun - Cameroun","isPartOf":{"@id":"https:\/\/www.africa-press.net\/cameroun\/#website"},"primaryImageOfPage":{"@id":"https:\/\/www.africa-press.net\/cameroun\/economie\/fonction-publique-paul-biya-officialise-la-hausse-des-salaires-de-52-au-cameroun#primaryimage"},"image":{"@id":"https:\/\/www.africa-press.net\/cameroun\/economie\/fonction-publique-paul-biya-officialise-la-hausse-des-salaires-de-52-au-cameroun#primaryimage"},"thumbnailUrl":"https:\/\/static.africa-press.net\/cameroun\/sites\/57\/2023\/03\/postQueueImg_1678179920.79.jpg","datePublished":"2023-03-07T12:35:16+00:00","dateModified":"2023-03-07T13:23:37+00:00","author":{"@id":"https:\/\/www.africa-press.net\/cameroun\/#\/schema\/person\/2b1cf3cd81a31e3cd26889ca66d677f1"},"description":"Investir au Cameroun) - Dans un de\u0301cret signe\u0301 le 6 mars 2023, Paul Biya, le chef de l\u2019E\u0301tat du Cameroun, revalorise \u00ab l ...","breadcrumb":{"@id":"https:\/\/www.africa-press.net\/cameroun\/economie\/fonction-publique-paul-biya-officialise-la-hausse-des-salaires-de-52-au-cameroun#breadcrumb"},"inLanguage":"fr-FR","potentialAction":[{"@type":"ReadAction","target":["https:\/\/www.africa-press.net\/cameroun\/economie\/fonction-publique-paul-biya-officialise-la-hausse-des-salaires-de-52-au-cameroun"]}]},{"@type":"ImageObject","inLanguage":"fr-FR","@id":"https:\/\/www.africa-press.net\/cameroun\/economie\/fonction-publique-paul-biya-officialise-la-hausse-des-salaires-de-52-au-cameroun#primaryimage","url":"https:\/\/static.africa-press.net\/cameroun\/sites\/57\/2023\/03\/postQueueImg_1678179920.79.jpg","contentUrl":"https:\/\/static.africa-press.net\/cameroun\/sites\/57\/2023\/03\/postQueueImg_1678179920.79.jpg","width":720,"height":479,"caption":"Fonction publique\u00a0: Paul Biya officialise la hausse des salaires de 5,2% au Cameroun"},{"@type":"BreadcrumbList","@id":"https:\/\/www.africa-press.net\/cameroun\/economie\/fonction-publique-paul-biya-officialise-la-hausse-des-salaires-de-52-au-cameroun#breadcrumb","itemListElement":[{"@type":"ListItem","position":1,"name":"Accueil","item":"https:\/\/www.africa-press.net\/cameroun\/"},{"@type":"ListItem","position":2,"name":"Fonction publique\u00a0: Paul Biya officialise la hausse des salaires de 5,2% au Cameroun"}]},{"@type":"WebSite","@id":"https:\/\/www.africa-press.net\/cameroun\/#website","url":"https:\/\/www.africa-press.net\/cameroun\/","name":"Cameroun","description":"Just another Africa News Agency Sites site","potentialAction":[{"@type":"SearchAction","target":{"@type":"EntryPoint","urlTemplate":"https:\/\/www.africa-press.net\/cameroun\/?s={search_term_string}"},"query-input":{"@type":"PropertyValueSpecification","valueRequired":true,"valueName":"search_term_string"}}],"inLanguage":"fr-FR"},{"@type":"Person","@id":"https:\/\/www.africa-press.net\/cameroun\/#\/schema\/person\/2b1cf3cd81a31e3cd26889ca66d677f1","name":"cfeditorfr"}]}},"_links":{"self":[{"href":"https:\/\/www.africa-press.net\/cameroun\/wp-json\/wp\/v2\/posts\/38509","targetHints":{"allow":["GET"]}}],"collection":[{"href":"https:\/\/www.africa-press.net\/cameroun\/wp-json\/wp\/v2\/posts"}],"about":[{"href":"https:\/\/www.africa-press.net\/cameroun\/wp-json\/wp\/v2\/types\/post"}],"author":[{"embeddable":true,"href":"https:\/\/www.africa-press.net\/cameroun\/wp-json\/wp\/v2\/users\/82"}],"replies":[{"embeddable":true,"href":"https:\/\/www.africa-press.net\/cameroun\/wp-json\/wp\/v2\/comments?post=38509"}],"version-history":[{"count":0,"href":"https:\/\/www.africa-press.net\/cameroun\/wp-json\/wp\/v2\/posts\/38509\/revisions"}],"wp:featuredmedia":[{"embeddable":true,"href":"https:\/\/www.africa-press.net\/cameroun\/wp-json\/wp\/v2\/media\/38506"}],"wp:attachment":[{"href":"https:\/\/www.africa-press.net\/cameroun\/wp-json\/wp\/v2\/media?parent=38509"}],"wp:term":[{"taxonomy":"category","embeddable":true,"href":"https:\/\/www.africa-press.net\/cameroun\/wp-json\/wp\/v2\/categories?post=38509"},{"taxonomy":"post_tag","embeddable":true,"href":"https:\/\/www.africa-press.net\/cameroun\/wp-json\/wp\/v2\/tags?post=38509"}],"curies":[{"name":"wp","href":"https:\/\/api.w.org\/{rel}","templated":true}]}}