{"id":38538,"date":"2023-03-07T19:20:43","date_gmt":"2023-03-07T19:20:43","guid":{"rendered":"https:\/\/www.africa-press.net\/cameroun\/politique\/prison-centrale-de-bafoussam-lassociation-entre-femmes-etait-au-chevet-des-prisonnieres"},"modified":"2023-03-07T19:47:18","modified_gmt":"2023-03-07T19:47:18","slug":"prison-centrale-de-bafoussam-lassociation-entre-femmes-etait-au-chevet-des-prisonnieres","status":"publish","type":"post","link":"https:\/\/www.africa-press.net\/cameroun\/toutes-les-actualites\/prison-centrale-de-bafoussam-lassociation-entre-femmes-etait-au-chevet-des-prisonnieres","title":{"rendered":"Prison Centrale de Bafoussam : L&rsquo;association Entre Femmes \u00e9tait au chevet des prisonni\u00e8res"},"content":{"rendered":"<p><span style=\"color: #ff6600\"><strong>Africa-Press &#8211; Cameroun. <\/strong><\/span>L&rsquo;association pilote\u0301e par la Journaliste Christelle Yimga e\u0301tait en jonction avec les associations Women and Youth in Action (Way) et Agui Foundation pour la descente dans cet e\u0301tablissement pe\u0301nitentiaire de la capitale re\u0301gionale de l&rsquo;Ouest Cameroun.<\/p>\n<p>Les activite\u0301s d&rsquo;hier se sont inscrites dans le cadre de la ce\u0301le\u0301bration le mercredi 08 mars prochain de la Journe\u0301e Internationale de la Femme. Il e\u0301tait question de communier avec leurs me\u0300res, soeurs et filles prive\u0301es de liberte\u0301 a\u0300 la Prison Centrale de Bafoussam au quartier Kouogouo. Au-dela\u0300 des dons pre\u0301vus pour la circonstance, ces femmes qui pro\u0302nent la solidarite\u0301 fe\u0301minine ont e\u0301galement organise\u0301 une se\u0301ance de formation sur la fabrication du savon liquide et de l&rsquo;eau de javel. De quoi permettre a\u0300 ces pensionnaires de la Prison Centrale de Bafoussam de se re\u0301inse\u0301rer sur le plan e\u0301conomique dans la socie\u0301te\u0301 en perspective.<\/p>\n<p>L&rsquo;e\u0301quipe e\u0301tait compose\u0301e des braves dames telles que Christelle Yimga, Pierrette Prudence Djouowa e\u0301pse Nanmeni, Lisiane Michelle Noubissi, Honorine Armelle Chelibou Zeugang, Navonine Agne\u0300s Kouoh, Aimelda Voukeng Djeuze et Charle\u0300ne Sorelle Teussop. Elles ont apporte\u0301 a\u0300 ces femmes de\u0301tenues quelques dons. C&rsquo;e\u0301tait entre autres les denre\u0301es alimentaires, les produits d&rsquo;hygie\u0300ne corporelle et des kits de formation. L&rsquo;association Women and Youth in Action Cameroon est porte\u0301e par Aimelda Voukeng Djeuze, tandis que Agui Foundation est porte\u0301e par Navonine Agne\u0300s Kuoh. Toutes sont membres de l&rsquo;association Entre Femmes dont la Pre\u0301sidente est Christelle Yimga.<\/p>\n<p><strong>Pour plus d&rsquo;informations et d&rsquo;analyses sur la <a href=\"https:\/\/www.africa-press.net\/cameroun\">Cameroun<\/a>, suivez <a href=\"https:\/\/www.africa-press.net\/\">Africa-Press<\/a><\/strong><\/p>\n","protected":false},"excerpt":{"rendered":"<p>Africa-Press &#8211; Cameroun. L&rsquo;association pilote\u0301e par la Journaliste Christelle Yimga e\u0301tait en jonction avec les associations Women and Youth in Action (Way) et Agui Foundation pour la descente dans cet e\u0301tablissement pe\u0301nitentiaire de la capitale re\u0301gionale de l&rsquo;Ouest Cameroun. Les activite\u0301s d&rsquo;hier se sont inscrites dans le cadre de la ce\u0301le\u0301bration le mercredi 08 mars [&hellip;]<\/p>\n","protected":false},"author":82,"featured_media":38537,"comment_status":"open","ping_status":"closed","sticky":false,"template":"","format":"standard","meta":{"footnotes":""},"categories":[21,10],"tags":[36,50,49],"class_list":["post-38538","post","type-post","status-publish","format-standard","has-post-thumbnail","hentry","category-communaute","category-toutes-les-actualites","tag-africa-press","tag-africa-press-cameroun","tag-cameroun"],"yoast_head":"<!-- This site is optimized with the Yoast SEO Premium plugin v26.1 (Yoast SEO v27.0) - https:\/\/yoast.com\/product\/yoast-seo-premium-wordpress\/ -->\n<title>Prison Centrale de Bafoussam : L&#039;association Entre Femmes \u00e9tait au chevet des prisonni\u00e8res - Cameroun<\/title>\n<meta name=\"description\" content=\"L&#039;association pilote\u0301e par la Journaliste Christelle Yimga e\u0301tait en jonction avec les associations Women and Youth in A ...\" \/>\n<meta name=\"robots\" content=\"index, follow, max-snippet:-1, max-image-preview:large, max-video-preview:-1\" \/>\n<link rel=\"canonical\" href=\"https:\/\/www.africa-press.net\/cameroun\/toutes-les-actualites\/prison-centrale-de-bafoussam-lassociation-entre-femmes-etait-au-chevet-des-prisonnieres\" \/>\n<meta property=\"og:locale\" content=\"fr_FR\" \/>\n<meta property=\"og:type\" content=\"article\" \/>\n<meta property=\"og:title\" content=\"Prison Centrale de Bafoussam : L&#039;association Entre Femmes \u00e9tait au chevet des prisonni\u00e8res\" \/>\n<meta property=\"og:description\" content=\"L&#039;association pilote\u0301e par la Journaliste Christelle Yimga e\u0301tait en jonction avec les associations Women and Youth in A ...\" \/>\n<meta property=\"og:url\" content=\"https:\/\/www.africa-press.net\/cameroun\/toutes-les-actualites\/prison-centrale-de-bafoussam-lassociation-entre-femmes-etait-au-chevet-des-prisonnieres\" \/>\n<meta property=\"og:site_name\" content=\"Cameroun\" \/>\n<meta property=\"article:published_time\" content=\"2023-03-07T19:20:43+00:00\" \/>\n<meta property=\"article:modified_time\" content=\"2023-03-07T19:47:18+00:00\" \/>\n<meta property=\"og:image\" content=\"https:\/\/static.africa-press.net\/cameroun\/sites\/57\/2023\/03\/postQueueImg_1678204247.39.jpg\" \/>\n\t<meta property=\"og:image:width\" content=\"720\" \/>\n\t<meta property=\"og:image:height\" content=\"456\" \/>\n\t<meta property=\"og:image:type\" content=\"image\/jpeg\" \/>\n<meta name=\"author\" content=\"cfeditorfr\" \/>\n<meta name=\"twitter:card\" content=\"summary_large_image\" \/>\n<meta name=\"twitter:label1\" content=\"\u00c9crit par\" \/>\n\t<meta name=\"twitter:data1\" content=\"cfeditorfr\" \/>\n\t<meta name=\"twitter:label2\" content=\"Dur\u00e9e de lecture estim\u00e9e\" \/>\n\t<meta name=\"twitter:data2\" content=\"1 minute\" \/>\n<script type=\"application\/ld+json\" class=\"yoast-schema-graph\">{\"@context\":\"https:\/\/schema.org\",\"@graph\":[{\"@type\":\"Article\",\"@id\":\"https:\/\/www.africa-press.net\/cameroun\/toutes-les-actualites\/prison-centrale-de-bafoussam-lassociation-entre-femmes-etait-au-chevet-des-prisonnieres#article\",\"isPartOf\":{\"@id\":\"https:\/\/www.africa-press.net\/cameroun\/toutes-les-actualites\/prison-centrale-de-bafoussam-lassociation-entre-femmes-etait-au-chevet-des-prisonnieres\"},\"author\":{\"name\":\"cfeditorfr\",\"@id\":\"https:\/\/www.africa-press.net\/cameroun\/#\/schema\/person\/2b1cf3cd81a31e3cd26889ca66d677f1\"},\"headline\":\"Prison Centrale de Bafoussam : L&rsquo;association Entre Femmes \u00e9tait au chevet des prisonni\u00e8res\",\"datePublished\":\"2023-03-07T19:20:43+00:00\",\"dateModified\":\"2023-03-07T19:47:18+00:00\",\"mainEntityOfPage\":{\"@id\":\"https:\/\/www.africa-press.net\/cameroun\/toutes-les-actualites\/prison-centrale-de-bafoussam-lassociation-entre-femmes-etait-au-chevet-des-prisonnieres\"},\"wordCount\":303,\"commentCount\":0,\"image\":{\"@id\":\"https:\/\/www.africa-press.net\/cameroun\/toutes-les-actualites\/prison-centrale-de-bafoussam-lassociation-entre-femmes-etait-au-chevet-des-prisonnieres#primaryimage\"},\"thumbnailUrl\":\"https:\/\/static.africa-press.net\/cameroun\/sites\/57\/2023\/03\/postQueueImg_1678204247.39.jpg\",\"keywords\":[\"Africa Press\",\"Africa Press-Cameroun\",\"Cameroun\"],\"articleSection\":[\"Communaut\u00e9\",\"Toutes les actualit\u00e9s\"],\"inLanguage\":\"fr-FR\",\"potentialAction\":[{\"@type\":\"CommentAction\",\"name\":\"Comment\",\"target\":[\"https:\/\/www.africa-press.net\/cameroun\/toutes-les-actualites\/prison-centrale-de-bafoussam-lassociation-entre-femmes-etait-au-chevet-des-prisonnieres#respond\"]}]},{\"@type\":\"WebPage\",\"@id\":\"https:\/\/www.africa-press.net\/cameroun\/toutes-les-actualites\/prison-centrale-de-bafoussam-lassociation-entre-femmes-etait-au-chevet-des-prisonnieres\",\"url\":\"https:\/\/www.africa-press.net\/cameroun\/toutes-les-actualites\/prison-centrale-de-bafoussam-lassociation-entre-femmes-etait-au-chevet-des-prisonnieres\",\"name\":\"Prison Centrale de Bafoussam : L'association Entre Femmes \u00e9tait au chevet des prisonni\u00e8res - Cameroun\",\"isPartOf\":{\"@id\":\"https:\/\/www.africa-press.net\/cameroun\/#website\"},\"primaryImageOfPage\":{\"@id\":\"https:\/\/www.africa-press.net\/cameroun\/toutes-les-actualites\/prison-centrale-de-bafoussam-lassociation-entre-femmes-etait-au-chevet-des-prisonnieres#primaryimage\"},\"image\":{\"@id\":\"https:\/\/www.africa-press.net\/cameroun\/toutes-les-actualites\/prison-centrale-de-bafoussam-lassociation-entre-femmes-etait-au-chevet-des-prisonnieres#primaryimage\"},\"thumbnailUrl\":\"https:\/\/static.africa-press.net\/cameroun\/sites\/57\/2023\/03\/postQueueImg_1678204247.39.jpg\",\"datePublished\":\"2023-03-07T19:20:43+00:00\",\"dateModified\":\"2023-03-07T19:47:18+00:00\",\"author\":{\"@id\":\"https:\/\/www.africa-press.net\/cameroun\/#\/schema\/person\/2b1cf3cd81a31e3cd26889ca66d677f1\"},\"description\":\"L'association pilote\u0301e par la Journaliste Christelle Yimga e\u0301tait en jonction avec les associations Women and Youth in A ...\",\"breadcrumb\":{\"@id\":\"https:\/\/www.africa-press.net\/cameroun\/toutes-les-actualites\/prison-centrale-de-bafoussam-lassociation-entre-femmes-etait-au-chevet-des-prisonnieres#breadcrumb\"},\"inLanguage\":\"fr-FR\",\"potentialAction\":[{\"@type\":\"ReadAction\",\"target\":[\"https:\/\/www.africa-press.net\/cameroun\/toutes-les-actualites\/prison-centrale-de-bafoussam-lassociation-entre-femmes-etait-au-chevet-des-prisonnieres\"]}]},{\"@type\":\"ImageObject\",\"inLanguage\":\"fr-FR\",\"@id\":\"https:\/\/www.africa-press.net\/cameroun\/toutes-les-actualites\/prison-centrale-de-bafoussam-lassociation-entre-femmes-etait-au-chevet-des-prisonnieres#primaryimage\",\"url\":\"https:\/\/static.africa-press.net\/cameroun\/sites\/57\/2023\/03\/postQueueImg_1678204247.39.jpg\",\"contentUrl\":\"https:\/\/static.africa-press.net\/cameroun\/sites\/57\/2023\/03\/postQueueImg_1678204247.39.jpg\",\"width\":720,\"height\":456,\"caption\":\"Prison Centrale de Bafoussam : L'association Entre Femmes \u00e9tait au chevet des prisonni\u00e8res\"},{\"@type\":\"BreadcrumbList\",\"@id\":\"https:\/\/www.africa-press.net\/cameroun\/toutes-les-actualites\/prison-centrale-de-bafoussam-lassociation-entre-femmes-etait-au-chevet-des-prisonnieres#breadcrumb\",\"itemListElement\":[{\"@type\":\"ListItem\",\"position\":1,\"name\":\"Accueil\",\"item\":\"https:\/\/www.africa-press.net\/cameroun\/\"},{\"@type\":\"ListItem\",\"position\":2,\"name\":\"Prison Centrale de Bafoussam : L&rsquo;association Entre Femmes \u00e9tait au chevet des prisonni\u00e8res\"}]},{\"@type\":\"WebSite\",\"@id\":\"https:\/\/www.africa-press.net\/cameroun\/#website\",\"url\":\"https:\/\/www.africa-press.net\/cameroun\/\",\"name\":\"Cameroun\",\"description\":\"Just another Africa News Agency Sites site\",\"potentialAction\":[{\"@type\":\"SearchAction\",\"target\":{\"@type\":\"EntryPoint\",\"urlTemplate\":\"https:\/\/www.africa-press.net\/cameroun\/?s={search_term_string}\"},\"query-input\":{\"@type\":\"PropertyValueSpecification\",\"valueRequired\":true,\"valueName\":\"search_term_string\"}}],\"inLanguage\":\"fr-FR\"},{\"@type\":\"Person\",\"@id\":\"https:\/\/www.africa-press.net\/cameroun\/#\/schema\/person\/2b1cf3cd81a31e3cd26889ca66d677f1\",\"name\":\"cfeditorfr\"}]}<\/script>\n<!-- \/ Yoast SEO Premium plugin. -->","yoast_head_json":{"title":"Prison Centrale de Bafoussam : L'association Entre Femmes \u00e9tait au chevet des prisonni\u00e8res - Cameroun","description":"L'association pilote\u0301e par la Journaliste Christelle Yimga e\u0301tait en jonction avec les associations Women and Youth in A ...","robots":{"index":"index","follow":"follow","max-snippet":"max-snippet:-1","max-image-preview":"max-image-preview:large","max-video-preview":"max-video-preview:-1"},"canonical":"https:\/\/www.africa-press.net\/cameroun\/toutes-les-actualites\/prison-centrale-de-bafoussam-lassociation-entre-femmes-etait-au-chevet-des-prisonnieres","og_locale":"fr_FR","og_type":"article","og_title":"Prison Centrale de Bafoussam : L'association Entre Femmes \u00e9tait au chevet des prisonni\u00e8res","og_description":"L'association pilote\u0301e par la Journaliste Christelle Yimga e\u0301tait en jonction avec les associations Women and Youth in A ...","og_url":"https:\/\/www.africa-press.net\/cameroun\/toutes-les-actualites\/prison-centrale-de-bafoussam-lassociation-entre-femmes-etait-au-chevet-des-prisonnieres","og_site_name":"Cameroun","article_published_time":"2023-03-07T19:20:43+00:00","article_modified_time":"2023-03-07T19:47:18+00:00","og_image":[{"width":720,"height":456,"url":"https:\/\/static.africa-press.net\/cameroun\/sites\/57\/2023\/03\/postQueueImg_1678204247.39.jpg","type":"image\/jpeg"}],"author":"cfeditorfr","twitter_card":"summary_large_image","twitter_misc":{"\u00c9crit par":"cfeditorfr","Dur\u00e9e de lecture estim\u00e9e":"1 minute"},"schema":{"@context":"https:\/\/schema.org","@graph":[{"@type":"Article","@id":"https:\/\/www.africa-press.net\/cameroun\/toutes-les-actualites\/prison-centrale-de-bafoussam-lassociation-entre-femmes-etait-au-chevet-des-prisonnieres#article","isPartOf":{"@id":"https:\/\/www.africa-press.net\/cameroun\/toutes-les-actualites\/prison-centrale-de-bafoussam-lassociation-entre-femmes-etait-au-chevet-des-prisonnieres"},"author":{"name":"cfeditorfr","@id":"https:\/\/www.africa-press.net\/cameroun\/#\/schema\/person\/2b1cf3cd81a31e3cd26889ca66d677f1"},"headline":"Prison Centrale de Bafoussam : L&rsquo;association Entre Femmes \u00e9tait au chevet des prisonni\u00e8res","datePublished":"2023-03-07T19:20:43+00:00","dateModified":"2023-03-07T19:47:18+00:00","mainEntityOfPage":{"@id":"https:\/\/www.africa-press.net\/cameroun\/toutes-les-actualites\/prison-centrale-de-bafoussam-lassociation-entre-femmes-etait-au-chevet-des-prisonnieres"},"wordCount":303,"commentCount":0,"image":{"@id":"https:\/\/www.africa-press.net\/cameroun\/toutes-les-actualites\/prison-centrale-de-bafoussam-lassociation-entre-femmes-etait-au-chevet-des-prisonnieres#primaryimage"},"thumbnailUrl":"https:\/\/static.africa-press.net\/cameroun\/sites\/57\/2023\/03\/postQueueImg_1678204247.39.jpg","keywords":["Africa Press","Africa Press-Cameroun","Cameroun"],"articleSection":["Communaut\u00e9","Toutes les actualit\u00e9s"],"inLanguage":"fr-FR","potentialAction":[{"@type":"CommentAction","name":"Comment","target":["https:\/\/www.africa-press.net\/cameroun\/toutes-les-actualites\/prison-centrale-de-bafoussam-lassociation-entre-femmes-etait-au-chevet-des-prisonnieres#respond"]}]},{"@type":"WebPage","@id":"https:\/\/www.africa-press.net\/cameroun\/toutes-les-actualites\/prison-centrale-de-bafoussam-lassociation-entre-femmes-etait-au-chevet-des-prisonnieres","url":"https:\/\/www.africa-press.net\/cameroun\/toutes-les-actualites\/prison-centrale-de-bafoussam-lassociation-entre-femmes-etait-au-chevet-des-prisonnieres","name":"Prison Centrale de Bafoussam : L'association Entre Femmes \u00e9tait au chevet des prisonni\u00e8res - Cameroun","isPartOf":{"@id":"https:\/\/www.africa-press.net\/cameroun\/#website"},"primaryImageOfPage":{"@id":"https:\/\/www.africa-press.net\/cameroun\/toutes-les-actualites\/prison-centrale-de-bafoussam-lassociation-entre-femmes-etait-au-chevet-des-prisonnieres#primaryimage"},"image":{"@id":"https:\/\/www.africa-press.net\/cameroun\/toutes-les-actualites\/prison-centrale-de-bafoussam-lassociation-entre-femmes-etait-au-chevet-des-prisonnieres#primaryimage"},"thumbnailUrl":"https:\/\/static.africa-press.net\/cameroun\/sites\/57\/2023\/03\/postQueueImg_1678204247.39.jpg","datePublished":"2023-03-07T19:20:43+00:00","dateModified":"2023-03-07T19:47:18+00:00","author":{"@id":"https:\/\/www.africa-press.net\/cameroun\/#\/schema\/person\/2b1cf3cd81a31e3cd26889ca66d677f1"},"description":"L'association pilote\u0301e par la Journaliste Christelle Yimga e\u0301tait en jonction avec les associations Women and Youth in A ...","breadcrumb":{"@id":"https:\/\/www.africa-press.net\/cameroun\/toutes-les-actualites\/prison-centrale-de-bafoussam-lassociation-entre-femmes-etait-au-chevet-des-prisonnieres#breadcrumb"},"inLanguage":"fr-FR","potentialAction":[{"@type":"ReadAction","target":["https:\/\/www.africa-press.net\/cameroun\/toutes-les-actualites\/prison-centrale-de-bafoussam-lassociation-entre-femmes-etait-au-chevet-des-prisonnieres"]}]},{"@type":"ImageObject","inLanguage":"fr-FR","@id":"https:\/\/www.africa-press.net\/cameroun\/toutes-les-actualites\/prison-centrale-de-bafoussam-lassociation-entre-femmes-etait-au-chevet-des-prisonnieres#primaryimage","url":"https:\/\/static.africa-press.net\/cameroun\/sites\/57\/2023\/03\/postQueueImg_1678204247.39.jpg","contentUrl":"https:\/\/static.africa-press.net\/cameroun\/sites\/57\/2023\/03\/postQueueImg_1678204247.39.jpg","width":720,"height":456,"caption":"Prison Centrale de Bafoussam : L'association Entre Femmes \u00e9tait au chevet des prisonni\u00e8res"},{"@type":"BreadcrumbList","@id":"https:\/\/www.africa-press.net\/cameroun\/toutes-les-actualites\/prison-centrale-de-bafoussam-lassociation-entre-femmes-etait-au-chevet-des-prisonnieres#breadcrumb","itemListElement":[{"@type":"ListItem","position":1,"name":"Accueil","item":"https:\/\/www.africa-press.net\/cameroun\/"},{"@type":"ListItem","position":2,"name":"Prison Centrale de Bafoussam : L&rsquo;association Entre Femmes \u00e9tait au chevet des prisonni\u00e8res"}]},{"@type":"WebSite","@id":"https:\/\/www.africa-press.net\/cameroun\/#website","url":"https:\/\/www.africa-press.net\/cameroun\/","name":"Cameroun","description":"Just another Africa News Agency Sites site","potentialAction":[{"@type":"SearchAction","target":{"@type":"EntryPoint","urlTemplate":"https:\/\/www.africa-press.net\/cameroun\/?s={search_term_string}"},"query-input":{"@type":"PropertyValueSpecification","valueRequired":true,"valueName":"search_term_string"}}],"inLanguage":"fr-FR"},{"@type":"Person","@id":"https:\/\/www.africa-press.net\/cameroun\/#\/schema\/person\/2b1cf3cd81a31e3cd26889ca66d677f1","name":"cfeditorfr"}]}},"_links":{"self":[{"href":"https:\/\/www.africa-press.net\/cameroun\/wp-json\/wp\/v2\/posts\/38538","targetHints":{"allow":["GET"]}}],"collection":[{"href":"https:\/\/www.africa-press.net\/cameroun\/wp-json\/wp\/v2\/posts"}],"about":[{"href":"https:\/\/www.africa-press.net\/cameroun\/wp-json\/wp\/v2\/types\/post"}],"author":[{"embeddable":true,"href":"https:\/\/www.africa-press.net\/cameroun\/wp-json\/wp\/v2\/users\/82"}],"replies":[{"embeddable":true,"href":"https:\/\/www.africa-press.net\/cameroun\/wp-json\/wp\/v2\/comments?post=38538"}],"version-history":[{"count":0,"href":"https:\/\/www.africa-press.net\/cameroun\/wp-json\/wp\/v2\/posts\/38538\/revisions"}],"wp:featuredmedia":[{"embeddable":true,"href":"https:\/\/www.africa-press.net\/cameroun\/wp-json\/wp\/v2\/media\/38537"}],"wp:attachment":[{"href":"https:\/\/www.africa-press.net\/cameroun\/wp-json\/wp\/v2\/media?parent=38538"}],"wp:term":[{"taxonomy":"category","embeddable":true,"href":"https:\/\/www.africa-press.net\/cameroun\/wp-json\/wp\/v2\/categories?post=38538"},{"taxonomy":"post_tag","embeddable":true,"href":"https:\/\/www.africa-press.net\/cameroun\/wp-json\/wp\/v2\/tags?post=38538"}],"curies":[{"name":"wp","href":"https:\/\/api.w.org\/{rel}","templated":true}]}}