{"id":38540,"date":"2023-03-07T19:20:49","date_gmt":"2023-03-07T19:20:49","guid":{"rendered":"https:\/\/www.africa-press.net\/cameroun\/politique\/campagne-des-senatoriales-les-35-grands-electeurs-de-malantouen-renouvellent-leur-flamme-a-ludc"},"modified":"2023-03-07T19:47:38","modified_gmt":"2023-03-07T19:47:38","slug":"campagne-des-senatoriales-les-35-grands-electeurs-de-malantouen-renouvellent-leur-flamme-a-ludc","status":"publish","type":"post","link":"https:\/\/www.africa-press.net\/cameroun\/politique\/campagne-des-senatoriales-les-35-grands-electeurs-de-malantouen-renouvellent-leur-flamme-a-ludc","title":{"rendered":"Campagne des S\u00e9natoriales : Les 35 grands \u00e9lecteurs de Malantouen renouvellent leur flamme \u00e0 l\u2019Udc"},"content":{"rendered":"<p><span style=\"color: #ff6600\"><strong>Africa-Press &#8211; Cameroun. <\/strong><\/span>Ce 6 mars en milieu d\u2019apre\u0300s-midi, la caravane de la campagne s\u2019est e\u0301branle\u0301e vers cette Commune udciste avec son vivier de 35 grands e\u0301lecteurs. Mfopou Aboubacar, le directeur de campagne et maire de Massangam est a\u0300 la te\u0302te de la de\u0301le\u0301gation qui rallie Malantouen, a\u0300 pre\u0300s de 75 km de Foumban.<\/p>\n<p>Au c\u0153ur du de\u0301partement qui couvre a\u0300 lui seul plus de la moitie\u0301 du territoire de la re\u0301gion de l\u2019Ouest, les 34 conseillers municipaux et un conseiller re\u0301gional attendent assidu\u0302ment depuis la matine\u0301e, l\u2019e\u0301quipe de campagne dans cette bourgade, \u00ab la cite\u0301 des palmiers \u00bb.<\/p>\n<p>A 16h 30 mn, la de\u0301le\u0301gation fait son entre\u0301e dans la salle des actes de la mairie. Apre\u0300s les prie\u0300res et l\u2019exe\u0301cution de l\u2019hymne national dont le refrain est repris magnifiquement en anglais, la pre\u0301sentation des candidats en a suivi.<\/p>\n<p>\u00ab C\u2019est un insigne honneur de prendre la parole. Nous sommes-la\u0300 pour les e\u0301changes. Clo\u0302turer avec la joie pour la victoire le 12 mars. Parmi les 14 candidats, il y a un fils de Malantouen \u00bb, lance d\u2019entre\u0301e de jeu le directeur de la campagne devant les grands e\u0301lecteurs en liesse.<\/p>\n<p>Au moment de pre\u0301senter les candidats, un temps fort de cette descente, Koupit Adamou, va en rajouter a\u0300 l\u2019ambiance de\u0301ja\u0300 euphorique, en indiquant que la liste de l\u2019Udc est comme l\u2019e\u0301quipe des Lions indomptables, avec 7 entrants et 7 sur le banc de touche mais qui sont d\u2019e\u0301gale importance.<\/p>\n<p>Il a de ce fait e\u0301grene\u0301 les noms de tous les indomptables de l\u2019Udc qui seront sur l\u2019aire de jeu dimanche prochain et les grands e\u0301lecteurs qui seront les arbitres sont soigneusement invite\u0301s de ne commettre aucune erreur d\u2019appre\u0301ciation quant au choix du bulletin de vote.<\/p>\n<p>Il y en aura trois, avec ceux du Rdpc et de l\u2019Ums. Pour e\u0301viter la moindre confusion, le bulletin de campagne a circule\u0301 de mains en mains pour assurer le bon choix a\u0300 ope\u0301rer dans l\u2019isoloir dimanche prochain. La te\u0302te de liste est le Dr Njoya Oumarou, enseignant a\u0300 la retraite a\u0300 l\u2019universite\u0301 de Douala.<\/p>\n<p>Ensuite viennent dans l\u2019ordre nume\u0301rique, Nkengne Anne e\u0301pse Tchendjou originaire des Hauts-plateaux, membre du bureau politique depuis 2011 et ope\u0301ratrice e\u0301conomique ; Ngoutane Mariama, e\u0301pse Sende\u0301, ho\u0302tesse de l\u2019air retraite\u0301e a\u0300 la Camair et a\u0300 Camairco, reine \u2013me\u0300re dans le Noun et dame de culture ; Adamou Ardo Yandi, chef de la communaute\u0301 Bororo, ope\u0301rateur e\u0301conomique ; Sonwa Noe\u0308l, est le pre\u0301sident de\u0301partemental de l&rsquo;Udc dans le Bamboutos ; Mbenkeu Bernard est professeur des lyce\u0301es, originaire du Nde\u0301.<\/p>\n<p>Il est enseignant au Lyce\u0301e classique de Bafoussam ; Mombo Jeanne Belle, e\u0301pse Peteko est une ope\u0301ratrice e\u0301conomique. En ce qui concerne les se\u0301nateurs supple\u0301ants sur la liste de l\u2019Udc, on retient tout aussi dans l\u2019ordre.<\/p>\n<p>Yangoya Amadou, de Bangourain ; Fadimatou Gabdo, une Bororo anglophone ; Wandoum Joseph est grand notable a\u0300 la chefferie Bamougoum ; Fofack Appolinaire Romain, de Dschang ; Nono Nanwouo Alain Abraham est un enseignant a\u0300 la retraite ; Wanko Jean et Youmssi Kapawa Marie Ve\u0301ronique.<\/p>\n<p>\u00ab La victoire de l\u2019Udc appartient aux arbitres que vous e\u0302tes \u00bb , a lance\u0301 Koupit Adamou en terminant la pre\u0301sentation des candidats de l\u2019Udc.<\/p>\n<p>La lecture de la profession de foi de l\u2019Udc a pris le relai avec Mongwat Ahidjo. Les conseillers tout yeux tout oreilles, n\u2019ont pas pose\u0301 de questions a\u0300 l\u2019e\u0301quipe de campagne.<\/p>\n<p>Par la suite les gadgets du parti ont e\u0301te\u0301 distribue\u0301s aux grands conseillers : polos, t-shirts, calendriers, les de\u0301plaints entre autres. Au terme de la rencontre, le maire de Malantouen, Ndapeyouene Ibrahim a dit tout son satisfe\u0301cit.<\/p>\n<p>\u00ab Malantouen est comme une proprie\u0301te\u0301 prive\u0301e de l\u2019Union de\u0301mocratique du Cameroun. C\u2019est donc pour cela que les Conseillers depuis 10h tel que cela a e\u0301te\u0301 demande\u0301 attendaient.<\/p>\n<p>Toutes les voix des Conseillers municipaux de la commune de Malantouen sont acquises au se\u0301natoriales du 12 mars prochain pour la liste de l\u2019Udc \u00bb , a-t-il de\u0301clare\u0301 in extenso.<\/p>\n<p>Quant au directeur de l\u2019e\u0301quipe de campagne, il n\u2019en dit pas moins. \u00ab Mes impressions sont bonnes. Etant donne\u0301 que Malantouen est notre chambre ! Malantouen est une base de l\u2019Union de\u0301mocratique du Cameroun. Nous avons 35 grands e\u0301lecteurs ici.<\/p>\n<p>A la fin de cette journe\u0301e, je vois de\u0301ja\u0300 35 bulletins dans les urnes \u00bb a-t-il asse\u0301ne\u0301 avant de dire tous ses remerciements a\u0300 la pre\u0301sidente nationale, Patricia Ndam Njoya, de leur avoir demande\u0301 de faire la premie\u0300re descente dans la Commune de Malantouen.<\/p>\n<p>\u00ab Vous-me\u0302mes avez vu que les 35 grands e\u0301lecteurs et ils nous attendent depuis le matin ! Regardez a\u0300 quelle heure on arrive et on les a trouve\u0301s ! Au soir du 12 mars, nous allons ce\u0301le\u0301brer la victoire de l\u2019Udc. Nous aurons donc 7 de\u0301pute\u0301s et 7 supple\u0301ants \u00bb , a assene\u0301 Mfopou Aboubacar pour conclure.<\/p>\n<p><strong>Pour plus d&rsquo;informations et d&rsquo;analyses sur la <a href=\"https:\/\/www.africa-press.net\/cameroun\">Cameroun<\/a>, suivez <a href=\"https:\/\/www.africa-press.net\/\">Africa-Press<\/a><\/strong><\/p>\n","protected":false},"excerpt":{"rendered":"<p>Africa-Press &#8211; Cameroun. Ce 6 mars en milieu d\u2019apre\u0300s-midi, la caravane de la campagne s\u2019est e\u0301branle\u0301e vers cette Commune udciste avec son vivier de 35 grands e\u0301lecteurs. Mfopou Aboubacar, le directeur de campagne et maire de Massangam est a\u0300 la te\u0302te de la de\u0301le\u0301gation qui rallie Malantouen, a\u0300 pre\u0300s de 75 km de Foumban. Au [&hellip;]<\/p>\n","protected":false},"author":82,"featured_media":38539,"comment_status":"open","ping_status":"closed","sticky":false,"template":"","format":"standard","meta":{"footnotes":""},"categories":[2,10],"tags":[36,50,49],"class_list":["post-38540","post","type-post","status-publish","format-standard","has-post-thumbnail","hentry","category-politique","category-toutes-les-actualites","tag-africa-press","tag-africa-press-cameroun","tag-cameroun"],"yoast_head":"<!-- This site is optimized with the Yoast SEO Premium plugin v26.1 (Yoast SEO v27.0) - https:\/\/yoast.com\/product\/yoast-seo-premium-wordpress\/ -->\n<title>Campagne des S\u00e9natoriales : Les 35 grands \u00e9lecteurs de Malantouen renouvellent leur flamme \u00e0 l\u2019Udc - Cameroun<\/title>\n<meta name=\"description\" content=\"Ce 6 mars en milieu d\u2019apre\u0300s-midi, la caravane de la campagne s\u2019est e\u0301branle\u0301e vers cette Commune udciste avec son vivie ...\" \/>\n<meta name=\"robots\" content=\"index, follow, max-snippet:-1, max-image-preview:large, max-video-preview:-1\" \/>\n<link rel=\"canonical\" href=\"https:\/\/www.africa-press.net\/cameroun\/politique\/campagne-des-senatoriales-les-35-grands-electeurs-de-malantouen-renouvellent-leur-flamme-a-ludc\" \/>\n<meta property=\"og:locale\" content=\"fr_FR\" \/>\n<meta property=\"og:type\" content=\"article\" \/>\n<meta property=\"og:title\" content=\"Campagne des S\u00e9natoriales : Les 35 grands \u00e9lecteurs de Malantouen renouvellent leur flamme \u00e0 l\u2019Udc\" \/>\n<meta property=\"og:description\" content=\"Ce 6 mars en milieu d\u2019apre\u0300s-midi, la caravane de la campagne s\u2019est e\u0301branle\u0301e vers cette Commune udciste avec son vivie ...\" \/>\n<meta property=\"og:url\" content=\"https:\/\/www.africa-press.net\/cameroun\/politique\/campagne-des-senatoriales-les-35-grands-electeurs-de-malantouen-renouvellent-leur-flamme-a-ludc\" \/>\n<meta property=\"og:site_name\" content=\"Cameroun\" \/>\n<meta property=\"article:published_time\" content=\"2023-03-07T19:20:49+00:00\" \/>\n<meta property=\"article:modified_time\" content=\"2023-03-07T19:47:38+00:00\" \/>\n<meta property=\"og:image\" content=\"https:\/\/static.africa-press.net\/cameroun\/sites\/57\/2023\/03\/postQueueImg_1678204265.37.jpg\" \/>\n\t<meta property=\"og:image:width\" content=\"1280\" \/>\n\t<meta property=\"og:image:height\" content=\"720\" \/>\n\t<meta property=\"og:image:type\" content=\"image\/jpeg\" \/>\n<meta name=\"author\" content=\"cfeditorfr\" \/>\n<meta name=\"twitter:card\" content=\"summary_large_image\" \/>\n<meta name=\"twitter:label1\" content=\"\u00c9crit par\" \/>\n\t<meta name=\"twitter:data1\" content=\"cfeditorfr\" \/>\n\t<meta name=\"twitter:label2\" content=\"Dur\u00e9e de lecture estim\u00e9e\" \/>\n\t<meta name=\"twitter:data2\" content=\"4 minutes\" \/>\n<script type=\"application\/ld+json\" class=\"yoast-schema-graph\">{\"@context\":\"https:\/\/schema.org\",\"@graph\":[{\"@type\":\"Article\",\"@id\":\"https:\/\/www.africa-press.net\/cameroun\/politique\/campagne-des-senatoriales-les-35-grands-electeurs-de-malantouen-renouvellent-leur-flamme-a-ludc#article\",\"isPartOf\":{\"@id\":\"https:\/\/www.africa-press.net\/cameroun\/politique\/campagne-des-senatoriales-les-35-grands-electeurs-de-malantouen-renouvellent-leur-flamme-a-ludc\"},\"author\":{\"name\":\"cfeditorfr\",\"@id\":\"https:\/\/www.africa-press.net\/cameroun\/#\/schema\/person\/2b1cf3cd81a31e3cd26889ca66d677f1\"},\"headline\":\"Campagne des S\u00e9natoriales : Les 35 grands \u00e9lecteurs de Malantouen renouvellent leur flamme \u00e0 l\u2019Udc\",\"datePublished\":\"2023-03-07T19:20:49+00:00\",\"dateModified\":\"2023-03-07T19:47:38+00:00\",\"mainEntityOfPage\":{\"@id\":\"https:\/\/www.africa-press.net\/cameroun\/politique\/campagne-des-senatoriales-les-35-grands-electeurs-de-malantouen-renouvellent-leur-flamme-a-ludc\"},\"wordCount\":893,\"commentCount\":0,\"image\":{\"@id\":\"https:\/\/www.africa-press.net\/cameroun\/politique\/campagne-des-senatoriales-les-35-grands-electeurs-de-malantouen-renouvellent-leur-flamme-a-ludc#primaryimage\"},\"thumbnailUrl\":\"https:\/\/static.africa-press.net\/cameroun\/sites\/57\/2023\/03\/postQueueImg_1678204265.37.jpg\",\"keywords\":[\"Africa Press\",\"Africa Press-Cameroun\",\"Cameroun\"],\"articleSection\":[\"Politique\",\"Toutes les actualit\u00e9s\"],\"inLanguage\":\"fr-FR\",\"potentialAction\":[{\"@type\":\"CommentAction\",\"name\":\"Comment\",\"target\":[\"https:\/\/www.africa-press.net\/cameroun\/politique\/campagne-des-senatoriales-les-35-grands-electeurs-de-malantouen-renouvellent-leur-flamme-a-ludc#respond\"]}]},{\"@type\":\"WebPage\",\"@id\":\"https:\/\/www.africa-press.net\/cameroun\/politique\/campagne-des-senatoriales-les-35-grands-electeurs-de-malantouen-renouvellent-leur-flamme-a-ludc\",\"url\":\"https:\/\/www.africa-press.net\/cameroun\/politique\/campagne-des-senatoriales-les-35-grands-electeurs-de-malantouen-renouvellent-leur-flamme-a-ludc\",\"name\":\"Campagne des S\u00e9natoriales : Les 35 grands \u00e9lecteurs de Malantouen renouvellent leur flamme \u00e0 l\u2019Udc - Cameroun\",\"isPartOf\":{\"@id\":\"https:\/\/www.africa-press.net\/cameroun\/#website\"},\"primaryImageOfPage\":{\"@id\":\"https:\/\/www.africa-press.net\/cameroun\/politique\/campagne-des-senatoriales-les-35-grands-electeurs-de-malantouen-renouvellent-leur-flamme-a-ludc#primaryimage\"},\"image\":{\"@id\":\"https:\/\/www.africa-press.net\/cameroun\/politique\/campagne-des-senatoriales-les-35-grands-electeurs-de-malantouen-renouvellent-leur-flamme-a-ludc#primaryimage\"},\"thumbnailUrl\":\"https:\/\/static.africa-press.net\/cameroun\/sites\/57\/2023\/03\/postQueueImg_1678204265.37.jpg\",\"datePublished\":\"2023-03-07T19:20:49+00:00\",\"dateModified\":\"2023-03-07T19:47:38+00:00\",\"author\":{\"@id\":\"https:\/\/www.africa-press.net\/cameroun\/#\/schema\/person\/2b1cf3cd81a31e3cd26889ca66d677f1\"},\"description\":\"Ce 6 mars en milieu d\u2019apre\u0300s-midi, la caravane de la campagne s\u2019est e\u0301branle\u0301e vers cette Commune udciste avec son vivie ...\",\"breadcrumb\":{\"@id\":\"https:\/\/www.africa-press.net\/cameroun\/politique\/campagne-des-senatoriales-les-35-grands-electeurs-de-malantouen-renouvellent-leur-flamme-a-ludc#breadcrumb\"},\"inLanguage\":\"fr-FR\",\"potentialAction\":[{\"@type\":\"ReadAction\",\"target\":[\"https:\/\/www.africa-press.net\/cameroun\/politique\/campagne-des-senatoriales-les-35-grands-electeurs-de-malantouen-renouvellent-leur-flamme-a-ludc\"]}]},{\"@type\":\"ImageObject\",\"inLanguage\":\"fr-FR\",\"@id\":\"https:\/\/www.africa-press.net\/cameroun\/politique\/campagne-des-senatoriales-les-35-grands-electeurs-de-malantouen-renouvellent-leur-flamme-a-ludc#primaryimage\",\"url\":\"https:\/\/static.africa-press.net\/cameroun\/sites\/57\/2023\/03\/postQueueImg_1678204265.37.jpg\",\"contentUrl\":\"https:\/\/static.africa-press.net\/cameroun\/sites\/57\/2023\/03\/postQueueImg_1678204265.37.jpg\",\"width\":1280,\"height\":720,\"caption\":\"Campagne des S\u00e9natoriales : Les 35 grands \u00e9lecteurs de Malantouen renouvellent leur flamme \u00e0 l\u2019Udc\"},{\"@type\":\"BreadcrumbList\",\"@id\":\"https:\/\/www.africa-press.net\/cameroun\/politique\/campagne-des-senatoriales-les-35-grands-electeurs-de-malantouen-renouvellent-leur-flamme-a-ludc#breadcrumb\",\"itemListElement\":[{\"@type\":\"ListItem\",\"position\":1,\"name\":\"Accueil\",\"item\":\"https:\/\/www.africa-press.net\/cameroun\/\"},{\"@type\":\"ListItem\",\"position\":2,\"name\":\"Campagne des S\u00e9natoriales : Les 35 grands \u00e9lecteurs de Malantouen renouvellent leur flamme \u00e0 l\u2019Udc\"}]},{\"@type\":\"WebSite\",\"@id\":\"https:\/\/www.africa-press.net\/cameroun\/#website\",\"url\":\"https:\/\/www.africa-press.net\/cameroun\/\",\"name\":\"Cameroun\",\"description\":\"Just another Africa News Agency Sites site\",\"potentialAction\":[{\"@type\":\"SearchAction\",\"target\":{\"@type\":\"EntryPoint\",\"urlTemplate\":\"https:\/\/www.africa-press.net\/cameroun\/?s={search_term_string}\"},\"query-input\":{\"@type\":\"PropertyValueSpecification\",\"valueRequired\":true,\"valueName\":\"search_term_string\"}}],\"inLanguage\":\"fr-FR\"},{\"@type\":\"Person\",\"@id\":\"https:\/\/www.africa-press.net\/cameroun\/#\/schema\/person\/2b1cf3cd81a31e3cd26889ca66d677f1\",\"name\":\"cfeditorfr\"}]}<\/script>\n<!-- \/ Yoast SEO Premium plugin. -->","yoast_head_json":{"title":"Campagne des S\u00e9natoriales : Les 35 grands \u00e9lecteurs de Malantouen renouvellent leur flamme \u00e0 l\u2019Udc - Cameroun","description":"Ce 6 mars en milieu d\u2019apre\u0300s-midi, la caravane de la campagne s\u2019est e\u0301branle\u0301e vers cette Commune udciste avec son vivie ...","robots":{"index":"index","follow":"follow","max-snippet":"max-snippet:-1","max-image-preview":"max-image-preview:large","max-video-preview":"max-video-preview:-1"},"canonical":"https:\/\/www.africa-press.net\/cameroun\/politique\/campagne-des-senatoriales-les-35-grands-electeurs-de-malantouen-renouvellent-leur-flamme-a-ludc","og_locale":"fr_FR","og_type":"article","og_title":"Campagne des S\u00e9natoriales : Les 35 grands \u00e9lecteurs de Malantouen renouvellent leur flamme \u00e0 l\u2019Udc","og_description":"Ce 6 mars en milieu d\u2019apre\u0300s-midi, la caravane de la campagne s\u2019est e\u0301branle\u0301e vers cette Commune udciste avec son vivie ...","og_url":"https:\/\/www.africa-press.net\/cameroun\/politique\/campagne-des-senatoriales-les-35-grands-electeurs-de-malantouen-renouvellent-leur-flamme-a-ludc","og_site_name":"Cameroun","article_published_time":"2023-03-07T19:20:49+00:00","article_modified_time":"2023-03-07T19:47:38+00:00","og_image":[{"width":1280,"height":720,"url":"https:\/\/static.africa-press.net\/cameroun\/sites\/57\/2023\/03\/postQueueImg_1678204265.37.jpg","type":"image\/jpeg"}],"author":"cfeditorfr","twitter_card":"summary_large_image","twitter_misc":{"\u00c9crit par":"cfeditorfr","Dur\u00e9e de lecture estim\u00e9e":"4 minutes"},"schema":{"@context":"https:\/\/schema.org","@graph":[{"@type":"Article","@id":"https:\/\/www.africa-press.net\/cameroun\/politique\/campagne-des-senatoriales-les-35-grands-electeurs-de-malantouen-renouvellent-leur-flamme-a-ludc#article","isPartOf":{"@id":"https:\/\/www.africa-press.net\/cameroun\/politique\/campagne-des-senatoriales-les-35-grands-electeurs-de-malantouen-renouvellent-leur-flamme-a-ludc"},"author":{"name":"cfeditorfr","@id":"https:\/\/www.africa-press.net\/cameroun\/#\/schema\/person\/2b1cf3cd81a31e3cd26889ca66d677f1"},"headline":"Campagne des S\u00e9natoriales : Les 35 grands \u00e9lecteurs de Malantouen renouvellent leur flamme \u00e0 l\u2019Udc","datePublished":"2023-03-07T19:20:49+00:00","dateModified":"2023-03-07T19:47:38+00:00","mainEntityOfPage":{"@id":"https:\/\/www.africa-press.net\/cameroun\/politique\/campagne-des-senatoriales-les-35-grands-electeurs-de-malantouen-renouvellent-leur-flamme-a-ludc"},"wordCount":893,"commentCount":0,"image":{"@id":"https:\/\/www.africa-press.net\/cameroun\/politique\/campagne-des-senatoriales-les-35-grands-electeurs-de-malantouen-renouvellent-leur-flamme-a-ludc#primaryimage"},"thumbnailUrl":"https:\/\/static.africa-press.net\/cameroun\/sites\/57\/2023\/03\/postQueueImg_1678204265.37.jpg","keywords":["Africa Press","Africa Press-Cameroun","Cameroun"],"articleSection":["Politique","Toutes les actualit\u00e9s"],"inLanguage":"fr-FR","potentialAction":[{"@type":"CommentAction","name":"Comment","target":["https:\/\/www.africa-press.net\/cameroun\/politique\/campagne-des-senatoriales-les-35-grands-electeurs-de-malantouen-renouvellent-leur-flamme-a-ludc#respond"]}]},{"@type":"WebPage","@id":"https:\/\/www.africa-press.net\/cameroun\/politique\/campagne-des-senatoriales-les-35-grands-electeurs-de-malantouen-renouvellent-leur-flamme-a-ludc","url":"https:\/\/www.africa-press.net\/cameroun\/politique\/campagne-des-senatoriales-les-35-grands-electeurs-de-malantouen-renouvellent-leur-flamme-a-ludc","name":"Campagne des S\u00e9natoriales : Les 35 grands \u00e9lecteurs de Malantouen renouvellent leur flamme \u00e0 l\u2019Udc - Cameroun","isPartOf":{"@id":"https:\/\/www.africa-press.net\/cameroun\/#website"},"primaryImageOfPage":{"@id":"https:\/\/www.africa-press.net\/cameroun\/politique\/campagne-des-senatoriales-les-35-grands-electeurs-de-malantouen-renouvellent-leur-flamme-a-ludc#primaryimage"},"image":{"@id":"https:\/\/www.africa-press.net\/cameroun\/politique\/campagne-des-senatoriales-les-35-grands-electeurs-de-malantouen-renouvellent-leur-flamme-a-ludc#primaryimage"},"thumbnailUrl":"https:\/\/static.africa-press.net\/cameroun\/sites\/57\/2023\/03\/postQueueImg_1678204265.37.jpg","datePublished":"2023-03-07T19:20:49+00:00","dateModified":"2023-03-07T19:47:38+00:00","author":{"@id":"https:\/\/www.africa-press.net\/cameroun\/#\/schema\/person\/2b1cf3cd81a31e3cd26889ca66d677f1"},"description":"Ce 6 mars en milieu d\u2019apre\u0300s-midi, la caravane de la campagne s\u2019est e\u0301branle\u0301e vers cette Commune udciste avec son vivie ...","breadcrumb":{"@id":"https:\/\/www.africa-press.net\/cameroun\/politique\/campagne-des-senatoriales-les-35-grands-electeurs-de-malantouen-renouvellent-leur-flamme-a-ludc#breadcrumb"},"inLanguage":"fr-FR","potentialAction":[{"@type":"ReadAction","target":["https:\/\/www.africa-press.net\/cameroun\/politique\/campagne-des-senatoriales-les-35-grands-electeurs-de-malantouen-renouvellent-leur-flamme-a-ludc"]}]},{"@type":"ImageObject","inLanguage":"fr-FR","@id":"https:\/\/www.africa-press.net\/cameroun\/politique\/campagne-des-senatoriales-les-35-grands-electeurs-de-malantouen-renouvellent-leur-flamme-a-ludc#primaryimage","url":"https:\/\/static.africa-press.net\/cameroun\/sites\/57\/2023\/03\/postQueueImg_1678204265.37.jpg","contentUrl":"https:\/\/static.africa-press.net\/cameroun\/sites\/57\/2023\/03\/postQueueImg_1678204265.37.jpg","width":1280,"height":720,"caption":"Campagne des S\u00e9natoriales : Les 35 grands \u00e9lecteurs de Malantouen renouvellent leur flamme \u00e0 l\u2019Udc"},{"@type":"BreadcrumbList","@id":"https:\/\/www.africa-press.net\/cameroun\/politique\/campagne-des-senatoriales-les-35-grands-electeurs-de-malantouen-renouvellent-leur-flamme-a-ludc#breadcrumb","itemListElement":[{"@type":"ListItem","position":1,"name":"Accueil","item":"https:\/\/www.africa-press.net\/cameroun\/"},{"@type":"ListItem","position":2,"name":"Campagne des S\u00e9natoriales : Les 35 grands \u00e9lecteurs de Malantouen renouvellent leur flamme \u00e0 l\u2019Udc"}]},{"@type":"WebSite","@id":"https:\/\/www.africa-press.net\/cameroun\/#website","url":"https:\/\/www.africa-press.net\/cameroun\/","name":"Cameroun","description":"Just another Africa News Agency Sites site","potentialAction":[{"@type":"SearchAction","target":{"@type":"EntryPoint","urlTemplate":"https:\/\/www.africa-press.net\/cameroun\/?s={search_term_string}"},"query-input":{"@type":"PropertyValueSpecification","valueRequired":true,"valueName":"search_term_string"}}],"inLanguage":"fr-FR"},{"@type":"Person","@id":"https:\/\/www.africa-press.net\/cameroun\/#\/schema\/person\/2b1cf3cd81a31e3cd26889ca66d677f1","name":"cfeditorfr"}]}},"_links":{"self":[{"href":"https:\/\/www.africa-press.net\/cameroun\/wp-json\/wp\/v2\/posts\/38540","targetHints":{"allow":["GET"]}}],"collection":[{"href":"https:\/\/www.africa-press.net\/cameroun\/wp-json\/wp\/v2\/posts"}],"about":[{"href":"https:\/\/www.africa-press.net\/cameroun\/wp-json\/wp\/v2\/types\/post"}],"author":[{"embeddable":true,"href":"https:\/\/www.africa-press.net\/cameroun\/wp-json\/wp\/v2\/users\/82"}],"replies":[{"embeddable":true,"href":"https:\/\/www.africa-press.net\/cameroun\/wp-json\/wp\/v2\/comments?post=38540"}],"version-history":[{"count":0,"href":"https:\/\/www.africa-press.net\/cameroun\/wp-json\/wp\/v2\/posts\/38540\/revisions"}],"wp:featuredmedia":[{"embeddable":true,"href":"https:\/\/www.africa-press.net\/cameroun\/wp-json\/wp\/v2\/media\/38539"}],"wp:attachment":[{"href":"https:\/\/www.africa-press.net\/cameroun\/wp-json\/wp\/v2\/media?parent=38540"}],"wp:term":[{"taxonomy":"category","embeddable":true,"href":"https:\/\/www.africa-press.net\/cameroun\/wp-json\/wp\/v2\/categories?post=38540"},{"taxonomy":"post_tag","embeddable":true,"href":"https:\/\/www.africa-press.net\/cameroun\/wp-json\/wp\/v2\/tags?post=38540"}],"curies":[{"name":"wp","href":"https:\/\/api.w.org\/{rel}","templated":true}]}}