{"id":38542,"date":"2023-03-07T19:21:09","date_gmt":"2023-03-07T19:21:09","guid":{"rendered":"https:\/\/www.africa-press.net\/cameroun\/politique\/ces-scandales-au-coeur-de-la-republique-paul-biya-va-frapper-dur"},"modified":"2023-03-07T19:47:59","modified_gmt":"2023-03-07T19:47:59","slug":"ces-scandales-au-coeur-de-la-republique-paul-biya-va-frapper-dur","status":"publish","type":"post","link":"https:\/\/www.africa-press.net\/cameroun\/politique\/ces-scandales-au-coeur-de-la-republique-paul-biya-va-frapper-dur","title":{"rendered":"Ces scandales au c\u0153ur de la R\u00e9publique ; Paul Biya va frapper dur"},"content":{"rendered":"<p><span style=\"color: #ff6600\"><strong>Africa-Press &#8211; Cameroun. <\/strong><\/span>Le vendredi 3 mars 2023 e\u0301tait jour de rentre\u0301e parlementaire pour les e\u0301lus de la Nation, de\u0301pute\u0301s de la 10e\u0300me le\u0301gislature. Une session qui se tient d\u2019ailleurs dans un contexte marque\u0301, une fois encore, par de nombreuses crises tant sur le plan national qu\u2019international. En effet, sur le plan national, a\u0300 la crise climatique, source de profondes inquie\u0301tudes, a\u0300 la menace terroriste, toujours difficile a\u0300 circonscrire, a\u0300 la guerre russo-ukrainienne avec ses conse\u0301quences qui perdurent, l\u2019on peut ajouter des catastrophes naturelles de grande envergure, a\u0300 l\u2019instar des se\u0301ismes qui ont frappe\u0301 il n\u2019y a pas longtemps, la Turquie et la Syrie.<\/p>\n<p>Devant les membres du gouvernement, les ambassadeurs et repre\u0301sentants des organisations internationales, les membres de la socie\u0301te\u0301 civile et autres corps constitue\u0301s de l\u2019Etat, la doyenne d\u2019a\u0302ge n\u2019a pas manque\u0301 d\u2019exprimer la compassion de la repre\u0301sentation nationale a\u0300 l\u2019endroit des peuples de ces 2 pays ainsi qu\u2019aux familles endeuille\u0301es. Sur le plan national, si la situation se\u0301curitaire est globalement sous contro\u0302le, le peuple et les forces de de\u0301fense doivent cependant rester en alerte. Dans son discours, l\u2019honorable Koa Fegue Laurentine a tenu a\u0300 de\u0301noncer et condamner avec fermete\u0301, la dernie\u0300re attaque terroriste du 25 fe\u0301vrier 2023 lors de l\u2019ascension du Mont Cameroun a\u0300 Buea.<\/p>\n<p>Toujours sur le plan national, la session parlementaire de mars sera e\u0301galement marque\u0301e par la tenue des e\u0301lections se\u0301natoriales le 12 mars prochain et surtout la ce\u0301le\u0301bration de la 38e\u0300me journe\u0301e internationale de la femme le 8 mars prochain. Quid de cette actualite\u0301 qui pre\u0301vaut sur toute l\u2019e\u0301tendue du territoire, notamment ce que la doyenne d\u2019a\u0302ge a qualifie\u0301 de \u00ab scandales de la Re\u0301publique\u00bb.<\/p>\n<p>Pour l\u2019honorable Koa Fegue Laurentine, il s\u2019agit de \u00ab affaire du chantier de construction du complexe sportif d\u2019Olembe ; affaire de la gestion des fonds Covid ; affaire des indemnisations relatives au projet de construction de l\u2019autoroute Yaounde\u0301Douala ; affaire de la gestion des chapitres 94 et 65 de la loi de Finances ; affaire de l\u2019assassinat de Monseigneur Jean Marie Benoi\u0302t Balla, ancien e\u0301ve\u0302que de Bafia ; affaire de l\u2019assassinat de Martinez du journaliste Martinez Zogo ; affaire, affaire, affaire&#8230; \u00bb a\u0300 croire que nous sommes dans une \u00ab Re\u0301publique des scandales \u00bb, conclura la doyenne d\u2019a\u0302ge.<\/p>\n<p>D\u2019ou\u0300 cette condamnation tous azimuts de la repre\u0301sentation nationale de tous ces cas re\u0301pre\u0301hensibles que constituent toutes ces affaires. \u00ab Il faut que cela cesse. Le Cameroun, notre cher et beau pays, ne saurait se muer en terre de scandales \u00bb, a martele\u0301 de manie\u0300re pe\u0301remptoire l\u2019honorable Koa Fegue Laurentine. Une sorte d\u2019invite a\u0300 l\u2019endroit de ceux qui sont en charge de la gestion de la chose publique, a\u0300 faire preuve de patriotisme et de rectitude morale, et a\u0300 e\u0301viter tout acte susceptible de ternir, de quelque manie\u0300re que ce soit, l\u2019image du Cameroun aupre\u0300s de l\u2019opinion nationale et internationale.<\/p>\n<p>S\u2019agissant des affaires pendantes, la doyenne d\u2019a\u0302ge a appele\u0301 les uns et les autres a\u0300 la retenue et au discernement, et de faire confiance au chef de l\u2019Etat et aux diffe\u0301rentes institutions qu\u2019il incarne. Si l\u2019honorable Koa Fegue Laurentine reconnait quand me\u0302me que par le passe\u0301, les Camerounais ont connu la de\u0301ception et sont reste\u0301s sur leur faim quant a\u0300 l\u2019issue de ces scandales, elle indique cependant que ce n\u2019est gue\u0300re par re\u0301seaux sociaux interpose\u0301s ou par des lynchages me\u0301diatiques que ceuxci feront valoir la ve\u0301rite\u0301 ou obtenir que justice soit faite.<\/p>\n<p>\u00ab Toutefois, pour les cas ave\u0301re\u0301s, la repre\u0301sentation nationale demande que les coupables rendent gorge et que la loi puisse se\u0301vir car, force doit toujours rester a\u0300 loi \u00bb, conclura la doyenne d\u2019a\u0302ge. Aux acteurs des me\u0301dias, il leur a e\u0301te\u0301 recommande\u0301 d\u2019exercer dans le strict respect des re\u0300gles de\u0301ontologiques qui re\u0301gissent leur profession, et surtout conforme\u0301ment a\u0300 la le\u0301gislation en vigueur et aux enseignements rec\u0327us. Des garde-fous qui devraient a\u0300 coup su\u0302r, garantir une saine pratique du me\u0301tier et surtout la qualite\u0301 des produits servis au public. Pour de nombreux observateurs en effet, la doyenne d\u2019a\u0302ge s\u2019exprimait ainsi compte tenu de tous ces de\u0301rapages qui ont inonde\u0301 la toile, les colonnes de journaux, les antennes des radios et des te\u0301le\u0301visions, \u00ab a\u0300 l\u2019effet de vouer certains compatriotes aux ge\u0301monies, les jeter a\u0300 la vindicte populaire, les vilipender ou les diffamer. \u00bb<\/p>\n<p>Apre\u0300s avoir adresse\u0301 les fe\u0301licitations de la repre\u0301sentation nationale a\u0300 ces \u00ab apo\u0302tres de la ve\u0301rite\u0301 \u00bb, la doyenne d\u2019a\u0302ge les a tout de me\u0302me invite\u0301s a\u0300 rester davantage professionnels dans l\u2019exercice de leur me\u0301tier, compte tenu de toutes ces conse\u0301quences qu\u2019une information mal exploite\u0301e peut avoir au sein de l\u2019opinion. De manie\u0300re ge\u0301ne\u0301rale, si la session ouverte vendredi dernier prendra en compte les priorite\u0301s du gouvernement, elle sera davantage consacre\u0301e aux exercices classiques pre\u0301vus par la loi.<\/p>\n<p>Il s\u2019agit entre autres de l\u2019e\u0301lection du bureau de\u0301finitif de l\u2019Assemble\u0301e nationale et la mise en place des groupes parlementaires et des commissions ge\u0301ne\u0301rales de travail. De nombreux observateurs espe\u0300rent de\u0301ja\u0300 voir de nouveaux visages au regard de toute cette actualite\u0301 e\u0301maille\u0301e par les de\u0301ce\u0300s de certains e\u0301lus de la Nation.<\/p>\n<p><strong>Pour plus d&rsquo;informations et d&rsquo;analyses sur la <a href=\"https:\/\/www.africa-press.net\/cameroun\">Cameroun<\/a>, suivez <a href=\"https:\/\/www.africa-press.net\/\">Africa-Press<\/a><\/strong><\/p>\n","protected":false},"excerpt":{"rendered":"<p>Africa-Press &#8211; Cameroun. Le vendredi 3 mars 2023 e\u0301tait jour de rentre\u0301e parlementaire pour les e\u0301lus de la Nation, de\u0301pute\u0301s de la 10e\u0300me le\u0301gislature. Une session qui se tient d\u2019ailleurs dans un contexte marque\u0301, une fois encore, par de nombreuses crises tant sur le plan national qu\u2019international. En effet, sur le plan national, a\u0300 la [&hellip;]<\/p>\n","protected":false},"author":82,"featured_media":38541,"comment_status":"open","ping_status":"closed","sticky":false,"template":"","format":"standard","meta":{"footnotes":""},"categories":[2,10],"tags":[36,50,49],"class_list":["post-38542","post","type-post","status-publish","format-standard","has-post-thumbnail","hentry","category-politique","category-toutes-les-actualites","tag-africa-press","tag-africa-press-cameroun","tag-cameroun"],"yoast_head":"<!-- This site is optimized with the Yoast SEO Premium plugin v26.1 (Yoast SEO v27.0) - https:\/\/yoast.com\/product\/yoast-seo-premium-wordpress\/ -->\n<title>Ces scandales au c\u0153ur de la R\u00e9publique ; Paul Biya va frapper dur - Cameroun<\/title>\n<meta name=\"description\" content=\"Le vendredi 3 mars 2023 e\u0301tait jour de rentre\u0301e parlementaire pour les e\u0301lus de la Nation, de\u0301pute\u0301s de la 10e\u0300me le\u0301gis ...\" \/>\n<meta name=\"robots\" content=\"index, follow, max-snippet:-1, max-image-preview:large, max-video-preview:-1\" \/>\n<link rel=\"canonical\" href=\"https:\/\/www.africa-press.net\/cameroun\/politique\/ces-scandales-au-coeur-de-la-republique-paul-biya-va-frapper-dur\" \/>\n<meta property=\"og:locale\" content=\"fr_FR\" \/>\n<meta property=\"og:type\" content=\"article\" \/>\n<meta property=\"og:title\" content=\"Ces scandales au c\u0153ur de la R\u00e9publique ; Paul Biya va frapper dur\" \/>\n<meta property=\"og:description\" content=\"Le vendredi 3 mars 2023 e\u0301tait jour de rentre\u0301e parlementaire pour les e\u0301lus de la Nation, de\u0301pute\u0301s de la 10e\u0300me le\u0301gis ...\" \/>\n<meta property=\"og:url\" content=\"https:\/\/www.africa-press.net\/cameroun\/politique\/ces-scandales-au-coeur-de-la-republique-paul-biya-va-frapper-dur\" \/>\n<meta property=\"og:site_name\" content=\"Cameroun\" \/>\n<meta property=\"article:published_time\" content=\"2023-03-07T19:21:09+00:00\" \/>\n<meta property=\"article:modified_time\" content=\"2023-03-07T19:47:59+00:00\" \/>\n<meta property=\"og:image\" content=\"https:\/\/static.africa-press.net\/cameroun\/sites\/57\/2023\/03\/postQueueImg_1678204288.11.jpg\" \/>\n\t<meta property=\"og:image:width\" content=\"730\" \/>\n\t<meta property=\"og:image:height\" content=\"400\" \/>\n\t<meta property=\"og:image:type\" content=\"image\/jpeg\" \/>\n<meta name=\"author\" content=\"cfeditorfr\" \/>\n<meta name=\"twitter:card\" content=\"summary_large_image\" \/>\n<meta name=\"twitter:label1\" content=\"\u00c9crit par\" \/>\n\t<meta name=\"twitter:data1\" content=\"cfeditorfr\" \/>\n\t<meta name=\"twitter:label2\" content=\"Dur\u00e9e de lecture estim\u00e9e\" \/>\n\t<meta name=\"twitter:data2\" content=\"5 minutes\" \/>\n<script type=\"application\/ld+json\" class=\"yoast-schema-graph\">{\"@context\":\"https:\/\/schema.org\",\"@graph\":[{\"@type\":\"Article\",\"@id\":\"https:\/\/www.africa-press.net\/cameroun\/politique\/ces-scandales-au-coeur-de-la-republique-paul-biya-va-frapper-dur#article\",\"isPartOf\":{\"@id\":\"https:\/\/www.africa-press.net\/cameroun\/politique\/ces-scandales-au-coeur-de-la-republique-paul-biya-va-frapper-dur\"},\"author\":{\"name\":\"cfeditorfr\",\"@id\":\"https:\/\/www.africa-press.net\/cameroun\/#\/schema\/person\/2b1cf3cd81a31e3cd26889ca66d677f1\"},\"headline\":\"Ces scandales au c\u0153ur de la R\u00e9publique ; Paul Biya va frapper dur\",\"datePublished\":\"2023-03-07T19:21:09+00:00\",\"dateModified\":\"2023-03-07T19:47:59+00:00\",\"mainEntityOfPage\":{\"@id\":\"https:\/\/www.africa-press.net\/cameroun\/politique\/ces-scandales-au-coeur-de-la-republique-paul-biya-va-frapper-dur\"},\"wordCount\":985,\"commentCount\":0,\"image\":{\"@id\":\"https:\/\/www.africa-press.net\/cameroun\/politique\/ces-scandales-au-coeur-de-la-republique-paul-biya-va-frapper-dur#primaryimage\"},\"thumbnailUrl\":\"https:\/\/static.africa-press.net\/cameroun\/sites\/57\/2023\/03\/postQueueImg_1678204288.11.jpg\",\"keywords\":[\"Africa Press\",\"Africa Press-Cameroun\",\"Cameroun\"],\"articleSection\":[\"Politique\",\"Toutes les actualit\u00e9s\"],\"inLanguage\":\"fr-FR\",\"potentialAction\":[{\"@type\":\"CommentAction\",\"name\":\"Comment\",\"target\":[\"https:\/\/www.africa-press.net\/cameroun\/politique\/ces-scandales-au-coeur-de-la-republique-paul-biya-va-frapper-dur#respond\"]}]},{\"@type\":\"WebPage\",\"@id\":\"https:\/\/www.africa-press.net\/cameroun\/politique\/ces-scandales-au-coeur-de-la-republique-paul-biya-va-frapper-dur\",\"url\":\"https:\/\/www.africa-press.net\/cameroun\/politique\/ces-scandales-au-coeur-de-la-republique-paul-biya-va-frapper-dur\",\"name\":\"Ces scandales au c\u0153ur de la R\u00e9publique ; Paul Biya va frapper dur - Cameroun\",\"isPartOf\":{\"@id\":\"https:\/\/www.africa-press.net\/cameroun\/#website\"},\"primaryImageOfPage\":{\"@id\":\"https:\/\/www.africa-press.net\/cameroun\/politique\/ces-scandales-au-coeur-de-la-republique-paul-biya-va-frapper-dur#primaryimage\"},\"image\":{\"@id\":\"https:\/\/www.africa-press.net\/cameroun\/politique\/ces-scandales-au-coeur-de-la-republique-paul-biya-va-frapper-dur#primaryimage\"},\"thumbnailUrl\":\"https:\/\/static.africa-press.net\/cameroun\/sites\/57\/2023\/03\/postQueueImg_1678204288.11.jpg\",\"datePublished\":\"2023-03-07T19:21:09+00:00\",\"dateModified\":\"2023-03-07T19:47:59+00:00\",\"author\":{\"@id\":\"https:\/\/www.africa-press.net\/cameroun\/#\/schema\/person\/2b1cf3cd81a31e3cd26889ca66d677f1\"},\"description\":\"Le vendredi 3 mars 2023 e\u0301tait jour de rentre\u0301e parlementaire pour les e\u0301lus de la Nation, de\u0301pute\u0301s de la 10e\u0300me le\u0301gis ...\",\"breadcrumb\":{\"@id\":\"https:\/\/www.africa-press.net\/cameroun\/politique\/ces-scandales-au-coeur-de-la-republique-paul-biya-va-frapper-dur#breadcrumb\"},\"inLanguage\":\"fr-FR\",\"potentialAction\":[{\"@type\":\"ReadAction\",\"target\":[\"https:\/\/www.africa-press.net\/cameroun\/politique\/ces-scandales-au-coeur-de-la-republique-paul-biya-va-frapper-dur\"]}]},{\"@type\":\"ImageObject\",\"inLanguage\":\"fr-FR\",\"@id\":\"https:\/\/www.africa-press.net\/cameroun\/politique\/ces-scandales-au-coeur-de-la-republique-paul-biya-va-frapper-dur#primaryimage\",\"url\":\"https:\/\/static.africa-press.net\/cameroun\/sites\/57\/2023\/03\/postQueueImg_1678204288.11.jpg\",\"contentUrl\":\"https:\/\/static.africa-press.net\/cameroun\/sites\/57\/2023\/03\/postQueueImg_1678204288.11.jpg\",\"width\":730,\"height\":400,\"caption\":\"Ces scandales au c\u0153ur de la R\u00e9publique ; Paul Biya va frapper dur\"},{\"@type\":\"BreadcrumbList\",\"@id\":\"https:\/\/www.africa-press.net\/cameroun\/politique\/ces-scandales-au-coeur-de-la-republique-paul-biya-va-frapper-dur#breadcrumb\",\"itemListElement\":[{\"@type\":\"ListItem\",\"position\":1,\"name\":\"Accueil\",\"item\":\"https:\/\/www.africa-press.net\/cameroun\/\"},{\"@type\":\"ListItem\",\"position\":2,\"name\":\"Ces scandales au c\u0153ur de la R\u00e9publique ; Paul Biya va frapper dur\"}]},{\"@type\":\"WebSite\",\"@id\":\"https:\/\/www.africa-press.net\/cameroun\/#website\",\"url\":\"https:\/\/www.africa-press.net\/cameroun\/\",\"name\":\"Cameroun\",\"description\":\"Just another Africa News Agency Sites site\",\"potentialAction\":[{\"@type\":\"SearchAction\",\"target\":{\"@type\":\"EntryPoint\",\"urlTemplate\":\"https:\/\/www.africa-press.net\/cameroun\/?s={search_term_string}\"},\"query-input\":{\"@type\":\"PropertyValueSpecification\",\"valueRequired\":true,\"valueName\":\"search_term_string\"}}],\"inLanguage\":\"fr-FR\"},{\"@type\":\"Person\",\"@id\":\"https:\/\/www.africa-press.net\/cameroun\/#\/schema\/person\/2b1cf3cd81a31e3cd26889ca66d677f1\",\"name\":\"cfeditorfr\"}]}<\/script>\n<!-- \/ Yoast SEO Premium plugin. -->","yoast_head_json":{"title":"Ces scandales au c\u0153ur de la R\u00e9publique ; Paul Biya va frapper dur - Cameroun","description":"Le vendredi 3 mars 2023 e\u0301tait jour de rentre\u0301e parlementaire pour les e\u0301lus de la Nation, de\u0301pute\u0301s de la 10e\u0300me le\u0301gis ...","robots":{"index":"index","follow":"follow","max-snippet":"max-snippet:-1","max-image-preview":"max-image-preview:large","max-video-preview":"max-video-preview:-1"},"canonical":"https:\/\/www.africa-press.net\/cameroun\/politique\/ces-scandales-au-coeur-de-la-republique-paul-biya-va-frapper-dur","og_locale":"fr_FR","og_type":"article","og_title":"Ces scandales au c\u0153ur de la R\u00e9publique ; Paul Biya va frapper dur","og_description":"Le vendredi 3 mars 2023 e\u0301tait jour de rentre\u0301e parlementaire pour les e\u0301lus de la Nation, de\u0301pute\u0301s de la 10e\u0300me le\u0301gis ...","og_url":"https:\/\/www.africa-press.net\/cameroun\/politique\/ces-scandales-au-coeur-de-la-republique-paul-biya-va-frapper-dur","og_site_name":"Cameroun","article_published_time":"2023-03-07T19:21:09+00:00","article_modified_time":"2023-03-07T19:47:59+00:00","og_image":[{"width":730,"height":400,"url":"https:\/\/static.africa-press.net\/cameroun\/sites\/57\/2023\/03\/postQueueImg_1678204288.11.jpg","type":"image\/jpeg"}],"author":"cfeditorfr","twitter_card":"summary_large_image","twitter_misc":{"\u00c9crit par":"cfeditorfr","Dur\u00e9e de lecture estim\u00e9e":"5 minutes"},"schema":{"@context":"https:\/\/schema.org","@graph":[{"@type":"Article","@id":"https:\/\/www.africa-press.net\/cameroun\/politique\/ces-scandales-au-coeur-de-la-republique-paul-biya-va-frapper-dur#article","isPartOf":{"@id":"https:\/\/www.africa-press.net\/cameroun\/politique\/ces-scandales-au-coeur-de-la-republique-paul-biya-va-frapper-dur"},"author":{"name":"cfeditorfr","@id":"https:\/\/www.africa-press.net\/cameroun\/#\/schema\/person\/2b1cf3cd81a31e3cd26889ca66d677f1"},"headline":"Ces scandales au c\u0153ur de la R\u00e9publique ; Paul Biya va frapper dur","datePublished":"2023-03-07T19:21:09+00:00","dateModified":"2023-03-07T19:47:59+00:00","mainEntityOfPage":{"@id":"https:\/\/www.africa-press.net\/cameroun\/politique\/ces-scandales-au-coeur-de-la-republique-paul-biya-va-frapper-dur"},"wordCount":985,"commentCount":0,"image":{"@id":"https:\/\/www.africa-press.net\/cameroun\/politique\/ces-scandales-au-coeur-de-la-republique-paul-biya-va-frapper-dur#primaryimage"},"thumbnailUrl":"https:\/\/static.africa-press.net\/cameroun\/sites\/57\/2023\/03\/postQueueImg_1678204288.11.jpg","keywords":["Africa Press","Africa Press-Cameroun","Cameroun"],"articleSection":["Politique","Toutes les actualit\u00e9s"],"inLanguage":"fr-FR","potentialAction":[{"@type":"CommentAction","name":"Comment","target":["https:\/\/www.africa-press.net\/cameroun\/politique\/ces-scandales-au-coeur-de-la-republique-paul-biya-va-frapper-dur#respond"]}]},{"@type":"WebPage","@id":"https:\/\/www.africa-press.net\/cameroun\/politique\/ces-scandales-au-coeur-de-la-republique-paul-biya-va-frapper-dur","url":"https:\/\/www.africa-press.net\/cameroun\/politique\/ces-scandales-au-coeur-de-la-republique-paul-biya-va-frapper-dur","name":"Ces scandales au c\u0153ur de la R\u00e9publique ; Paul Biya va frapper dur - Cameroun","isPartOf":{"@id":"https:\/\/www.africa-press.net\/cameroun\/#website"},"primaryImageOfPage":{"@id":"https:\/\/www.africa-press.net\/cameroun\/politique\/ces-scandales-au-coeur-de-la-republique-paul-biya-va-frapper-dur#primaryimage"},"image":{"@id":"https:\/\/www.africa-press.net\/cameroun\/politique\/ces-scandales-au-coeur-de-la-republique-paul-biya-va-frapper-dur#primaryimage"},"thumbnailUrl":"https:\/\/static.africa-press.net\/cameroun\/sites\/57\/2023\/03\/postQueueImg_1678204288.11.jpg","datePublished":"2023-03-07T19:21:09+00:00","dateModified":"2023-03-07T19:47:59+00:00","author":{"@id":"https:\/\/www.africa-press.net\/cameroun\/#\/schema\/person\/2b1cf3cd81a31e3cd26889ca66d677f1"},"description":"Le vendredi 3 mars 2023 e\u0301tait jour de rentre\u0301e parlementaire pour les e\u0301lus de la Nation, de\u0301pute\u0301s de la 10e\u0300me le\u0301gis ...","breadcrumb":{"@id":"https:\/\/www.africa-press.net\/cameroun\/politique\/ces-scandales-au-coeur-de-la-republique-paul-biya-va-frapper-dur#breadcrumb"},"inLanguage":"fr-FR","potentialAction":[{"@type":"ReadAction","target":["https:\/\/www.africa-press.net\/cameroun\/politique\/ces-scandales-au-coeur-de-la-republique-paul-biya-va-frapper-dur"]}]},{"@type":"ImageObject","inLanguage":"fr-FR","@id":"https:\/\/www.africa-press.net\/cameroun\/politique\/ces-scandales-au-coeur-de-la-republique-paul-biya-va-frapper-dur#primaryimage","url":"https:\/\/static.africa-press.net\/cameroun\/sites\/57\/2023\/03\/postQueueImg_1678204288.11.jpg","contentUrl":"https:\/\/static.africa-press.net\/cameroun\/sites\/57\/2023\/03\/postQueueImg_1678204288.11.jpg","width":730,"height":400,"caption":"Ces scandales au c\u0153ur de la R\u00e9publique ; Paul Biya va frapper dur"},{"@type":"BreadcrumbList","@id":"https:\/\/www.africa-press.net\/cameroun\/politique\/ces-scandales-au-coeur-de-la-republique-paul-biya-va-frapper-dur#breadcrumb","itemListElement":[{"@type":"ListItem","position":1,"name":"Accueil","item":"https:\/\/www.africa-press.net\/cameroun\/"},{"@type":"ListItem","position":2,"name":"Ces scandales au c\u0153ur de la R\u00e9publique ; Paul Biya va frapper dur"}]},{"@type":"WebSite","@id":"https:\/\/www.africa-press.net\/cameroun\/#website","url":"https:\/\/www.africa-press.net\/cameroun\/","name":"Cameroun","description":"Just another Africa News Agency Sites site","potentialAction":[{"@type":"SearchAction","target":{"@type":"EntryPoint","urlTemplate":"https:\/\/www.africa-press.net\/cameroun\/?s={search_term_string}"},"query-input":{"@type":"PropertyValueSpecification","valueRequired":true,"valueName":"search_term_string"}}],"inLanguage":"fr-FR"},{"@type":"Person","@id":"https:\/\/www.africa-press.net\/cameroun\/#\/schema\/person\/2b1cf3cd81a31e3cd26889ca66d677f1","name":"cfeditorfr"}]}},"_links":{"self":[{"href":"https:\/\/www.africa-press.net\/cameroun\/wp-json\/wp\/v2\/posts\/38542","targetHints":{"allow":["GET"]}}],"collection":[{"href":"https:\/\/www.africa-press.net\/cameroun\/wp-json\/wp\/v2\/posts"}],"about":[{"href":"https:\/\/www.africa-press.net\/cameroun\/wp-json\/wp\/v2\/types\/post"}],"author":[{"embeddable":true,"href":"https:\/\/www.africa-press.net\/cameroun\/wp-json\/wp\/v2\/users\/82"}],"replies":[{"embeddable":true,"href":"https:\/\/www.africa-press.net\/cameroun\/wp-json\/wp\/v2\/comments?post=38542"}],"version-history":[{"count":0,"href":"https:\/\/www.africa-press.net\/cameroun\/wp-json\/wp\/v2\/posts\/38542\/revisions"}],"wp:featuredmedia":[{"embeddable":true,"href":"https:\/\/www.africa-press.net\/cameroun\/wp-json\/wp\/v2\/media\/38541"}],"wp:attachment":[{"href":"https:\/\/www.africa-press.net\/cameroun\/wp-json\/wp\/v2\/media?parent=38542"}],"wp:term":[{"taxonomy":"category","embeddable":true,"href":"https:\/\/www.africa-press.net\/cameroun\/wp-json\/wp\/v2\/categories?post=38542"},{"taxonomy":"post_tag","embeddable":true,"href":"https:\/\/www.africa-press.net\/cameroun\/wp-json\/wp\/v2\/tags?post=38542"}],"curies":[{"name":"wp","href":"https:\/\/api.w.org\/{rel}","templated":true}]}}