{"id":38545,"date":"2023-03-07T19:21:51","date_gmt":"2023-03-07T19:21:51","guid":{"rendered":"https:\/\/www.africa-press.net\/cameroun\/politique\/vous-etes-des-extraterrestres-dans-ce-pays-quand-martin-camus-mimb-lave-publiquement-jean-crepin-nyamsi"},"modified":"2023-03-07T19:48:19","modified_gmt":"2023-03-07T19:48:19","slug":"vous-etes-des-extraterrestres-dans-ce-pays-quand-martin-camus-mimb-lave-publiquement-jean-crepin-nyamsi","status":"publish","type":"post","link":"https:\/\/www.africa-press.net\/cameroun\/politique\/vous-etes-des-extraterrestres-dans-ce-pays-quand-martin-camus-mimb-lave-publiquement-jean-crepin-nyamsi","title":{"rendered":"\u2018Vous \u00eates des extraterrestres dans ce pays\u2019 : quand Martin Camus Mimb lave publiquement Jean Cr\u00e9pin Nyamsi"},"content":{"rendered":"<p><span style=\"color: #ff6600\"><strong>Africa-Press &#8211; Cameroun. <\/strong><\/span>Martin Camus Mimb a re\u0301agi a\u0300 une publication de Jean Cre\u0301pin Nyamsi qui l\u2019indexait directement. En effet, le journaliste sportif a fait un commentaire suite a\u0300 la qualification des Lions de la Teranga en finale de la CAN U20. \u00ab Ce n\u2018est plus un hasard ! Apre\u0300s la CAN, le CHAN, le Beach Soccer et me\u0302me le bon parcours des Dames a\u0300 la CAN et la pre\u0301sence au Mondial, voici les U20 du Se\u0301ne\u0301gal en finale de la CAN U20. Ils ont dispose\u0301 de la Tunisie par trois buts a\u0300 ze\u0301ro et ont de\u0301cide\u0301 de faire une ce\u0301le\u0301bration en hommage au racisme qui a cours en Tunisie. La classe en plus! Bravo a\u0300 Me Augustin Senghor et a\u0300 toute la fe\u0301de\u0301ration pour ce travail abattu. Bravo. Se\u0301ne\u0301gal \u00bb, a e\u0301crit le journaliste.<\/p>\n<p>Jean Cre\u0301pin Nyamsi s\u2019en est pluto\u0302t pris rapidement a\u0300 Martin Camus Mimb en faisant une re\u0301action sur sa page. \u00ab Ce message est aussi pour toi et je t&rsquo;en prie de faire bon usage dans tes prochaines sorties. Tout est dans la construction et Samuel Eto&rsquo;o fait du bon travail actuellement. Vous aurez les re\u0301sultats plus que positif biento\u0302t. Les e\u0301checs de maintenant, montrent juste le niveau du bricolage que notre football traversait hier \u00bb, e\u0301crit-il.<\/p>\n<p>\u00ab Vous pouvez comprendre cela et d&rsquo;arre\u0302ter de tirer sur Samuel Eto&rsquo;o indirectement ? Le Se\u0301ne\u0301gal a pris du temps pour construire son football sans bricolage et nous avons les re\u0301sultats selon vous. Plus de la moitie\u0301 du peuple camerounais voulait voir Samuel Eto&rsquo;o diriger la Fe\u0301cafoot. A\u0300 peine il tente d&rsquo;appliquer son programme qu&rsquo;il vous a pre\u0301sente\u0301 pendant sa campagne, il est lapide\u0301 indirectement par vous et pourquoi ? Vous avez cru quand re\u0301clamant Samuel Eto&rsquo;o a\u0300 la Pre\u0301sidence de la Fe\u0301cafoot, vous aurez un oui\u0308-oui\u0308 en tout et pour tout ? Nous avons le devoir de soutenir Samuel Eto&rsquo;o afin qu&rsquo;il puisse remplir correctement sa mission. Ce n&rsquo;est pas le peuple qui avait un programme se\u0301duisant, c&rsquo;est bien Samuel Eto&rsquo;o qui avait un programme monstrueux et vous avez tous a\u0300 l&rsquo;unanimite\u0301 fait un blocage derrie\u0300re lui. J&rsquo;ai retire\u0301 ma candidature pour soutenir le Pre\u0301sident Samuel Eto&rsquo;o avec un c\u0153ur, un esprit, une pense\u0301e, un objectif et ceci reste ma grande de\u0301termination pour accompagner le Pre\u0301sident Samuel Eto&rsquo;o a\u0300 re\u0301ussir sa mission. Votre amour et confiance a\u0300 Samuel Eto&rsquo;o e\u0301taient vraiment de courte dure\u0301e. Juste le temps pour sa victoire au soir du 11 de\u0301cembre 2021. Dr Jean Cre\u0301pin Soter Nyamsi ne fait pas d&rsquo;alliance de pacotille pour le plaisir de soutenir. Quand vous voulez soutenir une personne, il faut le faire avec le coeur, honne\u0302tete\u0301 et responsabilite\u0301. Vous avez entoure\u0301 le quotidien de Samuel Eto&rsquo;o sur les re\u0301seaux sociaux avec les ondes ne\u0301gatives matin midi et soir. Vous voulez les re\u0301sultats, je vous prie de laisser Samuel Eto&rsquo;o travailler pour le de\u0301veloppement de notre football \u00bb, a indique\u0301 Jean Cre\u0301pin Soter Nyamsi, l\u2019allie\u0301 fide\u0300le et loyal du Pre\u0301sident Samuel Eto&rsquo;o.<\/p>\n<p>Sa re\u0301action n\u2019a pas du tout e\u0301te\u0301 du gou\u0302t chez le journaliste sportif qui n\u2019est pas passe\u0301 par mille chemins pour lui re\u0301pliquer. \u00ab Vous e\u0302tes des extraterrestres dans ce pays. C\u2019est a\u0300 dire vous avez la capacite\u0301 de lire les intentions. C\u2019est incroyable. Juste pour votre gouverne, je suis suffisamment proche de certaines sphe\u0300res pour dire directement ce que j\u2019ai envie de dire. Mais la\u0300 je fe\u0301licite le Se\u0301ne\u0301gal et c\u0327a ne changera pas. Le Cameroun est une grande nation de football c\u0327a ne changera pas non plus. Mes amis je sais ou\u0300 leur parler et je ne parle jamais des gens que je ne connais pas. Soutenez le Pre\u0301sident et vous avez raison. On a toujours besoin de grandes victoires. Aidez-le a\u0300 faire grandir ce football. C\u2019est le plus important \u00bb, a-t-il re\u0301agi.<\/p>\n<p><strong>Pour plus d&rsquo;informations et d&rsquo;analyses sur la <a href=\"https:\/\/www.africa-press.net\/cameroun\">Cameroun<\/a>, suivez <a href=\"https:\/\/www.africa-press.net\/\">Africa-Press<\/a><\/strong><\/p>\n","protected":false},"excerpt":{"rendered":"<p>Africa-Press &#8211; Cameroun. Martin Camus Mimb a re\u0301agi a\u0300 une publication de Jean Cre\u0301pin Nyamsi qui l\u2019indexait directement. En effet, le journaliste sportif a fait un commentaire suite a\u0300 la qualification des Lions de la Teranga en finale de la CAN U20. \u00ab Ce n\u2018est plus un hasard ! Apre\u0300s la CAN, le CHAN, le [&hellip;]<\/p>\n","protected":false},"author":82,"featured_media":38544,"comment_status":"open","ping_status":"closed","sticky":false,"template":"","format":"standard","meta":{"footnotes":""},"categories":[2,10],"tags":[36,50,49],"class_list":["post-38545","post","type-post","status-publish","format-standard","has-post-thumbnail","hentry","category-politique","category-toutes-les-actualites","tag-africa-press","tag-africa-press-cameroun","tag-cameroun"],"yoast_head":"<!-- This site is optimized with the Yoast SEO Premium plugin v26.1 (Yoast SEO v27.0) - https:\/\/yoast.com\/product\/yoast-seo-premium-wordpress\/ -->\n<title>\u2018Vous \u00eates des extraterrestres dans ce pays\u2019 : quand Martin Camus Mimb lave publiquement Jean Cr\u00e9pin Nyamsi - Cameroun<\/title>\n<meta name=\"description\" content=\"Martin Camus Mimb a re\u0301agi a\u0300 une publication de Jean Cre\u0301pin Nyamsi qui l\u2019indexait directement. En effet, le journalist ...\" \/>\n<meta name=\"robots\" content=\"index, follow, max-snippet:-1, max-image-preview:large, max-video-preview:-1\" \/>\n<link rel=\"canonical\" href=\"https:\/\/www.africa-press.net\/cameroun\/politique\/vous-etes-des-extraterrestres-dans-ce-pays-quand-martin-camus-mimb-lave-publiquement-jean-crepin-nyamsi\" \/>\n<meta property=\"og:locale\" content=\"fr_FR\" \/>\n<meta property=\"og:type\" content=\"article\" \/>\n<meta property=\"og:title\" content=\"\u2018Vous \u00eates des extraterrestres dans ce pays\u2019 : quand Martin Camus Mimb lave publiquement Jean Cr\u00e9pin Nyamsi\" \/>\n<meta property=\"og:description\" content=\"Martin Camus Mimb a re\u0301agi a\u0300 une publication de Jean Cre\u0301pin Nyamsi qui l\u2019indexait directement. En effet, le journalist ...\" \/>\n<meta property=\"og:url\" content=\"https:\/\/www.africa-press.net\/cameroun\/politique\/vous-etes-des-extraterrestres-dans-ce-pays-quand-martin-camus-mimb-lave-publiquement-jean-crepin-nyamsi\" \/>\n<meta property=\"og:site_name\" content=\"Cameroun\" \/>\n<meta property=\"article:published_time\" content=\"2023-03-07T19:21:51+00:00\" \/>\n<meta property=\"article:modified_time\" content=\"2023-03-07T19:48:19+00:00\" \/>\n<meta property=\"og:image\" content=\"https:\/\/static.africa-press.net\/cameroun\/sites\/57\/2023\/03\/postQueueImg_1678204316.55.jpg\" \/>\n\t<meta property=\"og:image:width\" content=\"720\" \/>\n\t<meta property=\"og:image:height\" content=\"394\" \/>\n\t<meta property=\"og:image:type\" content=\"image\/jpeg\" \/>\n<meta name=\"author\" content=\"cfeditorfr\" \/>\n<meta name=\"twitter:card\" content=\"summary_large_image\" \/>\n<meta name=\"twitter:label1\" content=\"\u00c9crit par\" \/>\n\t<meta name=\"twitter:data1\" content=\"cfeditorfr\" \/>\n\t<meta name=\"twitter:label2\" content=\"Dur\u00e9e de lecture estim\u00e9e\" \/>\n\t<meta name=\"twitter:data2\" content=\"4 minutes\" \/>\n<script type=\"application\/ld+json\" class=\"yoast-schema-graph\">{\"@context\":\"https:\/\/schema.org\",\"@graph\":[{\"@type\":\"Article\",\"@id\":\"https:\/\/www.africa-press.net\/cameroun\/politique\/vous-etes-des-extraterrestres-dans-ce-pays-quand-martin-camus-mimb-lave-publiquement-jean-crepin-nyamsi#article\",\"isPartOf\":{\"@id\":\"https:\/\/www.africa-press.net\/cameroun\/politique\/vous-etes-des-extraterrestres-dans-ce-pays-quand-martin-camus-mimb-lave-publiquement-jean-crepin-nyamsi\"},\"author\":{\"name\":\"cfeditorfr\",\"@id\":\"https:\/\/www.africa-press.net\/cameroun\/#\/schema\/person\/2b1cf3cd81a31e3cd26889ca66d677f1\"},\"headline\":\"\u2018Vous \u00eates des extraterrestres dans ce pays\u2019 : quand Martin Camus Mimb lave publiquement Jean Cr\u00e9pin Nyamsi\",\"datePublished\":\"2023-03-07T19:21:51+00:00\",\"dateModified\":\"2023-03-07T19:48:19+00:00\",\"mainEntityOfPage\":{\"@id\":\"https:\/\/www.africa-press.net\/cameroun\/politique\/vous-etes-des-extraterrestres-dans-ce-pays-quand-martin-camus-mimb-lave-publiquement-jean-crepin-nyamsi\"},\"wordCount\":741,\"commentCount\":0,\"image\":{\"@id\":\"https:\/\/www.africa-press.net\/cameroun\/politique\/vous-etes-des-extraterrestres-dans-ce-pays-quand-martin-camus-mimb-lave-publiquement-jean-crepin-nyamsi#primaryimage\"},\"thumbnailUrl\":\"https:\/\/static.africa-press.net\/cameroun\/sites\/57\/2023\/03\/postQueueImg_1678204316.55.jpg\",\"keywords\":[\"Africa Press\",\"Africa Press-Cameroun\",\"Cameroun\"],\"articleSection\":[\"Politique\",\"Toutes les actualit\u00e9s\"],\"inLanguage\":\"fr-FR\",\"potentialAction\":[{\"@type\":\"CommentAction\",\"name\":\"Comment\",\"target\":[\"https:\/\/www.africa-press.net\/cameroun\/politique\/vous-etes-des-extraterrestres-dans-ce-pays-quand-martin-camus-mimb-lave-publiquement-jean-crepin-nyamsi#respond\"]}]},{\"@type\":\"WebPage\",\"@id\":\"https:\/\/www.africa-press.net\/cameroun\/politique\/vous-etes-des-extraterrestres-dans-ce-pays-quand-martin-camus-mimb-lave-publiquement-jean-crepin-nyamsi\",\"url\":\"https:\/\/www.africa-press.net\/cameroun\/politique\/vous-etes-des-extraterrestres-dans-ce-pays-quand-martin-camus-mimb-lave-publiquement-jean-crepin-nyamsi\",\"name\":\"\u2018Vous \u00eates des extraterrestres dans ce pays\u2019 : quand Martin Camus Mimb lave publiquement Jean Cr\u00e9pin Nyamsi - Cameroun\",\"isPartOf\":{\"@id\":\"https:\/\/www.africa-press.net\/cameroun\/#website\"},\"primaryImageOfPage\":{\"@id\":\"https:\/\/www.africa-press.net\/cameroun\/politique\/vous-etes-des-extraterrestres-dans-ce-pays-quand-martin-camus-mimb-lave-publiquement-jean-crepin-nyamsi#primaryimage\"},\"image\":{\"@id\":\"https:\/\/www.africa-press.net\/cameroun\/politique\/vous-etes-des-extraterrestres-dans-ce-pays-quand-martin-camus-mimb-lave-publiquement-jean-crepin-nyamsi#primaryimage\"},\"thumbnailUrl\":\"https:\/\/static.africa-press.net\/cameroun\/sites\/57\/2023\/03\/postQueueImg_1678204316.55.jpg\",\"datePublished\":\"2023-03-07T19:21:51+00:00\",\"dateModified\":\"2023-03-07T19:48:19+00:00\",\"author\":{\"@id\":\"https:\/\/www.africa-press.net\/cameroun\/#\/schema\/person\/2b1cf3cd81a31e3cd26889ca66d677f1\"},\"description\":\"Martin Camus Mimb a re\u0301agi a\u0300 une publication de Jean Cre\u0301pin Nyamsi qui l\u2019indexait directement. En effet, le journalist ...\",\"breadcrumb\":{\"@id\":\"https:\/\/www.africa-press.net\/cameroun\/politique\/vous-etes-des-extraterrestres-dans-ce-pays-quand-martin-camus-mimb-lave-publiquement-jean-crepin-nyamsi#breadcrumb\"},\"inLanguage\":\"fr-FR\",\"potentialAction\":[{\"@type\":\"ReadAction\",\"target\":[\"https:\/\/www.africa-press.net\/cameroun\/politique\/vous-etes-des-extraterrestres-dans-ce-pays-quand-martin-camus-mimb-lave-publiquement-jean-crepin-nyamsi\"]}]},{\"@type\":\"ImageObject\",\"inLanguage\":\"fr-FR\",\"@id\":\"https:\/\/www.africa-press.net\/cameroun\/politique\/vous-etes-des-extraterrestres-dans-ce-pays-quand-martin-camus-mimb-lave-publiquement-jean-crepin-nyamsi#primaryimage\",\"url\":\"https:\/\/static.africa-press.net\/cameroun\/sites\/57\/2023\/03\/postQueueImg_1678204316.55.jpg\",\"contentUrl\":\"https:\/\/static.africa-press.net\/cameroun\/sites\/57\/2023\/03\/postQueueImg_1678204316.55.jpg\",\"width\":720,\"height\":394,\"caption\":\"\u2018Vous \u00eates des extraterrestres dans ce pays\u2019 : quand Martin Camus Mimb lave publiquement Jean Cr\u00e9pin Nyamsi\"},{\"@type\":\"BreadcrumbList\",\"@id\":\"https:\/\/www.africa-press.net\/cameroun\/politique\/vous-etes-des-extraterrestres-dans-ce-pays-quand-martin-camus-mimb-lave-publiquement-jean-crepin-nyamsi#breadcrumb\",\"itemListElement\":[{\"@type\":\"ListItem\",\"position\":1,\"name\":\"Accueil\",\"item\":\"https:\/\/www.africa-press.net\/cameroun\/\"},{\"@type\":\"ListItem\",\"position\":2,\"name\":\"\u2018Vous \u00eates des extraterrestres dans ce pays\u2019 : quand Martin Camus Mimb lave publiquement Jean Cr\u00e9pin Nyamsi\"}]},{\"@type\":\"WebSite\",\"@id\":\"https:\/\/www.africa-press.net\/cameroun\/#website\",\"url\":\"https:\/\/www.africa-press.net\/cameroun\/\",\"name\":\"Cameroun\",\"description\":\"Just another Africa News Agency Sites site\",\"potentialAction\":[{\"@type\":\"SearchAction\",\"target\":{\"@type\":\"EntryPoint\",\"urlTemplate\":\"https:\/\/www.africa-press.net\/cameroun\/?s={search_term_string}\"},\"query-input\":{\"@type\":\"PropertyValueSpecification\",\"valueRequired\":true,\"valueName\":\"search_term_string\"}}],\"inLanguage\":\"fr-FR\"},{\"@type\":\"Person\",\"@id\":\"https:\/\/www.africa-press.net\/cameroun\/#\/schema\/person\/2b1cf3cd81a31e3cd26889ca66d677f1\",\"name\":\"cfeditorfr\"}]}<\/script>\n<!-- \/ Yoast SEO Premium plugin. -->","yoast_head_json":{"title":"\u2018Vous \u00eates des extraterrestres dans ce pays\u2019 : quand Martin Camus Mimb lave publiquement Jean Cr\u00e9pin Nyamsi - Cameroun","description":"Martin Camus Mimb a re\u0301agi a\u0300 une publication de Jean Cre\u0301pin Nyamsi qui l\u2019indexait directement. En effet, le journalist ...","robots":{"index":"index","follow":"follow","max-snippet":"max-snippet:-1","max-image-preview":"max-image-preview:large","max-video-preview":"max-video-preview:-1"},"canonical":"https:\/\/www.africa-press.net\/cameroun\/politique\/vous-etes-des-extraterrestres-dans-ce-pays-quand-martin-camus-mimb-lave-publiquement-jean-crepin-nyamsi","og_locale":"fr_FR","og_type":"article","og_title":"\u2018Vous \u00eates des extraterrestres dans ce pays\u2019 : quand Martin Camus Mimb lave publiquement Jean Cr\u00e9pin Nyamsi","og_description":"Martin Camus Mimb a re\u0301agi a\u0300 une publication de Jean Cre\u0301pin Nyamsi qui l\u2019indexait directement. En effet, le journalist ...","og_url":"https:\/\/www.africa-press.net\/cameroun\/politique\/vous-etes-des-extraterrestres-dans-ce-pays-quand-martin-camus-mimb-lave-publiquement-jean-crepin-nyamsi","og_site_name":"Cameroun","article_published_time":"2023-03-07T19:21:51+00:00","article_modified_time":"2023-03-07T19:48:19+00:00","og_image":[{"width":720,"height":394,"url":"https:\/\/static.africa-press.net\/cameroun\/sites\/57\/2023\/03\/postQueueImg_1678204316.55.jpg","type":"image\/jpeg"}],"author":"cfeditorfr","twitter_card":"summary_large_image","twitter_misc":{"\u00c9crit par":"cfeditorfr","Dur\u00e9e de lecture estim\u00e9e":"4 minutes"},"schema":{"@context":"https:\/\/schema.org","@graph":[{"@type":"Article","@id":"https:\/\/www.africa-press.net\/cameroun\/politique\/vous-etes-des-extraterrestres-dans-ce-pays-quand-martin-camus-mimb-lave-publiquement-jean-crepin-nyamsi#article","isPartOf":{"@id":"https:\/\/www.africa-press.net\/cameroun\/politique\/vous-etes-des-extraterrestres-dans-ce-pays-quand-martin-camus-mimb-lave-publiquement-jean-crepin-nyamsi"},"author":{"name":"cfeditorfr","@id":"https:\/\/www.africa-press.net\/cameroun\/#\/schema\/person\/2b1cf3cd81a31e3cd26889ca66d677f1"},"headline":"\u2018Vous \u00eates des extraterrestres dans ce pays\u2019 : quand Martin Camus Mimb lave publiquement Jean Cr\u00e9pin Nyamsi","datePublished":"2023-03-07T19:21:51+00:00","dateModified":"2023-03-07T19:48:19+00:00","mainEntityOfPage":{"@id":"https:\/\/www.africa-press.net\/cameroun\/politique\/vous-etes-des-extraterrestres-dans-ce-pays-quand-martin-camus-mimb-lave-publiquement-jean-crepin-nyamsi"},"wordCount":741,"commentCount":0,"image":{"@id":"https:\/\/www.africa-press.net\/cameroun\/politique\/vous-etes-des-extraterrestres-dans-ce-pays-quand-martin-camus-mimb-lave-publiquement-jean-crepin-nyamsi#primaryimage"},"thumbnailUrl":"https:\/\/static.africa-press.net\/cameroun\/sites\/57\/2023\/03\/postQueueImg_1678204316.55.jpg","keywords":["Africa Press","Africa Press-Cameroun","Cameroun"],"articleSection":["Politique","Toutes les actualit\u00e9s"],"inLanguage":"fr-FR","potentialAction":[{"@type":"CommentAction","name":"Comment","target":["https:\/\/www.africa-press.net\/cameroun\/politique\/vous-etes-des-extraterrestres-dans-ce-pays-quand-martin-camus-mimb-lave-publiquement-jean-crepin-nyamsi#respond"]}]},{"@type":"WebPage","@id":"https:\/\/www.africa-press.net\/cameroun\/politique\/vous-etes-des-extraterrestres-dans-ce-pays-quand-martin-camus-mimb-lave-publiquement-jean-crepin-nyamsi","url":"https:\/\/www.africa-press.net\/cameroun\/politique\/vous-etes-des-extraterrestres-dans-ce-pays-quand-martin-camus-mimb-lave-publiquement-jean-crepin-nyamsi","name":"\u2018Vous \u00eates des extraterrestres dans ce pays\u2019 : quand Martin Camus Mimb lave publiquement Jean Cr\u00e9pin Nyamsi - Cameroun","isPartOf":{"@id":"https:\/\/www.africa-press.net\/cameroun\/#website"},"primaryImageOfPage":{"@id":"https:\/\/www.africa-press.net\/cameroun\/politique\/vous-etes-des-extraterrestres-dans-ce-pays-quand-martin-camus-mimb-lave-publiquement-jean-crepin-nyamsi#primaryimage"},"image":{"@id":"https:\/\/www.africa-press.net\/cameroun\/politique\/vous-etes-des-extraterrestres-dans-ce-pays-quand-martin-camus-mimb-lave-publiquement-jean-crepin-nyamsi#primaryimage"},"thumbnailUrl":"https:\/\/static.africa-press.net\/cameroun\/sites\/57\/2023\/03\/postQueueImg_1678204316.55.jpg","datePublished":"2023-03-07T19:21:51+00:00","dateModified":"2023-03-07T19:48:19+00:00","author":{"@id":"https:\/\/www.africa-press.net\/cameroun\/#\/schema\/person\/2b1cf3cd81a31e3cd26889ca66d677f1"},"description":"Martin Camus Mimb a re\u0301agi a\u0300 une publication de Jean Cre\u0301pin Nyamsi qui l\u2019indexait directement. En effet, le journalist ...","breadcrumb":{"@id":"https:\/\/www.africa-press.net\/cameroun\/politique\/vous-etes-des-extraterrestres-dans-ce-pays-quand-martin-camus-mimb-lave-publiquement-jean-crepin-nyamsi#breadcrumb"},"inLanguage":"fr-FR","potentialAction":[{"@type":"ReadAction","target":["https:\/\/www.africa-press.net\/cameroun\/politique\/vous-etes-des-extraterrestres-dans-ce-pays-quand-martin-camus-mimb-lave-publiquement-jean-crepin-nyamsi"]}]},{"@type":"ImageObject","inLanguage":"fr-FR","@id":"https:\/\/www.africa-press.net\/cameroun\/politique\/vous-etes-des-extraterrestres-dans-ce-pays-quand-martin-camus-mimb-lave-publiquement-jean-crepin-nyamsi#primaryimage","url":"https:\/\/static.africa-press.net\/cameroun\/sites\/57\/2023\/03\/postQueueImg_1678204316.55.jpg","contentUrl":"https:\/\/static.africa-press.net\/cameroun\/sites\/57\/2023\/03\/postQueueImg_1678204316.55.jpg","width":720,"height":394,"caption":"\u2018Vous \u00eates des extraterrestres dans ce pays\u2019 : quand Martin Camus Mimb lave publiquement Jean Cr\u00e9pin Nyamsi"},{"@type":"BreadcrumbList","@id":"https:\/\/www.africa-press.net\/cameroun\/politique\/vous-etes-des-extraterrestres-dans-ce-pays-quand-martin-camus-mimb-lave-publiquement-jean-crepin-nyamsi#breadcrumb","itemListElement":[{"@type":"ListItem","position":1,"name":"Accueil","item":"https:\/\/www.africa-press.net\/cameroun\/"},{"@type":"ListItem","position":2,"name":"\u2018Vous \u00eates des extraterrestres dans ce pays\u2019 : quand Martin Camus Mimb lave publiquement Jean Cr\u00e9pin Nyamsi"}]},{"@type":"WebSite","@id":"https:\/\/www.africa-press.net\/cameroun\/#website","url":"https:\/\/www.africa-press.net\/cameroun\/","name":"Cameroun","description":"Just another Africa News Agency Sites site","potentialAction":[{"@type":"SearchAction","target":{"@type":"EntryPoint","urlTemplate":"https:\/\/www.africa-press.net\/cameroun\/?s={search_term_string}"},"query-input":{"@type":"PropertyValueSpecification","valueRequired":true,"valueName":"search_term_string"}}],"inLanguage":"fr-FR"},{"@type":"Person","@id":"https:\/\/www.africa-press.net\/cameroun\/#\/schema\/person\/2b1cf3cd81a31e3cd26889ca66d677f1","name":"cfeditorfr"}]}},"_links":{"self":[{"href":"https:\/\/www.africa-press.net\/cameroun\/wp-json\/wp\/v2\/posts\/38545","targetHints":{"allow":["GET"]}}],"collection":[{"href":"https:\/\/www.africa-press.net\/cameroun\/wp-json\/wp\/v2\/posts"}],"about":[{"href":"https:\/\/www.africa-press.net\/cameroun\/wp-json\/wp\/v2\/types\/post"}],"author":[{"embeddable":true,"href":"https:\/\/www.africa-press.net\/cameroun\/wp-json\/wp\/v2\/users\/82"}],"replies":[{"embeddable":true,"href":"https:\/\/www.africa-press.net\/cameroun\/wp-json\/wp\/v2\/comments?post=38545"}],"version-history":[{"count":0,"href":"https:\/\/www.africa-press.net\/cameroun\/wp-json\/wp\/v2\/posts\/38545\/revisions"}],"wp:featuredmedia":[{"embeddable":true,"href":"https:\/\/www.africa-press.net\/cameroun\/wp-json\/wp\/v2\/media\/38544"}],"wp:attachment":[{"href":"https:\/\/www.africa-press.net\/cameroun\/wp-json\/wp\/v2\/media?parent=38545"}],"wp:term":[{"taxonomy":"category","embeddable":true,"href":"https:\/\/www.africa-press.net\/cameroun\/wp-json\/wp\/v2\/categories?post=38545"},{"taxonomy":"post_tag","embeddable":true,"href":"https:\/\/www.africa-press.net\/cameroun\/wp-json\/wp\/v2\/tags?post=38545"}],"curies":[{"name":"wp","href":"https:\/\/api.w.org\/{rel}","templated":true}]}}