{"id":38548,"date":"2023-03-07T19:22:30","date_gmt":"2023-03-07T19:22:30","guid":{"rendered":"https:\/\/www.africa-press.net\/cameroun\/politique\/scene-inimaginable-a-kondengui-le-commissaire-du-gouvernement-debarque-et-lance-une-fouille-contre-amougou-et-eko-eko"},"modified":"2023-03-07T19:48:47","modified_gmt":"2023-03-07T19:48:47","slug":"scene-inimaginable-a-kondengui-le-commissaire-du-gouvernement-debarque-et-lance-une-fouille-contre-amougou-et-eko-eko","status":"publish","type":"post","link":"https:\/\/www.africa-press.net\/cameroun\/politique\/scene-inimaginable-a-kondengui-le-commissaire-du-gouvernement-debarque-et-lance-une-fouille-contre-amougou-et-eko-eko","title":{"rendered":"Sc\u00e8ne inimaginable \u00e0 Kondengui : le Commissaire du Gouvernement d\u00e9barque et lance une fouille contre Amougou et Eko Eko"},"content":{"rendered":"<p><span style=\"color: #ff6600\"><strong>Africa-Press &#8211; Cameroun. <\/strong><\/span>C\u2019est une sce\u0300ne surre\u0301aliste et inimaginable ce mardi 7 mars 2023 a\u0300 la prison civile de Kondengui ou\u0300 Jean Pierre Amougou Belinga et d\u2019autres coaccuse\u0301s ont e\u0301te\u0301 de\u0301fe\u0301re\u0301s dans l\u2019affaire Martinez Zogo.<\/p>\n<p>En effet, le Commissaire du Gouvernement est descendu a\u0300 la prison et a lance\u0301 une fouille qui a permis de retirer de force les te\u0301le\u0301phones d&rsquo;Amougou Belinga et de Maxime Eko Eko<\/p>\n<p>C\u2019est donc un nouveau film dont les de\u0301tenus ont e\u0301te\u0301 te\u0301moins a\u0300 la prison civile de Kondengui. On indique de sources concordantes que le Commissaire du Gouvernement est venu spe\u0301cialement avec des e\u0301le\u0301ments du Secre\u0301tariat d\u2019Etat a\u0300 la De\u0301fense pour mener la fouille et retirer tous leurs te\u0301le\u0301phones portables.<\/p>\n<p>\u00ab C\u0327a fait juste 10 mn. Il a me\u0302me menace\u0301 le Re\u0301gisseur en lui disant qu&rsquo;il doit choisir entre servir Paul Biya ou Laurent Esso \u00bb, indique notre source sur les lieux.<\/p>\n<p>Traitement royal pour Amougou a\u0300 Kondengui : 7 millions FCFA pour les ame\u0301nagements et le confort de sa cellule<\/p>\n<p>Jean Pierre Amougou Belinga, le principal suspect dans l\u2019affaire de l\u2019assassinat de Martinez Zogo, est envoye\u0301 a\u0300 Kondengui. Il est accuse\u0301 de complicite\u0301 de torture a\u0300 l\u2019e\u0301gard du journaliste d\u2019investigation.<\/p>\n<p>A Kondengui, Amougou Belinga a demande\u0301 un traitement royal. Ceci dit, 7 millions de francs CFA ont e\u0301te\u0301 de\u0301caisse\u0301s pour les ame\u0301nagements et le confort de sa cellule, carreaux et sanitaires y compris. Plus encore Amougou Belinga aurait offert ce jour un ve\u0301hicule au Re\u0301gisseur qui est par ailleurs de la me\u0302me promo que la nie\u0300ce du Zomloa, gardienne principale des prisons.<\/p>\n<p>\u00ab Nnomo elle s&rsquo;appelle. Elle n&rsquo;a me\u0302me pas le CEP, faut le pre\u0301ciser. Mais comme son tonton est le Mijustice bis, on l&rsquo;a pousse\u0301e a\u0300 e\u0302tre gardienne de prison \u00bb, indique une source interne.<\/p>\n<p>Dans les couloirs, on apprend que Maxime Eko Eko, patron de la DGRE et Jean Pierre Amougou Belinga sont attendus chez le juge d\u2019instruction ce lundi toujours dans l\u2019affaire Martinez Zogo.<\/p>\n<p>C\u2019est donc de\u0301sormais la phase de l\u2019instruction judiciaire qui s\u2019ouvre pour la requalification de l\u2019affaire. De\u0301sormais le juge d\u2019instruction reprend l\u2019affaire a\u0300 ze\u0301ro. C\u2019est a\u0300 dire toutes les auditions des personnes inculpe\u0301es et peut de\u0301cider de faire auditionner qui il entend. Cette pe\u0301riode peut aboutir a\u0300 une requalification des faits. Jean Pierre Amougou Belinga et Maxime Eko Eko ont e\u0301te\u0301 inculpe\u0301s pour des faits de complicite\u0301 de torture.<\/p>\n<p>Sauf changement dans le calendrier du juge d\u2019instruction du tribunal militaire, ils doivent e\u0302tre extraits de la prison de Kondengui ce jour pour le de\u0301but de l\u2019information judiciaire. Les choses vont tre\u0300s vite, apprend-on.<\/p>\n<p><strong>Pour plus d&rsquo;informations et d&rsquo;analyses sur la <a href=\"https:\/\/www.africa-press.net\/cameroun\">Cameroun<\/a>, suivez <a href=\"https:\/\/www.africa-press.net\/\">Africa-Press<\/a><\/strong><\/p>\n","protected":false},"excerpt":{"rendered":"<p>Africa-Press &#8211; Cameroun. C\u2019est une sce\u0300ne surre\u0301aliste et inimaginable ce mardi 7 mars 2023 a\u0300 la prison civile de Kondengui ou\u0300 Jean Pierre Amougou Belinga et d\u2019autres coaccuse\u0301s ont e\u0301te\u0301 de\u0301fe\u0301re\u0301s dans l\u2019affaire Martinez Zogo. En effet, le Commissaire du Gouvernement est descendu a\u0300 la prison et a lance\u0301 une fouille qui a permis de [&hellip;]<\/p>\n","protected":false},"author":82,"featured_media":38546,"comment_status":"open","ping_status":"closed","sticky":false,"template":"","format":"standard","meta":{"footnotes":""},"categories":[2,10],"tags":[36,50,49],"class_list":["post-38548","post","type-post","status-publish","format-standard","has-post-thumbnail","hentry","category-politique","category-toutes-les-actualites","tag-africa-press","tag-africa-press-cameroun","tag-cameroun"],"yoast_head":"<!-- This site is optimized with the Yoast SEO Premium plugin v26.1 (Yoast SEO v27.0) - https:\/\/yoast.com\/product\/yoast-seo-premium-wordpress\/ -->\n<title>Sc\u00e8ne inimaginable \u00e0 Kondengui : le Commissaire du Gouvernement d\u00e9barque et lance une fouille contre Amougou et Eko Eko - Cameroun<\/title>\n<meta name=\"description\" content=\"C\u2019est une sce\u0300ne surre\u0301aliste et inimaginable ce mardi 7 mars 2023 a\u0300 la prison civile de Kondengui ou\u0300 Jean Pierre Amou ...\" \/>\n<meta name=\"robots\" content=\"index, follow, max-snippet:-1, max-image-preview:large, max-video-preview:-1\" \/>\n<link rel=\"canonical\" href=\"https:\/\/www.africa-press.net\/cameroun\/politique\/scene-inimaginable-a-kondengui-le-commissaire-du-gouvernement-debarque-et-lance-une-fouille-contre-amougou-et-eko-eko\" \/>\n<meta property=\"og:locale\" content=\"fr_FR\" \/>\n<meta property=\"og:type\" content=\"article\" \/>\n<meta property=\"og:title\" content=\"Sc\u00e8ne inimaginable \u00e0 Kondengui : le Commissaire du Gouvernement d\u00e9barque et lance une fouille contre Amougou et Eko Eko\" \/>\n<meta property=\"og:description\" content=\"C\u2019est une sce\u0300ne surre\u0301aliste et inimaginable ce mardi 7 mars 2023 a\u0300 la prison civile de Kondengui ou\u0300 Jean Pierre Amou ...\" \/>\n<meta property=\"og:url\" content=\"https:\/\/www.africa-press.net\/cameroun\/politique\/scene-inimaginable-a-kondengui-le-commissaire-du-gouvernement-debarque-et-lance-une-fouille-contre-amougou-et-eko-eko\" \/>\n<meta property=\"og:site_name\" content=\"Cameroun\" \/>\n<meta property=\"article:published_time\" content=\"2023-03-07T19:22:30+00:00\" \/>\n<meta property=\"article:modified_time\" content=\"2023-03-07T19:48:47+00:00\" \/>\n<meta property=\"og:image\" content=\"https:\/\/static.africa-press.net\/cameroun\/sites\/57\/2023\/03\/postQueueImg_1678204361.09.jpg\" \/>\n\t<meta property=\"og:image:width\" content=\"720\" \/>\n\t<meta property=\"og:image:height\" content=\"550\" \/>\n\t<meta property=\"og:image:type\" content=\"image\/jpeg\" \/>\n<meta name=\"author\" content=\"cfeditorfr\" \/>\n<meta name=\"twitter:card\" content=\"summary_large_image\" \/>\n<meta name=\"twitter:label1\" content=\"\u00c9crit par\" \/>\n\t<meta name=\"twitter:data1\" content=\"cfeditorfr\" \/>\n\t<meta name=\"twitter:label2\" content=\"Dur\u00e9e de lecture estim\u00e9e\" \/>\n\t<meta name=\"twitter:data2\" content=\"3 minutes\" \/>\n<script type=\"application\/ld+json\" class=\"yoast-schema-graph\">{\"@context\":\"https:\/\/schema.org\",\"@graph\":[{\"@type\":\"Article\",\"@id\":\"https:\/\/www.africa-press.net\/cameroun\/politique\/scene-inimaginable-a-kondengui-le-commissaire-du-gouvernement-debarque-et-lance-une-fouille-contre-amougou-et-eko-eko#article\",\"isPartOf\":{\"@id\":\"https:\/\/www.africa-press.net\/cameroun\/politique\/scene-inimaginable-a-kondengui-le-commissaire-du-gouvernement-debarque-et-lance-une-fouille-contre-amougou-et-eko-eko\"},\"author\":{\"name\":\"cfeditorfr\",\"@id\":\"https:\/\/www.africa-press.net\/cameroun\/#\/schema\/person\/2b1cf3cd81a31e3cd26889ca66d677f1\"},\"headline\":\"Sc\u00e8ne inimaginable \u00e0 Kondengui : le Commissaire du Gouvernement d\u00e9barque et lance une fouille contre Amougou et Eko Eko\",\"datePublished\":\"2023-03-07T19:22:30+00:00\",\"dateModified\":\"2023-03-07T19:48:47+00:00\",\"mainEntityOfPage\":{\"@id\":\"https:\/\/www.africa-press.net\/cameroun\/politique\/scene-inimaginable-a-kondengui-le-commissaire-du-gouvernement-debarque-et-lance-une-fouille-contre-amougou-et-eko-eko\"},\"wordCount\":519,\"commentCount\":0,\"image\":{\"@id\":\"https:\/\/www.africa-press.net\/cameroun\/politique\/scene-inimaginable-a-kondengui-le-commissaire-du-gouvernement-debarque-et-lance-une-fouille-contre-amougou-et-eko-eko#primaryimage\"},\"thumbnailUrl\":\"https:\/\/static.africa-press.net\/cameroun\/sites\/57\/2023\/03\/postQueueImg_1678204361.09.jpg\",\"keywords\":[\"Africa Press\",\"Africa Press-Cameroun\",\"Cameroun\"],\"articleSection\":[\"Politique\",\"Toutes les actualit\u00e9s\"],\"inLanguage\":\"fr-FR\",\"potentialAction\":[{\"@type\":\"CommentAction\",\"name\":\"Comment\",\"target\":[\"https:\/\/www.africa-press.net\/cameroun\/politique\/scene-inimaginable-a-kondengui-le-commissaire-du-gouvernement-debarque-et-lance-une-fouille-contre-amougou-et-eko-eko#respond\"]}]},{\"@type\":\"WebPage\",\"@id\":\"https:\/\/www.africa-press.net\/cameroun\/politique\/scene-inimaginable-a-kondengui-le-commissaire-du-gouvernement-debarque-et-lance-une-fouille-contre-amougou-et-eko-eko\",\"url\":\"https:\/\/www.africa-press.net\/cameroun\/politique\/scene-inimaginable-a-kondengui-le-commissaire-du-gouvernement-debarque-et-lance-une-fouille-contre-amougou-et-eko-eko\",\"name\":\"Sc\u00e8ne inimaginable \u00e0 Kondengui : le Commissaire du Gouvernement d\u00e9barque et lance une fouille contre Amougou et Eko Eko - Cameroun\",\"isPartOf\":{\"@id\":\"https:\/\/www.africa-press.net\/cameroun\/#website\"},\"primaryImageOfPage\":{\"@id\":\"https:\/\/www.africa-press.net\/cameroun\/politique\/scene-inimaginable-a-kondengui-le-commissaire-du-gouvernement-debarque-et-lance-une-fouille-contre-amougou-et-eko-eko#primaryimage\"},\"image\":{\"@id\":\"https:\/\/www.africa-press.net\/cameroun\/politique\/scene-inimaginable-a-kondengui-le-commissaire-du-gouvernement-debarque-et-lance-une-fouille-contre-amougou-et-eko-eko#primaryimage\"},\"thumbnailUrl\":\"https:\/\/static.africa-press.net\/cameroun\/sites\/57\/2023\/03\/postQueueImg_1678204361.09.jpg\",\"datePublished\":\"2023-03-07T19:22:30+00:00\",\"dateModified\":\"2023-03-07T19:48:47+00:00\",\"author\":{\"@id\":\"https:\/\/www.africa-press.net\/cameroun\/#\/schema\/person\/2b1cf3cd81a31e3cd26889ca66d677f1\"},\"description\":\"C\u2019est une sce\u0300ne surre\u0301aliste et inimaginable ce mardi 7 mars 2023 a\u0300 la prison civile de Kondengui ou\u0300 Jean Pierre Amou ...\",\"breadcrumb\":{\"@id\":\"https:\/\/www.africa-press.net\/cameroun\/politique\/scene-inimaginable-a-kondengui-le-commissaire-du-gouvernement-debarque-et-lance-une-fouille-contre-amougou-et-eko-eko#breadcrumb\"},\"inLanguage\":\"fr-FR\",\"potentialAction\":[{\"@type\":\"ReadAction\",\"target\":[\"https:\/\/www.africa-press.net\/cameroun\/politique\/scene-inimaginable-a-kondengui-le-commissaire-du-gouvernement-debarque-et-lance-une-fouille-contre-amougou-et-eko-eko\"]}]},{\"@type\":\"ImageObject\",\"inLanguage\":\"fr-FR\",\"@id\":\"https:\/\/www.africa-press.net\/cameroun\/politique\/scene-inimaginable-a-kondengui-le-commissaire-du-gouvernement-debarque-et-lance-une-fouille-contre-amougou-et-eko-eko#primaryimage\",\"url\":\"https:\/\/static.africa-press.net\/cameroun\/sites\/57\/2023\/03\/postQueueImg_1678204361.09.jpg\",\"contentUrl\":\"https:\/\/static.africa-press.net\/cameroun\/sites\/57\/2023\/03\/postQueueImg_1678204361.09.jpg\",\"width\":720,\"height\":550,\"caption\":\"Sc\u00e8ne inimaginable \u00e0 Kondengui : le Commissaire du Gouvernement d\u00e9barque et lance une fouille contre Amougou et Eko Eko\"},{\"@type\":\"BreadcrumbList\",\"@id\":\"https:\/\/www.africa-press.net\/cameroun\/politique\/scene-inimaginable-a-kondengui-le-commissaire-du-gouvernement-debarque-et-lance-une-fouille-contre-amougou-et-eko-eko#breadcrumb\",\"itemListElement\":[{\"@type\":\"ListItem\",\"position\":1,\"name\":\"Accueil\",\"item\":\"https:\/\/www.africa-press.net\/cameroun\/\"},{\"@type\":\"ListItem\",\"position\":2,\"name\":\"Sc\u00e8ne inimaginable \u00e0 Kondengui : le Commissaire du Gouvernement d\u00e9barque et lance une fouille contre Amougou et Eko Eko\"}]},{\"@type\":\"WebSite\",\"@id\":\"https:\/\/www.africa-press.net\/cameroun\/#website\",\"url\":\"https:\/\/www.africa-press.net\/cameroun\/\",\"name\":\"Cameroun\",\"description\":\"Just another Africa News Agency Sites site\",\"potentialAction\":[{\"@type\":\"SearchAction\",\"target\":{\"@type\":\"EntryPoint\",\"urlTemplate\":\"https:\/\/www.africa-press.net\/cameroun\/?s={search_term_string}\"},\"query-input\":{\"@type\":\"PropertyValueSpecification\",\"valueRequired\":true,\"valueName\":\"search_term_string\"}}],\"inLanguage\":\"fr-FR\"},{\"@type\":\"Person\",\"@id\":\"https:\/\/www.africa-press.net\/cameroun\/#\/schema\/person\/2b1cf3cd81a31e3cd26889ca66d677f1\",\"name\":\"cfeditorfr\"}]}<\/script>\n<!-- \/ Yoast SEO Premium plugin. -->","yoast_head_json":{"title":"Sc\u00e8ne inimaginable \u00e0 Kondengui : le Commissaire du Gouvernement d\u00e9barque et lance une fouille contre Amougou et Eko Eko - Cameroun","description":"C\u2019est une sce\u0300ne surre\u0301aliste et inimaginable ce mardi 7 mars 2023 a\u0300 la prison civile de Kondengui ou\u0300 Jean Pierre Amou ...","robots":{"index":"index","follow":"follow","max-snippet":"max-snippet:-1","max-image-preview":"max-image-preview:large","max-video-preview":"max-video-preview:-1"},"canonical":"https:\/\/www.africa-press.net\/cameroun\/politique\/scene-inimaginable-a-kondengui-le-commissaire-du-gouvernement-debarque-et-lance-une-fouille-contre-amougou-et-eko-eko","og_locale":"fr_FR","og_type":"article","og_title":"Sc\u00e8ne inimaginable \u00e0 Kondengui : le Commissaire du Gouvernement d\u00e9barque et lance une fouille contre Amougou et Eko Eko","og_description":"C\u2019est une sce\u0300ne surre\u0301aliste et inimaginable ce mardi 7 mars 2023 a\u0300 la prison civile de Kondengui ou\u0300 Jean Pierre Amou ...","og_url":"https:\/\/www.africa-press.net\/cameroun\/politique\/scene-inimaginable-a-kondengui-le-commissaire-du-gouvernement-debarque-et-lance-une-fouille-contre-amougou-et-eko-eko","og_site_name":"Cameroun","article_published_time":"2023-03-07T19:22:30+00:00","article_modified_time":"2023-03-07T19:48:47+00:00","og_image":[{"width":720,"height":550,"url":"https:\/\/static.africa-press.net\/cameroun\/sites\/57\/2023\/03\/postQueueImg_1678204361.09.jpg","type":"image\/jpeg"}],"author":"cfeditorfr","twitter_card":"summary_large_image","twitter_misc":{"\u00c9crit par":"cfeditorfr","Dur\u00e9e de lecture estim\u00e9e":"3 minutes"},"schema":{"@context":"https:\/\/schema.org","@graph":[{"@type":"Article","@id":"https:\/\/www.africa-press.net\/cameroun\/politique\/scene-inimaginable-a-kondengui-le-commissaire-du-gouvernement-debarque-et-lance-une-fouille-contre-amougou-et-eko-eko#article","isPartOf":{"@id":"https:\/\/www.africa-press.net\/cameroun\/politique\/scene-inimaginable-a-kondengui-le-commissaire-du-gouvernement-debarque-et-lance-une-fouille-contre-amougou-et-eko-eko"},"author":{"name":"cfeditorfr","@id":"https:\/\/www.africa-press.net\/cameroun\/#\/schema\/person\/2b1cf3cd81a31e3cd26889ca66d677f1"},"headline":"Sc\u00e8ne inimaginable \u00e0 Kondengui : le Commissaire du Gouvernement d\u00e9barque et lance une fouille contre Amougou et Eko Eko","datePublished":"2023-03-07T19:22:30+00:00","dateModified":"2023-03-07T19:48:47+00:00","mainEntityOfPage":{"@id":"https:\/\/www.africa-press.net\/cameroun\/politique\/scene-inimaginable-a-kondengui-le-commissaire-du-gouvernement-debarque-et-lance-une-fouille-contre-amougou-et-eko-eko"},"wordCount":519,"commentCount":0,"image":{"@id":"https:\/\/www.africa-press.net\/cameroun\/politique\/scene-inimaginable-a-kondengui-le-commissaire-du-gouvernement-debarque-et-lance-une-fouille-contre-amougou-et-eko-eko#primaryimage"},"thumbnailUrl":"https:\/\/static.africa-press.net\/cameroun\/sites\/57\/2023\/03\/postQueueImg_1678204361.09.jpg","keywords":["Africa Press","Africa Press-Cameroun","Cameroun"],"articleSection":["Politique","Toutes les actualit\u00e9s"],"inLanguage":"fr-FR","potentialAction":[{"@type":"CommentAction","name":"Comment","target":["https:\/\/www.africa-press.net\/cameroun\/politique\/scene-inimaginable-a-kondengui-le-commissaire-du-gouvernement-debarque-et-lance-une-fouille-contre-amougou-et-eko-eko#respond"]}]},{"@type":"WebPage","@id":"https:\/\/www.africa-press.net\/cameroun\/politique\/scene-inimaginable-a-kondengui-le-commissaire-du-gouvernement-debarque-et-lance-une-fouille-contre-amougou-et-eko-eko","url":"https:\/\/www.africa-press.net\/cameroun\/politique\/scene-inimaginable-a-kondengui-le-commissaire-du-gouvernement-debarque-et-lance-une-fouille-contre-amougou-et-eko-eko","name":"Sc\u00e8ne inimaginable \u00e0 Kondengui : le Commissaire du Gouvernement d\u00e9barque et lance une fouille contre Amougou et Eko Eko - Cameroun","isPartOf":{"@id":"https:\/\/www.africa-press.net\/cameroun\/#website"},"primaryImageOfPage":{"@id":"https:\/\/www.africa-press.net\/cameroun\/politique\/scene-inimaginable-a-kondengui-le-commissaire-du-gouvernement-debarque-et-lance-une-fouille-contre-amougou-et-eko-eko#primaryimage"},"image":{"@id":"https:\/\/www.africa-press.net\/cameroun\/politique\/scene-inimaginable-a-kondengui-le-commissaire-du-gouvernement-debarque-et-lance-une-fouille-contre-amougou-et-eko-eko#primaryimage"},"thumbnailUrl":"https:\/\/static.africa-press.net\/cameroun\/sites\/57\/2023\/03\/postQueueImg_1678204361.09.jpg","datePublished":"2023-03-07T19:22:30+00:00","dateModified":"2023-03-07T19:48:47+00:00","author":{"@id":"https:\/\/www.africa-press.net\/cameroun\/#\/schema\/person\/2b1cf3cd81a31e3cd26889ca66d677f1"},"description":"C\u2019est une sce\u0300ne surre\u0301aliste et inimaginable ce mardi 7 mars 2023 a\u0300 la prison civile de Kondengui ou\u0300 Jean Pierre Amou ...","breadcrumb":{"@id":"https:\/\/www.africa-press.net\/cameroun\/politique\/scene-inimaginable-a-kondengui-le-commissaire-du-gouvernement-debarque-et-lance-une-fouille-contre-amougou-et-eko-eko#breadcrumb"},"inLanguage":"fr-FR","potentialAction":[{"@type":"ReadAction","target":["https:\/\/www.africa-press.net\/cameroun\/politique\/scene-inimaginable-a-kondengui-le-commissaire-du-gouvernement-debarque-et-lance-une-fouille-contre-amougou-et-eko-eko"]}]},{"@type":"ImageObject","inLanguage":"fr-FR","@id":"https:\/\/www.africa-press.net\/cameroun\/politique\/scene-inimaginable-a-kondengui-le-commissaire-du-gouvernement-debarque-et-lance-une-fouille-contre-amougou-et-eko-eko#primaryimage","url":"https:\/\/static.africa-press.net\/cameroun\/sites\/57\/2023\/03\/postQueueImg_1678204361.09.jpg","contentUrl":"https:\/\/static.africa-press.net\/cameroun\/sites\/57\/2023\/03\/postQueueImg_1678204361.09.jpg","width":720,"height":550,"caption":"Sc\u00e8ne inimaginable \u00e0 Kondengui : le Commissaire du Gouvernement d\u00e9barque et lance une fouille contre Amougou et Eko Eko"},{"@type":"BreadcrumbList","@id":"https:\/\/www.africa-press.net\/cameroun\/politique\/scene-inimaginable-a-kondengui-le-commissaire-du-gouvernement-debarque-et-lance-une-fouille-contre-amougou-et-eko-eko#breadcrumb","itemListElement":[{"@type":"ListItem","position":1,"name":"Accueil","item":"https:\/\/www.africa-press.net\/cameroun\/"},{"@type":"ListItem","position":2,"name":"Sc\u00e8ne inimaginable \u00e0 Kondengui : le Commissaire du Gouvernement d\u00e9barque et lance une fouille contre Amougou et Eko Eko"}]},{"@type":"WebSite","@id":"https:\/\/www.africa-press.net\/cameroun\/#website","url":"https:\/\/www.africa-press.net\/cameroun\/","name":"Cameroun","description":"Just another Africa News Agency Sites site","potentialAction":[{"@type":"SearchAction","target":{"@type":"EntryPoint","urlTemplate":"https:\/\/www.africa-press.net\/cameroun\/?s={search_term_string}"},"query-input":{"@type":"PropertyValueSpecification","valueRequired":true,"valueName":"search_term_string"}}],"inLanguage":"fr-FR"},{"@type":"Person","@id":"https:\/\/www.africa-press.net\/cameroun\/#\/schema\/person\/2b1cf3cd81a31e3cd26889ca66d677f1","name":"cfeditorfr"}]}},"_links":{"self":[{"href":"https:\/\/www.africa-press.net\/cameroun\/wp-json\/wp\/v2\/posts\/38548","targetHints":{"allow":["GET"]}}],"collection":[{"href":"https:\/\/www.africa-press.net\/cameroun\/wp-json\/wp\/v2\/posts"}],"about":[{"href":"https:\/\/www.africa-press.net\/cameroun\/wp-json\/wp\/v2\/types\/post"}],"author":[{"embeddable":true,"href":"https:\/\/www.africa-press.net\/cameroun\/wp-json\/wp\/v2\/users\/82"}],"replies":[{"embeddable":true,"href":"https:\/\/www.africa-press.net\/cameroun\/wp-json\/wp\/v2\/comments?post=38548"}],"version-history":[{"count":0,"href":"https:\/\/www.africa-press.net\/cameroun\/wp-json\/wp\/v2\/posts\/38548\/revisions"}],"wp:featuredmedia":[{"embeddable":true,"href":"https:\/\/www.africa-press.net\/cameroun\/wp-json\/wp\/v2\/media\/38546"}],"wp:attachment":[{"href":"https:\/\/www.africa-press.net\/cameroun\/wp-json\/wp\/v2\/media?parent=38548"}],"wp:term":[{"taxonomy":"category","embeddable":true,"href":"https:\/\/www.africa-press.net\/cameroun\/wp-json\/wp\/v2\/categories?post=38548"},{"taxonomy":"post_tag","embeddable":true,"href":"https:\/\/www.africa-press.net\/cameroun\/wp-json\/wp\/v2\/tags?post=38548"}],"curies":[{"name":"wp","href":"https:\/\/api.w.org\/{rel}","templated":true}]}}