{"id":38550,"date":"2023-03-07T19:22:48","date_gmt":"2023-03-07T19:22:48","guid":{"rendered":"https:\/\/www.africa-press.net\/cameroun\/politique\/franck-biya-a-lhonneur-le-mouvement-frankiste-tient-une-reunion-capitale-ce-jour"},"modified":"2023-03-07T19:49:09","modified_gmt":"2023-03-07T19:49:09","slug":"franck-biya-a-lhonneur-le-mouvement-frankiste-tient-une-reunion-capitale-ce-jour","status":"publish","type":"post","link":"https:\/\/www.africa-press.net\/cameroun\/politique\/franck-biya-a-lhonneur-le-mouvement-frankiste-tient-une-reunion-capitale-ce-jour","title":{"rendered":"Franck Biya \u00e0 l&rsquo;honneur : le mouvement frankiste tient une r\u00e9union capitale ce jour"},"content":{"rendered":"<p><span style=\"color: #ff6600\"><strong>Africa-Press &#8211; Cameroun. <\/strong><\/span>La piste du fils qui succe\u0300de a\u0300 son pe\u0300re devient de plus en plausible si l&rsquo;on analyse les re\u0301cents e\u0301ve\u0300nements qui se sont produits au Cameroun. Toutes les figures qui avaient un poids donne\u0301 dans la course a\u0300 la succession se sont refroidis d&rsquo;une quelconque manie\u0300re laissant un large avantage a\u0300 Franck Emmanuel Biya.<\/p>\n<p>Pour pre\u0301parer les prochaines e\u0301che\u0301ances e\u0301lectorales, le mouvement de soutien a\u0300 ce dernier, le mouvement frankiste tient un re\u0301union importante ce jour a\u0300 17h. D&rsquo;apre\u0300s les responsables de ce mouvement l&rsquo;ordre du jour sera communique\u0301 se\u0301ance tenante.<\/p>\n<p>A en croire Alain Fide\u0300le Owona, Coordonnateur national du Mouvement Citoyen des Franckistes pour la Paix et l\u2019Unite\u0301 du Cameroun, (MCFPU), les objectifs sont grands. Voici donc les dix leitmotivs du mouvement.<\/p>\n<p>\u00ab 1- Connai\u0302tre et faire connai\u0302tre Franck Emmanuel BIYA.<\/p>\n<p>2- Connai\u0302tre et faire connai\u0302tre le mouvement des Franckistes: son objectif, ses valeurs, sa vision et ses missions.<\/p>\n<p>3- Re\u0301pandre le Franckisme partout ou\u0300 l\u2019on se trouve.<\/p>\n<p>4- Vanter et argumenter les qualite\u0301s et me\u0301rites de Franck Emmanuel BIYA.<\/p>\n<p>5- Pre\u0301parer la candidature de Franck Emmanuel BIYA pour les e\u0301lections pre\u0301sidentielles de 2025.<\/p>\n<p>6- Sensibiliser l\u2019e\u0301lectorat Camerounais en faveur du futur candidat Franck Emmanuel BIYA.<\/p>\n<p>7- Soutenir et ple\u0301bisciter Franck Emmanuel BIYA aux futures e\u0301lections Pre\u0301sidentielles.<\/p>\n<p>8- Informer l\u2019opinion nationale et internationale de la de\u0301marche du mouvement des Franckistes en faveur de Franck Emmanuel BIYA.<\/p>\n<p>9- Rassembler tous les Camerounais autour du programme de socie\u0301te\u0301 a\u0300 pre\u0301senter par Franck Emmanuel BIYA.<\/p>\n<p>10- Assurer un vote a\u0300 100% a\u0300 Franck Emmanuel BIYA et de\u0301fendre ce vote. \u00bb<\/p>\n<p><strong>Pour plus d&rsquo;informations et d&rsquo;analyses sur la <a href=\"https:\/\/www.africa-press.net\/cameroun\">Cameroun<\/a>, suivez <a href=\"https:\/\/www.africa-press.net\/\">Africa-Press<\/a><\/strong><\/p>\n","protected":false},"excerpt":{"rendered":"<p>Africa-Press &#8211; Cameroun. La piste du fils qui succe\u0300de a\u0300 son pe\u0300re devient de plus en plausible si l&rsquo;on analyse les re\u0301cents e\u0301ve\u0300nements qui se sont produits au Cameroun. Toutes les figures qui avaient un poids donne\u0301 dans la course a\u0300 la succession se sont refroidis d&rsquo;une quelconque manie\u0300re laissant un large avantage a\u0300 Franck [&hellip;]<\/p>\n","protected":false},"author":82,"featured_media":38549,"comment_status":"open","ping_status":"closed","sticky":false,"template":"","format":"standard","meta":{"footnotes":""},"categories":[2,10],"tags":[36,50,49],"class_list":["post-38550","post","type-post","status-publish","format-standard","has-post-thumbnail","hentry","category-politique","category-toutes-les-actualites","tag-africa-press","tag-africa-press-cameroun","tag-cameroun"],"yoast_head":"<!-- This site is optimized with the Yoast SEO Premium plugin v26.1 (Yoast SEO v27.0) - https:\/\/yoast.com\/product\/yoast-seo-premium-wordpress\/ -->\n<title>Franck Biya \u00e0 l&#039;honneur : le mouvement frankiste tient une r\u00e9union capitale ce jour - Cameroun<\/title>\n<meta name=\"description\" content=\"La piste du fils qui succe\u0300de a\u0300 son pe\u0300re devient de plus en plausible si l&#039;on analyse les re\u0301cents e\u0301ve\u0300nements qui se ...\" \/>\n<meta name=\"robots\" content=\"index, follow, max-snippet:-1, max-image-preview:large, max-video-preview:-1\" \/>\n<link rel=\"canonical\" href=\"https:\/\/www.africa-press.net\/cameroun\/politique\/franck-biya-a-lhonneur-le-mouvement-frankiste-tient-une-reunion-capitale-ce-jour\" \/>\n<meta property=\"og:locale\" content=\"fr_FR\" \/>\n<meta property=\"og:type\" content=\"article\" \/>\n<meta property=\"og:title\" content=\"Franck Biya \u00e0 l&#039;honneur : le mouvement frankiste tient une r\u00e9union capitale ce jour\" \/>\n<meta property=\"og:description\" content=\"La piste du fils qui succe\u0300de a\u0300 son pe\u0300re devient de plus en plausible si l&#039;on analyse les re\u0301cents e\u0301ve\u0300nements qui se ...\" \/>\n<meta property=\"og:url\" content=\"https:\/\/www.africa-press.net\/cameroun\/politique\/franck-biya-a-lhonneur-le-mouvement-frankiste-tient-une-reunion-capitale-ce-jour\" \/>\n<meta property=\"og:site_name\" content=\"Cameroun\" \/>\n<meta property=\"article:published_time\" content=\"2023-03-07T19:22:48+00:00\" \/>\n<meta property=\"article:modified_time\" content=\"2023-03-07T19:49:09+00:00\" \/>\n<meta property=\"og:image\" content=\"https:\/\/static.africa-press.net\/cameroun\/sites\/57\/2023\/03\/postQueueImg_1678204396.94.jpg\" \/>\n\t<meta property=\"og:image:width\" content=\"720\" \/>\n\t<meta property=\"og:image:height\" content=\"427\" \/>\n\t<meta property=\"og:image:type\" content=\"image\/jpeg\" \/>\n<meta name=\"author\" content=\"cfeditorfr\" \/>\n<meta name=\"twitter:card\" content=\"summary_large_image\" \/>\n<meta name=\"twitter:label1\" content=\"\u00c9crit par\" \/>\n\t<meta name=\"twitter:data1\" content=\"cfeditorfr\" \/>\n\t<meta name=\"twitter:label2\" content=\"Dur\u00e9e de lecture estim\u00e9e\" \/>\n\t<meta name=\"twitter:data2\" content=\"2 minutes\" \/>\n<script type=\"application\/ld+json\" class=\"yoast-schema-graph\">{\"@context\":\"https:\/\/schema.org\",\"@graph\":[{\"@type\":\"Article\",\"@id\":\"https:\/\/www.africa-press.net\/cameroun\/politique\/franck-biya-a-lhonneur-le-mouvement-frankiste-tient-une-reunion-capitale-ce-jour#article\",\"isPartOf\":{\"@id\":\"https:\/\/www.africa-press.net\/cameroun\/politique\/franck-biya-a-lhonneur-le-mouvement-frankiste-tient-une-reunion-capitale-ce-jour\"},\"author\":{\"name\":\"cfeditorfr\",\"@id\":\"https:\/\/www.africa-press.net\/cameroun\/#\/schema\/person\/2b1cf3cd81a31e3cd26889ca66d677f1\"},\"headline\":\"Franck Biya \u00e0 l&rsquo;honneur : le mouvement frankiste tient une r\u00e9union capitale ce jour\",\"datePublished\":\"2023-03-07T19:22:48+00:00\",\"dateModified\":\"2023-03-07T19:49:09+00:00\",\"mainEntityOfPage\":{\"@id\":\"https:\/\/www.africa-press.net\/cameroun\/politique\/franck-biya-a-lhonneur-le-mouvement-frankiste-tient-une-reunion-capitale-ce-jour\"},\"wordCount\":323,\"commentCount\":0,\"image\":{\"@id\":\"https:\/\/www.africa-press.net\/cameroun\/politique\/franck-biya-a-lhonneur-le-mouvement-frankiste-tient-une-reunion-capitale-ce-jour#primaryimage\"},\"thumbnailUrl\":\"https:\/\/static.africa-press.net\/cameroun\/sites\/57\/2023\/03\/postQueueImg_1678204396.94.jpg\",\"keywords\":[\"Africa Press\",\"Africa Press-Cameroun\",\"Cameroun\"],\"articleSection\":[\"Politique\",\"Toutes les actualit\u00e9s\"],\"inLanguage\":\"fr-FR\",\"potentialAction\":[{\"@type\":\"CommentAction\",\"name\":\"Comment\",\"target\":[\"https:\/\/www.africa-press.net\/cameroun\/politique\/franck-biya-a-lhonneur-le-mouvement-frankiste-tient-une-reunion-capitale-ce-jour#respond\"]}]},{\"@type\":\"WebPage\",\"@id\":\"https:\/\/www.africa-press.net\/cameroun\/politique\/franck-biya-a-lhonneur-le-mouvement-frankiste-tient-une-reunion-capitale-ce-jour\",\"url\":\"https:\/\/www.africa-press.net\/cameroun\/politique\/franck-biya-a-lhonneur-le-mouvement-frankiste-tient-une-reunion-capitale-ce-jour\",\"name\":\"Franck Biya \u00e0 l'honneur : le mouvement frankiste tient une r\u00e9union capitale ce jour - Cameroun\",\"isPartOf\":{\"@id\":\"https:\/\/www.africa-press.net\/cameroun\/#website\"},\"primaryImageOfPage\":{\"@id\":\"https:\/\/www.africa-press.net\/cameroun\/politique\/franck-biya-a-lhonneur-le-mouvement-frankiste-tient-une-reunion-capitale-ce-jour#primaryimage\"},\"image\":{\"@id\":\"https:\/\/www.africa-press.net\/cameroun\/politique\/franck-biya-a-lhonneur-le-mouvement-frankiste-tient-une-reunion-capitale-ce-jour#primaryimage\"},\"thumbnailUrl\":\"https:\/\/static.africa-press.net\/cameroun\/sites\/57\/2023\/03\/postQueueImg_1678204396.94.jpg\",\"datePublished\":\"2023-03-07T19:22:48+00:00\",\"dateModified\":\"2023-03-07T19:49:09+00:00\",\"author\":{\"@id\":\"https:\/\/www.africa-press.net\/cameroun\/#\/schema\/person\/2b1cf3cd81a31e3cd26889ca66d677f1\"},\"description\":\"La piste du fils qui succe\u0300de a\u0300 son pe\u0300re devient de plus en plausible si l'on analyse les re\u0301cents e\u0301ve\u0300nements qui se ...\",\"breadcrumb\":{\"@id\":\"https:\/\/www.africa-press.net\/cameroun\/politique\/franck-biya-a-lhonneur-le-mouvement-frankiste-tient-une-reunion-capitale-ce-jour#breadcrumb\"},\"inLanguage\":\"fr-FR\",\"potentialAction\":[{\"@type\":\"ReadAction\",\"target\":[\"https:\/\/www.africa-press.net\/cameroun\/politique\/franck-biya-a-lhonneur-le-mouvement-frankiste-tient-une-reunion-capitale-ce-jour\"]}]},{\"@type\":\"ImageObject\",\"inLanguage\":\"fr-FR\",\"@id\":\"https:\/\/www.africa-press.net\/cameroun\/politique\/franck-biya-a-lhonneur-le-mouvement-frankiste-tient-une-reunion-capitale-ce-jour#primaryimage\",\"url\":\"https:\/\/static.africa-press.net\/cameroun\/sites\/57\/2023\/03\/postQueueImg_1678204396.94.jpg\",\"contentUrl\":\"https:\/\/static.africa-press.net\/cameroun\/sites\/57\/2023\/03\/postQueueImg_1678204396.94.jpg\",\"width\":720,\"height\":427,\"caption\":\"Franck Biya \u00e0 l'honneur : le mouvement frankiste tient une r\u00e9union capitale ce jour\"},{\"@type\":\"BreadcrumbList\",\"@id\":\"https:\/\/www.africa-press.net\/cameroun\/politique\/franck-biya-a-lhonneur-le-mouvement-frankiste-tient-une-reunion-capitale-ce-jour#breadcrumb\",\"itemListElement\":[{\"@type\":\"ListItem\",\"position\":1,\"name\":\"Accueil\",\"item\":\"https:\/\/www.africa-press.net\/cameroun\/\"},{\"@type\":\"ListItem\",\"position\":2,\"name\":\"Franck Biya \u00e0 l&rsquo;honneur : le mouvement frankiste tient une r\u00e9union capitale ce jour\"}]},{\"@type\":\"WebSite\",\"@id\":\"https:\/\/www.africa-press.net\/cameroun\/#website\",\"url\":\"https:\/\/www.africa-press.net\/cameroun\/\",\"name\":\"Cameroun\",\"description\":\"Just another Africa News Agency Sites site\",\"potentialAction\":[{\"@type\":\"SearchAction\",\"target\":{\"@type\":\"EntryPoint\",\"urlTemplate\":\"https:\/\/www.africa-press.net\/cameroun\/?s={search_term_string}\"},\"query-input\":{\"@type\":\"PropertyValueSpecification\",\"valueRequired\":true,\"valueName\":\"search_term_string\"}}],\"inLanguage\":\"fr-FR\"},{\"@type\":\"Person\",\"@id\":\"https:\/\/www.africa-press.net\/cameroun\/#\/schema\/person\/2b1cf3cd81a31e3cd26889ca66d677f1\",\"name\":\"cfeditorfr\"}]}<\/script>\n<!-- \/ Yoast SEO Premium plugin. -->","yoast_head_json":{"title":"Franck Biya \u00e0 l'honneur : le mouvement frankiste tient une r\u00e9union capitale ce jour - Cameroun","description":"La piste du fils qui succe\u0300de a\u0300 son pe\u0300re devient de plus en plausible si l'on analyse les re\u0301cents e\u0301ve\u0300nements qui se ...","robots":{"index":"index","follow":"follow","max-snippet":"max-snippet:-1","max-image-preview":"max-image-preview:large","max-video-preview":"max-video-preview:-1"},"canonical":"https:\/\/www.africa-press.net\/cameroun\/politique\/franck-biya-a-lhonneur-le-mouvement-frankiste-tient-une-reunion-capitale-ce-jour","og_locale":"fr_FR","og_type":"article","og_title":"Franck Biya \u00e0 l'honneur : le mouvement frankiste tient une r\u00e9union capitale ce jour","og_description":"La piste du fils qui succe\u0300de a\u0300 son pe\u0300re devient de plus en plausible si l'on analyse les re\u0301cents e\u0301ve\u0300nements qui se ...","og_url":"https:\/\/www.africa-press.net\/cameroun\/politique\/franck-biya-a-lhonneur-le-mouvement-frankiste-tient-une-reunion-capitale-ce-jour","og_site_name":"Cameroun","article_published_time":"2023-03-07T19:22:48+00:00","article_modified_time":"2023-03-07T19:49:09+00:00","og_image":[{"width":720,"height":427,"url":"https:\/\/static.africa-press.net\/cameroun\/sites\/57\/2023\/03\/postQueueImg_1678204396.94.jpg","type":"image\/jpeg"}],"author":"cfeditorfr","twitter_card":"summary_large_image","twitter_misc":{"\u00c9crit par":"cfeditorfr","Dur\u00e9e de lecture estim\u00e9e":"2 minutes"},"schema":{"@context":"https:\/\/schema.org","@graph":[{"@type":"Article","@id":"https:\/\/www.africa-press.net\/cameroun\/politique\/franck-biya-a-lhonneur-le-mouvement-frankiste-tient-une-reunion-capitale-ce-jour#article","isPartOf":{"@id":"https:\/\/www.africa-press.net\/cameroun\/politique\/franck-biya-a-lhonneur-le-mouvement-frankiste-tient-une-reunion-capitale-ce-jour"},"author":{"name":"cfeditorfr","@id":"https:\/\/www.africa-press.net\/cameroun\/#\/schema\/person\/2b1cf3cd81a31e3cd26889ca66d677f1"},"headline":"Franck Biya \u00e0 l&rsquo;honneur : le mouvement frankiste tient une r\u00e9union capitale ce jour","datePublished":"2023-03-07T19:22:48+00:00","dateModified":"2023-03-07T19:49:09+00:00","mainEntityOfPage":{"@id":"https:\/\/www.africa-press.net\/cameroun\/politique\/franck-biya-a-lhonneur-le-mouvement-frankiste-tient-une-reunion-capitale-ce-jour"},"wordCount":323,"commentCount":0,"image":{"@id":"https:\/\/www.africa-press.net\/cameroun\/politique\/franck-biya-a-lhonneur-le-mouvement-frankiste-tient-une-reunion-capitale-ce-jour#primaryimage"},"thumbnailUrl":"https:\/\/static.africa-press.net\/cameroun\/sites\/57\/2023\/03\/postQueueImg_1678204396.94.jpg","keywords":["Africa Press","Africa Press-Cameroun","Cameroun"],"articleSection":["Politique","Toutes les actualit\u00e9s"],"inLanguage":"fr-FR","potentialAction":[{"@type":"CommentAction","name":"Comment","target":["https:\/\/www.africa-press.net\/cameroun\/politique\/franck-biya-a-lhonneur-le-mouvement-frankiste-tient-une-reunion-capitale-ce-jour#respond"]}]},{"@type":"WebPage","@id":"https:\/\/www.africa-press.net\/cameroun\/politique\/franck-biya-a-lhonneur-le-mouvement-frankiste-tient-une-reunion-capitale-ce-jour","url":"https:\/\/www.africa-press.net\/cameroun\/politique\/franck-biya-a-lhonneur-le-mouvement-frankiste-tient-une-reunion-capitale-ce-jour","name":"Franck Biya \u00e0 l'honneur : le mouvement frankiste tient une r\u00e9union capitale ce jour - Cameroun","isPartOf":{"@id":"https:\/\/www.africa-press.net\/cameroun\/#website"},"primaryImageOfPage":{"@id":"https:\/\/www.africa-press.net\/cameroun\/politique\/franck-biya-a-lhonneur-le-mouvement-frankiste-tient-une-reunion-capitale-ce-jour#primaryimage"},"image":{"@id":"https:\/\/www.africa-press.net\/cameroun\/politique\/franck-biya-a-lhonneur-le-mouvement-frankiste-tient-une-reunion-capitale-ce-jour#primaryimage"},"thumbnailUrl":"https:\/\/static.africa-press.net\/cameroun\/sites\/57\/2023\/03\/postQueueImg_1678204396.94.jpg","datePublished":"2023-03-07T19:22:48+00:00","dateModified":"2023-03-07T19:49:09+00:00","author":{"@id":"https:\/\/www.africa-press.net\/cameroun\/#\/schema\/person\/2b1cf3cd81a31e3cd26889ca66d677f1"},"description":"La piste du fils qui succe\u0300de a\u0300 son pe\u0300re devient de plus en plausible si l'on analyse les re\u0301cents e\u0301ve\u0300nements qui se ...","breadcrumb":{"@id":"https:\/\/www.africa-press.net\/cameroun\/politique\/franck-biya-a-lhonneur-le-mouvement-frankiste-tient-une-reunion-capitale-ce-jour#breadcrumb"},"inLanguage":"fr-FR","potentialAction":[{"@type":"ReadAction","target":["https:\/\/www.africa-press.net\/cameroun\/politique\/franck-biya-a-lhonneur-le-mouvement-frankiste-tient-une-reunion-capitale-ce-jour"]}]},{"@type":"ImageObject","inLanguage":"fr-FR","@id":"https:\/\/www.africa-press.net\/cameroun\/politique\/franck-biya-a-lhonneur-le-mouvement-frankiste-tient-une-reunion-capitale-ce-jour#primaryimage","url":"https:\/\/static.africa-press.net\/cameroun\/sites\/57\/2023\/03\/postQueueImg_1678204396.94.jpg","contentUrl":"https:\/\/static.africa-press.net\/cameroun\/sites\/57\/2023\/03\/postQueueImg_1678204396.94.jpg","width":720,"height":427,"caption":"Franck Biya \u00e0 l'honneur : le mouvement frankiste tient une r\u00e9union capitale ce jour"},{"@type":"BreadcrumbList","@id":"https:\/\/www.africa-press.net\/cameroun\/politique\/franck-biya-a-lhonneur-le-mouvement-frankiste-tient-une-reunion-capitale-ce-jour#breadcrumb","itemListElement":[{"@type":"ListItem","position":1,"name":"Accueil","item":"https:\/\/www.africa-press.net\/cameroun\/"},{"@type":"ListItem","position":2,"name":"Franck Biya \u00e0 l&rsquo;honneur : le mouvement frankiste tient une r\u00e9union capitale ce jour"}]},{"@type":"WebSite","@id":"https:\/\/www.africa-press.net\/cameroun\/#website","url":"https:\/\/www.africa-press.net\/cameroun\/","name":"Cameroun","description":"Just another Africa News Agency Sites site","potentialAction":[{"@type":"SearchAction","target":{"@type":"EntryPoint","urlTemplate":"https:\/\/www.africa-press.net\/cameroun\/?s={search_term_string}"},"query-input":{"@type":"PropertyValueSpecification","valueRequired":true,"valueName":"search_term_string"}}],"inLanguage":"fr-FR"},{"@type":"Person","@id":"https:\/\/www.africa-press.net\/cameroun\/#\/schema\/person\/2b1cf3cd81a31e3cd26889ca66d677f1","name":"cfeditorfr"}]}},"_links":{"self":[{"href":"https:\/\/www.africa-press.net\/cameroun\/wp-json\/wp\/v2\/posts\/38550","targetHints":{"allow":["GET"]}}],"collection":[{"href":"https:\/\/www.africa-press.net\/cameroun\/wp-json\/wp\/v2\/posts"}],"about":[{"href":"https:\/\/www.africa-press.net\/cameroun\/wp-json\/wp\/v2\/types\/post"}],"author":[{"embeddable":true,"href":"https:\/\/www.africa-press.net\/cameroun\/wp-json\/wp\/v2\/users\/82"}],"replies":[{"embeddable":true,"href":"https:\/\/www.africa-press.net\/cameroun\/wp-json\/wp\/v2\/comments?post=38550"}],"version-history":[{"count":0,"href":"https:\/\/www.africa-press.net\/cameroun\/wp-json\/wp\/v2\/posts\/38550\/revisions"}],"wp:featuredmedia":[{"embeddable":true,"href":"https:\/\/www.africa-press.net\/cameroun\/wp-json\/wp\/v2\/media\/38549"}],"wp:attachment":[{"href":"https:\/\/www.africa-press.net\/cameroun\/wp-json\/wp\/v2\/media?parent=38550"}],"wp:term":[{"taxonomy":"category","embeddable":true,"href":"https:\/\/www.africa-press.net\/cameroun\/wp-json\/wp\/v2\/categories?post=38550"},{"taxonomy":"post_tag","embeddable":true,"href":"https:\/\/www.africa-press.net\/cameroun\/wp-json\/wp\/v2\/tags?post=38550"}],"curies":[{"name":"wp","href":"https:\/\/api.w.org\/{rel}","templated":true}]}}