{"id":38553,"date":"2023-03-07T19:23:21","date_gmt":"2023-03-07T19:23:21","guid":{"rendered":"https:\/\/www.africa-press.net\/cameroun\/politique\/assassinat-de-martinez-zogo-samuel-mvondo-ayolo-accuse-de-torpiller-laffaire"},"modified":"2023-03-07T19:49:30","modified_gmt":"2023-03-07T19:49:30","slug":"assassinat-de-martinez-zogo-samuel-mvondo-ayolo-accuse-de-torpiller-laffaire","status":"publish","type":"post","link":"https:\/\/www.africa-press.net\/cameroun\/politique\/assassinat-de-martinez-zogo-samuel-mvondo-ayolo-accuse-de-torpiller-laffaire","title":{"rendered":"Assassinat de Martinez Zogo : Samuel Mvondo Ayolo accus\u00e9 de torpiller l&rsquo;affaire"},"content":{"rendered":"<p><span style=\"color: #ff6600\"><strong>Africa-Press &#8211; Cameroun. <\/strong><\/span>L\u2019enque\u0302te sur l\u2019assassinat du journaliste Martinez Zogo est rendue a\u0300 l\u2019e\u0301tape des inculpations avant l\u2019ouverture du proce\u0300s qui s\u2019annonce plein de rebondissements. De\u0301ja\u0300 au niveau de la presse locale, les re\u0301dactions rivalisent d\u2019informations.<\/p>\n<p>On est loin de l\u2019e\u0301pilogue dans cet odieux assassinat qui a installe\u0301 la psychose dans l\u2019opinion publique parce que \u00ab Les assassins ne sont toujours pas identifie\u0301s \u00bb. Cependant, Ecroue\u0301s depuis le 4 mars 2023, les suspects sont inculpe\u0301s pour torture et complicite\u0301 de torture. Ils comparai\u0302tront dans six mois pour l\u2019ouverture du proce\u0300s.<\/p>\n<p>De\u0301ja\u0300, La Nouvelle Expression, un quotidien paraissant a\u0300 Douala parle de \u00ab Brouillage au tribunal militaire \u00bb. Certains suspects ont e\u0301te\u0301 libe\u0301re\u0301s et d\u2019autres place\u0301s sous mandat de de\u0301po\u0302t a\u0300 la prison centrale de Yaounde\u0301. Avec des chefs d\u2019inculpation qui ne rassurent pas beaucoup l\u2019opinion sur la suite de la proce\u0301dure qui doit re\u0301pondre a\u0300 une question pre\u0301cise : \u00ab Qui a tue\u0301 Martinez Zogo ? \u00bb<\/p>\n<p>Ducoup, des spe\u0301culations vont bon train. Notamment avec le journal Repe\u0300res, paraissant a\u0300 Yaounde\u0301 qui pointe du doigt \u00ab Le DCC tente de torpiller l\u2019enque\u0302te \u00bb. Samuel Mvondo Ayolo, le mauvais ge\u0301nie du Palais de l\u2019Unite\u0301, e\u0301choue dans une tentative de\u0301sespe\u0301re\u0301e de faire libe\u0301rer les suspects, indiquant aux juges en charge de l\u2019affaire, qu\u2019il s\u2019agit d\u2019un ordre direct du pre\u0301sident de la Re\u0301publique. Fort heureusement, la vigilance des magistrats a permis de de\u0301celer l\u2019entourloupe qui aurait pu causer une explosion au sein d\u2019une population camerounaise assoiffe\u0301e de ve\u0301rite\u0301 sur les circonstances ayant conduit au meurtre crapuleux du journaliste.<\/p>\n<p>La re\u0301plique vient d\u2019une autre re\u0301daction, celle du journal Le Point Hebdo qui estime que Samuel Mvondo Ayolo est \u00ab Propre&#8230; \u00bb. Brocarde\u0301 par une certaine presse apre\u0300s l\u2019inculpation des suspects dans l\u2019affaire de l\u2019Assassinat de Martinez Zogo, le Directeur du cabinet civil a\u0300 la pre\u0301sidence de la Re\u0301publique est aujourd\u2019hui mange\u0301 dans toutes les sauces e\u0301pice\u0301es. Pourtant, le\u0301galiste qu\u2019il est, il ne fait que son travail. Et rien que son travail.<\/p>\n<p>Et pourtant, l\u2019Assassinat de Martinez Zogo vient re\u0301ve\u0301ler au monde qu\u2019au Cameroun, la profession de journaliste est en danger. Et puis surtout, \u00ab Ne complotez jamais contre Paul Biya, cet homme est un e\u0301lu de Dieu \u00bb. Pour La Primeur de l\u2019Info Plus, Omniscient, omnipotent, omnipre\u0301sent, le pre\u0301sident de la Re\u0301publique du Cameroun voit une fourni noire, pose\u0301e sur une pierre noire, dans une nuit noire. Quiconque trame un complot dans son dos s\u2019expose a\u0300 une humiliation spectaculaire.<\/p>\n<p>Justement, il y en a qui comptent sur lui, les Personnels civils et militaires de l\u2019Etat : \u00ab Les nouvelles grilles salariales \u00bb. Le pre\u0301sident de la Re\u0301publique, Paul Biya a signe\u0301 hier le de\u0301cret formalisant la revalorisation de la re\u0301mune\u0301ration des personnels de l\u2019Etat (5,2%) qu\u2019il avait de\u0301cide\u0301s en me\u0302me temps que le re\u0301ajustement des prix des carburants, changements en vigueur depuis le 1er fe\u0301vrier dernier. Indique Cameroon Tribune, le quotidien a\u0300 capitaux publics.<\/p>\n<p>Sur le plan politique, le journal Pile ou Face parle de De\u0301ratiser la barque par \u00ab La purge SDF \u00bb. A un moment donne\u0301, il faut savoir observer un arre\u0302t, regarder dans le re\u0301troviseur, faire l\u2019autocritique et tirer les lec\u0327ons de la chose pour mieux avancer. Surtout prendre les bonnes re\u0301solutions, lorsqu\u2019il le faut, pour sauver l\u2019e\u0301difice contre des contrevenants, imposteurs et re\u0301cupe\u0301rateurs impe\u0301nitents. Ce qu\u2019a fait le Chairman Ni John Fru Ndi pour pre\u0301server les acquis et surtout la survie de l\u2019historique parti socialiste camerounais, le SDF qu\u2019on ne pre\u0301sente plus.<\/p>\n<p><strong>Pour plus d&rsquo;informations et d&rsquo;analyses sur la <a href=\"https:\/\/www.africa-press.net\/cameroun\">Cameroun<\/a>, suivez <a href=\"https:\/\/www.africa-press.net\/\">Africa-Press<\/a><\/strong><\/p>\n","protected":false},"excerpt":{"rendered":"<p>Africa-Press &#8211; Cameroun. L\u2019enque\u0302te sur l\u2019assassinat du journaliste Martinez Zogo est rendue a\u0300 l\u2019e\u0301tape des inculpations avant l\u2019ouverture du proce\u0300s qui s\u2019annonce plein de rebondissements. De\u0301ja\u0300 au niveau de la presse locale, les re\u0301dactions rivalisent d\u2019informations. On est loin de l\u2019e\u0301pilogue dans cet odieux assassinat qui a installe\u0301 la psychose dans l\u2019opinion publique parce que [&hellip;]<\/p>\n","protected":false},"author":82,"featured_media":38552,"comment_status":"open","ping_status":"closed","sticky":false,"template":"","format":"standard","meta":{"footnotes":""},"categories":[2,10],"tags":[36,50,49],"class_list":["post-38553","post","type-post","status-publish","format-standard","has-post-thumbnail","hentry","category-politique","category-toutes-les-actualites","tag-africa-press","tag-africa-press-cameroun","tag-cameroun"],"yoast_head":"<!-- This site is optimized with the Yoast SEO Premium plugin v26.1 (Yoast SEO v27.0) - https:\/\/yoast.com\/product\/yoast-seo-premium-wordpress\/ -->\n<title>Assassinat de Martinez Zogo : Samuel Mvondo Ayolo accus\u00e9 de torpiller l&#039;affaire - Cameroun<\/title>\n<meta name=\"description\" content=\"L\u2019enque\u0302te sur l\u2019assassinat du journaliste Martinez Zogo est rendue a\u0300 l\u2019e\u0301tape des inculpations avant l\u2019ouverture du pr ...\" \/>\n<meta name=\"robots\" content=\"index, follow, max-snippet:-1, max-image-preview:large, max-video-preview:-1\" \/>\n<link rel=\"canonical\" href=\"https:\/\/www.africa-press.net\/cameroun\/politique\/assassinat-de-martinez-zogo-samuel-mvondo-ayolo-accuse-de-torpiller-laffaire\" \/>\n<meta property=\"og:locale\" content=\"fr_FR\" \/>\n<meta property=\"og:type\" content=\"article\" \/>\n<meta property=\"og:title\" content=\"Assassinat de Martinez Zogo : Samuel Mvondo Ayolo accus\u00e9 de torpiller l&#039;affaire\" \/>\n<meta property=\"og:description\" content=\"L\u2019enque\u0302te sur l\u2019assassinat du journaliste Martinez Zogo est rendue a\u0300 l\u2019e\u0301tape des inculpations avant l\u2019ouverture du pr ...\" \/>\n<meta property=\"og:url\" content=\"https:\/\/www.africa-press.net\/cameroun\/politique\/assassinat-de-martinez-zogo-samuel-mvondo-ayolo-accuse-de-torpiller-laffaire\" \/>\n<meta property=\"og:site_name\" content=\"Cameroun\" \/>\n<meta property=\"article:published_time\" content=\"2023-03-07T19:23:21+00:00\" \/>\n<meta property=\"article:modified_time\" content=\"2023-03-07T19:49:30+00:00\" \/>\n<meta property=\"og:image\" content=\"https:\/\/static.africa-press.net\/cameroun\/sites\/57\/2023\/03\/postQueueImg_1678204407.89.jpg\" \/>\n\t<meta property=\"og:image:width\" content=\"720\" \/>\n\t<meta property=\"og:image:height\" content=\"360\" \/>\n\t<meta property=\"og:image:type\" content=\"image\/jpeg\" \/>\n<meta name=\"author\" content=\"cfeditorfr\" \/>\n<meta name=\"twitter:card\" content=\"summary_large_image\" \/>\n<meta name=\"twitter:label1\" content=\"\u00c9crit par\" \/>\n\t<meta name=\"twitter:data1\" content=\"cfeditorfr\" \/>\n\t<meta name=\"twitter:label2\" content=\"Dur\u00e9e de lecture estim\u00e9e\" \/>\n\t<meta name=\"twitter:data2\" content=\"3 minutes\" \/>\n<script type=\"application\/ld+json\" class=\"yoast-schema-graph\">{\"@context\":\"https:\/\/schema.org\",\"@graph\":[{\"@type\":\"Article\",\"@id\":\"https:\/\/www.africa-press.net\/cameroun\/politique\/assassinat-de-martinez-zogo-samuel-mvondo-ayolo-accuse-de-torpiller-laffaire#article\",\"isPartOf\":{\"@id\":\"https:\/\/www.africa-press.net\/cameroun\/politique\/assassinat-de-martinez-zogo-samuel-mvondo-ayolo-accuse-de-torpiller-laffaire\"},\"author\":{\"name\":\"cfeditorfr\",\"@id\":\"https:\/\/www.africa-press.net\/cameroun\/#\/schema\/person\/2b1cf3cd81a31e3cd26889ca66d677f1\"},\"headline\":\"Assassinat de Martinez Zogo : Samuel Mvondo Ayolo accus\u00e9 de torpiller l&rsquo;affaire\",\"datePublished\":\"2023-03-07T19:23:21+00:00\",\"dateModified\":\"2023-03-07T19:49:30+00:00\",\"mainEntityOfPage\":{\"@id\":\"https:\/\/www.africa-press.net\/cameroun\/politique\/assassinat-de-martinez-zogo-samuel-mvondo-ayolo-accuse-de-torpiller-laffaire\"},\"wordCount\":684,\"commentCount\":0,\"image\":{\"@id\":\"https:\/\/www.africa-press.net\/cameroun\/politique\/assassinat-de-martinez-zogo-samuel-mvondo-ayolo-accuse-de-torpiller-laffaire#primaryimage\"},\"thumbnailUrl\":\"https:\/\/static.africa-press.net\/cameroun\/sites\/57\/2023\/03\/postQueueImg_1678204407.89.jpg\",\"keywords\":[\"Africa Press\",\"Africa Press-Cameroun\",\"Cameroun\"],\"articleSection\":[\"Politique\",\"Toutes les actualit\u00e9s\"],\"inLanguage\":\"fr-FR\",\"potentialAction\":[{\"@type\":\"CommentAction\",\"name\":\"Comment\",\"target\":[\"https:\/\/www.africa-press.net\/cameroun\/politique\/assassinat-de-martinez-zogo-samuel-mvondo-ayolo-accuse-de-torpiller-laffaire#respond\"]}]},{\"@type\":\"WebPage\",\"@id\":\"https:\/\/www.africa-press.net\/cameroun\/politique\/assassinat-de-martinez-zogo-samuel-mvondo-ayolo-accuse-de-torpiller-laffaire\",\"url\":\"https:\/\/www.africa-press.net\/cameroun\/politique\/assassinat-de-martinez-zogo-samuel-mvondo-ayolo-accuse-de-torpiller-laffaire\",\"name\":\"Assassinat de Martinez Zogo : Samuel Mvondo Ayolo accus\u00e9 de torpiller l'affaire - Cameroun\",\"isPartOf\":{\"@id\":\"https:\/\/www.africa-press.net\/cameroun\/#website\"},\"primaryImageOfPage\":{\"@id\":\"https:\/\/www.africa-press.net\/cameroun\/politique\/assassinat-de-martinez-zogo-samuel-mvondo-ayolo-accuse-de-torpiller-laffaire#primaryimage\"},\"image\":{\"@id\":\"https:\/\/www.africa-press.net\/cameroun\/politique\/assassinat-de-martinez-zogo-samuel-mvondo-ayolo-accuse-de-torpiller-laffaire#primaryimage\"},\"thumbnailUrl\":\"https:\/\/static.africa-press.net\/cameroun\/sites\/57\/2023\/03\/postQueueImg_1678204407.89.jpg\",\"datePublished\":\"2023-03-07T19:23:21+00:00\",\"dateModified\":\"2023-03-07T19:49:30+00:00\",\"author\":{\"@id\":\"https:\/\/www.africa-press.net\/cameroun\/#\/schema\/person\/2b1cf3cd81a31e3cd26889ca66d677f1\"},\"description\":\"L\u2019enque\u0302te sur l\u2019assassinat du journaliste Martinez Zogo est rendue a\u0300 l\u2019e\u0301tape des inculpations avant l\u2019ouverture du pr ...\",\"breadcrumb\":{\"@id\":\"https:\/\/www.africa-press.net\/cameroun\/politique\/assassinat-de-martinez-zogo-samuel-mvondo-ayolo-accuse-de-torpiller-laffaire#breadcrumb\"},\"inLanguage\":\"fr-FR\",\"potentialAction\":[{\"@type\":\"ReadAction\",\"target\":[\"https:\/\/www.africa-press.net\/cameroun\/politique\/assassinat-de-martinez-zogo-samuel-mvondo-ayolo-accuse-de-torpiller-laffaire\"]}]},{\"@type\":\"ImageObject\",\"inLanguage\":\"fr-FR\",\"@id\":\"https:\/\/www.africa-press.net\/cameroun\/politique\/assassinat-de-martinez-zogo-samuel-mvondo-ayolo-accuse-de-torpiller-laffaire#primaryimage\",\"url\":\"https:\/\/static.africa-press.net\/cameroun\/sites\/57\/2023\/03\/postQueueImg_1678204407.89.jpg\",\"contentUrl\":\"https:\/\/static.africa-press.net\/cameroun\/sites\/57\/2023\/03\/postQueueImg_1678204407.89.jpg\",\"width\":720,\"height\":360,\"caption\":\"Assassinat de Martinez Zogo : Samuel Mvondo Ayolo accus\u00e9 de torpiller l'affaire\"},{\"@type\":\"BreadcrumbList\",\"@id\":\"https:\/\/www.africa-press.net\/cameroun\/politique\/assassinat-de-martinez-zogo-samuel-mvondo-ayolo-accuse-de-torpiller-laffaire#breadcrumb\",\"itemListElement\":[{\"@type\":\"ListItem\",\"position\":1,\"name\":\"Accueil\",\"item\":\"https:\/\/www.africa-press.net\/cameroun\/\"},{\"@type\":\"ListItem\",\"position\":2,\"name\":\"Assassinat de Martinez Zogo : Samuel Mvondo Ayolo accus\u00e9 de torpiller l&rsquo;affaire\"}]},{\"@type\":\"WebSite\",\"@id\":\"https:\/\/www.africa-press.net\/cameroun\/#website\",\"url\":\"https:\/\/www.africa-press.net\/cameroun\/\",\"name\":\"Cameroun\",\"description\":\"Just another Africa News Agency Sites site\",\"potentialAction\":[{\"@type\":\"SearchAction\",\"target\":{\"@type\":\"EntryPoint\",\"urlTemplate\":\"https:\/\/www.africa-press.net\/cameroun\/?s={search_term_string}\"},\"query-input\":{\"@type\":\"PropertyValueSpecification\",\"valueRequired\":true,\"valueName\":\"search_term_string\"}}],\"inLanguage\":\"fr-FR\"},{\"@type\":\"Person\",\"@id\":\"https:\/\/www.africa-press.net\/cameroun\/#\/schema\/person\/2b1cf3cd81a31e3cd26889ca66d677f1\",\"name\":\"cfeditorfr\"}]}<\/script>\n<!-- \/ Yoast SEO Premium plugin. -->","yoast_head_json":{"title":"Assassinat de Martinez Zogo : Samuel Mvondo Ayolo accus\u00e9 de torpiller l'affaire - Cameroun","description":"L\u2019enque\u0302te sur l\u2019assassinat du journaliste Martinez Zogo est rendue a\u0300 l\u2019e\u0301tape des inculpations avant l\u2019ouverture du pr ...","robots":{"index":"index","follow":"follow","max-snippet":"max-snippet:-1","max-image-preview":"max-image-preview:large","max-video-preview":"max-video-preview:-1"},"canonical":"https:\/\/www.africa-press.net\/cameroun\/politique\/assassinat-de-martinez-zogo-samuel-mvondo-ayolo-accuse-de-torpiller-laffaire","og_locale":"fr_FR","og_type":"article","og_title":"Assassinat de Martinez Zogo : Samuel Mvondo Ayolo accus\u00e9 de torpiller l'affaire","og_description":"L\u2019enque\u0302te sur l\u2019assassinat du journaliste Martinez Zogo est rendue a\u0300 l\u2019e\u0301tape des inculpations avant l\u2019ouverture du pr ...","og_url":"https:\/\/www.africa-press.net\/cameroun\/politique\/assassinat-de-martinez-zogo-samuel-mvondo-ayolo-accuse-de-torpiller-laffaire","og_site_name":"Cameroun","article_published_time":"2023-03-07T19:23:21+00:00","article_modified_time":"2023-03-07T19:49:30+00:00","og_image":[{"width":720,"height":360,"url":"https:\/\/static.africa-press.net\/cameroun\/sites\/57\/2023\/03\/postQueueImg_1678204407.89.jpg","type":"image\/jpeg"}],"author":"cfeditorfr","twitter_card":"summary_large_image","twitter_misc":{"\u00c9crit par":"cfeditorfr","Dur\u00e9e de lecture estim\u00e9e":"3 minutes"},"schema":{"@context":"https:\/\/schema.org","@graph":[{"@type":"Article","@id":"https:\/\/www.africa-press.net\/cameroun\/politique\/assassinat-de-martinez-zogo-samuel-mvondo-ayolo-accuse-de-torpiller-laffaire#article","isPartOf":{"@id":"https:\/\/www.africa-press.net\/cameroun\/politique\/assassinat-de-martinez-zogo-samuel-mvondo-ayolo-accuse-de-torpiller-laffaire"},"author":{"name":"cfeditorfr","@id":"https:\/\/www.africa-press.net\/cameroun\/#\/schema\/person\/2b1cf3cd81a31e3cd26889ca66d677f1"},"headline":"Assassinat de Martinez Zogo : Samuel Mvondo Ayolo accus\u00e9 de torpiller l&rsquo;affaire","datePublished":"2023-03-07T19:23:21+00:00","dateModified":"2023-03-07T19:49:30+00:00","mainEntityOfPage":{"@id":"https:\/\/www.africa-press.net\/cameroun\/politique\/assassinat-de-martinez-zogo-samuel-mvondo-ayolo-accuse-de-torpiller-laffaire"},"wordCount":684,"commentCount":0,"image":{"@id":"https:\/\/www.africa-press.net\/cameroun\/politique\/assassinat-de-martinez-zogo-samuel-mvondo-ayolo-accuse-de-torpiller-laffaire#primaryimage"},"thumbnailUrl":"https:\/\/static.africa-press.net\/cameroun\/sites\/57\/2023\/03\/postQueueImg_1678204407.89.jpg","keywords":["Africa Press","Africa Press-Cameroun","Cameroun"],"articleSection":["Politique","Toutes les actualit\u00e9s"],"inLanguage":"fr-FR","potentialAction":[{"@type":"CommentAction","name":"Comment","target":["https:\/\/www.africa-press.net\/cameroun\/politique\/assassinat-de-martinez-zogo-samuel-mvondo-ayolo-accuse-de-torpiller-laffaire#respond"]}]},{"@type":"WebPage","@id":"https:\/\/www.africa-press.net\/cameroun\/politique\/assassinat-de-martinez-zogo-samuel-mvondo-ayolo-accuse-de-torpiller-laffaire","url":"https:\/\/www.africa-press.net\/cameroun\/politique\/assassinat-de-martinez-zogo-samuel-mvondo-ayolo-accuse-de-torpiller-laffaire","name":"Assassinat de Martinez Zogo : Samuel Mvondo Ayolo accus\u00e9 de torpiller l'affaire - Cameroun","isPartOf":{"@id":"https:\/\/www.africa-press.net\/cameroun\/#website"},"primaryImageOfPage":{"@id":"https:\/\/www.africa-press.net\/cameroun\/politique\/assassinat-de-martinez-zogo-samuel-mvondo-ayolo-accuse-de-torpiller-laffaire#primaryimage"},"image":{"@id":"https:\/\/www.africa-press.net\/cameroun\/politique\/assassinat-de-martinez-zogo-samuel-mvondo-ayolo-accuse-de-torpiller-laffaire#primaryimage"},"thumbnailUrl":"https:\/\/static.africa-press.net\/cameroun\/sites\/57\/2023\/03\/postQueueImg_1678204407.89.jpg","datePublished":"2023-03-07T19:23:21+00:00","dateModified":"2023-03-07T19:49:30+00:00","author":{"@id":"https:\/\/www.africa-press.net\/cameroun\/#\/schema\/person\/2b1cf3cd81a31e3cd26889ca66d677f1"},"description":"L\u2019enque\u0302te sur l\u2019assassinat du journaliste Martinez Zogo est rendue a\u0300 l\u2019e\u0301tape des inculpations avant l\u2019ouverture du pr ...","breadcrumb":{"@id":"https:\/\/www.africa-press.net\/cameroun\/politique\/assassinat-de-martinez-zogo-samuel-mvondo-ayolo-accuse-de-torpiller-laffaire#breadcrumb"},"inLanguage":"fr-FR","potentialAction":[{"@type":"ReadAction","target":["https:\/\/www.africa-press.net\/cameroun\/politique\/assassinat-de-martinez-zogo-samuel-mvondo-ayolo-accuse-de-torpiller-laffaire"]}]},{"@type":"ImageObject","inLanguage":"fr-FR","@id":"https:\/\/www.africa-press.net\/cameroun\/politique\/assassinat-de-martinez-zogo-samuel-mvondo-ayolo-accuse-de-torpiller-laffaire#primaryimage","url":"https:\/\/static.africa-press.net\/cameroun\/sites\/57\/2023\/03\/postQueueImg_1678204407.89.jpg","contentUrl":"https:\/\/static.africa-press.net\/cameroun\/sites\/57\/2023\/03\/postQueueImg_1678204407.89.jpg","width":720,"height":360,"caption":"Assassinat de Martinez Zogo : Samuel Mvondo Ayolo accus\u00e9 de torpiller l'affaire"},{"@type":"BreadcrumbList","@id":"https:\/\/www.africa-press.net\/cameroun\/politique\/assassinat-de-martinez-zogo-samuel-mvondo-ayolo-accuse-de-torpiller-laffaire#breadcrumb","itemListElement":[{"@type":"ListItem","position":1,"name":"Accueil","item":"https:\/\/www.africa-press.net\/cameroun\/"},{"@type":"ListItem","position":2,"name":"Assassinat de Martinez Zogo : Samuel Mvondo Ayolo accus\u00e9 de torpiller l&rsquo;affaire"}]},{"@type":"WebSite","@id":"https:\/\/www.africa-press.net\/cameroun\/#website","url":"https:\/\/www.africa-press.net\/cameroun\/","name":"Cameroun","description":"Just another Africa News Agency Sites site","potentialAction":[{"@type":"SearchAction","target":{"@type":"EntryPoint","urlTemplate":"https:\/\/www.africa-press.net\/cameroun\/?s={search_term_string}"},"query-input":{"@type":"PropertyValueSpecification","valueRequired":true,"valueName":"search_term_string"}}],"inLanguage":"fr-FR"},{"@type":"Person","@id":"https:\/\/www.africa-press.net\/cameroun\/#\/schema\/person\/2b1cf3cd81a31e3cd26889ca66d677f1","name":"cfeditorfr"}]}},"_links":{"self":[{"href":"https:\/\/www.africa-press.net\/cameroun\/wp-json\/wp\/v2\/posts\/38553","targetHints":{"allow":["GET"]}}],"collection":[{"href":"https:\/\/www.africa-press.net\/cameroun\/wp-json\/wp\/v2\/posts"}],"about":[{"href":"https:\/\/www.africa-press.net\/cameroun\/wp-json\/wp\/v2\/types\/post"}],"author":[{"embeddable":true,"href":"https:\/\/www.africa-press.net\/cameroun\/wp-json\/wp\/v2\/users\/82"}],"replies":[{"embeddable":true,"href":"https:\/\/www.africa-press.net\/cameroun\/wp-json\/wp\/v2\/comments?post=38553"}],"version-history":[{"count":0,"href":"https:\/\/www.africa-press.net\/cameroun\/wp-json\/wp\/v2\/posts\/38553\/revisions"}],"wp:featuredmedia":[{"embeddable":true,"href":"https:\/\/www.africa-press.net\/cameroun\/wp-json\/wp\/v2\/media\/38552"}],"wp:attachment":[{"href":"https:\/\/www.africa-press.net\/cameroun\/wp-json\/wp\/v2\/media?parent=38553"}],"wp:term":[{"taxonomy":"category","embeddable":true,"href":"https:\/\/www.africa-press.net\/cameroun\/wp-json\/wp\/v2\/categories?post=38553"},{"taxonomy":"post_tag","embeddable":true,"href":"https:\/\/www.africa-press.net\/cameroun\/wp-json\/wp\/v2\/tags?post=38553"}],"curies":[{"name":"wp","href":"https:\/\/api.w.org\/{rel}","templated":true}]}}