{"id":38561,"date":"2023-03-07T19:25:46","date_gmt":"2023-03-07T19:25:46","guid":{"rendered":"https:\/\/www.africa-press.net\/cameroun\/politique\/telephonie-mobile-et-telecommunications-le-cameroun-etait-au-congres-mondial-en-espagne"},"modified":"2023-03-07T19:50:33","modified_gmt":"2023-03-07T19:50:33","slug":"telephonie-mobile-et-telecommunications-le-cameroun-etait-au-congres-mondial-en-espagne","status":"publish","type":"post","link":"https:\/\/www.africa-press.net\/cameroun\/toutes-les-actualites\/telephonie-mobile-et-telecommunications-le-cameroun-etait-au-congres-mondial-en-espagne","title":{"rendered":"T\u00e9l\u00e9phonie mobile et t\u00e9l\u00e9communications : le Cameroun \u00e9tait au congr\u00e8s mondial en Espagne"},"content":{"rendered":"<p><span style=\"color: #ff6600\"><strong>Africa-Press &#8211; Cameroun. <\/strong><\/span>Absente depuis 2020 du fait de la pande\u0301mie de Covid-19, la rencontre annuelle de\u0301die\u0301e a\u0300 la te\u0301le\u0301phonie mobile et la te\u0301le\u0301communication a re\u0301ouvert ses portes le 27 fe\u0301vrier dernier en Espagne.<\/p>\n<p>75 000 participants se sont de\u0301place\u0301s pour cette rencontre de \u00ab Mobile World Congress \u00bb qui a eu lieu du 27 fe\u0301vrier au 02 mars 2023, avec pour principal sponsor est la firme chinoise Huawei, ge\u0301ant mondial de la fourniture de services dans le domaine technologique. Au rang des participants ont comptait les ope\u0301rateurs, fournisseurs de technologies, accessoiristes, de\u0301veloppeurs, start-uppers, etc.<\/p>\n<p>Cette rencontre internationale a connu la pre\u0301sence de Judith Yah Sunday, directeur ge\u0301ne\u0301ral de la Cameroon Telecommunications, Enow Enow Ebot, directeur ge\u0301ne\u0301ral de l\u2019Agence nationale des Tic, et de nombreux jeunes passionne\u0301s des technologies digitales.<\/p>\n<p>Lors de cette e\u0301dition, le 5G a e\u0301te\u0301 l\u2019un des principaux the\u0300mes de de\u0301bats, dans la mesure ou\u0300 la cinquie\u0300me ge\u0301ne\u0301ration de re\u0301seau mobile apporte de\u0301ja\u0300 plus de donne\u0301es, cela plus rapidement a\u0300 des millions d\u2019appareils a\u0300 travers le monde.<\/p>\n<p>En effet, selon les spe\u0301cialistes pre\u0301sents a\u0300 Barcelone, cette technologie a stimule\u0301 les ame\u0301liorations de la re\u0301alite\u0301 virtuelle et du me\u0301tavers (monde virtuel, fiction), et sa bande passante accrue s\u2019est ave\u0301re\u0301e importante pour un vaste e\u0301ventail de secteurs dont la me\u0301decine est l\u2019un des champs d\u2019expe\u0301rimentation. Seulement, bien que la 5G soit toujours en de\u0301veloppement, son successeur attire de\u0301ja\u0300 toutes les curiosite\u0301s. En effet, la 6G est de\u0301ja\u0300 en cours de de\u0301veloppement et devrait e\u0302tre tre\u0300s utile dans un contexte du tout connecte\u0301, avec une utilisation e\u0301largie aux ve\u0301hicules autonomes (ou volants), aux villes intelligentes, a\u0300 la re\u0301alite\u0301 virtuelle, etc.<\/p>\n<p><strong>Pour plus d&rsquo;informations et d&rsquo;analyses sur la <a href=\"https:\/\/www.africa-press.net\/cameroun\">Cameroun<\/a>, suivez <a href=\"https:\/\/www.africa-press.net\/\">Africa-Press<\/a><\/strong><\/p>\n","protected":false},"excerpt":{"rendered":"<p>Africa-Press &#8211; Cameroun. Absente depuis 2020 du fait de la pande\u0301mie de Covid-19, la rencontre annuelle de\u0301die\u0301e a\u0300 la te\u0301le\u0301phonie mobile et la te\u0301le\u0301communication a re\u0301ouvert ses portes le 27 fe\u0301vrier dernier en Espagne. 75 000 participants se sont de\u0301place\u0301s pour cette rencontre de \u00ab Mobile World Congress \u00bb qui a eu lieu du 27 [&hellip;]<\/p>\n","protected":false},"author":82,"featured_media":38560,"comment_status":"open","ping_status":"closed","sticky":false,"template":"","format":"standard","meta":{"footnotes":""},"categories":[21,10],"tags":[36,50,49],"class_list":["post-38561","post","type-post","status-publish","format-standard","has-post-thumbnail","hentry","category-communaute","category-toutes-les-actualites","tag-africa-press","tag-africa-press-cameroun","tag-cameroun"],"yoast_head":"<!-- This site is optimized with the Yoast SEO Premium plugin v26.1 (Yoast SEO v27.0) - https:\/\/yoast.com\/product\/yoast-seo-premium-wordpress\/ -->\n<title>T\u00e9l\u00e9phonie mobile et t\u00e9l\u00e9communications : le Cameroun \u00e9tait au congr\u00e8s mondial en Espagne - Cameroun<\/title>\n<meta name=\"description\" content=\"Absente depuis 2020 du fait de la pande\u0301mie de Covid-19, la rencontre annuelle de\u0301die\u0301e a\u0300 la te\u0301le\u0301phonie mobile et la ...\" \/>\n<meta name=\"robots\" content=\"index, follow, max-snippet:-1, max-image-preview:large, max-video-preview:-1\" \/>\n<link rel=\"canonical\" href=\"https:\/\/www.africa-press.net\/cameroun\/toutes-les-actualites\/telephonie-mobile-et-telecommunications-le-cameroun-etait-au-congres-mondial-en-espagne\" \/>\n<meta property=\"og:locale\" content=\"fr_FR\" \/>\n<meta property=\"og:type\" content=\"article\" \/>\n<meta property=\"og:title\" content=\"T\u00e9l\u00e9phonie mobile et t\u00e9l\u00e9communications : le Cameroun \u00e9tait au congr\u00e8s mondial en Espagne\" \/>\n<meta property=\"og:description\" content=\"Absente depuis 2020 du fait de la pande\u0301mie de Covid-19, la rencontre annuelle de\u0301die\u0301e a\u0300 la te\u0301le\u0301phonie mobile et la ...\" \/>\n<meta property=\"og:url\" content=\"https:\/\/www.africa-press.net\/cameroun\/toutes-les-actualites\/telephonie-mobile-et-telecommunications-le-cameroun-etait-au-congres-mondial-en-espagne\" \/>\n<meta property=\"og:site_name\" content=\"Cameroun\" \/>\n<meta property=\"article:published_time\" content=\"2023-03-07T19:25:46+00:00\" \/>\n<meta property=\"article:modified_time\" content=\"2023-03-07T19:50:33+00:00\" \/>\n<meta property=\"og:image\" content=\"https:\/\/static.africa-press.net\/cameroun\/sites\/57\/2023\/03\/postQueueImg_1678204550.16.jpg\" \/>\n\t<meta property=\"og:image:width\" content=\"1024\" \/>\n\t<meta property=\"og:image:height\" content=\"600\" \/>\n\t<meta property=\"og:image:type\" content=\"image\/jpeg\" \/>\n<meta name=\"author\" content=\"cfeditorfr\" \/>\n<meta name=\"twitter:card\" content=\"summary_large_image\" \/>\n<meta name=\"twitter:label1\" content=\"\u00c9crit par\" \/>\n\t<meta name=\"twitter:data1\" content=\"cfeditorfr\" \/>\n\t<meta name=\"twitter:label2\" content=\"Dur\u00e9e de lecture estim\u00e9e\" \/>\n\t<meta name=\"twitter:data2\" content=\"2 minutes\" \/>\n<script type=\"application\/ld+json\" class=\"yoast-schema-graph\">{\"@context\":\"https:\/\/schema.org\",\"@graph\":[{\"@type\":\"Article\",\"@id\":\"https:\/\/www.africa-press.net\/cameroun\/toutes-les-actualites\/telephonie-mobile-et-telecommunications-le-cameroun-etait-au-congres-mondial-en-espagne#article\",\"isPartOf\":{\"@id\":\"https:\/\/www.africa-press.net\/cameroun\/toutes-les-actualites\/telephonie-mobile-et-telecommunications-le-cameroun-etait-au-congres-mondial-en-espagne\"},\"author\":{\"name\":\"cfeditorfr\",\"@id\":\"https:\/\/www.africa-press.net\/cameroun\/#\/schema\/person\/2b1cf3cd81a31e3cd26889ca66d677f1\"},\"headline\":\"T\u00e9l\u00e9phonie mobile et t\u00e9l\u00e9communications : le Cameroun \u00e9tait au congr\u00e8s mondial en Espagne\",\"datePublished\":\"2023-03-07T19:25:46+00:00\",\"dateModified\":\"2023-03-07T19:50:33+00:00\",\"mainEntityOfPage\":{\"@id\":\"https:\/\/www.africa-press.net\/cameroun\/toutes-les-actualites\/telephonie-mobile-et-telecommunications-le-cameroun-etait-au-congres-mondial-en-espagne\"},\"wordCount\":347,\"commentCount\":0,\"image\":{\"@id\":\"https:\/\/www.africa-press.net\/cameroun\/toutes-les-actualites\/telephonie-mobile-et-telecommunications-le-cameroun-etait-au-congres-mondial-en-espagne#primaryimage\"},\"thumbnailUrl\":\"https:\/\/static.africa-press.net\/cameroun\/sites\/57\/2023\/03\/postQueueImg_1678204550.16.jpg\",\"keywords\":[\"Africa Press\",\"Africa Press-Cameroun\",\"Cameroun\"],\"articleSection\":[\"Communaut\u00e9\",\"Toutes les actualit\u00e9s\"],\"inLanguage\":\"fr-FR\",\"potentialAction\":[{\"@type\":\"CommentAction\",\"name\":\"Comment\",\"target\":[\"https:\/\/www.africa-press.net\/cameroun\/toutes-les-actualites\/telephonie-mobile-et-telecommunications-le-cameroun-etait-au-congres-mondial-en-espagne#respond\"]}]},{\"@type\":\"WebPage\",\"@id\":\"https:\/\/www.africa-press.net\/cameroun\/toutes-les-actualites\/telephonie-mobile-et-telecommunications-le-cameroun-etait-au-congres-mondial-en-espagne\",\"url\":\"https:\/\/www.africa-press.net\/cameroun\/toutes-les-actualites\/telephonie-mobile-et-telecommunications-le-cameroun-etait-au-congres-mondial-en-espagne\",\"name\":\"T\u00e9l\u00e9phonie mobile et t\u00e9l\u00e9communications : le Cameroun \u00e9tait au congr\u00e8s mondial en Espagne - Cameroun\",\"isPartOf\":{\"@id\":\"https:\/\/www.africa-press.net\/cameroun\/#website\"},\"primaryImageOfPage\":{\"@id\":\"https:\/\/www.africa-press.net\/cameroun\/toutes-les-actualites\/telephonie-mobile-et-telecommunications-le-cameroun-etait-au-congres-mondial-en-espagne#primaryimage\"},\"image\":{\"@id\":\"https:\/\/www.africa-press.net\/cameroun\/toutes-les-actualites\/telephonie-mobile-et-telecommunications-le-cameroun-etait-au-congres-mondial-en-espagne#primaryimage\"},\"thumbnailUrl\":\"https:\/\/static.africa-press.net\/cameroun\/sites\/57\/2023\/03\/postQueueImg_1678204550.16.jpg\",\"datePublished\":\"2023-03-07T19:25:46+00:00\",\"dateModified\":\"2023-03-07T19:50:33+00:00\",\"author\":{\"@id\":\"https:\/\/www.africa-press.net\/cameroun\/#\/schema\/person\/2b1cf3cd81a31e3cd26889ca66d677f1\"},\"description\":\"Absente depuis 2020 du fait de la pande\u0301mie de Covid-19, la rencontre annuelle de\u0301die\u0301e a\u0300 la te\u0301le\u0301phonie mobile et la ...\",\"breadcrumb\":{\"@id\":\"https:\/\/www.africa-press.net\/cameroun\/toutes-les-actualites\/telephonie-mobile-et-telecommunications-le-cameroun-etait-au-congres-mondial-en-espagne#breadcrumb\"},\"inLanguage\":\"fr-FR\",\"potentialAction\":[{\"@type\":\"ReadAction\",\"target\":[\"https:\/\/www.africa-press.net\/cameroun\/toutes-les-actualites\/telephonie-mobile-et-telecommunications-le-cameroun-etait-au-congres-mondial-en-espagne\"]}]},{\"@type\":\"ImageObject\",\"inLanguage\":\"fr-FR\",\"@id\":\"https:\/\/www.africa-press.net\/cameroun\/toutes-les-actualites\/telephonie-mobile-et-telecommunications-le-cameroun-etait-au-congres-mondial-en-espagne#primaryimage\",\"url\":\"https:\/\/static.africa-press.net\/cameroun\/sites\/57\/2023\/03\/postQueueImg_1678204550.16.jpg\",\"contentUrl\":\"https:\/\/static.africa-press.net\/cameroun\/sites\/57\/2023\/03\/postQueueImg_1678204550.16.jpg\",\"width\":1024,\"height\":600,\"caption\":\"T\u00e9l\u00e9phonie mobile et t\u00e9l\u00e9communications : le Cameroun \u00e9tait au congr\u00e8s mondial en Espagne\"},{\"@type\":\"BreadcrumbList\",\"@id\":\"https:\/\/www.africa-press.net\/cameroun\/toutes-les-actualites\/telephonie-mobile-et-telecommunications-le-cameroun-etait-au-congres-mondial-en-espagne#breadcrumb\",\"itemListElement\":[{\"@type\":\"ListItem\",\"position\":1,\"name\":\"Accueil\",\"item\":\"https:\/\/www.africa-press.net\/cameroun\/\"},{\"@type\":\"ListItem\",\"position\":2,\"name\":\"T\u00e9l\u00e9phonie mobile et t\u00e9l\u00e9communications : le Cameroun \u00e9tait au congr\u00e8s mondial en Espagne\"}]},{\"@type\":\"WebSite\",\"@id\":\"https:\/\/www.africa-press.net\/cameroun\/#website\",\"url\":\"https:\/\/www.africa-press.net\/cameroun\/\",\"name\":\"Cameroun\",\"description\":\"Just another Africa News Agency Sites site\",\"potentialAction\":[{\"@type\":\"SearchAction\",\"target\":{\"@type\":\"EntryPoint\",\"urlTemplate\":\"https:\/\/www.africa-press.net\/cameroun\/?s={search_term_string}\"},\"query-input\":{\"@type\":\"PropertyValueSpecification\",\"valueRequired\":true,\"valueName\":\"search_term_string\"}}],\"inLanguage\":\"fr-FR\"},{\"@type\":\"Person\",\"@id\":\"https:\/\/www.africa-press.net\/cameroun\/#\/schema\/person\/2b1cf3cd81a31e3cd26889ca66d677f1\",\"name\":\"cfeditorfr\"}]}<\/script>\n<!-- \/ Yoast SEO Premium plugin. -->","yoast_head_json":{"title":"T\u00e9l\u00e9phonie mobile et t\u00e9l\u00e9communications : le Cameroun \u00e9tait au congr\u00e8s mondial en Espagne - Cameroun","description":"Absente depuis 2020 du fait de la pande\u0301mie de Covid-19, la rencontre annuelle de\u0301die\u0301e a\u0300 la te\u0301le\u0301phonie mobile et la ...","robots":{"index":"index","follow":"follow","max-snippet":"max-snippet:-1","max-image-preview":"max-image-preview:large","max-video-preview":"max-video-preview:-1"},"canonical":"https:\/\/www.africa-press.net\/cameroun\/toutes-les-actualites\/telephonie-mobile-et-telecommunications-le-cameroun-etait-au-congres-mondial-en-espagne","og_locale":"fr_FR","og_type":"article","og_title":"T\u00e9l\u00e9phonie mobile et t\u00e9l\u00e9communications : le Cameroun \u00e9tait au congr\u00e8s mondial en Espagne","og_description":"Absente depuis 2020 du fait de la pande\u0301mie de Covid-19, la rencontre annuelle de\u0301die\u0301e a\u0300 la te\u0301le\u0301phonie mobile et la ...","og_url":"https:\/\/www.africa-press.net\/cameroun\/toutes-les-actualites\/telephonie-mobile-et-telecommunications-le-cameroun-etait-au-congres-mondial-en-espagne","og_site_name":"Cameroun","article_published_time":"2023-03-07T19:25:46+00:00","article_modified_time":"2023-03-07T19:50:33+00:00","og_image":[{"width":1024,"height":600,"url":"https:\/\/static.africa-press.net\/cameroun\/sites\/57\/2023\/03\/postQueueImg_1678204550.16.jpg","type":"image\/jpeg"}],"author":"cfeditorfr","twitter_card":"summary_large_image","twitter_misc":{"\u00c9crit par":"cfeditorfr","Dur\u00e9e de lecture estim\u00e9e":"2 minutes"},"schema":{"@context":"https:\/\/schema.org","@graph":[{"@type":"Article","@id":"https:\/\/www.africa-press.net\/cameroun\/toutes-les-actualites\/telephonie-mobile-et-telecommunications-le-cameroun-etait-au-congres-mondial-en-espagne#article","isPartOf":{"@id":"https:\/\/www.africa-press.net\/cameroun\/toutes-les-actualites\/telephonie-mobile-et-telecommunications-le-cameroun-etait-au-congres-mondial-en-espagne"},"author":{"name":"cfeditorfr","@id":"https:\/\/www.africa-press.net\/cameroun\/#\/schema\/person\/2b1cf3cd81a31e3cd26889ca66d677f1"},"headline":"T\u00e9l\u00e9phonie mobile et t\u00e9l\u00e9communications : le Cameroun \u00e9tait au congr\u00e8s mondial en Espagne","datePublished":"2023-03-07T19:25:46+00:00","dateModified":"2023-03-07T19:50:33+00:00","mainEntityOfPage":{"@id":"https:\/\/www.africa-press.net\/cameroun\/toutes-les-actualites\/telephonie-mobile-et-telecommunications-le-cameroun-etait-au-congres-mondial-en-espagne"},"wordCount":347,"commentCount":0,"image":{"@id":"https:\/\/www.africa-press.net\/cameroun\/toutes-les-actualites\/telephonie-mobile-et-telecommunications-le-cameroun-etait-au-congres-mondial-en-espagne#primaryimage"},"thumbnailUrl":"https:\/\/static.africa-press.net\/cameroun\/sites\/57\/2023\/03\/postQueueImg_1678204550.16.jpg","keywords":["Africa Press","Africa Press-Cameroun","Cameroun"],"articleSection":["Communaut\u00e9","Toutes les actualit\u00e9s"],"inLanguage":"fr-FR","potentialAction":[{"@type":"CommentAction","name":"Comment","target":["https:\/\/www.africa-press.net\/cameroun\/toutes-les-actualites\/telephonie-mobile-et-telecommunications-le-cameroun-etait-au-congres-mondial-en-espagne#respond"]}]},{"@type":"WebPage","@id":"https:\/\/www.africa-press.net\/cameroun\/toutes-les-actualites\/telephonie-mobile-et-telecommunications-le-cameroun-etait-au-congres-mondial-en-espagne","url":"https:\/\/www.africa-press.net\/cameroun\/toutes-les-actualites\/telephonie-mobile-et-telecommunications-le-cameroun-etait-au-congres-mondial-en-espagne","name":"T\u00e9l\u00e9phonie mobile et t\u00e9l\u00e9communications : le Cameroun \u00e9tait au congr\u00e8s mondial en Espagne - Cameroun","isPartOf":{"@id":"https:\/\/www.africa-press.net\/cameroun\/#website"},"primaryImageOfPage":{"@id":"https:\/\/www.africa-press.net\/cameroun\/toutes-les-actualites\/telephonie-mobile-et-telecommunications-le-cameroun-etait-au-congres-mondial-en-espagne#primaryimage"},"image":{"@id":"https:\/\/www.africa-press.net\/cameroun\/toutes-les-actualites\/telephonie-mobile-et-telecommunications-le-cameroun-etait-au-congres-mondial-en-espagne#primaryimage"},"thumbnailUrl":"https:\/\/static.africa-press.net\/cameroun\/sites\/57\/2023\/03\/postQueueImg_1678204550.16.jpg","datePublished":"2023-03-07T19:25:46+00:00","dateModified":"2023-03-07T19:50:33+00:00","author":{"@id":"https:\/\/www.africa-press.net\/cameroun\/#\/schema\/person\/2b1cf3cd81a31e3cd26889ca66d677f1"},"description":"Absente depuis 2020 du fait de la pande\u0301mie de Covid-19, la rencontre annuelle de\u0301die\u0301e a\u0300 la te\u0301le\u0301phonie mobile et la ...","breadcrumb":{"@id":"https:\/\/www.africa-press.net\/cameroun\/toutes-les-actualites\/telephonie-mobile-et-telecommunications-le-cameroun-etait-au-congres-mondial-en-espagne#breadcrumb"},"inLanguage":"fr-FR","potentialAction":[{"@type":"ReadAction","target":["https:\/\/www.africa-press.net\/cameroun\/toutes-les-actualites\/telephonie-mobile-et-telecommunications-le-cameroun-etait-au-congres-mondial-en-espagne"]}]},{"@type":"ImageObject","inLanguage":"fr-FR","@id":"https:\/\/www.africa-press.net\/cameroun\/toutes-les-actualites\/telephonie-mobile-et-telecommunications-le-cameroun-etait-au-congres-mondial-en-espagne#primaryimage","url":"https:\/\/static.africa-press.net\/cameroun\/sites\/57\/2023\/03\/postQueueImg_1678204550.16.jpg","contentUrl":"https:\/\/static.africa-press.net\/cameroun\/sites\/57\/2023\/03\/postQueueImg_1678204550.16.jpg","width":1024,"height":600,"caption":"T\u00e9l\u00e9phonie mobile et t\u00e9l\u00e9communications : le Cameroun \u00e9tait au congr\u00e8s mondial en Espagne"},{"@type":"BreadcrumbList","@id":"https:\/\/www.africa-press.net\/cameroun\/toutes-les-actualites\/telephonie-mobile-et-telecommunications-le-cameroun-etait-au-congres-mondial-en-espagne#breadcrumb","itemListElement":[{"@type":"ListItem","position":1,"name":"Accueil","item":"https:\/\/www.africa-press.net\/cameroun\/"},{"@type":"ListItem","position":2,"name":"T\u00e9l\u00e9phonie mobile et t\u00e9l\u00e9communications : le Cameroun \u00e9tait au congr\u00e8s mondial en Espagne"}]},{"@type":"WebSite","@id":"https:\/\/www.africa-press.net\/cameroun\/#website","url":"https:\/\/www.africa-press.net\/cameroun\/","name":"Cameroun","description":"Just another Africa News Agency Sites site","potentialAction":[{"@type":"SearchAction","target":{"@type":"EntryPoint","urlTemplate":"https:\/\/www.africa-press.net\/cameroun\/?s={search_term_string}"},"query-input":{"@type":"PropertyValueSpecification","valueRequired":true,"valueName":"search_term_string"}}],"inLanguage":"fr-FR"},{"@type":"Person","@id":"https:\/\/www.africa-press.net\/cameroun\/#\/schema\/person\/2b1cf3cd81a31e3cd26889ca66d677f1","name":"cfeditorfr"}]}},"_links":{"self":[{"href":"https:\/\/www.africa-press.net\/cameroun\/wp-json\/wp\/v2\/posts\/38561","targetHints":{"allow":["GET"]}}],"collection":[{"href":"https:\/\/www.africa-press.net\/cameroun\/wp-json\/wp\/v2\/posts"}],"about":[{"href":"https:\/\/www.africa-press.net\/cameroun\/wp-json\/wp\/v2\/types\/post"}],"author":[{"embeddable":true,"href":"https:\/\/www.africa-press.net\/cameroun\/wp-json\/wp\/v2\/users\/82"}],"replies":[{"embeddable":true,"href":"https:\/\/www.africa-press.net\/cameroun\/wp-json\/wp\/v2\/comments?post=38561"}],"version-history":[{"count":0,"href":"https:\/\/www.africa-press.net\/cameroun\/wp-json\/wp\/v2\/posts\/38561\/revisions"}],"wp:featuredmedia":[{"embeddable":true,"href":"https:\/\/www.africa-press.net\/cameroun\/wp-json\/wp\/v2\/media\/38560"}],"wp:attachment":[{"href":"https:\/\/www.africa-press.net\/cameroun\/wp-json\/wp\/v2\/media?parent=38561"}],"wp:term":[{"taxonomy":"category","embeddable":true,"href":"https:\/\/www.africa-press.net\/cameroun\/wp-json\/wp\/v2\/categories?post=38561"},{"taxonomy":"post_tag","embeddable":true,"href":"https:\/\/www.africa-press.net\/cameroun\/wp-json\/wp\/v2\/tags?post=38561"}],"curies":[{"name":"wp","href":"https:\/\/api.w.org\/{rel}","templated":true}]}}