{"id":38567,"date":"2023-03-07T19:26:43","date_gmt":"2023-03-07T19:26:43","guid":{"rendered":"https:\/\/www.africa-press.net\/cameroun\/politique\/egalite-femmes-hommes-en-france-les-entreprises-les-moins-bien-notees-seront-ecartees-des-marches-publics"},"modified":"2023-03-07T19:51:19","modified_gmt":"2023-03-07T19:51:19","slug":"egalite-femmes-hommes-en-france-les-entreprises-les-moins-bien-notees-seront-ecartees-des-marches-publics","status":"publish","type":"post","link":"https:\/\/www.africa-press.net\/cameroun\/toutes-les-actualites\/egalite-femmes-hommes-en-france-les-entreprises-les-moins-bien-notees-seront-ecartees-des-marches-publics","title":{"rendered":"Egalit\u00e9 femmes\/hommes en France: les entreprises les moins bien not\u00e9es seront \u00ab\u00a0\u00e9cart\u00e9es\u00a0\u00bb des march\u00e9s publics"},"content":{"rendered":"<p><span style=\"color: #ff6600\"><strong>Africa-Press &#8211; Cameroun. <\/strong><\/span><b>Dans une interview au magazine Elle, la Premie\u0300re ministre E\u0301lisabeth Borne annonce \u00ab\u00a0vouloir aller\u00a0\u00bb vers le principe d&rsquo;e\u0301gaconditionnalite\u0301. Autrement dit : conditionner le versement d&rsquo;argent public au respect de la parite\u0301 au sein des entreprises.<\/b><\/p>\n<p>Comment contraindre les entreprises a\u0300 respecter la parite\u0301 entre les femmes et les hommes ? Dans un entretien publie\u0301 ce jeudi par le magazine Elle, E\u0301lisabeth Borne annonce que les entreprises qui n&rsquo;obtiennent pas une note suffisante a\u0300 l&rsquo;index de l&rsquo;e\u0301galite\u0301 professionnelle ne pourront pas re\u0301pondre aux offres de marche\u0301s publics. \u00ab\u00a0Une entreprise qui ne renseigne pas les informations ou qui obtiendrait une mauvaise note sera e\u0301carte\u0301e des marche\u0301s publics d&rsquo;ici la fin du quinquennat\u00a0\u00bb, assure la Premie\u0300re ministre.<\/p>\n<p>Cre\u0301e\u0301 en 2018, cet index dit \u00ab\u00a0Pe\u0301nicaud\u00a0\u00bb concerne a\u0300 ce jour toutes les entreprises de plus de 50 salarie\u0301s et permet de mesurer les e\u0301carts de re\u0301mune\u0301ration entre les femmes et les hommes. Mais en 2022, seulement 61% des socie\u0301te\u0301s vise\u0301es par le dispositif ont publie\u0301 leur note. Et 98% ont des efforts a\u0300 faire en la matie\u0300re&#8230;<\/p>\n<p><b>\u00ab\u00a0E\u0301ga-conditionnalite\u0301\u00a0\u00bb<\/b><\/p>\n<p>Afin de faire levier, le gouvernement souhaite donc la mise en place du principe \u00ab\u00a0d&rsquo;e\u0301ga-conditionnalite\u0301\u00a0\u00bb. L&rsquo;ide\u0301e, porte\u0301e depuis plusieurs anne\u0301es par le Haut Conseil a\u0300 l&rsquo;E\u0301galite\u0301, est de conditionner le versement d&rsquo;argent public au respect de la parite\u0301 ou bien a\u0300 la mise en place d&rsquo;actions allant dans ce sens. \u00ab\u00a0C&rsquo;est ce vers quoi on va aller\u00a0\u00bb, de\u0301clare E\u0301lisabeth Borne a\u0300 Elle. Cela doit faire partie du plan E\u0301galite\u0301 femmes-hommes qui sera pre\u0301sente\u0301 le 8 mars prochain.<\/p>\n<p>Contacte\u0301 par France Inter, Matignon pre\u0301cise que ce sont les entreprises qui obtiennent une note infe\u0301rieure a\u0300 75 sur 100 qui seront pe\u0301nalise\u0301es. Soit 8% des entreprises ayant publie\u0301 leur Index 2022, d&rsquo;apre\u0300s les donne\u0301es du ministe\u0300re du Travail. Auxquelles il faudra donc ajouter celles qui ne publient pas leur Index, soit 39% en 2022.<\/p>\n<p><b>\u00ab\u00a0Un premier pas\u00a0\u00bb ?<\/b><\/p>\n<p>\u00ab\u00a0C&rsquo;est une tre\u0300s bonne avance\u0301e\u00a0\u00bb, se re\u0301jouit Sylvie Pierre-Brossolette, pre\u0301sidente du Haut Conseil a\u0300 l&rsquo;E\u0301galite\u0301 entre les femmes et les hommes, qui plaide ne\u0301anmoins pour aller encore plus loin. \u00ab\u00a0Les marche\u0301s publics sont un premier pas, il faudrait e\u0301tendre ce principe a\u0300 toutes les entreprises qui perc\u0327oivent des subventions.\u00a0\u00bb<\/p>\n<p>Un Index de l&rsquo;e\u0301galite\u0301 professionnelle sera par ailleurs mis en place de\u0300s l&rsquo;e\u0301te\u0301 prochain dans la fonction publique d&rsquo;E\u0301tat, avant un de\u0301ploiement en 2024 a\u0300 la fonction publique territoriale et hospitalie\u0300re.<\/p>\n<p><strong>Pour plus d&rsquo;informations et d&rsquo;analyses sur la <a href=\"https:\/\/www.africa-press.net\/cameroun\">Cameroun<\/a>, suivez <a href=\"https:\/\/www.africa-press.net\/\">Africa-Press<\/a><\/strong><\/p>\n","protected":false},"excerpt":{"rendered":"<p>Africa-Press &#8211; Cameroun. Dans une interview au magazine Elle, la Premie\u0300re ministre E\u0301lisabeth Borne annonce \u00ab\u00a0vouloir aller\u00a0\u00bb vers le principe d&rsquo;e\u0301gaconditionnalite\u0301. Autrement dit : conditionner le versement d&rsquo;argent public au respect de la parite\u0301 au sein des entreprises. Comment contraindre les entreprises a\u0300 respecter la parite\u0301 entre les femmes et les hommes ? Dans un [&hellip;]<\/p>\n","protected":false},"author":82,"featured_media":38565,"comment_status":"open","ping_status":"closed","sticky":false,"template":"","format":"standard","meta":{"footnotes":""},"categories":[21,10],"tags":[36,50,49],"class_list":["post-38567","post","type-post","status-publish","format-standard","has-post-thumbnail","hentry","category-communaute","category-toutes-les-actualites","tag-africa-press","tag-africa-press-cameroun","tag-cameroun"],"yoast_head":"<!-- This site is optimized with the Yoast SEO Premium plugin v26.1 (Yoast SEO v27.0) - https:\/\/yoast.com\/product\/yoast-seo-premium-wordpress\/ -->\n<title>Egalit\u00e9 femmes\/hommes en France: les entreprises les moins bien not\u00e9es seront &quot;\u00e9cart\u00e9es&quot; des march\u00e9s publics - Cameroun<\/title>\n<meta name=\"description\" content=\"Dans une interview au magazine Elle, la Premie\u0300re ministre E\u0301lisabeth Borne annonce &quot;vouloir aller&quot; vers le principe ...\" \/>\n<meta name=\"robots\" content=\"index, follow, max-snippet:-1, max-image-preview:large, max-video-preview:-1\" \/>\n<link rel=\"canonical\" href=\"https:\/\/www.africa-press.net\/cameroun\/toutes-les-actualites\/egalite-femmes-hommes-en-france-les-entreprises-les-moins-bien-notees-seront-ecartees-des-marches-publics\" \/>\n<meta property=\"og:locale\" content=\"fr_FR\" \/>\n<meta property=\"og:type\" content=\"article\" \/>\n<meta property=\"og:title\" content=\"Egalit\u00e9 femmes\/hommes en France: les entreprises les moins bien not\u00e9es seront &quot;\u00e9cart\u00e9es&quot; des march\u00e9s publics\" \/>\n<meta property=\"og:description\" content=\"Dans une interview au magazine Elle, la Premie\u0300re ministre E\u0301lisabeth Borne annonce &quot;vouloir aller&quot; vers le principe ...\" \/>\n<meta property=\"og:url\" content=\"https:\/\/www.africa-press.net\/cameroun\/toutes-les-actualites\/egalite-femmes-hommes-en-france-les-entreprises-les-moins-bien-notees-seront-ecartees-des-marches-publics\" \/>\n<meta property=\"og:site_name\" content=\"Cameroun\" \/>\n<meta property=\"article:published_time\" content=\"2023-03-07T19:26:43+00:00\" \/>\n<meta property=\"article:modified_time\" content=\"2023-03-07T19:51:19+00:00\" \/>\n<meta property=\"og:image\" content=\"https:\/\/static.africa-press.net\/cameroun\/sites\/57\/2023\/03\/postQueueImg_1678204671.68.jpg\" \/>\n\t<meta property=\"og:image:width\" content=\"1124\" \/>\n\t<meta property=\"og:image:height\" content=\"638\" \/>\n\t<meta property=\"og:image:type\" content=\"image\/jpeg\" \/>\n<meta name=\"author\" content=\"cfeditorfr\" \/>\n<meta name=\"twitter:card\" content=\"summary_large_image\" \/>\n<meta name=\"twitter:label1\" content=\"\u00c9crit par\" \/>\n\t<meta name=\"twitter:data1\" content=\"cfeditorfr\" \/>\n\t<meta name=\"twitter:label2\" content=\"Dur\u00e9e de lecture estim\u00e9e\" \/>\n\t<meta name=\"twitter:data2\" content=\"3 minutes\" \/>\n<script type=\"application\/ld+json\" class=\"yoast-schema-graph\">{\"@context\":\"https:\/\/schema.org\",\"@graph\":[{\"@type\":\"Article\",\"@id\":\"https:\/\/www.africa-press.net\/cameroun\/toutes-les-actualites\/egalite-femmes-hommes-en-france-les-entreprises-les-moins-bien-notees-seront-ecartees-des-marches-publics#article\",\"isPartOf\":{\"@id\":\"https:\/\/www.africa-press.net\/cameroun\/toutes-les-actualites\/egalite-femmes-hommes-en-france-les-entreprises-les-moins-bien-notees-seront-ecartees-des-marches-publics\"},\"author\":{\"name\":\"cfeditorfr\",\"@id\":\"https:\/\/www.africa-press.net\/cameroun\/#\/schema\/person\/2b1cf3cd81a31e3cd26889ca66d677f1\"},\"headline\":\"Egalit\u00e9 femmes\/hommes en France: les entreprises les moins bien not\u00e9es seront \u00ab\u00a0\u00e9cart\u00e9es\u00a0\u00bb des march\u00e9s publics\",\"datePublished\":\"2023-03-07T19:26:43+00:00\",\"dateModified\":\"2023-03-07T19:51:19+00:00\",\"mainEntityOfPage\":{\"@id\":\"https:\/\/www.africa-press.net\/cameroun\/toutes-les-actualites\/egalite-femmes-hommes-en-france-les-entreprises-les-moins-bien-notees-seront-ecartees-des-marches-publics\"},\"wordCount\":478,\"commentCount\":0,\"image\":{\"@id\":\"https:\/\/www.africa-press.net\/cameroun\/toutes-les-actualites\/egalite-femmes-hommes-en-france-les-entreprises-les-moins-bien-notees-seront-ecartees-des-marches-publics#primaryimage\"},\"thumbnailUrl\":\"https:\/\/static.africa-press.net\/cameroun\/sites\/57\/2023\/03\/postQueueImg_1678204671.68.jpg\",\"keywords\":[\"Africa Press\",\"Africa Press-Cameroun\",\"Cameroun\"],\"articleSection\":[\"Communaut\u00e9\",\"Toutes les actualit\u00e9s\"],\"inLanguage\":\"fr-FR\",\"potentialAction\":[{\"@type\":\"CommentAction\",\"name\":\"Comment\",\"target\":[\"https:\/\/www.africa-press.net\/cameroun\/toutes-les-actualites\/egalite-femmes-hommes-en-france-les-entreprises-les-moins-bien-notees-seront-ecartees-des-marches-publics#respond\"]}]},{\"@type\":\"WebPage\",\"@id\":\"https:\/\/www.africa-press.net\/cameroun\/toutes-les-actualites\/egalite-femmes-hommes-en-france-les-entreprises-les-moins-bien-notees-seront-ecartees-des-marches-publics\",\"url\":\"https:\/\/www.africa-press.net\/cameroun\/toutes-les-actualites\/egalite-femmes-hommes-en-france-les-entreprises-les-moins-bien-notees-seront-ecartees-des-marches-publics\",\"name\":\"Egalit\u00e9 femmes\/hommes en France: les entreprises les moins bien not\u00e9es seront \\\"\u00e9cart\u00e9es\\\" des march\u00e9s publics - Cameroun\",\"isPartOf\":{\"@id\":\"https:\/\/www.africa-press.net\/cameroun\/#website\"},\"primaryImageOfPage\":{\"@id\":\"https:\/\/www.africa-press.net\/cameroun\/toutes-les-actualites\/egalite-femmes-hommes-en-france-les-entreprises-les-moins-bien-notees-seront-ecartees-des-marches-publics#primaryimage\"},\"image\":{\"@id\":\"https:\/\/www.africa-press.net\/cameroun\/toutes-les-actualites\/egalite-femmes-hommes-en-france-les-entreprises-les-moins-bien-notees-seront-ecartees-des-marches-publics#primaryimage\"},\"thumbnailUrl\":\"https:\/\/static.africa-press.net\/cameroun\/sites\/57\/2023\/03\/postQueueImg_1678204671.68.jpg\",\"datePublished\":\"2023-03-07T19:26:43+00:00\",\"dateModified\":\"2023-03-07T19:51:19+00:00\",\"author\":{\"@id\":\"https:\/\/www.africa-press.net\/cameroun\/#\/schema\/person\/2b1cf3cd81a31e3cd26889ca66d677f1\"},\"description\":\"Dans une interview au magazine Elle, la Premie\u0300re ministre E\u0301lisabeth Borne annonce \\\"vouloir aller\\\" vers le principe ...\",\"breadcrumb\":{\"@id\":\"https:\/\/www.africa-press.net\/cameroun\/toutes-les-actualites\/egalite-femmes-hommes-en-france-les-entreprises-les-moins-bien-notees-seront-ecartees-des-marches-publics#breadcrumb\"},\"inLanguage\":\"fr-FR\",\"potentialAction\":[{\"@type\":\"ReadAction\",\"target\":[\"https:\/\/www.africa-press.net\/cameroun\/toutes-les-actualites\/egalite-femmes-hommes-en-france-les-entreprises-les-moins-bien-notees-seront-ecartees-des-marches-publics\"]}]},{\"@type\":\"ImageObject\",\"inLanguage\":\"fr-FR\",\"@id\":\"https:\/\/www.africa-press.net\/cameroun\/toutes-les-actualites\/egalite-femmes-hommes-en-france-les-entreprises-les-moins-bien-notees-seront-ecartees-des-marches-publics#primaryimage\",\"url\":\"https:\/\/static.africa-press.net\/cameroun\/sites\/57\/2023\/03\/postQueueImg_1678204671.68.jpg\",\"contentUrl\":\"https:\/\/static.africa-press.net\/cameroun\/sites\/57\/2023\/03\/postQueueImg_1678204671.68.jpg\",\"width\":1124,\"height\":638,\"caption\":\"Egalit\u00e9 femmes\/hommes en France: les entreprises les moins bien not\u00e9es seront \\\"\u00e9cart\u00e9es\\\" des march\u00e9s publics\"},{\"@type\":\"BreadcrumbList\",\"@id\":\"https:\/\/www.africa-press.net\/cameroun\/toutes-les-actualites\/egalite-femmes-hommes-en-france-les-entreprises-les-moins-bien-notees-seront-ecartees-des-marches-publics#breadcrumb\",\"itemListElement\":[{\"@type\":\"ListItem\",\"position\":1,\"name\":\"Accueil\",\"item\":\"https:\/\/www.africa-press.net\/cameroun\/\"},{\"@type\":\"ListItem\",\"position\":2,\"name\":\"Egalit\u00e9 femmes\/hommes en France: les entreprises les moins bien not\u00e9es seront \u00ab\u00a0\u00e9cart\u00e9es\u00a0\u00bb des march\u00e9s publics\"}]},{\"@type\":\"WebSite\",\"@id\":\"https:\/\/www.africa-press.net\/cameroun\/#website\",\"url\":\"https:\/\/www.africa-press.net\/cameroun\/\",\"name\":\"Cameroun\",\"description\":\"Just another Africa News Agency Sites site\",\"potentialAction\":[{\"@type\":\"SearchAction\",\"target\":{\"@type\":\"EntryPoint\",\"urlTemplate\":\"https:\/\/www.africa-press.net\/cameroun\/?s={search_term_string}\"},\"query-input\":{\"@type\":\"PropertyValueSpecification\",\"valueRequired\":true,\"valueName\":\"search_term_string\"}}],\"inLanguage\":\"fr-FR\"},{\"@type\":\"Person\",\"@id\":\"https:\/\/www.africa-press.net\/cameroun\/#\/schema\/person\/2b1cf3cd81a31e3cd26889ca66d677f1\",\"name\":\"cfeditorfr\"}]}<\/script>\n<!-- \/ Yoast SEO Premium plugin. -->","yoast_head_json":{"title":"Egalit\u00e9 femmes\/hommes en France: les entreprises les moins bien not\u00e9es seront \"\u00e9cart\u00e9es\" des march\u00e9s publics - Cameroun","description":"Dans une interview au magazine Elle, la Premie\u0300re ministre E\u0301lisabeth Borne annonce \"vouloir aller\" vers le principe ...","robots":{"index":"index","follow":"follow","max-snippet":"max-snippet:-1","max-image-preview":"max-image-preview:large","max-video-preview":"max-video-preview:-1"},"canonical":"https:\/\/www.africa-press.net\/cameroun\/toutes-les-actualites\/egalite-femmes-hommes-en-france-les-entreprises-les-moins-bien-notees-seront-ecartees-des-marches-publics","og_locale":"fr_FR","og_type":"article","og_title":"Egalit\u00e9 femmes\/hommes en France: les entreprises les moins bien not\u00e9es seront \"\u00e9cart\u00e9es\" des march\u00e9s publics","og_description":"Dans une interview au magazine Elle, la Premie\u0300re ministre E\u0301lisabeth Borne annonce \"vouloir aller\" vers le principe ...","og_url":"https:\/\/www.africa-press.net\/cameroun\/toutes-les-actualites\/egalite-femmes-hommes-en-france-les-entreprises-les-moins-bien-notees-seront-ecartees-des-marches-publics","og_site_name":"Cameroun","article_published_time":"2023-03-07T19:26:43+00:00","article_modified_time":"2023-03-07T19:51:19+00:00","og_image":[{"width":1124,"height":638,"url":"https:\/\/static.africa-press.net\/cameroun\/sites\/57\/2023\/03\/postQueueImg_1678204671.68.jpg","type":"image\/jpeg"}],"author":"cfeditorfr","twitter_card":"summary_large_image","twitter_misc":{"\u00c9crit par":"cfeditorfr","Dur\u00e9e de lecture estim\u00e9e":"3 minutes"},"schema":{"@context":"https:\/\/schema.org","@graph":[{"@type":"Article","@id":"https:\/\/www.africa-press.net\/cameroun\/toutes-les-actualites\/egalite-femmes-hommes-en-france-les-entreprises-les-moins-bien-notees-seront-ecartees-des-marches-publics#article","isPartOf":{"@id":"https:\/\/www.africa-press.net\/cameroun\/toutes-les-actualites\/egalite-femmes-hommes-en-france-les-entreprises-les-moins-bien-notees-seront-ecartees-des-marches-publics"},"author":{"name":"cfeditorfr","@id":"https:\/\/www.africa-press.net\/cameroun\/#\/schema\/person\/2b1cf3cd81a31e3cd26889ca66d677f1"},"headline":"Egalit\u00e9 femmes\/hommes en France: les entreprises les moins bien not\u00e9es seront \u00ab\u00a0\u00e9cart\u00e9es\u00a0\u00bb des march\u00e9s publics","datePublished":"2023-03-07T19:26:43+00:00","dateModified":"2023-03-07T19:51:19+00:00","mainEntityOfPage":{"@id":"https:\/\/www.africa-press.net\/cameroun\/toutes-les-actualites\/egalite-femmes-hommes-en-france-les-entreprises-les-moins-bien-notees-seront-ecartees-des-marches-publics"},"wordCount":478,"commentCount":0,"image":{"@id":"https:\/\/www.africa-press.net\/cameroun\/toutes-les-actualites\/egalite-femmes-hommes-en-france-les-entreprises-les-moins-bien-notees-seront-ecartees-des-marches-publics#primaryimage"},"thumbnailUrl":"https:\/\/static.africa-press.net\/cameroun\/sites\/57\/2023\/03\/postQueueImg_1678204671.68.jpg","keywords":["Africa Press","Africa Press-Cameroun","Cameroun"],"articleSection":["Communaut\u00e9","Toutes les actualit\u00e9s"],"inLanguage":"fr-FR","potentialAction":[{"@type":"CommentAction","name":"Comment","target":["https:\/\/www.africa-press.net\/cameroun\/toutes-les-actualites\/egalite-femmes-hommes-en-france-les-entreprises-les-moins-bien-notees-seront-ecartees-des-marches-publics#respond"]}]},{"@type":"WebPage","@id":"https:\/\/www.africa-press.net\/cameroun\/toutes-les-actualites\/egalite-femmes-hommes-en-france-les-entreprises-les-moins-bien-notees-seront-ecartees-des-marches-publics","url":"https:\/\/www.africa-press.net\/cameroun\/toutes-les-actualites\/egalite-femmes-hommes-en-france-les-entreprises-les-moins-bien-notees-seront-ecartees-des-marches-publics","name":"Egalit\u00e9 femmes\/hommes en France: les entreprises les moins bien not\u00e9es seront \"\u00e9cart\u00e9es\" des march\u00e9s publics - Cameroun","isPartOf":{"@id":"https:\/\/www.africa-press.net\/cameroun\/#website"},"primaryImageOfPage":{"@id":"https:\/\/www.africa-press.net\/cameroun\/toutes-les-actualites\/egalite-femmes-hommes-en-france-les-entreprises-les-moins-bien-notees-seront-ecartees-des-marches-publics#primaryimage"},"image":{"@id":"https:\/\/www.africa-press.net\/cameroun\/toutes-les-actualites\/egalite-femmes-hommes-en-france-les-entreprises-les-moins-bien-notees-seront-ecartees-des-marches-publics#primaryimage"},"thumbnailUrl":"https:\/\/static.africa-press.net\/cameroun\/sites\/57\/2023\/03\/postQueueImg_1678204671.68.jpg","datePublished":"2023-03-07T19:26:43+00:00","dateModified":"2023-03-07T19:51:19+00:00","author":{"@id":"https:\/\/www.africa-press.net\/cameroun\/#\/schema\/person\/2b1cf3cd81a31e3cd26889ca66d677f1"},"description":"Dans une interview au magazine Elle, la Premie\u0300re ministre E\u0301lisabeth Borne annonce \"vouloir aller\" vers le principe ...","breadcrumb":{"@id":"https:\/\/www.africa-press.net\/cameroun\/toutes-les-actualites\/egalite-femmes-hommes-en-france-les-entreprises-les-moins-bien-notees-seront-ecartees-des-marches-publics#breadcrumb"},"inLanguage":"fr-FR","potentialAction":[{"@type":"ReadAction","target":["https:\/\/www.africa-press.net\/cameroun\/toutes-les-actualites\/egalite-femmes-hommes-en-france-les-entreprises-les-moins-bien-notees-seront-ecartees-des-marches-publics"]}]},{"@type":"ImageObject","inLanguage":"fr-FR","@id":"https:\/\/www.africa-press.net\/cameroun\/toutes-les-actualites\/egalite-femmes-hommes-en-france-les-entreprises-les-moins-bien-notees-seront-ecartees-des-marches-publics#primaryimage","url":"https:\/\/static.africa-press.net\/cameroun\/sites\/57\/2023\/03\/postQueueImg_1678204671.68.jpg","contentUrl":"https:\/\/static.africa-press.net\/cameroun\/sites\/57\/2023\/03\/postQueueImg_1678204671.68.jpg","width":1124,"height":638,"caption":"Egalit\u00e9 femmes\/hommes en France: les entreprises les moins bien not\u00e9es seront \"\u00e9cart\u00e9es\" des march\u00e9s publics"},{"@type":"BreadcrumbList","@id":"https:\/\/www.africa-press.net\/cameroun\/toutes-les-actualites\/egalite-femmes-hommes-en-france-les-entreprises-les-moins-bien-notees-seront-ecartees-des-marches-publics#breadcrumb","itemListElement":[{"@type":"ListItem","position":1,"name":"Accueil","item":"https:\/\/www.africa-press.net\/cameroun\/"},{"@type":"ListItem","position":2,"name":"Egalit\u00e9 femmes\/hommes en France: les entreprises les moins bien not\u00e9es seront \u00ab\u00a0\u00e9cart\u00e9es\u00a0\u00bb des march\u00e9s publics"}]},{"@type":"WebSite","@id":"https:\/\/www.africa-press.net\/cameroun\/#website","url":"https:\/\/www.africa-press.net\/cameroun\/","name":"Cameroun","description":"Just another Africa News Agency Sites site","potentialAction":[{"@type":"SearchAction","target":{"@type":"EntryPoint","urlTemplate":"https:\/\/www.africa-press.net\/cameroun\/?s={search_term_string}"},"query-input":{"@type":"PropertyValueSpecification","valueRequired":true,"valueName":"search_term_string"}}],"inLanguage":"fr-FR"},{"@type":"Person","@id":"https:\/\/www.africa-press.net\/cameroun\/#\/schema\/person\/2b1cf3cd81a31e3cd26889ca66d677f1","name":"cfeditorfr"}]}},"_links":{"self":[{"href":"https:\/\/www.africa-press.net\/cameroun\/wp-json\/wp\/v2\/posts\/38567","targetHints":{"allow":["GET"]}}],"collection":[{"href":"https:\/\/www.africa-press.net\/cameroun\/wp-json\/wp\/v2\/posts"}],"about":[{"href":"https:\/\/www.africa-press.net\/cameroun\/wp-json\/wp\/v2\/types\/post"}],"author":[{"embeddable":true,"href":"https:\/\/www.africa-press.net\/cameroun\/wp-json\/wp\/v2\/users\/82"}],"replies":[{"embeddable":true,"href":"https:\/\/www.africa-press.net\/cameroun\/wp-json\/wp\/v2\/comments?post=38567"}],"version-history":[{"count":0,"href":"https:\/\/www.africa-press.net\/cameroun\/wp-json\/wp\/v2\/posts\/38567\/revisions"}],"wp:featuredmedia":[{"embeddable":true,"href":"https:\/\/www.africa-press.net\/cameroun\/wp-json\/wp\/v2\/media\/38565"}],"wp:attachment":[{"href":"https:\/\/www.africa-press.net\/cameroun\/wp-json\/wp\/v2\/media?parent=38567"}],"wp:term":[{"taxonomy":"category","embeddable":true,"href":"https:\/\/www.africa-press.net\/cameroun\/wp-json\/wp\/v2\/categories?post=38567"},{"taxonomy":"post_tag","embeddable":true,"href":"https:\/\/www.africa-press.net\/cameroun\/wp-json\/wp\/v2\/tags?post=38567"}],"curies":[{"name":"wp","href":"https:\/\/api.w.org\/{rel}","templated":true}]}}