{"id":38584,"date":"2023-03-08T12:39:02","date_gmt":"2023-03-08T12:39:02","guid":{"rendered":"https:\/\/www.africa-press.net\/cameroun\/politique\/assassinat-de-journalistes-cette-capture-decran-qui-mouille-martin-mbarga-nguele-jusquau-cou"},"modified":"2023-03-08T12:39:02","modified_gmt":"2023-03-08T12:39:02","slug":"assassinat-de-journalistes-cette-capture-decran-qui-mouille-martin-mbarga-nguele-jusquau-cou","status":"publish","type":"post","link":"https:\/\/www.africa-press.net\/cameroun\/politique\/assassinat-de-journalistes-cette-capture-decran-qui-mouille-martin-mbarga-nguele-jusquau-cou","title":{"rendered":"Assassinat de journalistes : cette capture d&rsquo;\u00e9cran qui mouille Martin Mbarga Ngu\u00e9l\u00e9 jusqu&rsquo;au cou"},"content":{"rendered":"<p><span style=\"color: #ff6600\"><strong>Africa-Press &#8211; Cameroun. <\/strong><\/span>Les journalistes Martinez Zogo et Jean Jacques Ola Be\u0301be\u0301 ont e\u0301te\u0301 tue\u0301s l\u2019un apre\u0300s l\u2019autre dans des conditions presqu\u2019identiques. Les deux (02) personnes ont e\u0301te\u0301 retrouve\u0301es mortes en l\u2019espace de quelques jours, apre\u0300s qu\u2019elles ont e\u0301te\u0301 pre\u0301alablement file\u0301es, kidnappe\u0301es et suffisamment bastonne\u0301es.<\/p>\n<p>Pour le cas Martinez Zogo, plusieurs suspects ont e\u0301te\u0301 interpelle\u0301s dans la foule\u0301e. Il y a entre autres le patron de la Direction ge\u0301ne\u0301rale de la recherche exte\u0301rieure (DGRE) Le\u0301opold Maxime Eko Eko et son bras droit Justin Danwe qui aurait conduit toute l\u2019ope\u0301ration sur le terrain.<\/p>\n<p>L\u2019homme d\u2019affaires Jean-Pierre Amougou Belinga a e\u0301galement e\u0301te\u0301 arre\u0302te\u0301. Tout comme ses collaborateurs Bruno Bidjang et Raymond Etoundi Nsoe. Ces deux (02) derniers ont e\u0301te\u0301 re\u0301cemment libe\u0301re\u0301s tandis que Le\u0301opold Maxime Eko Eko et Jean-Pierre Amougou Belinga ont e\u0301te\u0301 de\u0301pose\u0301s a\u0300 la prison principale de Yaounde\u0301.<\/p>\n<p>Justin Danwe et les e\u0301le\u0301ments de la DGRE a\u0300 qui il a fait appel pour suivre, kidnapper et torturer le directeur ge\u0301ne\u0301ral de la radio Amplitude FM Martinez Zogo, ont e\u0301te\u0301 eux envoye\u0301s dans une prison militaire compte tenu de leur fonction.<\/p>\n<p>En revanche, en ce qui concerne l\u2019homicide contre la personne du re\u0301ve\u0301rend pe\u0300re et animateur de radio Jean Jacques Ola Be\u0301be\u0301, rien n\u2019a fuite\u0301 en termes d\u2019enque\u0302te ou d\u2019investigation pour retrouver les auteurs de ce crime odieux, malgre\u0301 les confidences de sa femme qui a garanti que quelques jours avant la mort de son e\u0301poux, il lui a dit qu\u2019il e\u0301tait suivi et se sentait en danger.<\/p>\n<p>Sur les re\u0301seaux sociaux, Jean Jacques Ola Be\u0301be\u0301 a pris le soin d\u2019avertir l\u2019opinion publique nationale et internationale. Le 23 janvier 2023 exactement, il a e\u0301crit un message en re\u0301ponse a\u0300 une publication du lanceur d\u2019alertes Boris Bertolt. Celui-ci disait que le chef de la police et conseiller a\u0300 la pre\u0301sidence du Cameroun Martin Mbarga Ngue\u0301le\u0301 avait refuse\u0301 d\u2019apporter son aide a\u0300 Martinez Zogo qui est finalement de\u0301ce\u0301de\u0301.<\/p>\n<p>Jean Jacques Ola Be\u0301be\u0301 a alors re\u0301pondu que \u00ab les informateurs de la police et autres services de se\u0301curite\u0301 comprennent donc qu&rsquo;ils ne sont pas en se\u0301curite\u0301 malgre\u0301 les promesses de ces braqueurs de la fortune publique \u00bb.<\/p>\n<p>En re\u0301alite\u0301, a-t-il ajoute\u0301, \u00ab moi-me\u0302me re\u0301ve\u0301rend pe\u0300re Jean Jacques Ola Be\u0301be\u0301, j&rsquo;ai personnellement donne\u0301 des informations pointues au directeur ge\u0301ne\u0301ral a\u0300 la su\u0302rete\u0301 nationale monsieur Martin Mbarga Ngue\u0301le\u0301 qui m&rsquo;a mis en contact dans son bureau avec un commissaire de son cabinet pour les ope\u0301rations \u00bb.<\/p>\n<p>Mais par la suite, \u00ab ses collaborateurs sont partis dealer avec les dealers. Lorsque j&rsquo;ai de\u0301nonce\u0301 cela, ils ont commence\u0301 a\u0300 me traquer dans toute la ville. Je crois que l&rsquo;heure est arrive\u0301e pour que je sorte des e\u0301le\u0301ments clairs sur cette histoire. Amen \u00bb. Quelques jours plus tard, il a e\u0301te\u0301 retrouve\u0301 mort.<\/p>\n<p><strong>Pour plus d&rsquo;informations et d&rsquo;analyses sur la <a href=\"https:\/\/www.africa-press.net\/cameroun\">Cameroun<\/a>, suivez <a href=\"https:\/\/www.africa-press.net\/\">Africa-Press<\/a><\/strong><\/p>\n","protected":false},"excerpt":{"rendered":"<p>Africa-Press &#8211; Cameroun. Les journalistes Martinez Zogo et Jean Jacques Ola Be\u0301be\u0301 ont e\u0301te\u0301 tue\u0301s l\u2019un apre\u0300s l\u2019autre dans des conditions presqu\u2019identiques. Les deux (02) personnes ont e\u0301te\u0301 retrouve\u0301es mortes en l\u2019espace de quelques jours, apre\u0300s qu\u2019elles ont e\u0301te\u0301 pre\u0301alablement file\u0301es, kidnappe\u0301es et suffisamment bastonne\u0301es. Pour le cas Martinez Zogo, plusieurs suspects ont e\u0301te\u0301 interpelle\u0301s [&hellip;]<\/p>\n","protected":false},"author":82,"featured_media":38583,"comment_status":"open","ping_status":"closed","sticky":false,"template":"","format":"standard","meta":{"footnotes":""},"categories":[2,10],"tags":[36,50,49],"class_list":["post-38584","post","type-post","status-publish","format-standard","has-post-thumbnail","hentry","category-politique","category-toutes-les-actualites","tag-africa-press","tag-africa-press-cameroun","tag-cameroun"],"yoast_head":"<!-- This site is optimized with the Yoast SEO Premium plugin v26.1 (Yoast SEO v27.0) - https:\/\/yoast.com\/product\/yoast-seo-premium-wordpress\/ -->\n<title>Assassinat de journalistes : cette capture d&#039;\u00e9cran qui mouille Martin Mbarga Ngu\u00e9l\u00e9 jusqu&#039;au cou - Cameroun<\/title>\n<meta name=\"robots\" content=\"index, follow, max-snippet:-1, max-image-preview:large, max-video-preview:-1\" \/>\n<link rel=\"canonical\" href=\"https:\/\/www.africa-press.net\/cameroun\/politique\/assassinat-de-journalistes-cette-capture-decran-qui-mouille-martin-mbarga-nguele-jusquau-cou\" \/>\n<meta property=\"og:locale\" content=\"fr_FR\" \/>\n<meta property=\"og:type\" content=\"article\" \/>\n<meta property=\"og:title\" content=\"Assassinat de journalistes : cette capture d&#039;\u00e9cran qui mouille Martin Mbarga Ngu\u00e9l\u00e9 jusqu&#039;au cou\" \/>\n<meta property=\"og:description\" content=\"Africa-Press &#8211; Cameroun. Les journalistes Martinez Zogo et Jean Jacques Ola Be\u0301be\u0301 ont e\u0301te\u0301 tue\u0301s l\u2019un apre\u0300s l\u2019autre dans des conditions presqu\u2019identiques. Les deux (02) personnes ont e\u0301te\u0301 retrouve\u0301es mortes en l\u2019espace de quelques jours, apre\u0300s qu\u2019elles ont e\u0301te\u0301 pre\u0301alablement file\u0301es, kidnappe\u0301es et suffisamment bastonne\u0301es. Pour le cas Martinez Zogo, plusieurs suspects ont e\u0301te\u0301 interpelle\u0301s [&hellip;]\" \/>\n<meta property=\"og:url\" content=\"https:\/\/www.africa-press.net\/cameroun\/politique\/assassinat-de-journalistes-cette-capture-decran-qui-mouille-martin-mbarga-nguele-jusquau-cou\" \/>\n<meta property=\"og:site_name\" content=\"Cameroun\" \/>\n<meta property=\"article:published_time\" content=\"2023-03-08T12:39:02+00:00\" \/>\n<meta name=\"author\" content=\"cfeditorfr\" \/>\n<meta name=\"twitter:card\" content=\"summary_large_image\" \/>\n<meta name=\"twitter:label1\" content=\"\u00c9crit par\" \/>\n\t<meta name=\"twitter:data1\" content=\"cfeditorfr\" \/>\n\t<meta name=\"twitter:label2\" content=\"Dur\u00e9e de lecture estim\u00e9e\" \/>\n\t<meta name=\"twitter:data2\" content=\"3 minutes\" \/>\n<script type=\"application\/ld+json\" class=\"yoast-schema-graph\">{\"@context\":\"https:\/\/schema.org\",\"@graph\":[{\"@type\":\"Article\",\"@id\":\"https:\/\/www.africa-press.net\/cameroun\/politique\/assassinat-de-journalistes-cette-capture-decran-qui-mouille-martin-mbarga-nguele-jusquau-cou#article\",\"isPartOf\":{\"@id\":\"https:\/\/www.africa-press.net\/cameroun\/politique\/assassinat-de-journalistes-cette-capture-decran-qui-mouille-martin-mbarga-nguele-jusquau-cou\"},\"author\":{\"name\":\"cfeditorfr\",\"@id\":\"https:\/\/www.africa-press.net\/cameroun\/#\/schema\/person\/2b1cf3cd81a31e3cd26889ca66d677f1\"},\"headline\":\"Assassinat de journalistes : cette capture d&rsquo;\u00e9cran qui mouille Martin Mbarga Ngu\u00e9l\u00e9 jusqu&rsquo;au cou\",\"datePublished\":\"2023-03-08T12:39:02+00:00\",\"mainEntityOfPage\":{\"@id\":\"https:\/\/www.africa-press.net\/cameroun\/politique\/assassinat-de-journalistes-cette-capture-decran-qui-mouille-martin-mbarga-nguele-jusquau-cou\"},\"wordCount\":566,\"commentCount\":0,\"image\":{\"@id\":\"https:\/\/www.africa-press.net\/cameroun\/politique\/assassinat-de-journalistes-cette-capture-decran-qui-mouille-martin-mbarga-nguele-jusquau-cou#primaryimage\"},\"thumbnailUrl\":\"https:\/\/static.africa-press.net\/cameroun\/sites\/57\/2023\/03\/postQueueImg_1678266546.54.jpg\",\"keywords\":[\"Africa Press\",\"Africa Press-Cameroun\",\"Cameroun\"],\"articleSection\":[\"Politique\",\"Toutes les actualit\u00e9s\"],\"inLanguage\":\"fr-FR\",\"potentialAction\":[{\"@type\":\"CommentAction\",\"name\":\"Comment\",\"target\":[\"https:\/\/www.africa-press.net\/cameroun\/politique\/assassinat-de-journalistes-cette-capture-decran-qui-mouille-martin-mbarga-nguele-jusquau-cou#respond\"]}]},{\"@type\":\"WebPage\",\"@id\":\"https:\/\/www.africa-press.net\/cameroun\/politique\/assassinat-de-journalistes-cette-capture-decran-qui-mouille-martin-mbarga-nguele-jusquau-cou\",\"url\":\"https:\/\/www.africa-press.net\/cameroun\/politique\/assassinat-de-journalistes-cette-capture-decran-qui-mouille-martin-mbarga-nguele-jusquau-cou\",\"name\":\"Assassinat de journalistes : cette capture d'\u00e9cran qui mouille Martin Mbarga Ngu\u00e9l\u00e9 jusqu'au cou - Cameroun\",\"isPartOf\":{\"@id\":\"https:\/\/www.africa-press.net\/cameroun\/#website\"},\"primaryImageOfPage\":{\"@id\":\"https:\/\/www.africa-press.net\/cameroun\/politique\/assassinat-de-journalistes-cette-capture-decran-qui-mouille-martin-mbarga-nguele-jusquau-cou#primaryimage\"},\"image\":{\"@id\":\"https:\/\/www.africa-press.net\/cameroun\/politique\/assassinat-de-journalistes-cette-capture-decran-qui-mouille-martin-mbarga-nguele-jusquau-cou#primaryimage\"},\"thumbnailUrl\":\"https:\/\/static.africa-press.net\/cameroun\/sites\/57\/2023\/03\/postQueueImg_1678266546.54.jpg\",\"datePublished\":\"2023-03-08T12:39:02+00:00\",\"author\":{\"@id\":\"https:\/\/www.africa-press.net\/cameroun\/#\/schema\/person\/2b1cf3cd81a31e3cd26889ca66d677f1\"},\"breadcrumb\":{\"@id\":\"https:\/\/www.africa-press.net\/cameroun\/politique\/assassinat-de-journalistes-cette-capture-decran-qui-mouille-martin-mbarga-nguele-jusquau-cou#breadcrumb\"},\"inLanguage\":\"fr-FR\",\"potentialAction\":[{\"@type\":\"ReadAction\",\"target\":[\"https:\/\/www.africa-press.net\/cameroun\/politique\/assassinat-de-journalistes-cette-capture-decran-qui-mouille-martin-mbarga-nguele-jusquau-cou\"]}]},{\"@type\":\"ImageObject\",\"inLanguage\":\"fr-FR\",\"@id\":\"https:\/\/www.africa-press.net\/cameroun\/politique\/assassinat-de-journalistes-cette-capture-decran-qui-mouille-martin-mbarga-nguele-jusquau-cou#primaryimage\",\"url\":\"https:\/\/static.africa-press.net\/cameroun\/sites\/57\/2023\/03\/postQueueImg_1678266546.54.jpg\",\"contentUrl\":\"https:\/\/static.africa-press.net\/cameroun\/sites\/57\/2023\/03\/postQueueImg_1678266546.54.jpg\",\"width\":720,\"height\":470,\"caption\":\"Assassinat de journalistes : cette capture d'\u00e9cran qui mouille Martin Mbarga Ngu\u00e9l\u00e9 jusqu'au cou\"},{\"@type\":\"BreadcrumbList\",\"@id\":\"https:\/\/www.africa-press.net\/cameroun\/politique\/assassinat-de-journalistes-cette-capture-decran-qui-mouille-martin-mbarga-nguele-jusquau-cou#breadcrumb\",\"itemListElement\":[{\"@type\":\"ListItem\",\"position\":1,\"name\":\"Accueil\",\"item\":\"https:\/\/www.africa-press.net\/cameroun\/\"},{\"@type\":\"ListItem\",\"position\":2,\"name\":\"Assassinat de journalistes : cette capture d&rsquo;\u00e9cran qui mouille Martin Mbarga Ngu\u00e9l\u00e9 jusqu&rsquo;au cou\"}]},{\"@type\":\"WebSite\",\"@id\":\"https:\/\/www.africa-press.net\/cameroun\/#website\",\"url\":\"https:\/\/www.africa-press.net\/cameroun\/\",\"name\":\"Cameroun\",\"description\":\"Just another Africa News Agency Sites site\",\"potentialAction\":[{\"@type\":\"SearchAction\",\"target\":{\"@type\":\"EntryPoint\",\"urlTemplate\":\"https:\/\/www.africa-press.net\/cameroun\/?s={search_term_string}\"},\"query-input\":{\"@type\":\"PropertyValueSpecification\",\"valueRequired\":true,\"valueName\":\"search_term_string\"}}],\"inLanguage\":\"fr-FR\"},{\"@type\":\"Person\",\"@id\":\"https:\/\/www.africa-press.net\/cameroun\/#\/schema\/person\/2b1cf3cd81a31e3cd26889ca66d677f1\",\"name\":\"cfeditorfr\"}]}<\/script>\n<!-- \/ Yoast SEO Premium plugin. -->","yoast_head_json":{"title":"Assassinat de journalistes : cette capture d'\u00e9cran qui mouille Martin Mbarga Ngu\u00e9l\u00e9 jusqu'au cou - Cameroun","robots":{"index":"index","follow":"follow","max-snippet":"max-snippet:-1","max-image-preview":"max-image-preview:large","max-video-preview":"max-video-preview:-1"},"canonical":"https:\/\/www.africa-press.net\/cameroun\/politique\/assassinat-de-journalistes-cette-capture-decran-qui-mouille-martin-mbarga-nguele-jusquau-cou","og_locale":"fr_FR","og_type":"article","og_title":"Assassinat de journalistes : cette capture d'\u00e9cran qui mouille Martin Mbarga Ngu\u00e9l\u00e9 jusqu'au cou","og_description":"Africa-Press &#8211; Cameroun. Les journalistes Martinez Zogo et Jean Jacques Ola Be\u0301be\u0301 ont e\u0301te\u0301 tue\u0301s l\u2019un apre\u0300s l\u2019autre dans des conditions presqu\u2019identiques. Les deux (02) personnes ont e\u0301te\u0301 retrouve\u0301es mortes en l\u2019espace de quelques jours, apre\u0300s qu\u2019elles ont e\u0301te\u0301 pre\u0301alablement file\u0301es, kidnappe\u0301es et suffisamment bastonne\u0301es. Pour le cas Martinez Zogo, plusieurs suspects ont e\u0301te\u0301 interpelle\u0301s [&hellip;]","og_url":"https:\/\/www.africa-press.net\/cameroun\/politique\/assassinat-de-journalistes-cette-capture-decran-qui-mouille-martin-mbarga-nguele-jusquau-cou","og_site_name":"Cameroun","article_published_time":"2023-03-08T12:39:02+00:00","author":"cfeditorfr","twitter_card":"summary_large_image","twitter_misc":{"\u00c9crit par":"cfeditorfr","Dur\u00e9e de lecture estim\u00e9e":"3 minutes"},"schema":{"@context":"https:\/\/schema.org","@graph":[{"@type":"Article","@id":"https:\/\/www.africa-press.net\/cameroun\/politique\/assassinat-de-journalistes-cette-capture-decran-qui-mouille-martin-mbarga-nguele-jusquau-cou#article","isPartOf":{"@id":"https:\/\/www.africa-press.net\/cameroun\/politique\/assassinat-de-journalistes-cette-capture-decran-qui-mouille-martin-mbarga-nguele-jusquau-cou"},"author":{"name":"cfeditorfr","@id":"https:\/\/www.africa-press.net\/cameroun\/#\/schema\/person\/2b1cf3cd81a31e3cd26889ca66d677f1"},"headline":"Assassinat de journalistes : cette capture d&rsquo;\u00e9cran qui mouille Martin Mbarga Ngu\u00e9l\u00e9 jusqu&rsquo;au cou","datePublished":"2023-03-08T12:39:02+00:00","mainEntityOfPage":{"@id":"https:\/\/www.africa-press.net\/cameroun\/politique\/assassinat-de-journalistes-cette-capture-decran-qui-mouille-martin-mbarga-nguele-jusquau-cou"},"wordCount":566,"commentCount":0,"image":{"@id":"https:\/\/www.africa-press.net\/cameroun\/politique\/assassinat-de-journalistes-cette-capture-decran-qui-mouille-martin-mbarga-nguele-jusquau-cou#primaryimage"},"thumbnailUrl":"https:\/\/static.africa-press.net\/cameroun\/sites\/57\/2023\/03\/postQueueImg_1678266546.54.jpg","keywords":["Africa Press","Africa Press-Cameroun","Cameroun"],"articleSection":["Politique","Toutes les actualit\u00e9s"],"inLanguage":"fr-FR","potentialAction":[{"@type":"CommentAction","name":"Comment","target":["https:\/\/www.africa-press.net\/cameroun\/politique\/assassinat-de-journalistes-cette-capture-decran-qui-mouille-martin-mbarga-nguele-jusquau-cou#respond"]}]},{"@type":"WebPage","@id":"https:\/\/www.africa-press.net\/cameroun\/politique\/assassinat-de-journalistes-cette-capture-decran-qui-mouille-martin-mbarga-nguele-jusquau-cou","url":"https:\/\/www.africa-press.net\/cameroun\/politique\/assassinat-de-journalistes-cette-capture-decran-qui-mouille-martin-mbarga-nguele-jusquau-cou","name":"Assassinat de journalistes : cette capture d'\u00e9cran qui mouille Martin Mbarga Ngu\u00e9l\u00e9 jusqu'au cou - Cameroun","isPartOf":{"@id":"https:\/\/www.africa-press.net\/cameroun\/#website"},"primaryImageOfPage":{"@id":"https:\/\/www.africa-press.net\/cameroun\/politique\/assassinat-de-journalistes-cette-capture-decran-qui-mouille-martin-mbarga-nguele-jusquau-cou#primaryimage"},"image":{"@id":"https:\/\/www.africa-press.net\/cameroun\/politique\/assassinat-de-journalistes-cette-capture-decran-qui-mouille-martin-mbarga-nguele-jusquau-cou#primaryimage"},"thumbnailUrl":"https:\/\/static.africa-press.net\/cameroun\/sites\/57\/2023\/03\/postQueueImg_1678266546.54.jpg","datePublished":"2023-03-08T12:39:02+00:00","author":{"@id":"https:\/\/www.africa-press.net\/cameroun\/#\/schema\/person\/2b1cf3cd81a31e3cd26889ca66d677f1"},"breadcrumb":{"@id":"https:\/\/www.africa-press.net\/cameroun\/politique\/assassinat-de-journalistes-cette-capture-decran-qui-mouille-martin-mbarga-nguele-jusquau-cou#breadcrumb"},"inLanguage":"fr-FR","potentialAction":[{"@type":"ReadAction","target":["https:\/\/www.africa-press.net\/cameroun\/politique\/assassinat-de-journalistes-cette-capture-decran-qui-mouille-martin-mbarga-nguele-jusquau-cou"]}]},{"@type":"ImageObject","inLanguage":"fr-FR","@id":"https:\/\/www.africa-press.net\/cameroun\/politique\/assassinat-de-journalistes-cette-capture-decran-qui-mouille-martin-mbarga-nguele-jusquau-cou#primaryimage","url":"https:\/\/static.africa-press.net\/cameroun\/sites\/57\/2023\/03\/postQueueImg_1678266546.54.jpg","contentUrl":"https:\/\/static.africa-press.net\/cameroun\/sites\/57\/2023\/03\/postQueueImg_1678266546.54.jpg","width":720,"height":470,"caption":"Assassinat de journalistes : cette capture d'\u00e9cran qui mouille Martin Mbarga Ngu\u00e9l\u00e9 jusqu'au cou"},{"@type":"BreadcrumbList","@id":"https:\/\/www.africa-press.net\/cameroun\/politique\/assassinat-de-journalistes-cette-capture-decran-qui-mouille-martin-mbarga-nguele-jusquau-cou#breadcrumb","itemListElement":[{"@type":"ListItem","position":1,"name":"Accueil","item":"https:\/\/www.africa-press.net\/cameroun\/"},{"@type":"ListItem","position":2,"name":"Assassinat de journalistes : cette capture d&rsquo;\u00e9cran qui mouille Martin Mbarga Ngu\u00e9l\u00e9 jusqu&rsquo;au cou"}]},{"@type":"WebSite","@id":"https:\/\/www.africa-press.net\/cameroun\/#website","url":"https:\/\/www.africa-press.net\/cameroun\/","name":"Cameroun","description":"Just another Africa News Agency Sites site","potentialAction":[{"@type":"SearchAction","target":{"@type":"EntryPoint","urlTemplate":"https:\/\/www.africa-press.net\/cameroun\/?s={search_term_string}"},"query-input":{"@type":"PropertyValueSpecification","valueRequired":true,"valueName":"search_term_string"}}],"inLanguage":"fr-FR"},{"@type":"Person","@id":"https:\/\/www.africa-press.net\/cameroun\/#\/schema\/person\/2b1cf3cd81a31e3cd26889ca66d677f1","name":"cfeditorfr"}]}},"_links":{"self":[{"href":"https:\/\/www.africa-press.net\/cameroun\/wp-json\/wp\/v2\/posts\/38584","targetHints":{"allow":["GET"]}}],"collection":[{"href":"https:\/\/www.africa-press.net\/cameroun\/wp-json\/wp\/v2\/posts"}],"about":[{"href":"https:\/\/www.africa-press.net\/cameroun\/wp-json\/wp\/v2\/types\/post"}],"author":[{"embeddable":true,"href":"https:\/\/www.africa-press.net\/cameroun\/wp-json\/wp\/v2\/users\/82"}],"replies":[{"embeddable":true,"href":"https:\/\/www.africa-press.net\/cameroun\/wp-json\/wp\/v2\/comments?post=38584"}],"version-history":[{"count":0,"href":"https:\/\/www.africa-press.net\/cameroun\/wp-json\/wp\/v2\/posts\/38584\/revisions"}],"wp:featuredmedia":[{"embeddable":true,"href":"https:\/\/www.africa-press.net\/cameroun\/wp-json\/wp\/v2\/media\/38583"}],"wp:attachment":[{"href":"https:\/\/www.africa-press.net\/cameroun\/wp-json\/wp\/v2\/media?parent=38584"}],"wp:term":[{"taxonomy":"category","embeddable":true,"href":"https:\/\/www.africa-press.net\/cameroun\/wp-json\/wp\/v2\/categories?post=38584"},{"taxonomy":"post_tag","embeddable":true,"href":"https:\/\/www.africa-press.net\/cameroun\/wp-json\/wp\/v2\/tags?post=38584"}],"curies":[{"name":"wp","href":"https:\/\/api.w.org\/{rel}","templated":true}]}}