{"id":38588,"date":"2023-03-08T12:39:08","date_gmt":"2023-03-08T12:39:08","guid":{"rendered":"https:\/\/www.africa-press.net\/cameroun\/politique\/non-execution-dun-ordre-direct-de-paul-biya-une-lettre-pointe-du-doigt-laurent-esso-dans-une-affaire-sensible"},"modified":"2023-03-08T12:39:08","modified_gmt":"2023-03-08T12:39:08","slug":"non-execution-dun-ordre-direct-de-paul-biya-une-lettre-pointe-du-doigt-laurent-esso-dans-une-affaire-sensible","status":"publish","type":"post","link":"https:\/\/www.africa-press.net\/cameroun\/toutes-les-actualites\/non-execution-dun-ordre-direct-de-paul-biya-une-lettre-pointe-du-doigt-laurent-esso-dans-une-affaire-sensible","title":{"rendered":"Non-ex\u00e9cution d\u2019un ordre direct de Paul Biya : une lettre pointe du doigt Laurent Esso dans une affaire sensible"},"content":{"rendered":"<p><span style=\"color: #ff6600\"><strong>Africa-Press &#8211; Cameroun. <\/strong><\/span>Une lettre vient de tomber sur la table du Ministre de la justice, Laurent Esso avec de graves accusations.<\/p>\n<p>La lettre en question vient du \u00ab Mouvement de Fe\u0301vrier 2008 au Cameroun \u00bb, une association base\u0301e en Belgique.<\/p>\n<p>Pendant les e\u0301meutes de fe\u0301vrier 2008, plusieurs jeunes ont e\u0301te\u0301 mis en de\u0301tention. Ensuite, peu de temps apre\u0300s, le Chef d\u2019Etat a signe\u0301 un de\u0301cret pour leur libe\u0301ration. L\u2019ordre a e\u0301te\u0301 exe\u0301cute\u0301 mais pas totalement. Le ministre a fait libe\u0301rer certains jeunes et pas d\u2019autres.<\/p>\n<p>Depuis 15 ans, trois jeunes seraient toujours incarce\u0301re\u0301s alors que Paul Biya avait ordonne\u0301 la libe\u0301ration de chacun d\u2019eux. L\u2019association veut donc des explications tout en re\u0301clamant la libe\u0301ration des jeunes qui \u00ab croupissent toujours a\u0300 la prison de New-Bel jusqu\u2019a\u0300 ce jour \u00bb<\/p>\n<p>A Monsieur Laurent ESSO, Ministre d\u2019Etat, Ministre de la Justice, Garde des Sceaux Yaounde\u0301 Cameroun<\/p>\n<p>Objet : Reque\u0302te aux fins d\u2019informations sur l&rsquo;incarce\u0301ration abusive de trois Camerounais a\u0300 la prison de New-Bell, Douala depuis la fin des e\u0301meutes de fe\u0301vrier 2008<\/p>\n<p>Monsieur le Ministre,<\/p>\n<p>Nous (Mouvement de Fe\u0301vrier 2008 au Cameroun, association base\u0301e en Belgique) sollicitons votre intime attention, pour vous rappeler le cas des nomme\u0301s Siakam Jean Marie, Fankem Marius, Amadou Mouminou, dont nous aimerions avoir une ide\u0301e des actions entreprises par votre institution pour leur libe\u0301ration.<\/p>\n<p>Il ressort en effet de la demande d\u2019intervention qui nous a e\u0301te\u0301 adresse\u0301e, des faits d\u2019une gravite\u0301 extre\u0302me ayant prive\u0301 ces citoyens de liberte\u0301 accompagne\u0301s de tortures.<\/p>\n<p>En effet pendant le mouvement populaire ayant secoue\u0301 notre pays en Fe\u0301vrier 2008, plusieurs jeunes furent arre\u0302te\u0301s et incarce\u0301re\u0301s un peu partout dans la re\u0301publique.<\/p>\n<p>Peu de temps apre\u0300s, le pre\u0301sident de la re\u0301publique signa un De\u0301cret pour les amnistier et demander leur remise en liberte\u0301. Plusieurs be\u0301ne\u0301ficie\u0300rent de cette mesure a\u0300 l\u2019exception des nomme\u0301s Siakam Jean Marie, Fankem Marius et Amadou Mouminou, qui croupissent toujours a\u0300 la prison de New-Bell jusqu&rsquo;a\u0300 ce jour.<\/p>\n<p>Monsieur le Ministre,<\/p>\n<p>Notre incompre\u0301hension est grande face a\u0300 cette souffrance inflige\u0301e a\u0300 ces jeunes depuis plus de quinze ans alors qu&rsquo;ils auraient pu comme leur camarades be\u0301ne\u0301ficier de cette mesure du chef de l\u2019E\u0301tat.<\/p>\n<p>Ce de\u0301cret ne s&rsquo;appliquait-il pas a\u0300 tous ces jeunes arre\u0302te\u0301s pendant ce mouvement d\u2019humeur ?<\/p>\n<p>C&rsquo;est en votre qualite\u0301 de Ministre de la justice que nous vous interpellons afin que vous puissiez vous saisir de cette situation et qu&rsquo;une issue tre\u0300s rapide pour ces jeunes en souffrance soit trouve\u0301e.<\/p>\n<p>Monsieur le Ministre,<\/p>\n<p>Convaincu que vous saurez mener une action afin de leur re\u0301tablir dans leur Droit,<\/p>\n<p>Dans l\u2019attente croyez, Monsieur le Ministre, a\u0300 l\u2019assurance de notre conside\u0301ration citoyenne. \/.<\/p>\n<p>Fait le Bruxelles le 08 mars 2023.<\/p>\n<p>Pour le Mouvement de Fe\u0301vrier 2008<\/p>\n<p>Marcel TCHANGUE<\/p>\n<p>Administrateur<\/p>\n<p>Ampliations:<\/p>\n<p>&#8211; Pre\u0301sidence de la Re\u0301publique, Palais de l\u2019Unite\u0301. Fax (+ 237) 222 22 08 70<\/p>\n<p>&#8211; Premier Ministre, Fax : (+237) 222 23 57 65<\/p>\n<p>&#8211; Pre\u0301sident de la Commission Nationale des Droits de l\u2019Homme et des Liberte\u0301s du Cameroun (CNDHL). Fax: (+237) 222 22 60 82.<\/p>\n<p>Mouvement de Fe\u0301vrier 2008 au Cameroun<\/p>\n<p>Bruxelles, Belgique<\/p>\n<p><strong>Pour plus d&rsquo;informations et d&rsquo;analyses sur la <a href=\"https:\/\/www.africa-press.net\/cameroun\">Cameroun<\/a>, suivez <a href=\"https:\/\/www.africa-press.net\/\">Africa-Press<\/a><\/strong><\/p>\n","protected":false},"excerpt":{"rendered":"<p>Africa-Press &#8211; Cameroun. Une lettre vient de tomber sur la table du Ministre de la justice, Laurent Esso avec de graves accusations. La lettre en question vient du \u00ab Mouvement de Fe\u0301vrier 2008 au Cameroun \u00bb, une association base\u0301e en Belgique. Pendant les e\u0301meutes de fe\u0301vrier 2008, plusieurs jeunes ont e\u0301te\u0301 mis en de\u0301tention. Ensuite, [&hellip;]<\/p>\n","protected":false},"author":82,"featured_media":38586,"comment_status":"open","ping_status":"closed","sticky":false,"template":"","format":"standard","meta":{"footnotes":""},"categories":[21,10],"tags":[36,50,49],"class_list":["post-38588","post","type-post","status-publish","format-standard","has-post-thumbnail","hentry","category-communaute","category-toutes-les-actualites","tag-africa-press","tag-africa-press-cameroun","tag-cameroun"],"yoast_head":"<!-- This site is optimized with the Yoast SEO Premium plugin v26.1 (Yoast SEO v27.0) - https:\/\/yoast.com\/product\/yoast-seo-premium-wordpress\/ -->\n<title>Non-ex\u00e9cution d\u2019un ordre direct de Paul Biya : une lettre pointe du doigt Laurent Esso dans une affaire sensible - Cameroun<\/title>\n<meta name=\"robots\" content=\"index, follow, max-snippet:-1, max-image-preview:large, max-video-preview:-1\" \/>\n<link rel=\"canonical\" href=\"https:\/\/www.africa-press.net\/cameroun\/politique\/non-execution-dun-ordre-direct-de-paul-biya-une-lettre-pointe-du-doigt-laurent-esso-dans-une-affaire-sensible\" \/>\n<meta property=\"og:locale\" content=\"fr_FR\" \/>\n<meta property=\"og:type\" content=\"article\" \/>\n<meta property=\"og:title\" content=\"Non-ex\u00e9cution d\u2019un ordre direct de Paul Biya : une lettre pointe du doigt Laurent Esso dans une affaire sensible\" \/>\n<meta property=\"og:description\" content=\"Africa-Press &#8211; Cameroun. Une lettre vient de tomber sur la table du Ministre de la justice, Laurent Esso avec de graves accusations. La lettre en question vient du \u00ab Mouvement de Fe\u0301vrier 2008 au Cameroun \u00bb, une association base\u0301e en Belgique. Pendant les e\u0301meutes de fe\u0301vrier 2008, plusieurs jeunes ont e\u0301te\u0301 mis en de\u0301tention. Ensuite, [&hellip;]\" \/>\n<meta property=\"og:url\" content=\"https:\/\/www.africa-press.net\/cameroun\/politique\/non-execution-dun-ordre-direct-de-paul-biya-une-lettre-pointe-du-doigt-laurent-esso-dans-une-affaire-sensible\" \/>\n<meta property=\"og:site_name\" content=\"Cameroun\" \/>\n<meta property=\"article:published_time\" content=\"2023-03-08T12:39:08+00:00\" \/>\n<meta name=\"author\" content=\"cfeditorfr\" \/>\n<meta name=\"twitter:card\" content=\"summary_large_image\" \/>\n<meta name=\"twitter:label1\" content=\"\u00c9crit par\" \/>\n\t<meta name=\"twitter:data1\" content=\"cfeditorfr\" \/>\n\t<meta name=\"twitter:label2\" content=\"Dur\u00e9e de lecture estim\u00e9e\" \/>\n\t<meta name=\"twitter:data2\" content=\"3 minutes\" \/>\n<script type=\"application\/ld+json\" class=\"yoast-schema-graph\">{\"@context\":\"https:\/\/schema.org\",\"@graph\":[{\"@type\":\"Article\",\"@id\":\"https:\/\/www.africa-press.net\/cameroun\/politique\/non-execution-dun-ordre-direct-de-paul-biya-une-lettre-pointe-du-doigt-laurent-esso-dans-une-affaire-sensible#article\",\"isPartOf\":{\"@id\":\"https:\/\/www.africa-press.net\/cameroun\/politique\/non-execution-dun-ordre-direct-de-paul-biya-une-lettre-pointe-du-doigt-laurent-esso-dans-une-affaire-sensible\"},\"author\":{\"name\":\"cfeditorfr\",\"@id\":\"https:\/\/www.africa-press.net\/cameroun\/#\/schema\/person\/2b1cf3cd81a31e3cd26889ca66d677f1\"},\"headline\":\"Non-ex\u00e9cution d\u2019un ordre direct de Paul Biya : une lettre pointe du doigt Laurent Esso dans une affaire sensible\",\"datePublished\":\"2023-03-08T12:39:08+00:00\",\"mainEntityOfPage\":{\"@id\":\"https:\/\/www.africa-press.net\/cameroun\/politique\/non-execution-dun-ordre-direct-de-paul-biya-une-lettre-pointe-du-doigt-laurent-esso-dans-une-affaire-sensible\"},\"wordCount\":588,\"commentCount\":0,\"image\":{\"@id\":\"https:\/\/www.africa-press.net\/cameroun\/politique\/non-execution-dun-ordre-direct-de-paul-biya-une-lettre-pointe-du-doigt-laurent-esso-dans-une-affaire-sensible#primaryimage\"},\"thumbnailUrl\":\"https:\/\/static.africa-press.net\/cameroun\/sites\/57\/2023\/03\/postQueueImg_1678266551.82.jpg\",\"keywords\":[\"Africa Press\",\"Africa Press-Cameroun\",\"Cameroun\"],\"articleSection\":[\"Communaut\u00e9\",\"Toutes les actualit\u00e9s\"],\"inLanguage\":\"fr-FR\",\"potentialAction\":[{\"@type\":\"CommentAction\",\"name\":\"Comment\",\"target\":[\"https:\/\/www.africa-press.net\/cameroun\/politique\/non-execution-dun-ordre-direct-de-paul-biya-une-lettre-pointe-du-doigt-laurent-esso-dans-une-affaire-sensible#respond\"]}]},{\"@type\":\"WebPage\",\"@id\":\"https:\/\/www.africa-press.net\/cameroun\/politique\/non-execution-dun-ordre-direct-de-paul-biya-une-lettre-pointe-du-doigt-laurent-esso-dans-une-affaire-sensible\",\"url\":\"https:\/\/www.africa-press.net\/cameroun\/politique\/non-execution-dun-ordre-direct-de-paul-biya-une-lettre-pointe-du-doigt-laurent-esso-dans-une-affaire-sensible\",\"name\":\"Non-ex\u00e9cution d\u2019un ordre direct de Paul Biya : une lettre pointe du doigt Laurent Esso dans une affaire sensible - Cameroun\",\"isPartOf\":{\"@id\":\"https:\/\/www.africa-press.net\/cameroun\/#website\"},\"primaryImageOfPage\":{\"@id\":\"https:\/\/www.africa-press.net\/cameroun\/politique\/non-execution-dun-ordre-direct-de-paul-biya-une-lettre-pointe-du-doigt-laurent-esso-dans-une-affaire-sensible#primaryimage\"},\"image\":{\"@id\":\"https:\/\/www.africa-press.net\/cameroun\/politique\/non-execution-dun-ordre-direct-de-paul-biya-une-lettre-pointe-du-doigt-laurent-esso-dans-une-affaire-sensible#primaryimage\"},\"thumbnailUrl\":\"https:\/\/static.africa-press.net\/cameroun\/sites\/57\/2023\/03\/postQueueImg_1678266551.82.jpg\",\"datePublished\":\"2023-03-08T12:39:08+00:00\",\"author\":{\"@id\":\"https:\/\/www.africa-press.net\/cameroun\/#\/schema\/person\/2b1cf3cd81a31e3cd26889ca66d677f1\"},\"breadcrumb\":{\"@id\":\"https:\/\/www.africa-press.net\/cameroun\/politique\/non-execution-dun-ordre-direct-de-paul-biya-une-lettre-pointe-du-doigt-laurent-esso-dans-une-affaire-sensible#breadcrumb\"},\"inLanguage\":\"fr-FR\",\"potentialAction\":[{\"@type\":\"ReadAction\",\"target\":[\"https:\/\/www.africa-press.net\/cameroun\/politique\/non-execution-dun-ordre-direct-de-paul-biya-une-lettre-pointe-du-doigt-laurent-esso-dans-une-affaire-sensible\"]}]},{\"@type\":\"ImageObject\",\"inLanguage\":\"fr-FR\",\"@id\":\"https:\/\/www.africa-press.net\/cameroun\/politique\/non-execution-dun-ordre-direct-de-paul-biya-une-lettre-pointe-du-doigt-laurent-esso-dans-une-affaire-sensible#primaryimage\",\"url\":\"https:\/\/static.africa-press.net\/cameroun\/sites\/57\/2023\/03\/postQueueImg_1678266551.82.jpg\",\"contentUrl\":\"https:\/\/static.africa-press.net\/cameroun\/sites\/57\/2023\/03\/postQueueImg_1678266551.82.jpg\",\"width\":720,\"height\":360,\"caption\":\"Non-ex\u00e9cution d\u2019un ordre direct de Paul Biya : une lettre pointe du doigt Laurent Esso dans une affaire sensible\"},{\"@type\":\"BreadcrumbList\",\"@id\":\"https:\/\/www.africa-press.net\/cameroun\/politique\/non-execution-dun-ordre-direct-de-paul-biya-une-lettre-pointe-du-doigt-laurent-esso-dans-une-affaire-sensible#breadcrumb\",\"itemListElement\":[{\"@type\":\"ListItem\",\"position\":1,\"name\":\"Accueil\",\"item\":\"https:\/\/www.africa-press.net\/cameroun\/\"},{\"@type\":\"ListItem\",\"position\":2,\"name\":\"Non-ex\u00e9cution d\u2019un ordre direct de Paul Biya : une lettre pointe du doigt Laurent Esso dans une affaire sensible\"}]},{\"@type\":\"WebSite\",\"@id\":\"https:\/\/www.africa-press.net\/cameroun\/#website\",\"url\":\"https:\/\/www.africa-press.net\/cameroun\/\",\"name\":\"Cameroun\",\"description\":\"Just another Africa News Agency Sites site\",\"potentialAction\":[{\"@type\":\"SearchAction\",\"target\":{\"@type\":\"EntryPoint\",\"urlTemplate\":\"https:\/\/www.africa-press.net\/cameroun\/?s={search_term_string}\"},\"query-input\":{\"@type\":\"PropertyValueSpecification\",\"valueRequired\":true,\"valueName\":\"search_term_string\"}}],\"inLanguage\":\"fr-FR\"},{\"@type\":\"Person\",\"@id\":\"https:\/\/www.africa-press.net\/cameroun\/#\/schema\/person\/2b1cf3cd81a31e3cd26889ca66d677f1\",\"name\":\"cfeditorfr\"}]}<\/script>\n<!-- \/ Yoast SEO Premium plugin. -->","yoast_head_json":{"title":"Non-ex\u00e9cution d\u2019un ordre direct de Paul Biya : une lettre pointe du doigt Laurent Esso dans une affaire sensible - Cameroun","robots":{"index":"index","follow":"follow","max-snippet":"max-snippet:-1","max-image-preview":"max-image-preview:large","max-video-preview":"max-video-preview:-1"},"canonical":"https:\/\/www.africa-press.net\/cameroun\/politique\/non-execution-dun-ordre-direct-de-paul-biya-une-lettre-pointe-du-doigt-laurent-esso-dans-une-affaire-sensible","og_locale":"fr_FR","og_type":"article","og_title":"Non-ex\u00e9cution d\u2019un ordre direct de Paul Biya : une lettre pointe du doigt Laurent Esso dans une affaire sensible","og_description":"Africa-Press &#8211; Cameroun. Une lettre vient de tomber sur la table du Ministre de la justice, Laurent Esso avec de graves accusations. La lettre en question vient du \u00ab Mouvement de Fe\u0301vrier 2008 au Cameroun \u00bb, une association base\u0301e en Belgique. Pendant les e\u0301meutes de fe\u0301vrier 2008, plusieurs jeunes ont e\u0301te\u0301 mis en de\u0301tention. Ensuite, [&hellip;]","og_url":"https:\/\/www.africa-press.net\/cameroun\/politique\/non-execution-dun-ordre-direct-de-paul-biya-une-lettre-pointe-du-doigt-laurent-esso-dans-une-affaire-sensible","og_site_name":"Cameroun","article_published_time":"2023-03-08T12:39:08+00:00","author":"cfeditorfr","twitter_card":"summary_large_image","twitter_misc":{"\u00c9crit par":"cfeditorfr","Dur\u00e9e de lecture estim\u00e9e":"3 minutes"},"schema":{"@context":"https:\/\/schema.org","@graph":[{"@type":"Article","@id":"https:\/\/www.africa-press.net\/cameroun\/politique\/non-execution-dun-ordre-direct-de-paul-biya-une-lettre-pointe-du-doigt-laurent-esso-dans-une-affaire-sensible#article","isPartOf":{"@id":"https:\/\/www.africa-press.net\/cameroun\/politique\/non-execution-dun-ordre-direct-de-paul-biya-une-lettre-pointe-du-doigt-laurent-esso-dans-une-affaire-sensible"},"author":{"name":"cfeditorfr","@id":"https:\/\/www.africa-press.net\/cameroun\/#\/schema\/person\/2b1cf3cd81a31e3cd26889ca66d677f1"},"headline":"Non-ex\u00e9cution d\u2019un ordre direct de Paul Biya : une lettre pointe du doigt Laurent Esso dans une affaire sensible","datePublished":"2023-03-08T12:39:08+00:00","mainEntityOfPage":{"@id":"https:\/\/www.africa-press.net\/cameroun\/politique\/non-execution-dun-ordre-direct-de-paul-biya-une-lettre-pointe-du-doigt-laurent-esso-dans-une-affaire-sensible"},"wordCount":588,"commentCount":0,"image":{"@id":"https:\/\/www.africa-press.net\/cameroun\/politique\/non-execution-dun-ordre-direct-de-paul-biya-une-lettre-pointe-du-doigt-laurent-esso-dans-une-affaire-sensible#primaryimage"},"thumbnailUrl":"https:\/\/static.africa-press.net\/cameroun\/sites\/57\/2023\/03\/postQueueImg_1678266551.82.jpg","keywords":["Africa Press","Africa Press-Cameroun","Cameroun"],"articleSection":["Communaut\u00e9","Toutes les actualit\u00e9s"],"inLanguage":"fr-FR","potentialAction":[{"@type":"CommentAction","name":"Comment","target":["https:\/\/www.africa-press.net\/cameroun\/politique\/non-execution-dun-ordre-direct-de-paul-biya-une-lettre-pointe-du-doigt-laurent-esso-dans-une-affaire-sensible#respond"]}]},{"@type":"WebPage","@id":"https:\/\/www.africa-press.net\/cameroun\/politique\/non-execution-dun-ordre-direct-de-paul-biya-une-lettre-pointe-du-doigt-laurent-esso-dans-une-affaire-sensible","url":"https:\/\/www.africa-press.net\/cameroun\/politique\/non-execution-dun-ordre-direct-de-paul-biya-une-lettre-pointe-du-doigt-laurent-esso-dans-une-affaire-sensible","name":"Non-ex\u00e9cution d\u2019un ordre direct de Paul Biya : une lettre pointe du doigt Laurent Esso dans une affaire sensible - Cameroun","isPartOf":{"@id":"https:\/\/www.africa-press.net\/cameroun\/#website"},"primaryImageOfPage":{"@id":"https:\/\/www.africa-press.net\/cameroun\/politique\/non-execution-dun-ordre-direct-de-paul-biya-une-lettre-pointe-du-doigt-laurent-esso-dans-une-affaire-sensible#primaryimage"},"image":{"@id":"https:\/\/www.africa-press.net\/cameroun\/politique\/non-execution-dun-ordre-direct-de-paul-biya-une-lettre-pointe-du-doigt-laurent-esso-dans-une-affaire-sensible#primaryimage"},"thumbnailUrl":"https:\/\/static.africa-press.net\/cameroun\/sites\/57\/2023\/03\/postQueueImg_1678266551.82.jpg","datePublished":"2023-03-08T12:39:08+00:00","author":{"@id":"https:\/\/www.africa-press.net\/cameroun\/#\/schema\/person\/2b1cf3cd81a31e3cd26889ca66d677f1"},"breadcrumb":{"@id":"https:\/\/www.africa-press.net\/cameroun\/politique\/non-execution-dun-ordre-direct-de-paul-biya-une-lettre-pointe-du-doigt-laurent-esso-dans-une-affaire-sensible#breadcrumb"},"inLanguage":"fr-FR","potentialAction":[{"@type":"ReadAction","target":["https:\/\/www.africa-press.net\/cameroun\/politique\/non-execution-dun-ordre-direct-de-paul-biya-une-lettre-pointe-du-doigt-laurent-esso-dans-une-affaire-sensible"]}]},{"@type":"ImageObject","inLanguage":"fr-FR","@id":"https:\/\/www.africa-press.net\/cameroun\/politique\/non-execution-dun-ordre-direct-de-paul-biya-une-lettre-pointe-du-doigt-laurent-esso-dans-une-affaire-sensible#primaryimage","url":"https:\/\/static.africa-press.net\/cameroun\/sites\/57\/2023\/03\/postQueueImg_1678266551.82.jpg","contentUrl":"https:\/\/static.africa-press.net\/cameroun\/sites\/57\/2023\/03\/postQueueImg_1678266551.82.jpg","width":720,"height":360,"caption":"Non-ex\u00e9cution d\u2019un ordre direct de Paul Biya : une lettre pointe du doigt Laurent Esso dans une affaire sensible"},{"@type":"BreadcrumbList","@id":"https:\/\/www.africa-press.net\/cameroun\/politique\/non-execution-dun-ordre-direct-de-paul-biya-une-lettre-pointe-du-doigt-laurent-esso-dans-une-affaire-sensible#breadcrumb","itemListElement":[{"@type":"ListItem","position":1,"name":"Accueil","item":"https:\/\/www.africa-press.net\/cameroun\/"},{"@type":"ListItem","position":2,"name":"Non-ex\u00e9cution d\u2019un ordre direct de Paul Biya : une lettre pointe du doigt Laurent Esso dans une affaire sensible"}]},{"@type":"WebSite","@id":"https:\/\/www.africa-press.net\/cameroun\/#website","url":"https:\/\/www.africa-press.net\/cameroun\/","name":"Cameroun","description":"Just another Africa News Agency Sites site","potentialAction":[{"@type":"SearchAction","target":{"@type":"EntryPoint","urlTemplate":"https:\/\/www.africa-press.net\/cameroun\/?s={search_term_string}"},"query-input":{"@type":"PropertyValueSpecification","valueRequired":true,"valueName":"search_term_string"}}],"inLanguage":"fr-FR"},{"@type":"Person","@id":"https:\/\/www.africa-press.net\/cameroun\/#\/schema\/person\/2b1cf3cd81a31e3cd26889ca66d677f1","name":"cfeditorfr"}]}},"_links":{"self":[{"href":"https:\/\/www.africa-press.net\/cameroun\/wp-json\/wp\/v2\/posts\/38588","targetHints":{"allow":["GET"]}}],"collection":[{"href":"https:\/\/www.africa-press.net\/cameroun\/wp-json\/wp\/v2\/posts"}],"about":[{"href":"https:\/\/www.africa-press.net\/cameroun\/wp-json\/wp\/v2\/types\/post"}],"author":[{"embeddable":true,"href":"https:\/\/www.africa-press.net\/cameroun\/wp-json\/wp\/v2\/users\/82"}],"replies":[{"embeddable":true,"href":"https:\/\/www.africa-press.net\/cameroun\/wp-json\/wp\/v2\/comments?post=38588"}],"version-history":[{"count":0,"href":"https:\/\/www.africa-press.net\/cameroun\/wp-json\/wp\/v2\/posts\/38588\/revisions"}],"wp:featuredmedia":[{"embeddable":true,"href":"https:\/\/www.africa-press.net\/cameroun\/wp-json\/wp\/v2\/media\/38586"}],"wp:attachment":[{"href":"https:\/\/www.africa-press.net\/cameroun\/wp-json\/wp\/v2\/media?parent=38588"}],"wp:term":[{"taxonomy":"category","embeddable":true,"href":"https:\/\/www.africa-press.net\/cameroun\/wp-json\/wp\/v2\/categories?post=38588"},{"taxonomy":"post_tag","embeddable":true,"href":"https:\/\/www.africa-press.net\/cameroun\/wp-json\/wp\/v2\/tags?post=38588"}],"curies":[{"name":"wp","href":"https:\/\/api.w.org\/{rel}","templated":true}]}}