{"id":38596,"date":"2023-03-08T12:39:21","date_gmt":"2023-03-08T12:39:21","guid":{"rendered":"https:\/\/www.africa-press.net\/cameroun\/politique\/affaire-martinez-zogo-le-role-du-gouvernement-revele-au-grand-jour-des-tetes-vont-tomber-video"},"modified":"2023-03-08T22:03:39","modified_gmt":"2023-03-08T22:03:39","slug":"affaire-martinez-zogo-le-role-du-gouvernement-revele-au-grand-jour-des-tetes-vont-tomber-video","status":"publish","type":"post","link":"https:\/\/www.africa-press.net\/cameroun\/politique\/affaire-martinez-zogo-le-role-du-gouvernement-revele-au-grand-jour-des-tetes-vont-tomber-video","title":{"rendered":"Affaire Martinez ZOGO : le r\u00f4le du gouvernement r\u00e9v\u00e9l\u00e9 au grand jour, des t\u00eates vont tomber (vid\u00e9o)"},"content":{"rendered":"<p><span style=\"color: #ff6600\"><strong>Africa-Press &#8211; Cameroun. <\/strong><\/span>Un ministre de la Justice est cite\u0301 dans l&rsquo;assassinat sauvage d&rsquo;un journaliste. Il ne de\u0301ment rien et ne tente rien pour se laver de l&rsquo;infa\u0302me. Et celui qui l&rsquo;a nomme\u0301 ne juge pas ne\u0301cessaire de le de\u0301charger de ses fonctions pour lui permettre de se de\u0301fendre \u00bb ce fut une inquie\u0301tude du journaliste Jean-Bruno Tagne sur son compte Twitter il y a deux semaines lorsque le nom du ministre Laurent Esso avait e\u0301te\u0301 cite\u0301 dans l&rsquo;affaire Martinez Zogo.<\/p>\n<p>Recevant dans son e\u0301mission \u00ab\u00a0Autant le dire\u00a0\u00bb, le journaliste, directeur de publication de Lignes d\u2019horizon et auteur de \u00ab Cameroun : Chroniques d&rsquo;une de\u0301mocratie assiste\u0301e \u00bb paru aux e\u0301dition Ifrikiya, Valentin Zinga, la question justement de la part de responsabilite\u0301 du gouvernement dans l&rsquo;affaire Martinez Zogo a e\u0301te\u0301 souleve\u0301e et un accent particulier a e\u0301te\u0301 mis sur la communication de cette dernie\u0300re autour de l&rsquo;affaire.<\/p>\n<p>Les deux journalistes sont revenus sur le traitement par la presse camerounaise de l\u2019enque\u0302te sur l\u2019assassinat de Martinez Zogo, de la communication gouvernementale sur cette affaire et de la lutte pour la succession du pre\u0301sident Paul Biya, 90 ans, dont 41 ans de\u0301ja\u0300 passe\u0301s au pouvoir.<\/p>\n<p>Retour en vide\u0301o sur cette e\u0301mission qui aura tenu en haleine des internautes enchante\u0301s par le contenu des discussions des deux journalistes. L&rsquo;un de ces internautes a d&rsquo;ailleurs fe\u0301licite\u0301 les journalistes pour ces e\u0301changes.<\/p>\n<p>\u00ab Un vrai de\u0301lice quand on e\u0301coute Valentin Zinga. J&rsquo;e\u0301coute en boucle sa dernie\u0300re interview toujours avec Jean-Bruno Tagne dans laquelle l&rsquo;on de\u0301couvre la finesse de la parole et la passion pour son me\u0301tier. Les mots n&rsquo;ont de sens que si on est conscient de la charge symbolique qu&rsquo;ils portent, laquelle aide a\u0300 de\u0301crire sans complaisance les e\u0301garements de la socie\u0301te\u0301. Un tel esprit [Valentin Zinga] peut aider a\u0300 susciter des vocations. Bravo \u00bb a indique\u0301 l&rsquo;internaute en question.<\/p>\n<p><iframe loading=\"lazy\" title=\"Affaire Martinez Zogo : la communication gouvernementale en question\" width=\"696\" height=\"392\" src=\"https:\/\/www.youtube.com\/embed\/p8ot0UxzL1c?feature=oembed\" frameborder=\"0\" allow=\"accelerometer; autoplay; clipboard-write; encrypted-media; gyroscope; picture-in-picture; web-share\" allowfullscreen><\/iframe><\/p>\n<p><strong>Pour plus d&rsquo;informations et d&rsquo;analyses sur la <a href=\"https:\/\/www.africa-press.net\/cameroun\">Cameroun<\/a>, suivez <a href=\"https:\/\/www.africa-press.net\/\">Africa-Press<\/a><\/strong><\/p>\n","protected":false},"excerpt":{"rendered":"<p>Africa-Press &#8211; Cameroun. Un ministre de la Justice est cite\u0301 dans l&rsquo;assassinat sauvage d&rsquo;un journaliste. Il ne de\u0301ment rien et ne tente rien pour se laver de l&rsquo;infa\u0302me. Et celui qui l&rsquo;a nomme\u0301 ne juge pas ne\u0301cessaire de le de\u0301charger de ses fonctions pour lui permettre de se de\u0301fendre \u00bb ce fut une inquie\u0301tude du [&hellip;]<\/p>\n","protected":false},"author":82,"featured_media":38594,"comment_status":"open","ping_status":"closed","sticky":false,"template":"","format":"standard","meta":{"footnotes":""},"categories":[2,10,9],"tags":[36,50,49],"class_list":["post-38596","post","type-post","status-publish","format-standard","has-post-thumbnail","hentry","category-politique","category-toutes-les-actualites","category-video","tag-africa-press","tag-africa-press-cameroun","tag-cameroun"],"yoast_head":"<!-- This site is optimized with the Yoast SEO Premium plugin v26.1 (Yoast SEO v27.0) - https:\/\/yoast.com\/product\/yoast-seo-premium-wordpress\/ -->\n<title>Affaire Martinez ZOGO : le r\u00f4le du gouvernement r\u00e9v\u00e9l\u00e9 au grand jour, des t\u00eates vont tomber (vid\u00e9o) - Cameroun<\/title>\n<meta name=\"description\" content=\"Un ministre de la Justice est cite\u0301 dans l&#039;assassinat sauvage d&#039;un journaliste. Il ne de\u0301ment rien et ne tente rien pour ...\" \/>\n<meta name=\"robots\" content=\"index, follow, max-snippet:-1, max-image-preview:large, max-video-preview:-1\" \/>\n<link rel=\"canonical\" href=\"https:\/\/www.africa-press.net\/cameroun\/politique\/affaire-martinez-zogo-le-role-du-gouvernement-revele-au-grand-jour-des-tetes-vont-tomber-video\" \/>\n<meta property=\"og:locale\" content=\"fr_FR\" \/>\n<meta property=\"og:type\" content=\"article\" \/>\n<meta property=\"og:title\" content=\"Affaire Martinez ZOGO : le r\u00f4le du gouvernement r\u00e9v\u00e9l\u00e9 au grand jour, des t\u00eates vont tomber (vid\u00e9o)\" \/>\n<meta property=\"og:description\" content=\"Un ministre de la Justice est cite\u0301 dans l&#039;assassinat sauvage d&#039;un journaliste. Il ne de\u0301ment rien et ne tente rien pour ...\" \/>\n<meta property=\"og:url\" content=\"https:\/\/www.africa-press.net\/cameroun\/politique\/affaire-martinez-zogo-le-role-du-gouvernement-revele-au-grand-jour-des-tetes-vont-tomber-video\" \/>\n<meta property=\"og:site_name\" content=\"Cameroun\" \/>\n<meta property=\"article:published_time\" content=\"2023-03-08T12:39:21+00:00\" \/>\n<meta property=\"article:modified_time\" content=\"2023-03-08T22:03:39+00:00\" \/>\n<meta property=\"og:image\" content=\"https:\/\/static.africa-press.net\/cameroun\/sites\/57\/2023\/03\/postQueueImg_1678266565.66.jpg\" \/>\n\t<meta property=\"og:image:width\" content=\"720\" \/>\n\t<meta property=\"og:image:height\" content=\"440\" \/>\n\t<meta property=\"og:image:type\" content=\"image\/jpeg\" \/>\n<meta name=\"author\" content=\"cfeditorfr\" \/>\n<meta name=\"twitter:card\" content=\"summary_large_image\" \/>\n<meta name=\"twitter:label1\" content=\"\u00c9crit par\" \/>\n\t<meta name=\"twitter:data1\" content=\"cfeditorfr\" \/>\n\t<meta name=\"twitter:label2\" content=\"Dur\u00e9e de lecture estim\u00e9e\" \/>\n\t<meta name=\"twitter:data2\" content=\"2 minutes\" \/>\n<script type=\"application\/ld+json\" class=\"yoast-schema-graph\">{\"@context\":\"https:\/\/schema.org\",\"@graph\":[{\"@type\":\"Article\",\"@id\":\"https:\/\/www.africa-press.net\/cameroun\/politique\/affaire-martinez-zogo-le-role-du-gouvernement-revele-au-grand-jour-des-tetes-vont-tomber-video#article\",\"isPartOf\":{\"@id\":\"https:\/\/www.africa-press.net\/cameroun\/politique\/affaire-martinez-zogo-le-role-du-gouvernement-revele-au-grand-jour-des-tetes-vont-tomber-video\"},\"author\":{\"name\":\"cfeditorfr\",\"@id\":\"https:\/\/www.africa-press.net\/cameroun\/#\/schema\/person\/2b1cf3cd81a31e3cd26889ca66d677f1\"},\"headline\":\"Affaire Martinez ZOGO : le r\u00f4le du gouvernement r\u00e9v\u00e9l\u00e9 au grand jour, des t\u00eates vont tomber (vid\u00e9o)\",\"datePublished\":\"2023-03-08T12:39:21+00:00\",\"dateModified\":\"2023-03-08T22:03:39+00:00\",\"mainEntityOfPage\":{\"@id\":\"https:\/\/www.africa-press.net\/cameroun\/politique\/affaire-martinez-zogo-le-role-du-gouvernement-revele-au-grand-jour-des-tetes-vont-tomber-video\"},\"wordCount\":391,\"commentCount\":0,\"image\":{\"@id\":\"https:\/\/www.africa-press.net\/cameroun\/politique\/affaire-martinez-zogo-le-role-du-gouvernement-revele-au-grand-jour-des-tetes-vont-tomber-video#primaryimage\"},\"thumbnailUrl\":\"https:\/\/static.africa-press.net\/cameroun\/sites\/57\/2023\/03\/postQueueImg_1678266565.66.jpg\",\"keywords\":[\"Africa Press\",\"Africa Press-Cameroun\",\"Cameroun\"],\"articleSection\":[\"Politique\",\"Toutes les actualit\u00e9s\",\"vid\u00e9o\"],\"inLanguage\":\"fr-FR\",\"potentialAction\":[{\"@type\":\"CommentAction\",\"name\":\"Comment\",\"target\":[\"https:\/\/www.africa-press.net\/cameroun\/politique\/affaire-martinez-zogo-le-role-du-gouvernement-revele-au-grand-jour-des-tetes-vont-tomber-video#respond\"]}]},{\"@type\":\"WebPage\",\"@id\":\"https:\/\/www.africa-press.net\/cameroun\/politique\/affaire-martinez-zogo-le-role-du-gouvernement-revele-au-grand-jour-des-tetes-vont-tomber-video\",\"url\":\"https:\/\/www.africa-press.net\/cameroun\/politique\/affaire-martinez-zogo-le-role-du-gouvernement-revele-au-grand-jour-des-tetes-vont-tomber-video\",\"name\":\"Affaire Martinez ZOGO : le r\u00f4le du gouvernement r\u00e9v\u00e9l\u00e9 au grand jour, des t\u00eates vont tomber (vid\u00e9o) - Cameroun\",\"isPartOf\":{\"@id\":\"https:\/\/www.africa-press.net\/cameroun\/#website\"},\"primaryImageOfPage\":{\"@id\":\"https:\/\/www.africa-press.net\/cameroun\/politique\/affaire-martinez-zogo-le-role-du-gouvernement-revele-au-grand-jour-des-tetes-vont-tomber-video#primaryimage\"},\"image\":{\"@id\":\"https:\/\/www.africa-press.net\/cameroun\/politique\/affaire-martinez-zogo-le-role-du-gouvernement-revele-au-grand-jour-des-tetes-vont-tomber-video#primaryimage\"},\"thumbnailUrl\":\"https:\/\/static.africa-press.net\/cameroun\/sites\/57\/2023\/03\/postQueueImg_1678266565.66.jpg\",\"datePublished\":\"2023-03-08T12:39:21+00:00\",\"dateModified\":\"2023-03-08T22:03:39+00:00\",\"author\":{\"@id\":\"https:\/\/www.africa-press.net\/cameroun\/#\/schema\/person\/2b1cf3cd81a31e3cd26889ca66d677f1\"},\"description\":\"Un ministre de la Justice est cite\u0301 dans l'assassinat sauvage d'un journaliste. Il ne de\u0301ment rien et ne tente rien pour ...\",\"breadcrumb\":{\"@id\":\"https:\/\/www.africa-press.net\/cameroun\/politique\/affaire-martinez-zogo-le-role-du-gouvernement-revele-au-grand-jour-des-tetes-vont-tomber-video#breadcrumb\"},\"inLanguage\":\"fr-FR\",\"potentialAction\":[{\"@type\":\"ReadAction\",\"target\":[\"https:\/\/www.africa-press.net\/cameroun\/politique\/affaire-martinez-zogo-le-role-du-gouvernement-revele-au-grand-jour-des-tetes-vont-tomber-video\"]}]},{\"@type\":\"ImageObject\",\"inLanguage\":\"fr-FR\",\"@id\":\"https:\/\/www.africa-press.net\/cameroun\/politique\/affaire-martinez-zogo-le-role-du-gouvernement-revele-au-grand-jour-des-tetes-vont-tomber-video#primaryimage\",\"url\":\"https:\/\/static.africa-press.net\/cameroun\/sites\/57\/2023\/03\/postQueueImg_1678266565.66.jpg\",\"contentUrl\":\"https:\/\/static.africa-press.net\/cameroun\/sites\/57\/2023\/03\/postQueueImg_1678266565.66.jpg\",\"width\":720,\"height\":440,\"caption\":\"Affaire Martinez ZOGO : le r\u00f4le du gouvernement r\u00e9v\u00e9l\u00e9 au grand jour, des t\u00eates vont tomber (vid\u00e9o)\"},{\"@type\":\"BreadcrumbList\",\"@id\":\"https:\/\/www.africa-press.net\/cameroun\/politique\/affaire-martinez-zogo-le-role-du-gouvernement-revele-au-grand-jour-des-tetes-vont-tomber-video#breadcrumb\",\"itemListElement\":[{\"@type\":\"ListItem\",\"position\":1,\"name\":\"Accueil\",\"item\":\"https:\/\/www.africa-press.net\/cameroun\/\"},{\"@type\":\"ListItem\",\"position\":2,\"name\":\"Affaire Martinez ZOGO : le r\u00f4le du gouvernement r\u00e9v\u00e9l\u00e9 au grand jour, des t\u00eates vont tomber (vid\u00e9o)\"}]},{\"@type\":\"WebSite\",\"@id\":\"https:\/\/www.africa-press.net\/cameroun\/#website\",\"url\":\"https:\/\/www.africa-press.net\/cameroun\/\",\"name\":\"Cameroun\",\"description\":\"Just another Africa News Agency Sites site\",\"potentialAction\":[{\"@type\":\"SearchAction\",\"target\":{\"@type\":\"EntryPoint\",\"urlTemplate\":\"https:\/\/www.africa-press.net\/cameroun\/?s={search_term_string}\"},\"query-input\":{\"@type\":\"PropertyValueSpecification\",\"valueRequired\":true,\"valueName\":\"search_term_string\"}}],\"inLanguage\":\"fr-FR\"},{\"@type\":\"Person\",\"@id\":\"https:\/\/www.africa-press.net\/cameroun\/#\/schema\/person\/2b1cf3cd81a31e3cd26889ca66d677f1\",\"name\":\"cfeditorfr\"}]}<\/script>\n<!-- \/ Yoast SEO Premium plugin. -->","yoast_head_json":{"title":"Affaire Martinez ZOGO : le r\u00f4le du gouvernement r\u00e9v\u00e9l\u00e9 au grand jour, des t\u00eates vont tomber (vid\u00e9o) - Cameroun","description":"Un ministre de la Justice est cite\u0301 dans l'assassinat sauvage d'un journaliste. Il ne de\u0301ment rien et ne tente rien pour ...","robots":{"index":"index","follow":"follow","max-snippet":"max-snippet:-1","max-image-preview":"max-image-preview:large","max-video-preview":"max-video-preview:-1"},"canonical":"https:\/\/www.africa-press.net\/cameroun\/politique\/affaire-martinez-zogo-le-role-du-gouvernement-revele-au-grand-jour-des-tetes-vont-tomber-video","og_locale":"fr_FR","og_type":"article","og_title":"Affaire Martinez ZOGO : le r\u00f4le du gouvernement r\u00e9v\u00e9l\u00e9 au grand jour, des t\u00eates vont tomber (vid\u00e9o)","og_description":"Un ministre de la Justice est cite\u0301 dans l'assassinat sauvage d'un journaliste. Il ne de\u0301ment rien et ne tente rien pour ...","og_url":"https:\/\/www.africa-press.net\/cameroun\/politique\/affaire-martinez-zogo-le-role-du-gouvernement-revele-au-grand-jour-des-tetes-vont-tomber-video","og_site_name":"Cameroun","article_published_time":"2023-03-08T12:39:21+00:00","article_modified_time":"2023-03-08T22:03:39+00:00","og_image":[{"width":720,"height":440,"url":"https:\/\/static.africa-press.net\/cameroun\/sites\/57\/2023\/03\/postQueueImg_1678266565.66.jpg","type":"image\/jpeg"}],"author":"cfeditorfr","twitter_card":"summary_large_image","twitter_misc":{"\u00c9crit par":"cfeditorfr","Dur\u00e9e de lecture estim\u00e9e":"2 minutes"},"schema":{"@context":"https:\/\/schema.org","@graph":[{"@type":"Article","@id":"https:\/\/www.africa-press.net\/cameroun\/politique\/affaire-martinez-zogo-le-role-du-gouvernement-revele-au-grand-jour-des-tetes-vont-tomber-video#article","isPartOf":{"@id":"https:\/\/www.africa-press.net\/cameroun\/politique\/affaire-martinez-zogo-le-role-du-gouvernement-revele-au-grand-jour-des-tetes-vont-tomber-video"},"author":{"name":"cfeditorfr","@id":"https:\/\/www.africa-press.net\/cameroun\/#\/schema\/person\/2b1cf3cd81a31e3cd26889ca66d677f1"},"headline":"Affaire Martinez ZOGO : le r\u00f4le du gouvernement r\u00e9v\u00e9l\u00e9 au grand jour, des t\u00eates vont tomber (vid\u00e9o)","datePublished":"2023-03-08T12:39:21+00:00","dateModified":"2023-03-08T22:03:39+00:00","mainEntityOfPage":{"@id":"https:\/\/www.africa-press.net\/cameroun\/politique\/affaire-martinez-zogo-le-role-du-gouvernement-revele-au-grand-jour-des-tetes-vont-tomber-video"},"wordCount":391,"commentCount":0,"image":{"@id":"https:\/\/www.africa-press.net\/cameroun\/politique\/affaire-martinez-zogo-le-role-du-gouvernement-revele-au-grand-jour-des-tetes-vont-tomber-video#primaryimage"},"thumbnailUrl":"https:\/\/static.africa-press.net\/cameroun\/sites\/57\/2023\/03\/postQueueImg_1678266565.66.jpg","keywords":["Africa Press","Africa Press-Cameroun","Cameroun"],"articleSection":["Politique","Toutes les actualit\u00e9s","vid\u00e9o"],"inLanguage":"fr-FR","potentialAction":[{"@type":"CommentAction","name":"Comment","target":["https:\/\/www.africa-press.net\/cameroun\/politique\/affaire-martinez-zogo-le-role-du-gouvernement-revele-au-grand-jour-des-tetes-vont-tomber-video#respond"]}]},{"@type":"WebPage","@id":"https:\/\/www.africa-press.net\/cameroun\/politique\/affaire-martinez-zogo-le-role-du-gouvernement-revele-au-grand-jour-des-tetes-vont-tomber-video","url":"https:\/\/www.africa-press.net\/cameroun\/politique\/affaire-martinez-zogo-le-role-du-gouvernement-revele-au-grand-jour-des-tetes-vont-tomber-video","name":"Affaire Martinez ZOGO : le r\u00f4le du gouvernement r\u00e9v\u00e9l\u00e9 au grand jour, des t\u00eates vont tomber (vid\u00e9o) - Cameroun","isPartOf":{"@id":"https:\/\/www.africa-press.net\/cameroun\/#website"},"primaryImageOfPage":{"@id":"https:\/\/www.africa-press.net\/cameroun\/politique\/affaire-martinez-zogo-le-role-du-gouvernement-revele-au-grand-jour-des-tetes-vont-tomber-video#primaryimage"},"image":{"@id":"https:\/\/www.africa-press.net\/cameroun\/politique\/affaire-martinez-zogo-le-role-du-gouvernement-revele-au-grand-jour-des-tetes-vont-tomber-video#primaryimage"},"thumbnailUrl":"https:\/\/static.africa-press.net\/cameroun\/sites\/57\/2023\/03\/postQueueImg_1678266565.66.jpg","datePublished":"2023-03-08T12:39:21+00:00","dateModified":"2023-03-08T22:03:39+00:00","author":{"@id":"https:\/\/www.africa-press.net\/cameroun\/#\/schema\/person\/2b1cf3cd81a31e3cd26889ca66d677f1"},"description":"Un ministre de la Justice est cite\u0301 dans l'assassinat sauvage d'un journaliste. Il ne de\u0301ment rien et ne tente rien pour ...","breadcrumb":{"@id":"https:\/\/www.africa-press.net\/cameroun\/politique\/affaire-martinez-zogo-le-role-du-gouvernement-revele-au-grand-jour-des-tetes-vont-tomber-video#breadcrumb"},"inLanguage":"fr-FR","potentialAction":[{"@type":"ReadAction","target":["https:\/\/www.africa-press.net\/cameroun\/politique\/affaire-martinez-zogo-le-role-du-gouvernement-revele-au-grand-jour-des-tetes-vont-tomber-video"]}]},{"@type":"ImageObject","inLanguage":"fr-FR","@id":"https:\/\/www.africa-press.net\/cameroun\/politique\/affaire-martinez-zogo-le-role-du-gouvernement-revele-au-grand-jour-des-tetes-vont-tomber-video#primaryimage","url":"https:\/\/static.africa-press.net\/cameroun\/sites\/57\/2023\/03\/postQueueImg_1678266565.66.jpg","contentUrl":"https:\/\/static.africa-press.net\/cameroun\/sites\/57\/2023\/03\/postQueueImg_1678266565.66.jpg","width":720,"height":440,"caption":"Affaire Martinez ZOGO : le r\u00f4le du gouvernement r\u00e9v\u00e9l\u00e9 au grand jour, des t\u00eates vont tomber (vid\u00e9o)"},{"@type":"BreadcrumbList","@id":"https:\/\/www.africa-press.net\/cameroun\/politique\/affaire-martinez-zogo-le-role-du-gouvernement-revele-au-grand-jour-des-tetes-vont-tomber-video#breadcrumb","itemListElement":[{"@type":"ListItem","position":1,"name":"Accueil","item":"https:\/\/www.africa-press.net\/cameroun\/"},{"@type":"ListItem","position":2,"name":"Affaire Martinez ZOGO : le r\u00f4le du gouvernement r\u00e9v\u00e9l\u00e9 au grand jour, des t\u00eates vont tomber (vid\u00e9o)"}]},{"@type":"WebSite","@id":"https:\/\/www.africa-press.net\/cameroun\/#website","url":"https:\/\/www.africa-press.net\/cameroun\/","name":"Cameroun","description":"Just another Africa News Agency Sites site","potentialAction":[{"@type":"SearchAction","target":{"@type":"EntryPoint","urlTemplate":"https:\/\/www.africa-press.net\/cameroun\/?s={search_term_string}"},"query-input":{"@type":"PropertyValueSpecification","valueRequired":true,"valueName":"search_term_string"}}],"inLanguage":"fr-FR"},{"@type":"Person","@id":"https:\/\/www.africa-press.net\/cameroun\/#\/schema\/person\/2b1cf3cd81a31e3cd26889ca66d677f1","name":"cfeditorfr"}]}},"_links":{"self":[{"href":"https:\/\/www.africa-press.net\/cameroun\/wp-json\/wp\/v2\/posts\/38596","targetHints":{"allow":["GET"]}}],"collection":[{"href":"https:\/\/www.africa-press.net\/cameroun\/wp-json\/wp\/v2\/posts"}],"about":[{"href":"https:\/\/www.africa-press.net\/cameroun\/wp-json\/wp\/v2\/types\/post"}],"author":[{"embeddable":true,"href":"https:\/\/www.africa-press.net\/cameroun\/wp-json\/wp\/v2\/users\/82"}],"replies":[{"embeddable":true,"href":"https:\/\/www.africa-press.net\/cameroun\/wp-json\/wp\/v2\/comments?post=38596"}],"version-history":[{"count":0,"href":"https:\/\/www.africa-press.net\/cameroun\/wp-json\/wp\/v2\/posts\/38596\/revisions"}],"wp:featuredmedia":[{"embeddable":true,"href":"https:\/\/www.africa-press.net\/cameroun\/wp-json\/wp\/v2\/media\/38594"}],"wp:attachment":[{"href":"https:\/\/www.africa-press.net\/cameroun\/wp-json\/wp\/v2\/media?parent=38596"}],"wp:term":[{"taxonomy":"category","embeddable":true,"href":"https:\/\/www.africa-press.net\/cameroun\/wp-json\/wp\/v2\/categories?post=38596"},{"taxonomy":"post_tag","embeddable":true,"href":"https:\/\/www.africa-press.net\/cameroun\/wp-json\/wp\/v2\/tags?post=38596"}],"curies":[{"name":"wp","href":"https:\/\/api.w.org\/{rel}","templated":true}]}}