{"id":38597,"date":"2023-03-08T12:37:32","date_gmt":"2023-03-08T12:37:32","guid":{"rendered":"https:\/\/www.africa-press.net\/cameroun\/politique\/disparition-depuis-larrestation-et-lenvoie-damougou-belinga-a-kondengui-claude-abe-introuvable"},"modified":"2023-03-08T22:03:39","modified_gmt":"2023-03-08T22:03:39","slug":"disparition-depuis-larrestation-et-lenvoie-damougou-belinga-a-kondengui-claude-abe-introuvable","status":"publish","type":"post","link":"https:\/\/www.africa-press.net\/cameroun\/toutes-les-actualites\/disparition-depuis-larrestation-et-lenvoie-damougou-belinga-a-kondengui-claude-abe-introuvable","title":{"rendered":"Disparition: depuis l\u2019arrestation et l\u2019envoie d\u2019Amougou Belinga \u00e0 Kondengui, Claude Ab\u00e9 introuvable"},"content":{"rendered":"<p><span style=\"color: #ff6600\"><strong>Africa-Press &#8211; Cameroun. <\/strong><\/span>Arlette Framboise Doumbe Ding a ope\u0301re\u0301 n constat assez saisissant. Pour elle, depuis l\u2019arrestation d\u2019Amogou Belinga, certains de ses laudateurs, n\u2019e\u0301cument plus les chaines de te\u0301le\u0301vision.<\/p>\n<p>Comme Meon, Claude Abe\u0301 a disparu de la circulation depuis la capture de Amougou Belinga par des e\u0301le\u0301ments de la gendarmerie.<\/p>\n<p>Claude Abe\u0301 de\u0301clarait pourtant que Amougou Belinga est . De\u0301claration faite sur vision4 en janvier dernier.<\/p>\n<p>Et alors que le moment est propice pour de\u0301fendre son mode\u0300le en difficulte\u0301 dans l&rsquo;affaire Martinez Zogo, Claude Abe\u0301 semble curieusement avoir choisi le silence . Peut-e\u0302tre mesure t-il enfin le poids de son imposture.<\/p>\n<p>Sinon pourquoi ne vient-il pas de\u0301fendre son mode\u0300le ? Lui qui disait qu&rsquo; &gt; De\u0301claration faite sur vision4 en janvier dernier.<\/p>\n<p>Claude Abe\u0301 qui parle de mode\u0300le de management peut-il seulement nous pre\u0301senter le mode\u0300le e\u0301conomique de vision4 , du journal l&rsquo;anecdote ou me\u0302me du groupe Anecdote ?<\/p>\n<p>Les revenus de visions4 permettent-ils d&rsquo;assurer ses charges de fonctionnement et d&rsquo;offrir des ve\u0301hicules neufs a\u0300 son personnel ? Vous ne pouvez pas parler de mode\u0300le de management des organes de presse si vous n&rsquo;avez pas des re\u0301ponses honne\u0302tes a\u0300 ces questions.<\/p>\n<p>J&rsquo;espe\u0300re que Claude Abe\u0301 va re\u0301pondre de fac\u0327on honne\u0302te a\u0300 ces questions. Mais en attendant, admettons , comme il le dit , que Amougou Belinga soit un de management des organes de presse pour tous les patrons de presse que compte le Cameroun et imaginons que ces dizaines de patrons de presse de\u0301cident de copier son exemple. Alors, y aura t-il suffisamment de marche\u0301s publics fictifs au Cameroun et d&rsquo;argent dans les lignes 94, 65 et 57 pour satisfaire les appe\u0301tits devenus voraces de tous ces patrons patrons de presse qui ont de\u0301cide\u0301 de fonctionner comme AB ? Combien de Martinez Zogo aurions nous alors sur les carreaux aujourd&rsquo;hui ?<\/p>\n<p>Toutes ces questions je les pose au Pr Claude Abe\u0301 qui traine une triste re\u0301putation d&rsquo;universitaire tribaliste comme en te\u0301moigne sa de\u0301claration que vous verrez ci-dessous en premier des commentaires .<\/p>\n<p><strong>Pour plus d&rsquo;informations et d&rsquo;analyses sur la <a href=\"https:\/\/www.africa-press.net\/cameroun\">Cameroun<\/a>, suivez <a href=\"https:\/\/www.africa-press.net\/\">Africa-Press<\/a><\/strong><\/p>\n","protected":false},"excerpt":{"rendered":"<p>Africa-Press &#8211; Cameroun. Arlette Framboise Doumbe Ding a ope\u0301re\u0301 n constat assez saisissant. Pour elle, depuis l\u2019arrestation d\u2019Amogou Belinga, certains de ses laudateurs, n\u2019e\u0301cument plus les chaines de te\u0301le\u0301vision. Comme Meon, Claude Abe\u0301 a disparu de la circulation depuis la capture de Amougou Belinga par des e\u0301le\u0301ments de la gendarmerie. Claude Abe\u0301 de\u0301clarait pourtant que [&hellip;]<\/p>\n","protected":false},"author":82,"featured_media":38595,"comment_status":"open","ping_status":"closed","sticky":false,"template":"","format":"standard","meta":{"footnotes":""},"categories":[21,10],"tags":[36,50,49],"class_list":["post-38597","post","type-post","status-publish","format-standard","has-post-thumbnail","hentry","category-communaute","category-toutes-les-actualites","tag-africa-press","tag-africa-press-cameroun","tag-cameroun"],"yoast_head":"<!-- This site is optimized with the Yoast SEO Premium plugin v26.1 (Yoast SEO v27.0) - https:\/\/yoast.com\/product\/yoast-seo-premium-wordpress\/ -->\n<title>Disparition: depuis l\u2019arrestation et l\u2019envoie d\u2019Amougou Belinga \u00e0 Kondengui, Claude Ab\u00e9 introuvable - Cameroun<\/title>\n<meta name=\"description\" content=\"Arlette Framboise Doumbe Ding a ope\u0301re\u0301 n constat assez saisissant. Pour elle, depuis l\u2019arrestation d\u2019Amogou Belinga, ce ...\" \/>\n<meta name=\"robots\" content=\"index, follow, max-snippet:-1, max-image-preview:large, max-video-preview:-1\" \/>\n<link rel=\"canonical\" href=\"https:\/\/www.africa-press.net\/cameroun\/toutes-les-actualites\/disparition-depuis-larrestation-et-lenvoie-damougou-belinga-a-kondengui-claude-abe-introuvable\" \/>\n<meta property=\"og:locale\" content=\"fr_FR\" \/>\n<meta property=\"og:type\" content=\"article\" \/>\n<meta property=\"og:title\" content=\"Disparition: depuis l\u2019arrestation et l\u2019envoie d\u2019Amougou Belinga \u00e0 Kondengui, Claude Ab\u00e9 introuvable\" \/>\n<meta property=\"og:description\" content=\"Arlette Framboise Doumbe Ding a ope\u0301re\u0301 n constat assez saisissant. Pour elle, depuis l\u2019arrestation d\u2019Amogou Belinga, ce ...\" \/>\n<meta property=\"og:url\" content=\"https:\/\/www.africa-press.net\/cameroun\/toutes-les-actualites\/disparition-depuis-larrestation-et-lenvoie-damougou-belinga-a-kondengui-claude-abe-introuvable\" \/>\n<meta property=\"og:site_name\" content=\"Cameroun\" \/>\n<meta property=\"article:published_time\" content=\"2023-03-08T12:37:32+00:00\" \/>\n<meta property=\"article:modified_time\" content=\"2023-03-08T22:03:39+00:00\" \/>\n<meta property=\"og:image\" content=\"https:\/\/static.africa-press.net\/cameroun\/sites\/57\/2023\/03\/postQueueImg_1678266457.12.jpg\" \/>\n\t<meta property=\"og:image:width\" content=\"720\" \/>\n\t<meta property=\"og:image:height\" content=\"404\" \/>\n\t<meta property=\"og:image:type\" content=\"image\/jpeg\" \/>\n<meta name=\"author\" content=\"cfeditorfr\" \/>\n<meta name=\"twitter:card\" content=\"summary_large_image\" \/>\n<meta name=\"twitter:label1\" content=\"\u00c9crit par\" \/>\n\t<meta name=\"twitter:data1\" content=\"cfeditorfr\" \/>\n\t<meta name=\"twitter:label2\" content=\"Dur\u00e9e de lecture estim\u00e9e\" \/>\n\t<meta name=\"twitter:data2\" content=\"2 minutes\" \/>\n<script type=\"application\/ld+json\" class=\"yoast-schema-graph\">{\"@context\":\"https:\/\/schema.org\",\"@graph\":[{\"@type\":\"Article\",\"@id\":\"https:\/\/www.africa-press.net\/cameroun\/toutes-les-actualites\/disparition-depuis-larrestation-et-lenvoie-damougou-belinga-a-kondengui-claude-abe-introuvable#article\",\"isPartOf\":{\"@id\":\"https:\/\/www.africa-press.net\/cameroun\/toutes-les-actualites\/disparition-depuis-larrestation-et-lenvoie-damougou-belinga-a-kondengui-claude-abe-introuvable\"},\"author\":{\"name\":\"cfeditorfr\",\"@id\":\"https:\/\/www.africa-press.net\/cameroun\/#\/schema\/person\/2b1cf3cd81a31e3cd26889ca66d677f1\"},\"headline\":\"Disparition: depuis l\u2019arrestation et l\u2019envoie d\u2019Amougou Belinga \u00e0 Kondengui, Claude Ab\u00e9 introuvable\",\"datePublished\":\"2023-03-08T12:37:32+00:00\",\"dateModified\":\"2023-03-08T22:03:39+00:00\",\"mainEntityOfPage\":{\"@id\":\"https:\/\/www.africa-press.net\/cameroun\/toutes-les-actualites\/disparition-depuis-larrestation-et-lenvoie-damougou-belinga-a-kondengui-claude-abe-introuvable\"},\"wordCount\":390,\"commentCount\":0,\"image\":{\"@id\":\"https:\/\/www.africa-press.net\/cameroun\/toutes-les-actualites\/disparition-depuis-larrestation-et-lenvoie-damougou-belinga-a-kondengui-claude-abe-introuvable#primaryimage\"},\"thumbnailUrl\":\"https:\/\/static.africa-press.net\/cameroun\/sites\/57\/2023\/03\/postQueueImg_1678266457.12.jpg\",\"keywords\":[\"Africa Press\",\"Africa Press-Cameroun\",\"Cameroun\"],\"articleSection\":[\"Communaut\u00e9\",\"Toutes les actualit\u00e9s\"],\"inLanguage\":\"fr-FR\",\"potentialAction\":[{\"@type\":\"CommentAction\",\"name\":\"Comment\",\"target\":[\"https:\/\/www.africa-press.net\/cameroun\/toutes-les-actualites\/disparition-depuis-larrestation-et-lenvoie-damougou-belinga-a-kondengui-claude-abe-introuvable#respond\"]}]},{\"@type\":\"WebPage\",\"@id\":\"https:\/\/www.africa-press.net\/cameroun\/toutes-les-actualites\/disparition-depuis-larrestation-et-lenvoie-damougou-belinga-a-kondengui-claude-abe-introuvable\",\"url\":\"https:\/\/www.africa-press.net\/cameroun\/toutes-les-actualites\/disparition-depuis-larrestation-et-lenvoie-damougou-belinga-a-kondengui-claude-abe-introuvable\",\"name\":\"Disparition: depuis l\u2019arrestation et l\u2019envoie d\u2019Amougou Belinga \u00e0 Kondengui, Claude Ab\u00e9 introuvable - Cameroun\",\"isPartOf\":{\"@id\":\"https:\/\/www.africa-press.net\/cameroun\/#website\"},\"primaryImageOfPage\":{\"@id\":\"https:\/\/www.africa-press.net\/cameroun\/toutes-les-actualites\/disparition-depuis-larrestation-et-lenvoie-damougou-belinga-a-kondengui-claude-abe-introuvable#primaryimage\"},\"image\":{\"@id\":\"https:\/\/www.africa-press.net\/cameroun\/toutes-les-actualites\/disparition-depuis-larrestation-et-lenvoie-damougou-belinga-a-kondengui-claude-abe-introuvable#primaryimage\"},\"thumbnailUrl\":\"https:\/\/static.africa-press.net\/cameroun\/sites\/57\/2023\/03\/postQueueImg_1678266457.12.jpg\",\"datePublished\":\"2023-03-08T12:37:32+00:00\",\"dateModified\":\"2023-03-08T22:03:39+00:00\",\"author\":{\"@id\":\"https:\/\/www.africa-press.net\/cameroun\/#\/schema\/person\/2b1cf3cd81a31e3cd26889ca66d677f1\"},\"description\":\"Arlette Framboise Doumbe Ding a ope\u0301re\u0301 n constat assez saisissant. Pour elle, depuis l\u2019arrestation d\u2019Amogou Belinga, ce ...\",\"breadcrumb\":{\"@id\":\"https:\/\/www.africa-press.net\/cameroun\/toutes-les-actualites\/disparition-depuis-larrestation-et-lenvoie-damougou-belinga-a-kondengui-claude-abe-introuvable#breadcrumb\"},\"inLanguage\":\"fr-FR\",\"potentialAction\":[{\"@type\":\"ReadAction\",\"target\":[\"https:\/\/www.africa-press.net\/cameroun\/toutes-les-actualites\/disparition-depuis-larrestation-et-lenvoie-damougou-belinga-a-kondengui-claude-abe-introuvable\"]}]},{\"@type\":\"ImageObject\",\"inLanguage\":\"fr-FR\",\"@id\":\"https:\/\/www.africa-press.net\/cameroun\/toutes-les-actualites\/disparition-depuis-larrestation-et-lenvoie-damougou-belinga-a-kondengui-claude-abe-introuvable#primaryimage\",\"url\":\"https:\/\/static.africa-press.net\/cameroun\/sites\/57\/2023\/03\/postQueueImg_1678266457.12.jpg\",\"contentUrl\":\"https:\/\/static.africa-press.net\/cameroun\/sites\/57\/2023\/03\/postQueueImg_1678266457.12.jpg\",\"width\":720,\"height\":404,\"caption\":\"Disparition: depuis l\u2019arrestation et l\u2019envoie d\u2019Amougou Belinga \u00e0 Kondengui, Claude Ab\u00e9 introuvable\"},{\"@type\":\"BreadcrumbList\",\"@id\":\"https:\/\/www.africa-press.net\/cameroun\/toutes-les-actualites\/disparition-depuis-larrestation-et-lenvoie-damougou-belinga-a-kondengui-claude-abe-introuvable#breadcrumb\",\"itemListElement\":[{\"@type\":\"ListItem\",\"position\":1,\"name\":\"Accueil\",\"item\":\"https:\/\/www.africa-press.net\/cameroun\/\"},{\"@type\":\"ListItem\",\"position\":2,\"name\":\"Disparition: depuis l\u2019arrestation et l\u2019envoie d\u2019Amougou Belinga \u00e0 Kondengui, Claude Ab\u00e9 introuvable\"}]},{\"@type\":\"WebSite\",\"@id\":\"https:\/\/www.africa-press.net\/cameroun\/#website\",\"url\":\"https:\/\/www.africa-press.net\/cameroun\/\",\"name\":\"Cameroun\",\"description\":\"Just another Africa News Agency Sites site\",\"potentialAction\":[{\"@type\":\"SearchAction\",\"target\":{\"@type\":\"EntryPoint\",\"urlTemplate\":\"https:\/\/www.africa-press.net\/cameroun\/?s={search_term_string}\"},\"query-input\":{\"@type\":\"PropertyValueSpecification\",\"valueRequired\":true,\"valueName\":\"search_term_string\"}}],\"inLanguage\":\"fr-FR\"},{\"@type\":\"Person\",\"@id\":\"https:\/\/www.africa-press.net\/cameroun\/#\/schema\/person\/2b1cf3cd81a31e3cd26889ca66d677f1\",\"name\":\"cfeditorfr\"}]}<\/script>\n<!-- \/ Yoast SEO Premium plugin. -->","yoast_head_json":{"title":"Disparition: depuis l\u2019arrestation et l\u2019envoie d\u2019Amougou Belinga \u00e0 Kondengui, Claude Ab\u00e9 introuvable - Cameroun","description":"Arlette Framboise Doumbe Ding a ope\u0301re\u0301 n constat assez saisissant. Pour elle, depuis l\u2019arrestation d\u2019Amogou Belinga, ce ...","robots":{"index":"index","follow":"follow","max-snippet":"max-snippet:-1","max-image-preview":"max-image-preview:large","max-video-preview":"max-video-preview:-1"},"canonical":"https:\/\/www.africa-press.net\/cameroun\/toutes-les-actualites\/disparition-depuis-larrestation-et-lenvoie-damougou-belinga-a-kondengui-claude-abe-introuvable","og_locale":"fr_FR","og_type":"article","og_title":"Disparition: depuis l\u2019arrestation et l\u2019envoie d\u2019Amougou Belinga \u00e0 Kondengui, Claude Ab\u00e9 introuvable","og_description":"Arlette Framboise Doumbe Ding a ope\u0301re\u0301 n constat assez saisissant. Pour elle, depuis l\u2019arrestation d\u2019Amogou Belinga, ce ...","og_url":"https:\/\/www.africa-press.net\/cameroun\/toutes-les-actualites\/disparition-depuis-larrestation-et-lenvoie-damougou-belinga-a-kondengui-claude-abe-introuvable","og_site_name":"Cameroun","article_published_time":"2023-03-08T12:37:32+00:00","article_modified_time":"2023-03-08T22:03:39+00:00","og_image":[{"width":720,"height":404,"url":"https:\/\/static.africa-press.net\/cameroun\/sites\/57\/2023\/03\/postQueueImg_1678266457.12.jpg","type":"image\/jpeg"}],"author":"cfeditorfr","twitter_card":"summary_large_image","twitter_misc":{"\u00c9crit par":"cfeditorfr","Dur\u00e9e de lecture estim\u00e9e":"2 minutes"},"schema":{"@context":"https:\/\/schema.org","@graph":[{"@type":"Article","@id":"https:\/\/www.africa-press.net\/cameroun\/toutes-les-actualites\/disparition-depuis-larrestation-et-lenvoie-damougou-belinga-a-kondengui-claude-abe-introuvable#article","isPartOf":{"@id":"https:\/\/www.africa-press.net\/cameroun\/toutes-les-actualites\/disparition-depuis-larrestation-et-lenvoie-damougou-belinga-a-kondengui-claude-abe-introuvable"},"author":{"name":"cfeditorfr","@id":"https:\/\/www.africa-press.net\/cameroun\/#\/schema\/person\/2b1cf3cd81a31e3cd26889ca66d677f1"},"headline":"Disparition: depuis l\u2019arrestation et l\u2019envoie d\u2019Amougou Belinga \u00e0 Kondengui, Claude Ab\u00e9 introuvable","datePublished":"2023-03-08T12:37:32+00:00","dateModified":"2023-03-08T22:03:39+00:00","mainEntityOfPage":{"@id":"https:\/\/www.africa-press.net\/cameroun\/toutes-les-actualites\/disparition-depuis-larrestation-et-lenvoie-damougou-belinga-a-kondengui-claude-abe-introuvable"},"wordCount":390,"commentCount":0,"image":{"@id":"https:\/\/www.africa-press.net\/cameroun\/toutes-les-actualites\/disparition-depuis-larrestation-et-lenvoie-damougou-belinga-a-kondengui-claude-abe-introuvable#primaryimage"},"thumbnailUrl":"https:\/\/static.africa-press.net\/cameroun\/sites\/57\/2023\/03\/postQueueImg_1678266457.12.jpg","keywords":["Africa Press","Africa Press-Cameroun","Cameroun"],"articleSection":["Communaut\u00e9","Toutes les actualit\u00e9s"],"inLanguage":"fr-FR","potentialAction":[{"@type":"CommentAction","name":"Comment","target":["https:\/\/www.africa-press.net\/cameroun\/toutes-les-actualites\/disparition-depuis-larrestation-et-lenvoie-damougou-belinga-a-kondengui-claude-abe-introuvable#respond"]}]},{"@type":"WebPage","@id":"https:\/\/www.africa-press.net\/cameroun\/toutes-les-actualites\/disparition-depuis-larrestation-et-lenvoie-damougou-belinga-a-kondengui-claude-abe-introuvable","url":"https:\/\/www.africa-press.net\/cameroun\/toutes-les-actualites\/disparition-depuis-larrestation-et-lenvoie-damougou-belinga-a-kondengui-claude-abe-introuvable","name":"Disparition: depuis l\u2019arrestation et l\u2019envoie d\u2019Amougou Belinga \u00e0 Kondengui, Claude Ab\u00e9 introuvable - Cameroun","isPartOf":{"@id":"https:\/\/www.africa-press.net\/cameroun\/#website"},"primaryImageOfPage":{"@id":"https:\/\/www.africa-press.net\/cameroun\/toutes-les-actualites\/disparition-depuis-larrestation-et-lenvoie-damougou-belinga-a-kondengui-claude-abe-introuvable#primaryimage"},"image":{"@id":"https:\/\/www.africa-press.net\/cameroun\/toutes-les-actualites\/disparition-depuis-larrestation-et-lenvoie-damougou-belinga-a-kondengui-claude-abe-introuvable#primaryimage"},"thumbnailUrl":"https:\/\/static.africa-press.net\/cameroun\/sites\/57\/2023\/03\/postQueueImg_1678266457.12.jpg","datePublished":"2023-03-08T12:37:32+00:00","dateModified":"2023-03-08T22:03:39+00:00","author":{"@id":"https:\/\/www.africa-press.net\/cameroun\/#\/schema\/person\/2b1cf3cd81a31e3cd26889ca66d677f1"},"description":"Arlette Framboise Doumbe Ding a ope\u0301re\u0301 n constat assez saisissant. Pour elle, depuis l\u2019arrestation d\u2019Amogou Belinga, ce ...","breadcrumb":{"@id":"https:\/\/www.africa-press.net\/cameroun\/toutes-les-actualites\/disparition-depuis-larrestation-et-lenvoie-damougou-belinga-a-kondengui-claude-abe-introuvable#breadcrumb"},"inLanguage":"fr-FR","potentialAction":[{"@type":"ReadAction","target":["https:\/\/www.africa-press.net\/cameroun\/toutes-les-actualites\/disparition-depuis-larrestation-et-lenvoie-damougou-belinga-a-kondengui-claude-abe-introuvable"]}]},{"@type":"ImageObject","inLanguage":"fr-FR","@id":"https:\/\/www.africa-press.net\/cameroun\/toutes-les-actualites\/disparition-depuis-larrestation-et-lenvoie-damougou-belinga-a-kondengui-claude-abe-introuvable#primaryimage","url":"https:\/\/static.africa-press.net\/cameroun\/sites\/57\/2023\/03\/postQueueImg_1678266457.12.jpg","contentUrl":"https:\/\/static.africa-press.net\/cameroun\/sites\/57\/2023\/03\/postQueueImg_1678266457.12.jpg","width":720,"height":404,"caption":"Disparition: depuis l\u2019arrestation et l\u2019envoie d\u2019Amougou Belinga \u00e0 Kondengui, Claude Ab\u00e9 introuvable"},{"@type":"BreadcrumbList","@id":"https:\/\/www.africa-press.net\/cameroun\/toutes-les-actualites\/disparition-depuis-larrestation-et-lenvoie-damougou-belinga-a-kondengui-claude-abe-introuvable#breadcrumb","itemListElement":[{"@type":"ListItem","position":1,"name":"Accueil","item":"https:\/\/www.africa-press.net\/cameroun\/"},{"@type":"ListItem","position":2,"name":"Disparition: depuis l\u2019arrestation et l\u2019envoie d\u2019Amougou Belinga \u00e0 Kondengui, Claude Ab\u00e9 introuvable"}]},{"@type":"WebSite","@id":"https:\/\/www.africa-press.net\/cameroun\/#website","url":"https:\/\/www.africa-press.net\/cameroun\/","name":"Cameroun","description":"Just another Africa News Agency Sites site","potentialAction":[{"@type":"SearchAction","target":{"@type":"EntryPoint","urlTemplate":"https:\/\/www.africa-press.net\/cameroun\/?s={search_term_string}"},"query-input":{"@type":"PropertyValueSpecification","valueRequired":true,"valueName":"search_term_string"}}],"inLanguage":"fr-FR"},{"@type":"Person","@id":"https:\/\/www.africa-press.net\/cameroun\/#\/schema\/person\/2b1cf3cd81a31e3cd26889ca66d677f1","name":"cfeditorfr"}]}},"_links":{"self":[{"href":"https:\/\/www.africa-press.net\/cameroun\/wp-json\/wp\/v2\/posts\/38597","targetHints":{"allow":["GET"]}}],"collection":[{"href":"https:\/\/www.africa-press.net\/cameroun\/wp-json\/wp\/v2\/posts"}],"about":[{"href":"https:\/\/www.africa-press.net\/cameroun\/wp-json\/wp\/v2\/types\/post"}],"author":[{"embeddable":true,"href":"https:\/\/www.africa-press.net\/cameroun\/wp-json\/wp\/v2\/users\/82"}],"replies":[{"embeddable":true,"href":"https:\/\/www.africa-press.net\/cameroun\/wp-json\/wp\/v2\/comments?post=38597"}],"version-history":[{"count":0,"href":"https:\/\/www.africa-press.net\/cameroun\/wp-json\/wp\/v2\/posts\/38597\/revisions"}],"wp:featuredmedia":[{"embeddable":true,"href":"https:\/\/www.africa-press.net\/cameroun\/wp-json\/wp\/v2\/media\/38595"}],"wp:attachment":[{"href":"https:\/\/www.africa-press.net\/cameroun\/wp-json\/wp\/v2\/media?parent=38597"}],"wp:term":[{"taxonomy":"category","embeddable":true,"href":"https:\/\/www.africa-press.net\/cameroun\/wp-json\/wp\/v2\/categories?post=38597"},{"taxonomy":"post_tag","embeddable":true,"href":"https:\/\/www.africa-press.net\/cameroun\/wp-json\/wp\/v2\/tags?post=38597"}],"curies":[{"name":"wp","href":"https:\/\/api.w.org\/{rel}","templated":true}]}}