{"id":38605,"date":"2023-03-08T12:37:45","date_gmt":"2023-03-08T12:37:45","guid":{"rendered":"https:\/\/www.africa-press.net\/cameroun\/politique\/senat-niat-njifenji-se-retire-definitivement"},"modified":"2023-03-08T22:05:58","modified_gmt":"2023-03-08T22:05:58","slug":"senat-niat-njifenji-se-retire-definitivement","status":"publish","type":"post","link":"https:\/\/www.africa-press.net\/cameroun\/politique\/senat-niat-njifenji-se-retire-definitivement","title":{"rendered":"Senat: Niat Njifenji se retire d\u00e9finitivement"},"content":{"rendered":"<p><span style=\"color: #ff6600\"><strong>Africa-Press &#8211; Cameroun. <\/strong><\/span>Le vieux pre\u0301sident du Se\u0301nat tre\u0300s fatigue\u0301 par l&rsquo;a\u0302ge et la maladie ne veut plus e\u0302tre le pre\u0301sident de la deuxie\u0300me institution de la Re\u0301publique. Mais il va mobiliser Bagangte pour la liste du RDPC conduite par Ngouchinghie Sylvestre.<\/p>\n<p>Niat Njifenji a organise\u0301 une rencontre fraternelle au sein de sa re\u0301sidence dans le chef-lieu du de\u0301partement du Nde\u0301. A l\u2019invitation du Pre\u0301sident de l\u2019auguste chambre du parlement camerounais. Les diffe\u0301rentes de\u0301le\u0301gations sont venues des huit de\u0301partements de la re\u0301gion.<\/p>\n<p>Les acteurs en pre\u0301sence ont e\u0301te\u0301 invite\u0301s a\u0300 donner au RDPC une victoire optimale et une majorite\u0301 absolue au soir du 12 Mars prochain. Les forces des uns et des autres doivent mutualiser leurs forces sur le terrain afin qu\u2019aucune voix ne se perde.<\/p>\n<p>Les grandes batailles de 2025 sont de\u0301ja\u0300 engage\u0301es. Le pre\u0301sident de la chambre haute Marcel Niat Njifendji a souligne\u0301 que la plus capital sera celui de la communication inte\u0301grant les nouveaux outils. La victoire d\u2019aujourd\u2019hui pre\u0301conise celle de demain.<\/p>\n<p>Le couple Niat a fait remarquer a\u0300 l\u2019assistance que les e\u0301lections se\u0301natoriales du 12 mars prochain repre\u0301sentent la croise\u0301e des chemins. Il est judicieux de choisir la bonne voie et d\u2019e\u0302tre fide\u0300le au Pre\u0301sident Paul Biya, pre\u0301sident national du RDPC.<\/p>\n<p>Les responsabilite\u0301s doivent e\u0302tre assume\u0301es avec beaucoup de tacts. L\u2019enjeu majeur pour le Cameroun tout entier est de rechercher une solution durable. Cela doit inte\u0301grer les principes d\u2019e\u0301galite\u0301, d\u2019e\u0301quite\u0301 et de fraternite\u0301. Emmanuel Nzete qui est le Pre\u0301sident de la commission re\u0301gionale de campagne pour l\u2019Ouest a\u0300 pro\u0302ner pour la se\u0301curisation des voix du RDPC.<\/p>\n<p>La liste sera conduite par le grand camarade Ngouchinghie Sylvestre.<\/p>\n<p><strong>Pour plus d&rsquo;informations et d&rsquo;analyses sur la <a href=\"https:\/\/www.africa-press.net\/cameroun\">Cameroun<\/a>, suivez <a href=\"https:\/\/www.africa-press.net\/\">Africa-Press<\/a><\/strong><\/p>\n","protected":false},"excerpt":{"rendered":"<p>Africa-Press &#8211; Cameroun. Le vieux pre\u0301sident du Se\u0301nat tre\u0300s fatigue\u0301 par l&rsquo;a\u0302ge et la maladie ne veut plus e\u0302tre le pre\u0301sident de la deuxie\u0300me institution de la Re\u0301publique. Mais il va mobiliser Bagangte pour la liste du RDPC conduite par Ngouchinghie Sylvestre. Niat Njifenji a organise\u0301 une rencontre fraternelle au sein de sa re\u0301sidence dans [&hellip;]<\/p>\n","protected":false},"author":82,"featured_media":38603,"comment_status":"open","ping_status":"closed","sticky":false,"template":"","format":"standard","meta":{"footnotes":""},"categories":[2,10],"tags":[36,50,49],"class_list":["post-38605","post","type-post","status-publish","format-standard","has-post-thumbnail","hentry","category-politique","category-toutes-les-actualites","tag-africa-press","tag-africa-press-cameroun","tag-cameroun"],"yoast_head":"<!-- This site is optimized with the Yoast SEO Premium plugin v26.1 (Yoast SEO v27.0) - https:\/\/yoast.com\/product\/yoast-seo-premium-wordpress\/ -->\n<title>Senat: Niat Njifenji se retire d\u00e9finitivement - Cameroun<\/title>\n<meta name=\"description\" content=\"Le vieux pre\u0301sident du Se\u0301nat tre\u0300s fatigue\u0301 par l&#039;a\u0302ge et la maladie ne veut plus e\u0302tre le pre\u0301sident de la deuxie\u0300me i ...\" \/>\n<meta name=\"robots\" content=\"index, follow, max-snippet:-1, max-image-preview:large, max-video-preview:-1\" \/>\n<link rel=\"canonical\" href=\"https:\/\/www.africa-press.net\/cameroun\/politique\/senat-niat-njifenji-se-retire-definitivement\" \/>\n<meta property=\"og:locale\" content=\"fr_FR\" \/>\n<meta property=\"og:type\" content=\"article\" \/>\n<meta property=\"og:title\" content=\"Senat: Niat Njifenji se retire d\u00e9finitivement\" \/>\n<meta property=\"og:description\" content=\"Le vieux pre\u0301sident du Se\u0301nat tre\u0300s fatigue\u0301 par l&#039;a\u0302ge et la maladie ne veut plus e\u0302tre le pre\u0301sident de la deuxie\u0300me i ...\" \/>\n<meta property=\"og:url\" content=\"https:\/\/www.africa-press.net\/cameroun\/politique\/senat-niat-njifenji-se-retire-definitivement\" \/>\n<meta property=\"og:site_name\" content=\"Cameroun\" \/>\n<meta property=\"article:published_time\" content=\"2023-03-08T12:37:45+00:00\" \/>\n<meta property=\"article:modified_time\" content=\"2023-03-08T22:05:58+00:00\" \/>\n<meta property=\"og:image\" content=\"https:\/\/static.africa-press.net\/cameroun\/sites\/57\/2023\/03\/postQueueImg_1678266473.77.jpg\" \/>\n\t<meta property=\"og:image:width\" content=\"720\" \/>\n\t<meta property=\"og:image:height\" content=\"404\" \/>\n\t<meta property=\"og:image:type\" content=\"image\/jpeg\" \/>\n<meta name=\"author\" content=\"cfeditorfr\" \/>\n<meta name=\"twitter:card\" content=\"summary_large_image\" \/>\n<meta name=\"twitter:label1\" content=\"\u00c9crit par\" \/>\n\t<meta name=\"twitter:data1\" content=\"cfeditorfr\" \/>\n\t<meta name=\"twitter:label2\" content=\"Dur\u00e9e de lecture estim\u00e9e\" \/>\n\t<meta name=\"twitter:data2\" content=\"2 minutes\" \/>\n<script type=\"application\/ld+json\" class=\"yoast-schema-graph\">{\"@context\":\"https:\/\/schema.org\",\"@graph\":[{\"@type\":\"Article\",\"@id\":\"https:\/\/www.africa-press.net\/cameroun\/politique\/senat-niat-njifenji-se-retire-definitivement#article\",\"isPartOf\":{\"@id\":\"https:\/\/www.africa-press.net\/cameroun\/politique\/senat-niat-njifenji-se-retire-definitivement\"},\"author\":{\"name\":\"cfeditorfr\",\"@id\":\"https:\/\/www.africa-press.net\/cameroun\/#\/schema\/person\/2b1cf3cd81a31e3cd26889ca66d677f1\"},\"headline\":\"Senat: Niat Njifenji se retire d\u00e9finitivement\",\"datePublished\":\"2023-03-08T12:37:45+00:00\",\"dateModified\":\"2023-03-08T22:05:58+00:00\",\"mainEntityOfPage\":{\"@id\":\"https:\/\/www.africa-press.net\/cameroun\/politique\/senat-niat-njifenji-se-retire-definitivement\"},\"wordCount\":340,\"commentCount\":0,\"image\":{\"@id\":\"https:\/\/www.africa-press.net\/cameroun\/politique\/senat-niat-njifenji-se-retire-definitivement#primaryimage\"},\"thumbnailUrl\":\"https:\/\/static.africa-press.net\/cameroun\/sites\/57\/2023\/03\/postQueueImg_1678266473.77.jpg\",\"keywords\":[\"Africa Press\",\"Africa Press-Cameroun\",\"Cameroun\"],\"articleSection\":[\"Politique\",\"Toutes les actualit\u00e9s\"],\"inLanguage\":\"fr-FR\",\"potentialAction\":[{\"@type\":\"CommentAction\",\"name\":\"Comment\",\"target\":[\"https:\/\/www.africa-press.net\/cameroun\/politique\/senat-niat-njifenji-se-retire-definitivement#respond\"]}]},{\"@type\":\"WebPage\",\"@id\":\"https:\/\/www.africa-press.net\/cameroun\/politique\/senat-niat-njifenji-se-retire-definitivement\",\"url\":\"https:\/\/www.africa-press.net\/cameroun\/politique\/senat-niat-njifenji-se-retire-definitivement\",\"name\":\"Senat: Niat Njifenji se retire d\u00e9finitivement - Cameroun\",\"isPartOf\":{\"@id\":\"https:\/\/www.africa-press.net\/cameroun\/#website\"},\"primaryImageOfPage\":{\"@id\":\"https:\/\/www.africa-press.net\/cameroun\/politique\/senat-niat-njifenji-se-retire-definitivement#primaryimage\"},\"image\":{\"@id\":\"https:\/\/www.africa-press.net\/cameroun\/politique\/senat-niat-njifenji-se-retire-definitivement#primaryimage\"},\"thumbnailUrl\":\"https:\/\/static.africa-press.net\/cameroun\/sites\/57\/2023\/03\/postQueueImg_1678266473.77.jpg\",\"datePublished\":\"2023-03-08T12:37:45+00:00\",\"dateModified\":\"2023-03-08T22:05:58+00:00\",\"author\":{\"@id\":\"https:\/\/www.africa-press.net\/cameroun\/#\/schema\/person\/2b1cf3cd81a31e3cd26889ca66d677f1\"},\"description\":\"Le vieux pre\u0301sident du Se\u0301nat tre\u0300s fatigue\u0301 par l'a\u0302ge et la maladie ne veut plus e\u0302tre le pre\u0301sident de la deuxie\u0300me i ...\",\"breadcrumb\":{\"@id\":\"https:\/\/www.africa-press.net\/cameroun\/politique\/senat-niat-njifenji-se-retire-definitivement#breadcrumb\"},\"inLanguage\":\"fr-FR\",\"potentialAction\":[{\"@type\":\"ReadAction\",\"target\":[\"https:\/\/www.africa-press.net\/cameroun\/politique\/senat-niat-njifenji-se-retire-definitivement\"]}]},{\"@type\":\"ImageObject\",\"inLanguage\":\"fr-FR\",\"@id\":\"https:\/\/www.africa-press.net\/cameroun\/politique\/senat-niat-njifenji-se-retire-definitivement#primaryimage\",\"url\":\"https:\/\/static.africa-press.net\/cameroun\/sites\/57\/2023\/03\/postQueueImg_1678266473.77.jpg\",\"contentUrl\":\"https:\/\/static.africa-press.net\/cameroun\/sites\/57\/2023\/03\/postQueueImg_1678266473.77.jpg\",\"width\":720,\"height\":404,\"caption\":\"Senat: Niat Njifenji se retire d\u00e9finitivement\"},{\"@type\":\"BreadcrumbList\",\"@id\":\"https:\/\/www.africa-press.net\/cameroun\/politique\/senat-niat-njifenji-se-retire-definitivement#breadcrumb\",\"itemListElement\":[{\"@type\":\"ListItem\",\"position\":1,\"name\":\"Accueil\",\"item\":\"https:\/\/www.africa-press.net\/cameroun\/\"},{\"@type\":\"ListItem\",\"position\":2,\"name\":\"Senat: Niat Njifenji se retire d\u00e9finitivement\"}]},{\"@type\":\"WebSite\",\"@id\":\"https:\/\/www.africa-press.net\/cameroun\/#website\",\"url\":\"https:\/\/www.africa-press.net\/cameroun\/\",\"name\":\"Cameroun\",\"description\":\"Just another Africa News Agency Sites site\",\"potentialAction\":[{\"@type\":\"SearchAction\",\"target\":{\"@type\":\"EntryPoint\",\"urlTemplate\":\"https:\/\/www.africa-press.net\/cameroun\/?s={search_term_string}\"},\"query-input\":{\"@type\":\"PropertyValueSpecification\",\"valueRequired\":true,\"valueName\":\"search_term_string\"}}],\"inLanguage\":\"fr-FR\"},{\"@type\":\"Person\",\"@id\":\"https:\/\/www.africa-press.net\/cameroun\/#\/schema\/person\/2b1cf3cd81a31e3cd26889ca66d677f1\",\"name\":\"cfeditorfr\"}]}<\/script>\n<!-- \/ Yoast SEO Premium plugin. -->","yoast_head_json":{"title":"Senat: Niat Njifenji se retire d\u00e9finitivement - Cameroun","description":"Le vieux pre\u0301sident du Se\u0301nat tre\u0300s fatigue\u0301 par l'a\u0302ge et la maladie ne veut plus e\u0302tre le pre\u0301sident de la deuxie\u0300me i ...","robots":{"index":"index","follow":"follow","max-snippet":"max-snippet:-1","max-image-preview":"max-image-preview:large","max-video-preview":"max-video-preview:-1"},"canonical":"https:\/\/www.africa-press.net\/cameroun\/politique\/senat-niat-njifenji-se-retire-definitivement","og_locale":"fr_FR","og_type":"article","og_title":"Senat: Niat Njifenji se retire d\u00e9finitivement","og_description":"Le vieux pre\u0301sident du Se\u0301nat tre\u0300s fatigue\u0301 par l'a\u0302ge et la maladie ne veut plus e\u0302tre le pre\u0301sident de la deuxie\u0300me i ...","og_url":"https:\/\/www.africa-press.net\/cameroun\/politique\/senat-niat-njifenji-se-retire-definitivement","og_site_name":"Cameroun","article_published_time":"2023-03-08T12:37:45+00:00","article_modified_time":"2023-03-08T22:05:58+00:00","og_image":[{"width":720,"height":404,"url":"https:\/\/static.africa-press.net\/cameroun\/sites\/57\/2023\/03\/postQueueImg_1678266473.77.jpg","type":"image\/jpeg"}],"author":"cfeditorfr","twitter_card":"summary_large_image","twitter_misc":{"\u00c9crit par":"cfeditorfr","Dur\u00e9e de lecture estim\u00e9e":"2 minutes"},"schema":{"@context":"https:\/\/schema.org","@graph":[{"@type":"Article","@id":"https:\/\/www.africa-press.net\/cameroun\/politique\/senat-niat-njifenji-se-retire-definitivement#article","isPartOf":{"@id":"https:\/\/www.africa-press.net\/cameroun\/politique\/senat-niat-njifenji-se-retire-definitivement"},"author":{"name":"cfeditorfr","@id":"https:\/\/www.africa-press.net\/cameroun\/#\/schema\/person\/2b1cf3cd81a31e3cd26889ca66d677f1"},"headline":"Senat: Niat Njifenji se retire d\u00e9finitivement","datePublished":"2023-03-08T12:37:45+00:00","dateModified":"2023-03-08T22:05:58+00:00","mainEntityOfPage":{"@id":"https:\/\/www.africa-press.net\/cameroun\/politique\/senat-niat-njifenji-se-retire-definitivement"},"wordCount":340,"commentCount":0,"image":{"@id":"https:\/\/www.africa-press.net\/cameroun\/politique\/senat-niat-njifenji-se-retire-definitivement#primaryimage"},"thumbnailUrl":"https:\/\/static.africa-press.net\/cameroun\/sites\/57\/2023\/03\/postQueueImg_1678266473.77.jpg","keywords":["Africa Press","Africa Press-Cameroun","Cameroun"],"articleSection":["Politique","Toutes les actualit\u00e9s"],"inLanguage":"fr-FR","potentialAction":[{"@type":"CommentAction","name":"Comment","target":["https:\/\/www.africa-press.net\/cameroun\/politique\/senat-niat-njifenji-se-retire-definitivement#respond"]}]},{"@type":"WebPage","@id":"https:\/\/www.africa-press.net\/cameroun\/politique\/senat-niat-njifenji-se-retire-definitivement","url":"https:\/\/www.africa-press.net\/cameroun\/politique\/senat-niat-njifenji-se-retire-definitivement","name":"Senat: Niat Njifenji se retire d\u00e9finitivement - Cameroun","isPartOf":{"@id":"https:\/\/www.africa-press.net\/cameroun\/#website"},"primaryImageOfPage":{"@id":"https:\/\/www.africa-press.net\/cameroun\/politique\/senat-niat-njifenji-se-retire-definitivement#primaryimage"},"image":{"@id":"https:\/\/www.africa-press.net\/cameroun\/politique\/senat-niat-njifenji-se-retire-definitivement#primaryimage"},"thumbnailUrl":"https:\/\/static.africa-press.net\/cameroun\/sites\/57\/2023\/03\/postQueueImg_1678266473.77.jpg","datePublished":"2023-03-08T12:37:45+00:00","dateModified":"2023-03-08T22:05:58+00:00","author":{"@id":"https:\/\/www.africa-press.net\/cameroun\/#\/schema\/person\/2b1cf3cd81a31e3cd26889ca66d677f1"},"description":"Le vieux pre\u0301sident du Se\u0301nat tre\u0300s fatigue\u0301 par l'a\u0302ge et la maladie ne veut plus e\u0302tre le pre\u0301sident de la deuxie\u0300me i ...","breadcrumb":{"@id":"https:\/\/www.africa-press.net\/cameroun\/politique\/senat-niat-njifenji-se-retire-definitivement#breadcrumb"},"inLanguage":"fr-FR","potentialAction":[{"@type":"ReadAction","target":["https:\/\/www.africa-press.net\/cameroun\/politique\/senat-niat-njifenji-se-retire-definitivement"]}]},{"@type":"ImageObject","inLanguage":"fr-FR","@id":"https:\/\/www.africa-press.net\/cameroun\/politique\/senat-niat-njifenji-se-retire-definitivement#primaryimage","url":"https:\/\/static.africa-press.net\/cameroun\/sites\/57\/2023\/03\/postQueueImg_1678266473.77.jpg","contentUrl":"https:\/\/static.africa-press.net\/cameroun\/sites\/57\/2023\/03\/postQueueImg_1678266473.77.jpg","width":720,"height":404,"caption":"Senat: Niat Njifenji se retire d\u00e9finitivement"},{"@type":"BreadcrumbList","@id":"https:\/\/www.africa-press.net\/cameroun\/politique\/senat-niat-njifenji-se-retire-definitivement#breadcrumb","itemListElement":[{"@type":"ListItem","position":1,"name":"Accueil","item":"https:\/\/www.africa-press.net\/cameroun\/"},{"@type":"ListItem","position":2,"name":"Senat: Niat Njifenji se retire d\u00e9finitivement"}]},{"@type":"WebSite","@id":"https:\/\/www.africa-press.net\/cameroun\/#website","url":"https:\/\/www.africa-press.net\/cameroun\/","name":"Cameroun","description":"Just another Africa News Agency Sites site","potentialAction":[{"@type":"SearchAction","target":{"@type":"EntryPoint","urlTemplate":"https:\/\/www.africa-press.net\/cameroun\/?s={search_term_string}"},"query-input":{"@type":"PropertyValueSpecification","valueRequired":true,"valueName":"search_term_string"}}],"inLanguage":"fr-FR"},{"@type":"Person","@id":"https:\/\/www.africa-press.net\/cameroun\/#\/schema\/person\/2b1cf3cd81a31e3cd26889ca66d677f1","name":"cfeditorfr"}]}},"_links":{"self":[{"href":"https:\/\/www.africa-press.net\/cameroun\/wp-json\/wp\/v2\/posts\/38605","targetHints":{"allow":["GET"]}}],"collection":[{"href":"https:\/\/www.africa-press.net\/cameroun\/wp-json\/wp\/v2\/posts"}],"about":[{"href":"https:\/\/www.africa-press.net\/cameroun\/wp-json\/wp\/v2\/types\/post"}],"author":[{"embeddable":true,"href":"https:\/\/www.africa-press.net\/cameroun\/wp-json\/wp\/v2\/users\/82"}],"replies":[{"embeddable":true,"href":"https:\/\/www.africa-press.net\/cameroun\/wp-json\/wp\/v2\/comments?post=38605"}],"version-history":[{"count":0,"href":"https:\/\/www.africa-press.net\/cameroun\/wp-json\/wp\/v2\/posts\/38605\/revisions"}],"wp:featuredmedia":[{"embeddable":true,"href":"https:\/\/www.africa-press.net\/cameroun\/wp-json\/wp\/v2\/media\/38603"}],"wp:attachment":[{"href":"https:\/\/www.africa-press.net\/cameroun\/wp-json\/wp\/v2\/media?parent=38605"}],"wp:term":[{"taxonomy":"category","embeddable":true,"href":"https:\/\/www.africa-press.net\/cameroun\/wp-json\/wp\/v2\/categories?post=38605"},{"taxonomy":"post_tag","embeddable":true,"href":"https:\/\/www.africa-press.net\/cameroun\/wp-json\/wp\/v2\/tags?post=38605"}],"curies":[{"name":"wp","href":"https:\/\/api.w.org\/{rel}","templated":true}]}}