{"id":38612,"date":"2023-03-08T12:40:06","date_gmt":"2023-03-08T12:40:06","guid":{"rendered":"https:\/\/www.africa-press.net\/cameroun\/politique\/central-africa-digital-fair-huawei-confirme-son-positionnement"},"modified":"2023-03-08T22:06:07","modified_gmt":"2023-03-08T22:06:07","slug":"central-africa-digital-fair-huawei-confirme-son-positionnement","status":"publish","type":"post","link":"https:\/\/www.africa-press.net\/cameroun\/economie\/central-africa-digital-fair-huawei-confirme-son-positionnement","title":{"rendered":"Central Africa Digital Fair\u00a0: Huawei confirme son positionnement."},"content":{"rendered":"<p><span style=\"color: #ff6600\"><strong>Africa-Press &#8211; Cameroun. <\/strong><\/span>HUAWEI) &#8211; La premie\u0300re e\u0301dition du CADIF (Central Africa Digital Fair) tenue du 22 au 24 fe\u0301vrier 2023 au palais des congre\u0300s de Yaounde\u0301, a rassemble\u0301e les acteurs majeurs du secteur du nume\u0301riques venus de la sphe\u0300re public que prive\u0301, parmi lesquels le leader mondial Huawei. L\u2019objectif e\u0301tait d\u2019e\u0301changer sur les enjeux sociaux e\u0301conomiques de l\u2019industrie du nume\u0301rique et de son impact dans l\u2019e\u0301mergence de l\u2019Afrique central de manie\u0300re ge\u0301ne\u0301rale, et du Cameroun plus particulie\u0300rement.<\/p>\n<p>Cette Edition premie\u0300re, e\u0301tait place\u0301e sous le haut patronage du Pre\u0301sident de la Re\u0301publique du Cameroun S.E Paul BIYA, supervise\u0301e par le Premier Ministre, Chef du Gouvernement et coordonne\u0301e par le Ministre des Postes et des Te\u0301le\u0301communications.<\/p>\n<p>La ce\u0301re\u0301monie d\u2019ouverture sera ponctue\u0301e par la pre\u0301sence effective du Secre\u0301taire Ge\u0301ne\u0301ral du ministe\u0300re des postes et des te\u0301le\u0301communications Repre\u0301sentant de Madame la ministre M. Mohamadou SAOUDI qui, affirmera que : \u00ab Huawei c\u2019est un des partenaires strate\u0301giques et techniques avec la plupart de nos ope\u0301rateurs au Cameroun. Nous pensons qu\u2019il joue un ro\u0302le fondamental, un ro\u0302le important en ce qu\u2019il livre les e\u0301quipements et il accompagne techniquement. Je pense que pour l\u2019instant, c\u2019est l\u2019un des partenaires qui travaille avec tous les ope\u0301rateurs. Donc nous les accueillons comme partie prenante \u00bb. Aussi, e\u0301tait pre\u0301sente a\u0300 cette ce\u0301re\u0301monie, la Directrice des relations publiques de Huawei et Channel zone CEMAC, Edmonde DJIOKENG Teboh qui certifiera l\u2019apport de Huawei dans nume\u0301risation du Cameroun depuis leur entre\u0301e en 2005.<\/p>\n<p>La deuxie\u0300me journe\u0301e quant a\u0300 elle fut accentue\u0301e par la pre\u0301sence de Herman Yves Chiegue le National ICT Solution Director a\u0300 Huawei Cameroun qui a e\u0301tale\u0301 les statiques en mentionnant l&rsquo;apport de l&rsquo;e\u0301conomie nume\u0301rique dans le PIB Mondial. Dans le panel de l\u2019apre\u0300s-midi, Youssef AIT KADDOUR, Chief Cybersecurity Officer (CSO) a\u0300 Huawei Maroc qui a fait le de\u0301placement pour l\u2019e\u0301ve\u0300nement parlera quant du succe\u0300s de la transformation digitale avec ses diffe\u0301rents scenarios reposant sur l\u2019efficacite\u0301 et la se\u0301curisation de l\u2019utilisation des infrastructures des TIC. De ce fait, les acteurs des TIC doivent tout d\u2019abord renforcer la confiance dans la technologie nume\u0301rique, qui constitue la base de toute transformation nume\u0301rique.<\/p>\n<p>Le 24 fe\u0301vrier marquera alors la clo\u0302ture de cette premie\u0300re e\u0301dition riche en expe\u0301riences et en connaissances sous le the\u0300me : contribution de l\u2019e\u0301conomie nume\u0301rique a\u0300 l\u2019e\u0301mergence du Cameroun et de la sous-re\u0301gion Afrique centrale. Le Repre\u0301sentant permanent de l\u2019IUT pour l\u2019Afrique centrale et Madagascar lors de sa prise de parole, M. MASSIMA Jean Jacques dira qu\u2019il encourage les acteurs du secteur du nume\u0301rique car dans cette industrie chacun peut trouver son compte en fonction du segment dans lequel il s\u2019investit : \u00ab il y en a qui s\u2019inte\u0301ressent au web master a\u0300 la production, d\u2019autres qui s\u2019inte\u0301ressent aux drones, donc dans l\u2019e\u0301conomie nume\u0301rique chacun trouve a\u0300 boire et a\u0300 manger \u00bb. Le Secre\u0301taire Ge\u0301ne\u0301ral du ministe\u0300re des postes et te\u0301le\u0301communications dans son allocution de fin, exprimera toute sa satisfaction a\u0300 la tenue de cet e\u0301ve\u0300nement et de la qualite\u0301 des intervenants et des interventions des experts venus de partout pour capitaliser impact de l\u2019e\u0301conomie nume\u0301rique au Cameroun particulie\u0300rement et de l\u2019Afrique centrale en ge\u0301ne\u0301rale. \u00ab Les assises nous aurons permis de marquer un pas de\u0301cisif vers une contribution efficace au de\u0301veloppement de l\u2019e\u0301conomie nume\u0301rique au Cameroun de manie\u0300re particulie\u0300re et au sein des pays de l\u2019Afrique centrale de manie\u0300re ge\u0301ne\u0301rale \u00bb.<\/p>\n<p><strong>Pour plus d&rsquo;informations et d&rsquo;analyses sur la <a href=\"https:\/\/www.africa-press.net\/cameroun\">Cameroun<\/a>, suivez <a href=\"https:\/\/www.africa-press.net\/\">Africa-Press<\/a><\/strong><\/p>\n","protected":false},"excerpt":{"rendered":"<p>Africa-Press &#8211; Cameroun. HUAWEI) &#8211; La premie\u0300re e\u0301dition du CADIF (Central Africa Digital Fair) tenue du 22 au 24 fe\u0301vrier 2023 au palais des congre\u0300s de Yaounde\u0301, a rassemble\u0301e les acteurs majeurs du secteur du nume\u0301riques venus de la sphe\u0300re public que prive\u0301, parmi lesquels le leader mondial Huawei. L\u2019objectif e\u0301tait d\u2019e\u0301changer sur les enjeux [&hellip;]<\/p>\n","protected":false},"author":82,"featured_media":38610,"comment_status":"open","ping_status":"closed","sticky":false,"template":"","format":"standard","meta":{"footnotes":""},"categories":[3,10],"tags":[36,50,49],"class_list":["post-38612","post","type-post","status-publish","format-standard","has-post-thumbnail","hentry","category-economie","category-toutes-les-actualites","tag-africa-press","tag-africa-press-cameroun","tag-cameroun"],"yoast_head":"<!-- This site is optimized with the Yoast SEO Premium plugin v26.1 (Yoast SEO v27.0) - https:\/\/yoast.com\/product\/yoast-seo-premium-wordpress\/ -->\n<title>Central Africa Digital Fair\u00a0: Huawei confirme son positionnement. - Cameroun<\/title>\n<meta name=\"description\" content=\"HUAWEI) - La premie\u0300re e\u0301dition du CADIF (Central Africa Digital Fair) tenue du 22 au 24 fe\u0301vrier 2023 au palais des con ...\" \/>\n<meta name=\"robots\" content=\"index, follow, max-snippet:-1, max-image-preview:large, max-video-preview:-1\" \/>\n<link rel=\"canonical\" href=\"https:\/\/www.africa-press.net\/cameroun\/economie\/central-africa-digital-fair-huawei-confirme-son-positionnement\" \/>\n<meta property=\"og:locale\" content=\"fr_FR\" \/>\n<meta property=\"og:type\" content=\"article\" \/>\n<meta property=\"og:title\" content=\"Central Africa Digital Fair\u00a0: Huawei confirme son positionnement.\" \/>\n<meta property=\"og:description\" content=\"HUAWEI) - La premie\u0300re e\u0301dition du CADIF (Central Africa Digital Fair) tenue du 22 au 24 fe\u0301vrier 2023 au palais des con ...\" \/>\n<meta property=\"og:url\" content=\"https:\/\/www.africa-press.net\/cameroun\/economie\/central-africa-digital-fair-huawei-confirme-son-positionnement\" \/>\n<meta property=\"og:site_name\" content=\"Cameroun\" \/>\n<meta property=\"article:published_time\" content=\"2023-03-08T12:40:06+00:00\" \/>\n<meta property=\"article:modified_time\" content=\"2023-03-08T22:06:07+00:00\" \/>\n<meta property=\"og:image\" content=\"https:\/\/static.africa-press.net\/cameroun\/sites\/57\/2023\/03\/postQueueImg_1678266609.44.jpg\" \/>\n\t<meta property=\"og:image:width\" content=\"720\" \/>\n\t<meta property=\"og:image:height\" content=\"479\" \/>\n\t<meta property=\"og:image:type\" content=\"image\/jpeg\" \/>\n<meta name=\"author\" content=\"cfeditorfr\" \/>\n<meta name=\"twitter:card\" content=\"summary_large_image\" \/>\n<meta name=\"twitter:label1\" content=\"\u00c9crit par\" \/>\n\t<meta name=\"twitter:data1\" content=\"cfeditorfr\" \/>\n\t<meta name=\"twitter:label2\" content=\"Dur\u00e9e de lecture estim\u00e9e\" \/>\n\t<meta name=\"twitter:data2\" content=\"3 minutes\" \/>\n<script type=\"application\/ld+json\" class=\"yoast-schema-graph\">{\"@context\":\"https:\/\/schema.org\",\"@graph\":[{\"@type\":\"Article\",\"@id\":\"https:\/\/www.africa-press.net\/cameroun\/economie\/central-africa-digital-fair-huawei-confirme-son-positionnement#article\",\"isPartOf\":{\"@id\":\"https:\/\/www.africa-press.net\/cameroun\/economie\/central-africa-digital-fair-huawei-confirme-son-positionnement\"},\"author\":{\"name\":\"cfeditorfr\",\"@id\":\"https:\/\/www.africa-press.net\/cameroun\/#\/schema\/person\/2b1cf3cd81a31e3cd26889ca66d677f1\"},\"headline\":\"Central Africa Digital Fair\u00a0: Huawei confirme son positionnement.\",\"datePublished\":\"2023-03-08T12:40:06+00:00\",\"dateModified\":\"2023-03-08T22:06:07+00:00\",\"mainEntityOfPage\":{\"@id\":\"https:\/\/www.africa-press.net\/cameroun\/economie\/central-africa-digital-fair-huawei-confirme-son-positionnement\"},\"wordCount\":694,\"commentCount\":0,\"image\":{\"@id\":\"https:\/\/www.africa-press.net\/cameroun\/economie\/central-africa-digital-fair-huawei-confirme-son-positionnement#primaryimage\"},\"thumbnailUrl\":\"https:\/\/static.africa-press.net\/cameroun\/sites\/57\/2023\/03\/postQueueImg_1678266609.44.jpg\",\"keywords\":[\"Africa Press\",\"Africa Press-Cameroun\",\"Cameroun\"],\"articleSection\":[\"\u00c9conomie\",\"Toutes les actualit\u00e9s\"],\"inLanguage\":\"fr-FR\",\"potentialAction\":[{\"@type\":\"CommentAction\",\"name\":\"Comment\",\"target\":[\"https:\/\/www.africa-press.net\/cameroun\/economie\/central-africa-digital-fair-huawei-confirme-son-positionnement#respond\"]}]},{\"@type\":\"WebPage\",\"@id\":\"https:\/\/www.africa-press.net\/cameroun\/economie\/central-africa-digital-fair-huawei-confirme-son-positionnement\",\"url\":\"https:\/\/www.africa-press.net\/cameroun\/economie\/central-africa-digital-fair-huawei-confirme-son-positionnement\",\"name\":\"Central Africa Digital Fair\u00a0: Huawei confirme son positionnement. - Cameroun\",\"isPartOf\":{\"@id\":\"https:\/\/www.africa-press.net\/cameroun\/#website\"},\"primaryImageOfPage\":{\"@id\":\"https:\/\/www.africa-press.net\/cameroun\/economie\/central-africa-digital-fair-huawei-confirme-son-positionnement#primaryimage\"},\"image\":{\"@id\":\"https:\/\/www.africa-press.net\/cameroun\/economie\/central-africa-digital-fair-huawei-confirme-son-positionnement#primaryimage\"},\"thumbnailUrl\":\"https:\/\/static.africa-press.net\/cameroun\/sites\/57\/2023\/03\/postQueueImg_1678266609.44.jpg\",\"datePublished\":\"2023-03-08T12:40:06+00:00\",\"dateModified\":\"2023-03-08T22:06:07+00:00\",\"author\":{\"@id\":\"https:\/\/www.africa-press.net\/cameroun\/#\/schema\/person\/2b1cf3cd81a31e3cd26889ca66d677f1\"},\"description\":\"HUAWEI) - La premie\u0300re e\u0301dition du CADIF (Central Africa Digital Fair) tenue du 22 au 24 fe\u0301vrier 2023 au palais des con ...\",\"breadcrumb\":{\"@id\":\"https:\/\/www.africa-press.net\/cameroun\/economie\/central-africa-digital-fair-huawei-confirme-son-positionnement#breadcrumb\"},\"inLanguage\":\"fr-FR\",\"potentialAction\":[{\"@type\":\"ReadAction\",\"target\":[\"https:\/\/www.africa-press.net\/cameroun\/economie\/central-africa-digital-fair-huawei-confirme-son-positionnement\"]}]},{\"@type\":\"ImageObject\",\"inLanguage\":\"fr-FR\",\"@id\":\"https:\/\/www.africa-press.net\/cameroun\/economie\/central-africa-digital-fair-huawei-confirme-son-positionnement#primaryimage\",\"url\":\"https:\/\/static.africa-press.net\/cameroun\/sites\/57\/2023\/03\/postQueueImg_1678266609.44.jpg\",\"contentUrl\":\"https:\/\/static.africa-press.net\/cameroun\/sites\/57\/2023\/03\/postQueueImg_1678266609.44.jpg\",\"width\":720,\"height\":479,\"caption\":\"Central Africa Digital Fair\u00a0: Huawei confirme son positionnement.\"},{\"@type\":\"BreadcrumbList\",\"@id\":\"https:\/\/www.africa-press.net\/cameroun\/economie\/central-africa-digital-fair-huawei-confirme-son-positionnement#breadcrumb\",\"itemListElement\":[{\"@type\":\"ListItem\",\"position\":1,\"name\":\"Accueil\",\"item\":\"https:\/\/www.africa-press.net\/cameroun\/\"},{\"@type\":\"ListItem\",\"position\":2,\"name\":\"Central Africa Digital Fair\u00a0: Huawei confirme son positionnement.\"}]},{\"@type\":\"WebSite\",\"@id\":\"https:\/\/www.africa-press.net\/cameroun\/#website\",\"url\":\"https:\/\/www.africa-press.net\/cameroun\/\",\"name\":\"Cameroun\",\"description\":\"Just another Africa News Agency Sites site\",\"potentialAction\":[{\"@type\":\"SearchAction\",\"target\":{\"@type\":\"EntryPoint\",\"urlTemplate\":\"https:\/\/www.africa-press.net\/cameroun\/?s={search_term_string}\"},\"query-input\":{\"@type\":\"PropertyValueSpecification\",\"valueRequired\":true,\"valueName\":\"search_term_string\"}}],\"inLanguage\":\"fr-FR\"},{\"@type\":\"Person\",\"@id\":\"https:\/\/www.africa-press.net\/cameroun\/#\/schema\/person\/2b1cf3cd81a31e3cd26889ca66d677f1\",\"name\":\"cfeditorfr\"}]}<\/script>\n<!-- \/ Yoast SEO Premium plugin. -->","yoast_head_json":{"title":"Central Africa Digital Fair\u00a0: Huawei confirme son positionnement. - Cameroun","description":"HUAWEI) - La premie\u0300re e\u0301dition du CADIF (Central Africa Digital Fair) tenue du 22 au 24 fe\u0301vrier 2023 au palais des con ...","robots":{"index":"index","follow":"follow","max-snippet":"max-snippet:-1","max-image-preview":"max-image-preview:large","max-video-preview":"max-video-preview:-1"},"canonical":"https:\/\/www.africa-press.net\/cameroun\/economie\/central-africa-digital-fair-huawei-confirme-son-positionnement","og_locale":"fr_FR","og_type":"article","og_title":"Central Africa Digital Fair\u00a0: Huawei confirme son positionnement.","og_description":"HUAWEI) - La premie\u0300re e\u0301dition du CADIF (Central Africa Digital Fair) tenue du 22 au 24 fe\u0301vrier 2023 au palais des con ...","og_url":"https:\/\/www.africa-press.net\/cameroun\/economie\/central-africa-digital-fair-huawei-confirme-son-positionnement","og_site_name":"Cameroun","article_published_time":"2023-03-08T12:40:06+00:00","article_modified_time":"2023-03-08T22:06:07+00:00","og_image":[{"width":720,"height":479,"url":"https:\/\/static.africa-press.net\/cameroun\/sites\/57\/2023\/03\/postQueueImg_1678266609.44.jpg","type":"image\/jpeg"}],"author":"cfeditorfr","twitter_card":"summary_large_image","twitter_misc":{"\u00c9crit par":"cfeditorfr","Dur\u00e9e de lecture estim\u00e9e":"3 minutes"},"schema":{"@context":"https:\/\/schema.org","@graph":[{"@type":"Article","@id":"https:\/\/www.africa-press.net\/cameroun\/economie\/central-africa-digital-fair-huawei-confirme-son-positionnement#article","isPartOf":{"@id":"https:\/\/www.africa-press.net\/cameroun\/economie\/central-africa-digital-fair-huawei-confirme-son-positionnement"},"author":{"name":"cfeditorfr","@id":"https:\/\/www.africa-press.net\/cameroun\/#\/schema\/person\/2b1cf3cd81a31e3cd26889ca66d677f1"},"headline":"Central Africa Digital Fair\u00a0: Huawei confirme son positionnement.","datePublished":"2023-03-08T12:40:06+00:00","dateModified":"2023-03-08T22:06:07+00:00","mainEntityOfPage":{"@id":"https:\/\/www.africa-press.net\/cameroun\/economie\/central-africa-digital-fair-huawei-confirme-son-positionnement"},"wordCount":694,"commentCount":0,"image":{"@id":"https:\/\/www.africa-press.net\/cameroun\/economie\/central-africa-digital-fair-huawei-confirme-son-positionnement#primaryimage"},"thumbnailUrl":"https:\/\/static.africa-press.net\/cameroun\/sites\/57\/2023\/03\/postQueueImg_1678266609.44.jpg","keywords":["Africa Press","Africa Press-Cameroun","Cameroun"],"articleSection":["\u00c9conomie","Toutes les actualit\u00e9s"],"inLanguage":"fr-FR","potentialAction":[{"@type":"CommentAction","name":"Comment","target":["https:\/\/www.africa-press.net\/cameroun\/economie\/central-africa-digital-fair-huawei-confirme-son-positionnement#respond"]}]},{"@type":"WebPage","@id":"https:\/\/www.africa-press.net\/cameroun\/economie\/central-africa-digital-fair-huawei-confirme-son-positionnement","url":"https:\/\/www.africa-press.net\/cameroun\/economie\/central-africa-digital-fair-huawei-confirme-son-positionnement","name":"Central Africa Digital Fair\u00a0: Huawei confirme son positionnement. - Cameroun","isPartOf":{"@id":"https:\/\/www.africa-press.net\/cameroun\/#website"},"primaryImageOfPage":{"@id":"https:\/\/www.africa-press.net\/cameroun\/economie\/central-africa-digital-fair-huawei-confirme-son-positionnement#primaryimage"},"image":{"@id":"https:\/\/www.africa-press.net\/cameroun\/economie\/central-africa-digital-fair-huawei-confirme-son-positionnement#primaryimage"},"thumbnailUrl":"https:\/\/static.africa-press.net\/cameroun\/sites\/57\/2023\/03\/postQueueImg_1678266609.44.jpg","datePublished":"2023-03-08T12:40:06+00:00","dateModified":"2023-03-08T22:06:07+00:00","author":{"@id":"https:\/\/www.africa-press.net\/cameroun\/#\/schema\/person\/2b1cf3cd81a31e3cd26889ca66d677f1"},"description":"HUAWEI) - La premie\u0300re e\u0301dition du CADIF (Central Africa Digital Fair) tenue du 22 au 24 fe\u0301vrier 2023 au palais des con ...","breadcrumb":{"@id":"https:\/\/www.africa-press.net\/cameroun\/economie\/central-africa-digital-fair-huawei-confirme-son-positionnement#breadcrumb"},"inLanguage":"fr-FR","potentialAction":[{"@type":"ReadAction","target":["https:\/\/www.africa-press.net\/cameroun\/economie\/central-africa-digital-fair-huawei-confirme-son-positionnement"]}]},{"@type":"ImageObject","inLanguage":"fr-FR","@id":"https:\/\/www.africa-press.net\/cameroun\/economie\/central-africa-digital-fair-huawei-confirme-son-positionnement#primaryimage","url":"https:\/\/static.africa-press.net\/cameroun\/sites\/57\/2023\/03\/postQueueImg_1678266609.44.jpg","contentUrl":"https:\/\/static.africa-press.net\/cameroun\/sites\/57\/2023\/03\/postQueueImg_1678266609.44.jpg","width":720,"height":479,"caption":"Central Africa Digital Fair\u00a0: Huawei confirme son positionnement."},{"@type":"BreadcrumbList","@id":"https:\/\/www.africa-press.net\/cameroun\/economie\/central-africa-digital-fair-huawei-confirme-son-positionnement#breadcrumb","itemListElement":[{"@type":"ListItem","position":1,"name":"Accueil","item":"https:\/\/www.africa-press.net\/cameroun\/"},{"@type":"ListItem","position":2,"name":"Central Africa Digital Fair\u00a0: Huawei confirme son positionnement."}]},{"@type":"WebSite","@id":"https:\/\/www.africa-press.net\/cameroun\/#website","url":"https:\/\/www.africa-press.net\/cameroun\/","name":"Cameroun","description":"Just another Africa News Agency Sites site","potentialAction":[{"@type":"SearchAction","target":{"@type":"EntryPoint","urlTemplate":"https:\/\/www.africa-press.net\/cameroun\/?s={search_term_string}"},"query-input":{"@type":"PropertyValueSpecification","valueRequired":true,"valueName":"search_term_string"}}],"inLanguage":"fr-FR"},{"@type":"Person","@id":"https:\/\/www.africa-press.net\/cameroun\/#\/schema\/person\/2b1cf3cd81a31e3cd26889ca66d677f1","name":"cfeditorfr"}]}},"_links":{"self":[{"href":"https:\/\/www.africa-press.net\/cameroun\/wp-json\/wp\/v2\/posts\/38612","targetHints":{"allow":["GET"]}}],"collection":[{"href":"https:\/\/www.africa-press.net\/cameroun\/wp-json\/wp\/v2\/posts"}],"about":[{"href":"https:\/\/www.africa-press.net\/cameroun\/wp-json\/wp\/v2\/types\/post"}],"author":[{"embeddable":true,"href":"https:\/\/www.africa-press.net\/cameroun\/wp-json\/wp\/v2\/users\/82"}],"replies":[{"embeddable":true,"href":"https:\/\/www.africa-press.net\/cameroun\/wp-json\/wp\/v2\/comments?post=38612"}],"version-history":[{"count":0,"href":"https:\/\/www.africa-press.net\/cameroun\/wp-json\/wp\/v2\/posts\/38612\/revisions"}],"wp:featuredmedia":[{"embeddable":true,"href":"https:\/\/www.africa-press.net\/cameroun\/wp-json\/wp\/v2\/media\/38610"}],"wp:attachment":[{"href":"https:\/\/www.africa-press.net\/cameroun\/wp-json\/wp\/v2\/media?parent=38612"}],"wp:term":[{"taxonomy":"category","embeddable":true,"href":"https:\/\/www.africa-press.net\/cameroun\/wp-json\/wp\/v2\/categories?post=38612"},{"taxonomy":"post_tag","embeddable":true,"href":"https:\/\/www.africa-press.net\/cameroun\/wp-json\/wp\/v2\/tags?post=38612"}],"curies":[{"name":"wp","href":"https:\/\/api.w.org\/{rel}","templated":true}]}}