{"id":38613,"date":"2023-03-08T12:38:09","date_gmt":"2023-03-08T12:38:09","guid":{"rendered":"https:\/\/www.africa-press.net\/cameroun\/politique\/amougou-belinga-et-coaccuses-en-prison-maurice-kamto-cabral-libii-et-dautres-opposants-pointes-du-doigt"},"modified":"2023-03-08T22:06:43","modified_gmt":"2023-03-08T22:06:43","slug":"amougou-belinga-et-coaccuses-en-prison-maurice-kamto-cabral-libii-et-dautres-opposants-pointes-du-doigt","status":"publish","type":"post","link":"https:\/\/www.africa-press.net\/cameroun\/toutes-les-actualites\/amougou-belinga-et-coaccuses-en-prison-maurice-kamto-cabral-libii-et-dautres-opposants-pointes-du-doigt","title":{"rendered":"Amougou Belinga et coaccus\u00e9s en prison : Maurice Kamto, Cabral Libii et d&rsquo;autres opposants point\u00e9s du doigt"},"content":{"rendered":"<p><span style=\"color: #ff6600\"><strong>Africa-Press &#8211; Cameroun. <\/strong><\/span>Le syste\u0300me politique, social voire e\u0301conomique camerounais diffe\u0300re grandement de celui d&rsquo;autres pays. Le Se\u0301ne\u0301gal par exemple est diffe\u0301rent quand a\u0300 manie\u0300re de gouverner et les opposants du pays de Macky Sall sont le\u0301ge\u0300rement diffe\u0301rents de ceux qui opposent au pouvoir de l&rsquo;exe\u0301cutif camerounais.<\/p>\n<p>Concernant l&rsquo;affaire Sonko au Se\u0301ne\u0301gal, le Dr. Jean Cre\u0301pin Nyasmi y va de son analyse et d&rsquo;une comparaison a\u0300 la situation socio-politique et judiciaire au Cameroun. Il pointe du doigt les opposants camerounais qu&rsquo;il qualifie de mauvais et de silencieux dans l&rsquo;acte face a\u0300 certains faits sociaux.<\/p>\n<p>\u00ab L&rsquo;opposant Ousmane Sonko au Se\u0301ne\u0301gal n&rsquo;a pas son e\u0301gal en Afrique Francophone. L&rsquo;homme a e\u0301te\u0301 arre\u0302te\u0301, torture\u0301, mis en re\u0301sidence surveille\u0301e malgre\u0301 tout ceci, il continue de de\u0301fier le Pre\u0301sident Se\u0301ne\u0301galais Macky Sall. Il est sur le terrain, multiplie les sorties, harangue la foule et brade tous les obstacles pour se faire entendre. Il me\u0301rite e\u0302tre le principal opposant au Se\u0301ne\u0301gal. Le travail qu&rsquo;il abat sur le terrain est juste impressionnant.<\/p>\n<p>Prie\u0300re a\u0300 ne pas comparer avec celui que certaines personnes veulent pre\u0301senter comme un opposant au Cameroun.<\/p>\n<p>Ousmane Sonko prouve qu&rsquo;il a les c&#8230;oui..lles et n&rsquo;a pas peur des repre\u0301sailles. Il a gagne\u0301 le coeur des peuples africains et est ovationne\u0301 avec les deux mains. Bravo une fois de plus au Se\u0301ne\u0301gal qui donne les lec\u0327ons du football et de politique aux autres pays francophones.<\/p>\n<p>Pre\u0301sident Ousmane Sonko, tu n&rsquo;as pas eu besoin d&rsquo;e\u0302tre Ministre de\u0301le\u0301gue\u0301 ou expert en tout et pour tout pour prendre la te\u0302te de l&rsquo;opposition au Se\u0301ne\u0301gal.<\/p>\n<p>Nous pouvons dire avec aisance et fair play que le Se\u0301ne\u0301gal est une re\u0301fe\u0301rence non pas seulement dans le football, mais le leader de l&rsquo;opposition donne une lec\u0327on de clairvoyance concre\u0300te et since\u0300re. Fe\u0301licitons le Se\u0301ne\u0301gal et prenons l&rsquo;exemple d&rsquo;un leadership travaille\u0301 sur tous les plans. Nous avons un leader de l&rsquo;opposition qui sait ce qu&rsquo;il veut pour son peuple et raison pour laquelle tout fonctionne pour de\u0301loger Macky Sall tre\u0300s biento\u0302t.<\/p>\n<p>Le Se\u0301ne\u0301gal n&rsquo;est pas seulement un exemple pour le football. Il est aussi un exemple dans la politique et son opposition de\u0301gage un charisme le\u0301gendaire. Nous pouvons clo\u0302turer le de\u0301bat et reconnai\u0302tre qu&rsquo;au Cameroun, nous avons les mauvais leaders entoure\u0301s des affame\u0301s nombrilistes incapables de comprendre que celui qui est pre\u0301sente\u0301 comme leader de l&rsquo;opposition n&rsquo;est pas a\u0300 la hauteur de la ta\u0302che. Je porte la voix du peuple parce qu&rsquo;il n&rsquo;ya justement personne pour porter cette voix \u00bb estime Jean Cre\u0301pin Nyamsi<\/p>\n<p><strong>Pour plus d&rsquo;informations et d&rsquo;analyses sur la <a href=\"https:\/\/www.africa-press.net\/cameroun\">Cameroun<\/a>, suivez <a href=\"https:\/\/www.africa-press.net\/\">Africa-Press<\/a><\/strong><\/p>\n","protected":false},"excerpt":{"rendered":"<p>Africa-Press &#8211; Cameroun. Le syste\u0300me politique, social voire e\u0301conomique camerounais diffe\u0300re grandement de celui d&rsquo;autres pays. Le Se\u0301ne\u0301gal par exemple est diffe\u0301rent quand a\u0300 manie\u0300re de gouverner et les opposants du pays de Macky Sall sont le\u0301ge\u0300rement diffe\u0301rents de ceux qui opposent au pouvoir de l&rsquo;exe\u0301cutif camerounais. Concernant l&rsquo;affaire Sonko au Se\u0301ne\u0301gal, le Dr. Jean [&hellip;]<\/p>\n","protected":false},"author":82,"featured_media":38611,"comment_status":"open","ping_status":"closed","sticky":false,"template":"","format":"standard","meta":{"footnotes":""},"categories":[21,10],"tags":[36,50,49],"class_list":["post-38613","post","type-post","status-publish","format-standard","has-post-thumbnail","hentry","category-communaute","category-toutes-les-actualites","tag-africa-press","tag-africa-press-cameroun","tag-cameroun"],"yoast_head":"<!-- This site is optimized with the Yoast SEO Premium plugin v26.1 (Yoast SEO v27.0) - https:\/\/yoast.com\/product\/yoast-seo-premium-wordpress\/ -->\n<title>Amougou Belinga et coaccus\u00e9s en prison : Maurice Kamto, Cabral Libii et d&#039;autres opposants point\u00e9s du doigt - Cameroun<\/title>\n<meta name=\"description\" content=\"Le syste\u0300me politique, social voire e\u0301conomique camerounais diffe\u0300re grandement de celui d&#039;autres pays. Le Se\u0301ne\u0301gal par ...\" \/>\n<meta name=\"robots\" content=\"index, follow, max-snippet:-1, max-image-preview:large, max-video-preview:-1\" \/>\n<link rel=\"canonical\" href=\"https:\/\/www.africa-press.net\/cameroun\/toutes-les-actualites\/amougou-belinga-et-coaccuses-en-prison-maurice-kamto-cabral-libii-et-dautres-opposants-pointes-du-doigt\" \/>\n<meta property=\"og:locale\" content=\"fr_FR\" \/>\n<meta property=\"og:type\" content=\"article\" \/>\n<meta property=\"og:title\" content=\"Amougou Belinga et coaccus\u00e9s en prison : Maurice Kamto, Cabral Libii et d&#039;autres opposants point\u00e9s du doigt\" \/>\n<meta property=\"og:description\" content=\"Le syste\u0300me politique, social voire e\u0301conomique camerounais diffe\u0300re grandement de celui d&#039;autres pays. Le Se\u0301ne\u0301gal par ...\" \/>\n<meta property=\"og:url\" content=\"https:\/\/www.africa-press.net\/cameroun\/toutes-les-actualites\/amougou-belinga-et-coaccuses-en-prison-maurice-kamto-cabral-libii-et-dautres-opposants-pointes-du-doigt\" \/>\n<meta property=\"og:site_name\" content=\"Cameroun\" \/>\n<meta property=\"article:published_time\" content=\"2023-03-08T12:38:09+00:00\" \/>\n<meta property=\"article:modified_time\" content=\"2023-03-08T22:06:43+00:00\" \/>\n<meta property=\"og:image\" content=\"https:\/\/static.africa-press.net\/cameroun\/sites\/57\/2023\/03\/postQueueImg_1678266495.19.jpg\" \/>\n\t<meta property=\"og:image:width\" content=\"720\" \/>\n\t<meta property=\"og:image:height\" content=\"470\" \/>\n\t<meta property=\"og:image:type\" content=\"image\/jpeg\" \/>\n<meta name=\"author\" content=\"cfeditorfr\" \/>\n<meta name=\"twitter:card\" content=\"summary_large_image\" \/>\n<meta name=\"twitter:label1\" content=\"\u00c9crit par\" \/>\n\t<meta name=\"twitter:data1\" content=\"cfeditorfr\" \/>\n\t<meta name=\"twitter:label2\" content=\"Dur\u00e9e de lecture estim\u00e9e\" \/>\n\t<meta name=\"twitter:data2\" content=\"2 minutes\" \/>\n<script type=\"application\/ld+json\" class=\"yoast-schema-graph\">{\"@context\":\"https:\/\/schema.org\",\"@graph\":[{\"@type\":\"Article\",\"@id\":\"https:\/\/www.africa-press.net\/cameroun\/toutes-les-actualites\/amougou-belinga-et-coaccuses-en-prison-maurice-kamto-cabral-libii-et-dautres-opposants-pointes-du-doigt#article\",\"isPartOf\":{\"@id\":\"https:\/\/www.africa-press.net\/cameroun\/toutes-les-actualites\/amougou-belinga-et-coaccuses-en-prison-maurice-kamto-cabral-libii-et-dautres-opposants-pointes-du-doigt\"},\"author\":{\"name\":\"cfeditorfr\",\"@id\":\"https:\/\/www.africa-press.net\/cameroun\/#\/schema\/person\/2b1cf3cd81a31e3cd26889ca66d677f1\"},\"headline\":\"Amougou Belinga et coaccus\u00e9s en prison : Maurice Kamto, Cabral Libii et d&rsquo;autres opposants point\u00e9s du doigt\",\"datePublished\":\"2023-03-08T12:38:09+00:00\",\"dateModified\":\"2023-03-08T22:06:43+00:00\",\"mainEntityOfPage\":{\"@id\":\"https:\/\/www.africa-press.net\/cameroun\/toutes-les-actualites\/amougou-belinga-et-coaccuses-en-prison-maurice-kamto-cabral-libii-et-dautres-opposants-pointes-du-doigt\"},\"wordCount\":536,\"commentCount\":0,\"image\":{\"@id\":\"https:\/\/www.africa-press.net\/cameroun\/toutes-les-actualites\/amougou-belinga-et-coaccuses-en-prison-maurice-kamto-cabral-libii-et-dautres-opposants-pointes-du-doigt#primaryimage\"},\"thumbnailUrl\":\"https:\/\/static.africa-press.net\/cameroun\/sites\/57\/2023\/03\/postQueueImg_1678266495.19.jpg\",\"keywords\":[\"Africa Press\",\"Africa Press-Cameroun\",\"Cameroun\"],\"articleSection\":[\"Communaut\u00e9\",\"Toutes les actualit\u00e9s\"],\"inLanguage\":\"fr-FR\",\"potentialAction\":[{\"@type\":\"CommentAction\",\"name\":\"Comment\",\"target\":[\"https:\/\/www.africa-press.net\/cameroun\/toutes-les-actualites\/amougou-belinga-et-coaccuses-en-prison-maurice-kamto-cabral-libii-et-dautres-opposants-pointes-du-doigt#respond\"]}]},{\"@type\":\"WebPage\",\"@id\":\"https:\/\/www.africa-press.net\/cameroun\/toutes-les-actualites\/amougou-belinga-et-coaccuses-en-prison-maurice-kamto-cabral-libii-et-dautres-opposants-pointes-du-doigt\",\"url\":\"https:\/\/www.africa-press.net\/cameroun\/toutes-les-actualites\/amougou-belinga-et-coaccuses-en-prison-maurice-kamto-cabral-libii-et-dautres-opposants-pointes-du-doigt\",\"name\":\"Amougou Belinga et coaccus\u00e9s en prison : Maurice Kamto, Cabral Libii et d'autres opposants point\u00e9s du doigt - Cameroun\",\"isPartOf\":{\"@id\":\"https:\/\/www.africa-press.net\/cameroun\/#website\"},\"primaryImageOfPage\":{\"@id\":\"https:\/\/www.africa-press.net\/cameroun\/toutes-les-actualites\/amougou-belinga-et-coaccuses-en-prison-maurice-kamto-cabral-libii-et-dautres-opposants-pointes-du-doigt#primaryimage\"},\"image\":{\"@id\":\"https:\/\/www.africa-press.net\/cameroun\/toutes-les-actualites\/amougou-belinga-et-coaccuses-en-prison-maurice-kamto-cabral-libii-et-dautres-opposants-pointes-du-doigt#primaryimage\"},\"thumbnailUrl\":\"https:\/\/static.africa-press.net\/cameroun\/sites\/57\/2023\/03\/postQueueImg_1678266495.19.jpg\",\"datePublished\":\"2023-03-08T12:38:09+00:00\",\"dateModified\":\"2023-03-08T22:06:43+00:00\",\"author\":{\"@id\":\"https:\/\/www.africa-press.net\/cameroun\/#\/schema\/person\/2b1cf3cd81a31e3cd26889ca66d677f1\"},\"description\":\"Le syste\u0300me politique, social voire e\u0301conomique camerounais diffe\u0300re grandement de celui d'autres pays. Le Se\u0301ne\u0301gal par ...\",\"breadcrumb\":{\"@id\":\"https:\/\/www.africa-press.net\/cameroun\/toutes-les-actualites\/amougou-belinga-et-coaccuses-en-prison-maurice-kamto-cabral-libii-et-dautres-opposants-pointes-du-doigt#breadcrumb\"},\"inLanguage\":\"fr-FR\",\"potentialAction\":[{\"@type\":\"ReadAction\",\"target\":[\"https:\/\/www.africa-press.net\/cameroun\/toutes-les-actualites\/amougou-belinga-et-coaccuses-en-prison-maurice-kamto-cabral-libii-et-dautres-opposants-pointes-du-doigt\"]}]},{\"@type\":\"ImageObject\",\"inLanguage\":\"fr-FR\",\"@id\":\"https:\/\/www.africa-press.net\/cameroun\/toutes-les-actualites\/amougou-belinga-et-coaccuses-en-prison-maurice-kamto-cabral-libii-et-dautres-opposants-pointes-du-doigt#primaryimage\",\"url\":\"https:\/\/static.africa-press.net\/cameroun\/sites\/57\/2023\/03\/postQueueImg_1678266495.19.jpg\",\"contentUrl\":\"https:\/\/static.africa-press.net\/cameroun\/sites\/57\/2023\/03\/postQueueImg_1678266495.19.jpg\",\"width\":720,\"height\":470,\"caption\":\"Amougou Belinga et coaccus\u00e9s en prison : Maurice Kamto, Cabral Libii et d'autres opposants point\u00e9s du doigt\"},{\"@type\":\"BreadcrumbList\",\"@id\":\"https:\/\/www.africa-press.net\/cameroun\/toutes-les-actualites\/amougou-belinga-et-coaccuses-en-prison-maurice-kamto-cabral-libii-et-dautres-opposants-pointes-du-doigt#breadcrumb\",\"itemListElement\":[{\"@type\":\"ListItem\",\"position\":1,\"name\":\"Accueil\",\"item\":\"https:\/\/www.africa-press.net\/cameroun\/\"},{\"@type\":\"ListItem\",\"position\":2,\"name\":\"Amougou Belinga et coaccus\u00e9s en prison : Maurice Kamto, Cabral Libii et d&rsquo;autres opposants point\u00e9s du doigt\"}]},{\"@type\":\"WebSite\",\"@id\":\"https:\/\/www.africa-press.net\/cameroun\/#website\",\"url\":\"https:\/\/www.africa-press.net\/cameroun\/\",\"name\":\"Cameroun\",\"description\":\"Just another Africa News Agency Sites site\",\"potentialAction\":[{\"@type\":\"SearchAction\",\"target\":{\"@type\":\"EntryPoint\",\"urlTemplate\":\"https:\/\/www.africa-press.net\/cameroun\/?s={search_term_string}\"},\"query-input\":{\"@type\":\"PropertyValueSpecification\",\"valueRequired\":true,\"valueName\":\"search_term_string\"}}],\"inLanguage\":\"fr-FR\"},{\"@type\":\"Person\",\"@id\":\"https:\/\/www.africa-press.net\/cameroun\/#\/schema\/person\/2b1cf3cd81a31e3cd26889ca66d677f1\",\"name\":\"cfeditorfr\"}]}<\/script>\n<!-- \/ Yoast SEO Premium plugin. -->","yoast_head_json":{"title":"Amougou Belinga et coaccus\u00e9s en prison : Maurice Kamto, Cabral Libii et d'autres opposants point\u00e9s du doigt - Cameroun","description":"Le syste\u0300me politique, social voire e\u0301conomique camerounais diffe\u0300re grandement de celui d'autres pays. Le Se\u0301ne\u0301gal par ...","robots":{"index":"index","follow":"follow","max-snippet":"max-snippet:-1","max-image-preview":"max-image-preview:large","max-video-preview":"max-video-preview:-1"},"canonical":"https:\/\/www.africa-press.net\/cameroun\/toutes-les-actualites\/amougou-belinga-et-coaccuses-en-prison-maurice-kamto-cabral-libii-et-dautres-opposants-pointes-du-doigt","og_locale":"fr_FR","og_type":"article","og_title":"Amougou Belinga et coaccus\u00e9s en prison : Maurice Kamto, Cabral Libii et d'autres opposants point\u00e9s du doigt","og_description":"Le syste\u0300me politique, social voire e\u0301conomique camerounais diffe\u0300re grandement de celui d'autres pays. Le Se\u0301ne\u0301gal par ...","og_url":"https:\/\/www.africa-press.net\/cameroun\/toutes-les-actualites\/amougou-belinga-et-coaccuses-en-prison-maurice-kamto-cabral-libii-et-dautres-opposants-pointes-du-doigt","og_site_name":"Cameroun","article_published_time":"2023-03-08T12:38:09+00:00","article_modified_time":"2023-03-08T22:06:43+00:00","og_image":[{"width":720,"height":470,"url":"https:\/\/static.africa-press.net\/cameroun\/sites\/57\/2023\/03\/postQueueImg_1678266495.19.jpg","type":"image\/jpeg"}],"author":"cfeditorfr","twitter_card":"summary_large_image","twitter_misc":{"\u00c9crit par":"cfeditorfr","Dur\u00e9e de lecture estim\u00e9e":"2 minutes"},"schema":{"@context":"https:\/\/schema.org","@graph":[{"@type":"Article","@id":"https:\/\/www.africa-press.net\/cameroun\/toutes-les-actualites\/amougou-belinga-et-coaccuses-en-prison-maurice-kamto-cabral-libii-et-dautres-opposants-pointes-du-doigt#article","isPartOf":{"@id":"https:\/\/www.africa-press.net\/cameroun\/toutes-les-actualites\/amougou-belinga-et-coaccuses-en-prison-maurice-kamto-cabral-libii-et-dautres-opposants-pointes-du-doigt"},"author":{"name":"cfeditorfr","@id":"https:\/\/www.africa-press.net\/cameroun\/#\/schema\/person\/2b1cf3cd81a31e3cd26889ca66d677f1"},"headline":"Amougou Belinga et coaccus\u00e9s en prison : Maurice Kamto, Cabral Libii et d&rsquo;autres opposants point\u00e9s du doigt","datePublished":"2023-03-08T12:38:09+00:00","dateModified":"2023-03-08T22:06:43+00:00","mainEntityOfPage":{"@id":"https:\/\/www.africa-press.net\/cameroun\/toutes-les-actualites\/amougou-belinga-et-coaccuses-en-prison-maurice-kamto-cabral-libii-et-dautres-opposants-pointes-du-doigt"},"wordCount":536,"commentCount":0,"image":{"@id":"https:\/\/www.africa-press.net\/cameroun\/toutes-les-actualites\/amougou-belinga-et-coaccuses-en-prison-maurice-kamto-cabral-libii-et-dautres-opposants-pointes-du-doigt#primaryimage"},"thumbnailUrl":"https:\/\/static.africa-press.net\/cameroun\/sites\/57\/2023\/03\/postQueueImg_1678266495.19.jpg","keywords":["Africa Press","Africa Press-Cameroun","Cameroun"],"articleSection":["Communaut\u00e9","Toutes les actualit\u00e9s"],"inLanguage":"fr-FR","potentialAction":[{"@type":"CommentAction","name":"Comment","target":["https:\/\/www.africa-press.net\/cameroun\/toutes-les-actualites\/amougou-belinga-et-coaccuses-en-prison-maurice-kamto-cabral-libii-et-dautres-opposants-pointes-du-doigt#respond"]}]},{"@type":"WebPage","@id":"https:\/\/www.africa-press.net\/cameroun\/toutes-les-actualites\/amougou-belinga-et-coaccuses-en-prison-maurice-kamto-cabral-libii-et-dautres-opposants-pointes-du-doigt","url":"https:\/\/www.africa-press.net\/cameroun\/toutes-les-actualites\/amougou-belinga-et-coaccuses-en-prison-maurice-kamto-cabral-libii-et-dautres-opposants-pointes-du-doigt","name":"Amougou Belinga et coaccus\u00e9s en prison : Maurice Kamto, Cabral Libii et d'autres opposants point\u00e9s du doigt - Cameroun","isPartOf":{"@id":"https:\/\/www.africa-press.net\/cameroun\/#website"},"primaryImageOfPage":{"@id":"https:\/\/www.africa-press.net\/cameroun\/toutes-les-actualites\/amougou-belinga-et-coaccuses-en-prison-maurice-kamto-cabral-libii-et-dautres-opposants-pointes-du-doigt#primaryimage"},"image":{"@id":"https:\/\/www.africa-press.net\/cameroun\/toutes-les-actualites\/amougou-belinga-et-coaccuses-en-prison-maurice-kamto-cabral-libii-et-dautres-opposants-pointes-du-doigt#primaryimage"},"thumbnailUrl":"https:\/\/static.africa-press.net\/cameroun\/sites\/57\/2023\/03\/postQueueImg_1678266495.19.jpg","datePublished":"2023-03-08T12:38:09+00:00","dateModified":"2023-03-08T22:06:43+00:00","author":{"@id":"https:\/\/www.africa-press.net\/cameroun\/#\/schema\/person\/2b1cf3cd81a31e3cd26889ca66d677f1"},"description":"Le syste\u0300me politique, social voire e\u0301conomique camerounais diffe\u0300re grandement de celui d'autres pays. Le Se\u0301ne\u0301gal par ...","breadcrumb":{"@id":"https:\/\/www.africa-press.net\/cameroun\/toutes-les-actualites\/amougou-belinga-et-coaccuses-en-prison-maurice-kamto-cabral-libii-et-dautres-opposants-pointes-du-doigt#breadcrumb"},"inLanguage":"fr-FR","potentialAction":[{"@type":"ReadAction","target":["https:\/\/www.africa-press.net\/cameroun\/toutes-les-actualites\/amougou-belinga-et-coaccuses-en-prison-maurice-kamto-cabral-libii-et-dautres-opposants-pointes-du-doigt"]}]},{"@type":"ImageObject","inLanguage":"fr-FR","@id":"https:\/\/www.africa-press.net\/cameroun\/toutes-les-actualites\/amougou-belinga-et-coaccuses-en-prison-maurice-kamto-cabral-libii-et-dautres-opposants-pointes-du-doigt#primaryimage","url":"https:\/\/static.africa-press.net\/cameroun\/sites\/57\/2023\/03\/postQueueImg_1678266495.19.jpg","contentUrl":"https:\/\/static.africa-press.net\/cameroun\/sites\/57\/2023\/03\/postQueueImg_1678266495.19.jpg","width":720,"height":470,"caption":"Amougou Belinga et coaccus\u00e9s en prison : Maurice Kamto, Cabral Libii et d'autres opposants point\u00e9s du doigt"},{"@type":"BreadcrumbList","@id":"https:\/\/www.africa-press.net\/cameroun\/toutes-les-actualites\/amougou-belinga-et-coaccuses-en-prison-maurice-kamto-cabral-libii-et-dautres-opposants-pointes-du-doigt#breadcrumb","itemListElement":[{"@type":"ListItem","position":1,"name":"Accueil","item":"https:\/\/www.africa-press.net\/cameroun\/"},{"@type":"ListItem","position":2,"name":"Amougou Belinga et coaccus\u00e9s en prison : Maurice Kamto, Cabral Libii et d&rsquo;autres opposants point\u00e9s du doigt"}]},{"@type":"WebSite","@id":"https:\/\/www.africa-press.net\/cameroun\/#website","url":"https:\/\/www.africa-press.net\/cameroun\/","name":"Cameroun","description":"Just another Africa News Agency Sites site","potentialAction":[{"@type":"SearchAction","target":{"@type":"EntryPoint","urlTemplate":"https:\/\/www.africa-press.net\/cameroun\/?s={search_term_string}"},"query-input":{"@type":"PropertyValueSpecification","valueRequired":true,"valueName":"search_term_string"}}],"inLanguage":"fr-FR"},{"@type":"Person","@id":"https:\/\/www.africa-press.net\/cameroun\/#\/schema\/person\/2b1cf3cd81a31e3cd26889ca66d677f1","name":"cfeditorfr"}]}},"_links":{"self":[{"href":"https:\/\/www.africa-press.net\/cameroun\/wp-json\/wp\/v2\/posts\/38613","targetHints":{"allow":["GET"]}}],"collection":[{"href":"https:\/\/www.africa-press.net\/cameroun\/wp-json\/wp\/v2\/posts"}],"about":[{"href":"https:\/\/www.africa-press.net\/cameroun\/wp-json\/wp\/v2\/types\/post"}],"author":[{"embeddable":true,"href":"https:\/\/www.africa-press.net\/cameroun\/wp-json\/wp\/v2\/users\/82"}],"replies":[{"embeddable":true,"href":"https:\/\/www.africa-press.net\/cameroun\/wp-json\/wp\/v2\/comments?post=38613"}],"version-history":[{"count":0,"href":"https:\/\/www.africa-press.net\/cameroun\/wp-json\/wp\/v2\/posts\/38613\/revisions"}],"wp:featuredmedia":[{"embeddable":true,"href":"https:\/\/www.africa-press.net\/cameroun\/wp-json\/wp\/v2\/media\/38611"}],"wp:attachment":[{"href":"https:\/\/www.africa-press.net\/cameroun\/wp-json\/wp\/v2\/media?parent=38613"}],"wp:term":[{"taxonomy":"category","embeddable":true,"href":"https:\/\/www.africa-press.net\/cameroun\/wp-json\/wp\/v2\/categories?post=38613"},{"taxonomy":"post_tag","embeddable":true,"href":"https:\/\/www.africa-press.net\/cameroun\/wp-json\/wp\/v2\/tags?post=38613"}],"curies":[{"name":"wp","href":"https:\/\/api.w.org\/{rel}","templated":true}]}}