{"id":38616,"date":"2023-03-08T12:38:16","date_gmt":"2023-03-08T12:38:16","guid":{"rendered":"https:\/\/www.africa-press.net\/cameroun\/politique\/cest-acte-paul-biya-va-ceder-la-presidence"},"modified":"2023-03-08T22:09:16","modified_gmt":"2023-03-08T22:09:16","slug":"cest-acte-paul-biya-va-ceder-la-presidence","status":"publish","type":"post","link":"https:\/\/www.africa-press.net\/cameroun\/politique\/cest-acte-paul-biya-va-ceder-la-presidence","title":{"rendered":"C\u2019est act\u00e9 : Paul Biya va c\u00e9der la Pr\u00e9sidence"},"content":{"rendered":"<p><span style=\"color: #ff6600\"><strong>Africa-Press &#8211; Cameroun. <\/strong><\/span>Ce n\u2019est pas a\u0300 Etoudi que Paul Biya va ce\u0301der sa place mais a\u0300 la te\u0302te d\u2019une prestigieuse organisation re\u0301gionale dont il tenait la pre\u0301sidence. En effet, Jeune Afrique indique de le pre\u0301sident camerounais ne devrait plus garder la pre\u0301sidence de la Communaute\u0301 e\u0301conomique et mone\u0301taire de l&rsquo;Afrique centrale (CEMAC) lors du projet sommet annonce\u0301 en pre\u0301sentiel au Cameroun.<\/p>\n<p>\u00ab Attendue depuis pre\u0300s de deux ans, la prochaine confe\u0301rence des chefs d\u2019E\u0301tat de l\u2019organisation re\u0301gionale se tiendra le 17 mars a\u0300 Yaounde\u0301.<\/p>\n<p>Au menu des discussions, des annonces fortes, notamment sur la re\u0301forme du Franc CFA. Ce sera une re\u0301union en pre\u0301sentiel, contrairement au sommet extraordinaire organise\u0301 en visioconfe\u0301rence en aou\u0302t 2021.<\/p>\n<p>La dernie\u0300re assise du genre remonte a\u0300 novembre 2019 dans la me\u0302me ville. Selon l\u2019ordre du jour, que Jeune Afrique a pu consulter, le Camerounais Paul Biya ce\u0301dera la pre\u0301sidence de l\u2019organisation a\u0300 l\u2019un de ses homologues de la sous-re\u0301gion.<\/p>\n<p>Si l\u2019on s\u2019en tient au principe de rotation par ordre alphabe\u0301tique, le fauteuil doit e\u0302tre attribue\u0301 au Centrafricain Faustin-Archange Touade\u0301ra \u00bb, a annonce\u0301 Jeune Afrique.<\/p>\n<p>\u00ab Mais cette perspective suscite des re\u0301ticences.D\u2019autant que ce pays sous embargo est au centre de plusieurs controverses, dont les plus re\u0301centes portent sur l\u2019adoption du Bitcoin comme monnaie officielle et sur la cre\u0301ation de sa propre cryptomonnaie nomme\u0301 Sango, alors que la Banque des E\u0301tats de l\u2019Afrique centrale (BEAC) n\u2019a pas encore e\u0301labore\u0301 une re\u0301glementation re\u0301gionale sur les cryptoactifs.<\/p>\n<p>La RCA passera-t-elle son tour ? Si tel e\u0301tait le cas, le Congolais Denis Sassou Nguesso prendrait le relais. Le de\u0301bat est en cours dans les capitales sous-re\u0301gionales \u00bb, a pre\u0301cise\u0301 le Magazine panafricaine.<\/p>\n<p>Plusieurs sujets seront a\u0300 l\u2019ordre du jour notamment ceux lie\u0301s a\u0300 la monnaie. \u00ab Principal dossier qui sera de\u0301battu a\u0300 Yaounde\u0301 : la re\u0301forme de la monnaie commune.<\/p>\n<p>Lors du sommet de novembre 2019, les chefs d\u2019E\u0301tat avaient demande\u0301 a\u0300 un comite\u0301 re\u0301unissant la Commission de la Cemac et la BEAC de produire une \u00ab re\u0301flexion approfondie \u00bb sur de nouvelles modalite\u0301s de coope\u0301ration mone\u0301taire avec la France.<\/p>\n<p>Il avait pour mission de proposer \u00ab dans des de\u0301lais raisonnables, des sche\u0301mas approprie\u0301s conduisant a\u0300 l\u2019e\u0301volution de la monnaie commune \u00bb. Les experts ont rendu un rapport confidentiel que le gouverneur Abbas Mahamat Tolli et le pre\u0301sident de la Commission, Daniel Ona Ondo, ont adresse\u0301 aux chefs d\u2019E\u0301tat et que JA a pu consulter.<\/p>\n<p>Celui-ci sera soumis a\u0300 l\u2019appre\u0301ciation des dirigeants lors du sommet de Yaounde\u0301. Le document pre\u0301conise a\u0300 court terme, notamment, de changer la de\u0301nomination de la monnaie des pays de la Cemac.<\/p>\n<p>\u00ab Sous re\u0301serves de votre pre\u0301fe\u0301rence, la nouvelle appellation de la monnaie pourrait e\u0302tre choisie selon des crite\u0300res qui renvoient au caracte\u0300re inte\u0301grateur ou au patrimoine culturel et historique de notre sous-re\u0301gion.<\/p>\n<p>\u00bb Sont par exemple propose\u0301s : Mac (monnaie de l\u2019Afrique centrale), Fura ou Toumai\u0308.\u00bb, indique Jeune Afrique.<\/p>\n<p><strong>Pour plus d&rsquo;informations et d&rsquo;analyses sur la <a href=\"https:\/\/www.africa-press.net\/cameroun\">Cameroun<\/a>, suivez <a href=\"https:\/\/www.africa-press.net\/\">Africa-Press<\/a><\/strong><\/p>\n","protected":false},"excerpt":{"rendered":"<p>Africa-Press &#8211; Cameroun. Ce n\u2019est pas a\u0300 Etoudi que Paul Biya va ce\u0301der sa place mais a\u0300 la te\u0302te d\u2019une prestigieuse organisation re\u0301gionale dont il tenait la pre\u0301sidence. En effet, Jeune Afrique indique de le pre\u0301sident camerounais ne devrait plus garder la pre\u0301sidence de la Communaute\u0301 e\u0301conomique et mone\u0301taire de l&rsquo;Afrique centrale (CEMAC) lors du [&hellip;]<\/p>\n","protected":false},"author":82,"featured_media":38615,"comment_status":"open","ping_status":"closed","sticky":false,"template":"","format":"standard","meta":{"footnotes":""},"categories":[2,10],"tags":[36,50,49],"class_list":["post-38616","post","type-post","status-publish","format-standard","has-post-thumbnail","hentry","category-politique","category-toutes-les-actualites","tag-africa-press","tag-africa-press-cameroun","tag-cameroun"],"yoast_head":"<!-- This site is optimized with the Yoast SEO Premium plugin v26.1 (Yoast SEO v27.0) - https:\/\/yoast.com\/product\/yoast-seo-premium-wordpress\/ -->\n<title>C\u2019est act\u00e9 : Paul Biya va c\u00e9der la Pr\u00e9sidence - Cameroun<\/title>\n<meta name=\"description\" content=\"Ce n\u2019est pas a\u0300 Etoudi que Paul Biya va ce\u0301der sa place mais a\u0300 la te\u0302te d\u2019une prestigieuse organisation re\u0301gionale dont ...Ce n\u2019est pas a\u0300 Etoudi que Paul Biya va ce\u0301der sa place mais a\u0300 la te\u0302te d\u2019une prestigieuse organisation re\u0301gionale dont ...\" \/>\n<meta name=\"robots\" content=\"index, follow, max-snippet:-1, max-image-preview:large, max-video-preview:-1\" \/>\n<link rel=\"canonical\" href=\"https:\/\/www.africa-press.net\/cameroun\/politique\/cest-acte-paul-biya-va-ceder-la-presidence\" \/>\n<meta property=\"og:locale\" content=\"fr_FR\" \/>\n<meta property=\"og:type\" content=\"article\" \/>\n<meta property=\"og:title\" content=\"C\u2019est act\u00e9 : Paul Biya va c\u00e9der la Pr\u00e9sidence\" \/>\n<meta property=\"og:description\" content=\"Ce n\u2019est pas a\u0300 Etoudi que Paul Biya va ce\u0301der sa place mais a\u0300 la te\u0302te d\u2019une prestigieuse organisation re\u0301gionale dont ...Ce n\u2019est pas a\u0300 Etoudi que Paul Biya va ce\u0301der sa place mais a\u0300 la te\u0302te d\u2019une prestigieuse organisation re\u0301gionale dont ...\" \/>\n<meta property=\"og:url\" content=\"https:\/\/www.africa-press.net\/cameroun\/politique\/cest-acte-paul-biya-va-ceder-la-presidence\" \/>\n<meta property=\"og:site_name\" content=\"Cameroun\" \/>\n<meta property=\"article:published_time\" content=\"2023-03-08T12:38:16+00:00\" \/>\n<meta property=\"article:modified_time\" content=\"2023-03-08T22:09:16+00:00\" \/>\n<meta property=\"og:image\" content=\"https:\/\/static.africa-press.net\/cameroun\/sites\/57\/2023\/03\/postQueueImg_1678266513.54.jpg\" \/>\n\t<meta property=\"og:image:width\" content=\"720\" \/>\n\t<meta property=\"og:image:height\" content=\"444\" \/>\n\t<meta property=\"og:image:type\" content=\"image\/jpeg\" \/>\n<meta name=\"author\" content=\"cfeditorfr\" \/>\n<meta name=\"twitter:card\" content=\"summary_large_image\" \/>\n<meta name=\"twitter:label1\" content=\"\u00c9crit par\" \/>\n\t<meta name=\"twitter:data1\" content=\"cfeditorfr\" \/>\n\t<meta name=\"twitter:label2\" content=\"Dur\u00e9e de lecture estim\u00e9e\" \/>\n\t<meta name=\"twitter:data2\" content=\"3 minutes\" \/>\n<script type=\"application\/ld+json\" class=\"yoast-schema-graph\">{\"@context\":\"https:\/\/schema.org\",\"@graph\":[{\"@type\":\"Article\",\"@id\":\"https:\/\/www.africa-press.net\/cameroun\/politique\/cest-acte-paul-biya-va-ceder-la-presidence#article\",\"isPartOf\":{\"@id\":\"https:\/\/www.africa-press.net\/cameroun\/politique\/cest-acte-paul-biya-va-ceder-la-presidence\"},\"author\":{\"name\":\"cfeditorfr\",\"@id\":\"https:\/\/www.africa-press.net\/cameroun\/#\/schema\/person\/2b1cf3cd81a31e3cd26889ca66d677f1\"},\"headline\":\"C\u2019est act\u00e9 : Paul Biya va c\u00e9der la Pr\u00e9sidence\",\"datePublished\":\"2023-03-08T12:38:16+00:00\",\"dateModified\":\"2023-03-08T22:09:16+00:00\",\"mainEntityOfPage\":{\"@id\":\"https:\/\/www.africa-press.net\/cameroun\/politique\/cest-acte-paul-biya-va-ceder-la-presidence\"},\"wordCount\":567,\"commentCount\":0,\"image\":{\"@id\":\"https:\/\/www.africa-press.net\/cameroun\/politique\/cest-acte-paul-biya-va-ceder-la-presidence#primaryimage\"},\"thumbnailUrl\":\"https:\/\/static.africa-press.net\/cameroun\/sites\/57\/2023\/03\/postQueueImg_1678266513.54.jpg\",\"keywords\":[\"Africa Press\",\"Africa Press-Cameroun\",\"Cameroun\"],\"articleSection\":[\"Politique\",\"Toutes les actualit\u00e9s\"],\"inLanguage\":\"fr-FR\",\"potentialAction\":[{\"@type\":\"CommentAction\",\"name\":\"Comment\",\"target\":[\"https:\/\/www.africa-press.net\/cameroun\/politique\/cest-acte-paul-biya-va-ceder-la-presidence#respond\"]}]},{\"@type\":\"WebPage\",\"@id\":\"https:\/\/www.africa-press.net\/cameroun\/politique\/cest-acte-paul-biya-va-ceder-la-presidence\",\"url\":\"https:\/\/www.africa-press.net\/cameroun\/politique\/cest-acte-paul-biya-va-ceder-la-presidence\",\"name\":\"C\u2019est act\u00e9 : Paul Biya va c\u00e9der la Pr\u00e9sidence - Cameroun\",\"isPartOf\":{\"@id\":\"https:\/\/www.africa-press.net\/cameroun\/#website\"},\"primaryImageOfPage\":{\"@id\":\"https:\/\/www.africa-press.net\/cameroun\/politique\/cest-acte-paul-biya-va-ceder-la-presidence#primaryimage\"},\"image\":{\"@id\":\"https:\/\/www.africa-press.net\/cameroun\/politique\/cest-acte-paul-biya-va-ceder-la-presidence#primaryimage\"},\"thumbnailUrl\":\"https:\/\/static.africa-press.net\/cameroun\/sites\/57\/2023\/03\/postQueueImg_1678266513.54.jpg\",\"datePublished\":\"2023-03-08T12:38:16+00:00\",\"dateModified\":\"2023-03-08T22:09:16+00:00\",\"author\":{\"@id\":\"https:\/\/www.africa-press.net\/cameroun\/#\/schema\/person\/2b1cf3cd81a31e3cd26889ca66d677f1\"},\"description\":\"Ce n\u2019est pas a\u0300 Etoudi que Paul Biya va ce\u0301der sa place mais a\u0300 la te\u0302te d\u2019une prestigieuse organisation re\u0301gionale dont ...Ce n\u2019est pas a\u0300 Etoudi que Paul Biya va ce\u0301der sa place mais a\u0300 la te\u0302te d\u2019une prestigieuse organisation re\u0301gionale dont ...\",\"breadcrumb\":{\"@id\":\"https:\/\/www.africa-press.net\/cameroun\/politique\/cest-acte-paul-biya-va-ceder-la-presidence#breadcrumb\"},\"inLanguage\":\"fr-FR\",\"potentialAction\":[{\"@type\":\"ReadAction\",\"target\":[\"https:\/\/www.africa-press.net\/cameroun\/politique\/cest-acte-paul-biya-va-ceder-la-presidence\"]}]},{\"@type\":\"ImageObject\",\"inLanguage\":\"fr-FR\",\"@id\":\"https:\/\/www.africa-press.net\/cameroun\/politique\/cest-acte-paul-biya-va-ceder-la-presidence#primaryimage\",\"url\":\"https:\/\/static.africa-press.net\/cameroun\/sites\/57\/2023\/03\/postQueueImg_1678266513.54.jpg\",\"contentUrl\":\"https:\/\/static.africa-press.net\/cameroun\/sites\/57\/2023\/03\/postQueueImg_1678266513.54.jpg\",\"width\":720,\"height\":444,\"caption\":\"C\u2019est act\u00e9 : Paul Biya va c\u00e9der la Pr\u00e9sidence\"},{\"@type\":\"BreadcrumbList\",\"@id\":\"https:\/\/www.africa-press.net\/cameroun\/politique\/cest-acte-paul-biya-va-ceder-la-presidence#breadcrumb\",\"itemListElement\":[{\"@type\":\"ListItem\",\"position\":1,\"name\":\"Accueil\",\"item\":\"https:\/\/www.africa-press.net\/cameroun\/\"},{\"@type\":\"ListItem\",\"position\":2,\"name\":\"C\u2019est act\u00e9 : Paul Biya va c\u00e9der la Pr\u00e9sidence\"}]},{\"@type\":\"WebSite\",\"@id\":\"https:\/\/www.africa-press.net\/cameroun\/#website\",\"url\":\"https:\/\/www.africa-press.net\/cameroun\/\",\"name\":\"Cameroun\",\"description\":\"Just another Africa News Agency Sites site\",\"potentialAction\":[{\"@type\":\"SearchAction\",\"target\":{\"@type\":\"EntryPoint\",\"urlTemplate\":\"https:\/\/www.africa-press.net\/cameroun\/?s={search_term_string}\"},\"query-input\":{\"@type\":\"PropertyValueSpecification\",\"valueRequired\":true,\"valueName\":\"search_term_string\"}}],\"inLanguage\":\"fr-FR\"},{\"@type\":\"Person\",\"@id\":\"https:\/\/www.africa-press.net\/cameroun\/#\/schema\/person\/2b1cf3cd81a31e3cd26889ca66d677f1\",\"name\":\"cfeditorfr\"}]}<\/script>\n<!-- \/ Yoast SEO Premium plugin. -->","yoast_head_json":{"title":"C\u2019est act\u00e9 : Paul Biya va c\u00e9der la Pr\u00e9sidence - Cameroun","description":"Ce n\u2019est pas a\u0300 Etoudi que Paul Biya va ce\u0301der sa place mais a\u0300 la te\u0302te d\u2019une prestigieuse organisation re\u0301gionale dont ...Ce n\u2019est pas a\u0300 Etoudi que Paul Biya va ce\u0301der sa place mais a\u0300 la te\u0302te d\u2019une prestigieuse organisation re\u0301gionale dont ...","robots":{"index":"index","follow":"follow","max-snippet":"max-snippet:-1","max-image-preview":"max-image-preview:large","max-video-preview":"max-video-preview:-1"},"canonical":"https:\/\/www.africa-press.net\/cameroun\/politique\/cest-acte-paul-biya-va-ceder-la-presidence","og_locale":"fr_FR","og_type":"article","og_title":"C\u2019est act\u00e9 : Paul Biya va c\u00e9der la Pr\u00e9sidence","og_description":"Ce n\u2019est pas a\u0300 Etoudi que Paul Biya va ce\u0301der sa place mais a\u0300 la te\u0302te d\u2019une prestigieuse organisation re\u0301gionale dont ...Ce n\u2019est pas a\u0300 Etoudi que Paul Biya va ce\u0301der sa place mais a\u0300 la te\u0302te d\u2019une prestigieuse organisation re\u0301gionale dont ...","og_url":"https:\/\/www.africa-press.net\/cameroun\/politique\/cest-acte-paul-biya-va-ceder-la-presidence","og_site_name":"Cameroun","article_published_time":"2023-03-08T12:38:16+00:00","article_modified_time":"2023-03-08T22:09:16+00:00","og_image":[{"width":720,"height":444,"url":"https:\/\/static.africa-press.net\/cameroun\/sites\/57\/2023\/03\/postQueueImg_1678266513.54.jpg","type":"image\/jpeg"}],"author":"cfeditorfr","twitter_card":"summary_large_image","twitter_misc":{"\u00c9crit par":"cfeditorfr","Dur\u00e9e de lecture estim\u00e9e":"3 minutes"},"schema":{"@context":"https:\/\/schema.org","@graph":[{"@type":"Article","@id":"https:\/\/www.africa-press.net\/cameroun\/politique\/cest-acte-paul-biya-va-ceder-la-presidence#article","isPartOf":{"@id":"https:\/\/www.africa-press.net\/cameroun\/politique\/cest-acte-paul-biya-va-ceder-la-presidence"},"author":{"name":"cfeditorfr","@id":"https:\/\/www.africa-press.net\/cameroun\/#\/schema\/person\/2b1cf3cd81a31e3cd26889ca66d677f1"},"headline":"C\u2019est act\u00e9 : Paul Biya va c\u00e9der la Pr\u00e9sidence","datePublished":"2023-03-08T12:38:16+00:00","dateModified":"2023-03-08T22:09:16+00:00","mainEntityOfPage":{"@id":"https:\/\/www.africa-press.net\/cameroun\/politique\/cest-acte-paul-biya-va-ceder-la-presidence"},"wordCount":567,"commentCount":0,"image":{"@id":"https:\/\/www.africa-press.net\/cameroun\/politique\/cest-acte-paul-biya-va-ceder-la-presidence#primaryimage"},"thumbnailUrl":"https:\/\/static.africa-press.net\/cameroun\/sites\/57\/2023\/03\/postQueueImg_1678266513.54.jpg","keywords":["Africa Press","Africa Press-Cameroun","Cameroun"],"articleSection":["Politique","Toutes les actualit\u00e9s"],"inLanguage":"fr-FR","potentialAction":[{"@type":"CommentAction","name":"Comment","target":["https:\/\/www.africa-press.net\/cameroun\/politique\/cest-acte-paul-biya-va-ceder-la-presidence#respond"]}]},{"@type":"WebPage","@id":"https:\/\/www.africa-press.net\/cameroun\/politique\/cest-acte-paul-biya-va-ceder-la-presidence","url":"https:\/\/www.africa-press.net\/cameroun\/politique\/cest-acte-paul-biya-va-ceder-la-presidence","name":"C\u2019est act\u00e9 : Paul Biya va c\u00e9der la Pr\u00e9sidence - Cameroun","isPartOf":{"@id":"https:\/\/www.africa-press.net\/cameroun\/#website"},"primaryImageOfPage":{"@id":"https:\/\/www.africa-press.net\/cameroun\/politique\/cest-acte-paul-biya-va-ceder-la-presidence#primaryimage"},"image":{"@id":"https:\/\/www.africa-press.net\/cameroun\/politique\/cest-acte-paul-biya-va-ceder-la-presidence#primaryimage"},"thumbnailUrl":"https:\/\/static.africa-press.net\/cameroun\/sites\/57\/2023\/03\/postQueueImg_1678266513.54.jpg","datePublished":"2023-03-08T12:38:16+00:00","dateModified":"2023-03-08T22:09:16+00:00","author":{"@id":"https:\/\/www.africa-press.net\/cameroun\/#\/schema\/person\/2b1cf3cd81a31e3cd26889ca66d677f1"},"description":"Ce n\u2019est pas a\u0300 Etoudi que Paul Biya va ce\u0301der sa place mais a\u0300 la te\u0302te d\u2019une prestigieuse organisation re\u0301gionale dont ...Ce n\u2019est pas a\u0300 Etoudi que Paul Biya va ce\u0301der sa place mais a\u0300 la te\u0302te d\u2019une prestigieuse organisation re\u0301gionale dont ...","breadcrumb":{"@id":"https:\/\/www.africa-press.net\/cameroun\/politique\/cest-acte-paul-biya-va-ceder-la-presidence#breadcrumb"},"inLanguage":"fr-FR","potentialAction":[{"@type":"ReadAction","target":["https:\/\/www.africa-press.net\/cameroun\/politique\/cest-acte-paul-biya-va-ceder-la-presidence"]}]},{"@type":"ImageObject","inLanguage":"fr-FR","@id":"https:\/\/www.africa-press.net\/cameroun\/politique\/cest-acte-paul-biya-va-ceder-la-presidence#primaryimage","url":"https:\/\/static.africa-press.net\/cameroun\/sites\/57\/2023\/03\/postQueueImg_1678266513.54.jpg","contentUrl":"https:\/\/static.africa-press.net\/cameroun\/sites\/57\/2023\/03\/postQueueImg_1678266513.54.jpg","width":720,"height":444,"caption":"C\u2019est act\u00e9 : Paul Biya va c\u00e9der la Pr\u00e9sidence"},{"@type":"BreadcrumbList","@id":"https:\/\/www.africa-press.net\/cameroun\/politique\/cest-acte-paul-biya-va-ceder-la-presidence#breadcrumb","itemListElement":[{"@type":"ListItem","position":1,"name":"Accueil","item":"https:\/\/www.africa-press.net\/cameroun\/"},{"@type":"ListItem","position":2,"name":"C\u2019est act\u00e9 : Paul Biya va c\u00e9der la Pr\u00e9sidence"}]},{"@type":"WebSite","@id":"https:\/\/www.africa-press.net\/cameroun\/#website","url":"https:\/\/www.africa-press.net\/cameroun\/","name":"Cameroun","description":"Just another Africa News Agency Sites site","potentialAction":[{"@type":"SearchAction","target":{"@type":"EntryPoint","urlTemplate":"https:\/\/www.africa-press.net\/cameroun\/?s={search_term_string}"},"query-input":{"@type":"PropertyValueSpecification","valueRequired":true,"valueName":"search_term_string"}}],"inLanguage":"fr-FR"},{"@type":"Person","@id":"https:\/\/www.africa-press.net\/cameroun\/#\/schema\/person\/2b1cf3cd81a31e3cd26889ca66d677f1","name":"cfeditorfr"}]}},"_links":{"self":[{"href":"https:\/\/www.africa-press.net\/cameroun\/wp-json\/wp\/v2\/posts\/38616","targetHints":{"allow":["GET"]}}],"collection":[{"href":"https:\/\/www.africa-press.net\/cameroun\/wp-json\/wp\/v2\/posts"}],"about":[{"href":"https:\/\/www.africa-press.net\/cameroun\/wp-json\/wp\/v2\/types\/post"}],"author":[{"embeddable":true,"href":"https:\/\/www.africa-press.net\/cameroun\/wp-json\/wp\/v2\/users\/82"}],"replies":[{"embeddable":true,"href":"https:\/\/www.africa-press.net\/cameroun\/wp-json\/wp\/v2\/comments?post=38616"}],"version-history":[{"count":0,"href":"https:\/\/www.africa-press.net\/cameroun\/wp-json\/wp\/v2\/posts\/38616\/revisions"}],"wp:featuredmedia":[{"embeddable":true,"href":"https:\/\/www.africa-press.net\/cameroun\/wp-json\/wp\/v2\/media\/38615"}],"wp:attachment":[{"href":"https:\/\/www.africa-press.net\/cameroun\/wp-json\/wp\/v2\/media?parent=38616"}],"wp:term":[{"taxonomy":"category","embeddable":true,"href":"https:\/\/www.africa-press.net\/cameroun\/wp-json\/wp\/v2\/categories?post=38616"},{"taxonomy":"post_tag","embeddable":true,"href":"https:\/\/www.africa-press.net\/cameroun\/wp-json\/wp\/v2\/tags?post=38616"}],"curies":[{"name":"wp","href":"https:\/\/api.w.org\/{rel}","templated":true}]}}