{"id":38617,"date":"2023-03-08T12:40:11","date_gmt":"2023-03-08T12:40:11","guid":{"rendered":"https:\/\/www.africa-press.net\/cameroun\/politique\/immobilier-et-transport-au-coeur-de-la-3e-edition-du-forum-economique-de-douala-annoncee-en-mai-2023"},"modified":"2023-03-08T22:06:28","modified_gmt":"2023-03-08T22:06:28","slug":"immobilier-et-transport-au-coeur-de-la-3e-edition-du-forum-economique-de-douala-annoncee-en-mai-2023","status":"publish","type":"post","link":"https:\/\/www.africa-press.net\/cameroun\/economie\/immobilier-et-transport-au-coeur-de-la-3e-edition-du-forum-economique-de-douala-annoncee-en-mai-2023","title":{"rendered":"Immobilier et transport au c\u0153ur de la 3e \u00e9dition du Forum \u00e9conomique de Douala, annonc\u00e9e en mai 2023"},"content":{"rendered":"<p><span style=\"color: #ff6600\"><strong>Africa-Press &#8211; Cameroun. <\/strong><\/span>Investir au Cameroun) &#8211; Au cours d\u2019un point de presse organise\u0301 le 2 mars 2023 a\u0300 Douala, la capitale e\u0301conomique du Cameroun, les promoteurs du Forum e\u0301conomique de Douala (FED) ont annonce\u0301 l\u2019organisation au mois de mai 2023, de la 3e e\u0301dition de cette manifestation. Parraine\u0301e par la Communaute\u0301 urbaine de Douala (CUD), la super-mairie de la ville, cette e\u0301dition s\u2019articulera autour du the\u0300me \u00ab la logistique de transport et l\u2019industrie de l\u2019immobilier comme e\u0301le\u0301ments d\u2019attractivite\u0301 e\u0301conomique de la ville de Douala \u00bb.<\/p>\n<p>\u00ab Le transport est fondamental et incontournable. Quand le transport se de\u0301veloppe dans une ville, il provoque un besoin en termes de logements. Nous avons pense\u0301 qu\u2019un bon alliage entre les deux sous-the\u0300mes peut donner des ide\u0301es non seulement a\u0300 la ville, mais aussi aux investisseurs \u00bb, explique Olivier Kingue\u0301 Molli, le promoteur de l\u2019e\u0301ve\u0300nement.<\/p>\n<p>Ces the\u0301matiques sont inscrites au c\u0153ur de la 3e e\u0301dition du FED au moment ou\u0300 la Communaute\u0301 urbaine de Douala se pre\u0301pare a\u0300 lancer deux projets de mobilite\u0301 urbaine d\u2019envergure. Il s\u2019agit du projet de Bus Rapid Transit (BRT), pour lequel la Banque mondiale a approuve\u0301 un financement de 260,8 milliards de FCFA en faveur du Cameroun en juin 2022. Cette enveloppe repre\u0301sente 78% du cou\u0302t global du projet.<\/p>\n<p>A\u0300 co\u0302te\u0301 du BRT, qui est un syste\u0300me de transport urbain de masse ayant la particularite\u0301 de s\u2019adapter a\u0300 la structure de chacune des villes desservies, la CUD devrait finalement lancer, au cours de cette anne\u0301e 2023 (apre\u0300s la date initiale de 2019, NDLR), la construction d\u2019une ligne de tramway de 18 km. Ce projet, pre\u0301sente\u0301 par le ministe\u0300re du De\u0301veloppement urbain et de l\u2019Habitat comme projet pilote, sera mis en \u0153uvre par le consortium belgo-turc Iristone-Ilci.<\/p>\n<p><strong>Pour plus d&rsquo;informations et d&rsquo;analyses sur la <a href=\"https:\/\/www.africa-press.net\/cameroun\">Cameroun<\/a>, suivez <a href=\"https:\/\/www.africa-press.net\/\">Africa-Press<\/a><\/strong><\/p>\n","protected":false},"excerpt":{"rendered":"<p>Africa-Press &#8211; Cameroun. Investir au Cameroun) &#8211; Au cours d\u2019un point de presse organise\u0301 le 2 mars 2023 a\u0300 Douala, la capitale e\u0301conomique du Cameroun, les promoteurs du Forum e\u0301conomique de Douala (FED) ont annonce\u0301 l\u2019organisation au mois de mai 2023, de la 3e e\u0301dition de cette manifestation. Parraine\u0301e par la Communaute\u0301 urbaine de Douala [&hellip;]<\/p>\n","protected":false},"author":82,"featured_media":38614,"comment_status":"open","ping_status":"closed","sticky":false,"template":"","format":"standard","meta":{"footnotes":""},"categories":[3,10],"tags":[36,50,49],"class_list":["post-38617","post","type-post","status-publish","format-standard","has-post-thumbnail","hentry","category-economie","category-toutes-les-actualites","tag-africa-press","tag-africa-press-cameroun","tag-cameroun"],"yoast_head":"<!-- This site is optimized with the Yoast SEO Premium plugin v26.1 (Yoast SEO v27.0) - https:\/\/yoast.com\/product\/yoast-seo-premium-wordpress\/ -->\n<title>Immobilier et transport au c\u0153ur de la 3e \u00e9dition du Forum \u00e9conomique de Douala, annonc\u00e9e en mai 2023 - Cameroun<\/title>\n<meta name=\"description\" content=\"Investir au Cameroun) - Au cours d\u2019un point de presse organise\u0301 le 2 mars 2023 a\u0300 Douala, la capitale e\u0301conomique du Cam ...\" \/>\n<meta name=\"robots\" content=\"index, follow, max-snippet:-1, max-image-preview:large, max-video-preview:-1\" \/>\n<link rel=\"canonical\" href=\"https:\/\/www.africa-press.net\/cameroun\/economie\/immobilier-et-transport-au-coeur-de-la-3e-edition-du-forum-economique-de-douala-annoncee-en-mai-2023\" \/>\n<meta property=\"og:locale\" content=\"fr_FR\" \/>\n<meta property=\"og:type\" content=\"article\" \/>\n<meta property=\"og:title\" content=\"Immobilier et transport au c\u0153ur de la 3e \u00e9dition du Forum \u00e9conomique de Douala, annonc\u00e9e en mai 2023\" \/>\n<meta property=\"og:description\" content=\"Investir au Cameroun) - Au cours d\u2019un point de presse organise\u0301 le 2 mars 2023 a\u0300 Douala, la capitale e\u0301conomique du Cam ...\" \/>\n<meta property=\"og:url\" content=\"https:\/\/www.africa-press.net\/cameroun\/economie\/immobilier-et-transport-au-coeur-de-la-3e-edition-du-forum-economique-de-douala-annoncee-en-mai-2023\" \/>\n<meta property=\"og:site_name\" content=\"Cameroun\" \/>\n<meta property=\"article:published_time\" content=\"2023-03-08T12:40:11+00:00\" \/>\n<meta property=\"article:modified_time\" content=\"2023-03-08T22:06:28+00:00\" \/>\n<meta property=\"og:image\" content=\"https:\/\/static.africa-press.net\/cameroun\/sites\/57\/2023\/03\/postQueueImg_1678266614.66.jpg\" \/>\n\t<meta property=\"og:image:width\" content=\"720\" \/>\n\t<meta property=\"og:image:height\" content=\"479\" \/>\n\t<meta property=\"og:image:type\" content=\"image\/jpeg\" \/>\n<meta name=\"author\" content=\"cfeditorfr\" \/>\n<meta name=\"twitter:card\" content=\"summary_large_image\" \/>\n<meta name=\"twitter:label1\" content=\"\u00c9crit par\" \/>\n\t<meta name=\"twitter:data1\" content=\"cfeditorfr\" \/>\n\t<meta name=\"twitter:label2\" content=\"Dur\u00e9e de lecture estim\u00e9e\" \/>\n\t<meta name=\"twitter:data2\" content=\"2 minutes\" \/>\n<script type=\"application\/ld+json\" class=\"yoast-schema-graph\">{\"@context\":\"https:\/\/schema.org\",\"@graph\":[{\"@type\":\"Article\",\"@id\":\"https:\/\/www.africa-press.net\/cameroun\/economie\/immobilier-et-transport-au-coeur-de-la-3e-edition-du-forum-economique-de-douala-annoncee-en-mai-2023#article\",\"isPartOf\":{\"@id\":\"https:\/\/www.africa-press.net\/cameroun\/economie\/immobilier-et-transport-au-coeur-de-la-3e-edition-du-forum-economique-de-douala-annoncee-en-mai-2023\"},\"author\":{\"name\":\"cfeditorfr\",\"@id\":\"https:\/\/www.africa-press.net\/cameroun\/#\/schema\/person\/2b1cf3cd81a31e3cd26889ca66d677f1\"},\"headline\":\"Immobilier et transport au c\u0153ur de la 3e \u00e9dition du Forum \u00e9conomique de Douala, annonc\u00e9e en mai 2023\",\"datePublished\":\"2023-03-08T12:40:11+00:00\",\"dateModified\":\"2023-03-08T22:06:28+00:00\",\"mainEntityOfPage\":{\"@id\":\"https:\/\/www.africa-press.net\/cameroun\/economie\/immobilier-et-transport-au-coeur-de-la-3e-edition-du-forum-economique-de-douala-annoncee-en-mai-2023\"},\"wordCount\":345,\"commentCount\":0,\"image\":{\"@id\":\"https:\/\/www.africa-press.net\/cameroun\/economie\/immobilier-et-transport-au-coeur-de-la-3e-edition-du-forum-economique-de-douala-annoncee-en-mai-2023#primaryimage\"},\"thumbnailUrl\":\"https:\/\/static.africa-press.net\/cameroun\/sites\/57\/2023\/03\/postQueueImg_1678266614.66.jpg\",\"keywords\":[\"Africa Press\",\"Africa Press-Cameroun\",\"Cameroun\"],\"articleSection\":[\"\u00c9conomie\",\"Toutes les actualit\u00e9s\"],\"inLanguage\":\"fr-FR\",\"potentialAction\":[{\"@type\":\"CommentAction\",\"name\":\"Comment\",\"target\":[\"https:\/\/www.africa-press.net\/cameroun\/economie\/immobilier-et-transport-au-coeur-de-la-3e-edition-du-forum-economique-de-douala-annoncee-en-mai-2023#respond\"]}]},{\"@type\":\"WebPage\",\"@id\":\"https:\/\/www.africa-press.net\/cameroun\/economie\/immobilier-et-transport-au-coeur-de-la-3e-edition-du-forum-economique-de-douala-annoncee-en-mai-2023\",\"url\":\"https:\/\/www.africa-press.net\/cameroun\/economie\/immobilier-et-transport-au-coeur-de-la-3e-edition-du-forum-economique-de-douala-annoncee-en-mai-2023\",\"name\":\"Immobilier et transport au c\u0153ur de la 3e \u00e9dition du Forum \u00e9conomique de Douala, annonc\u00e9e en mai 2023 - Cameroun\",\"isPartOf\":{\"@id\":\"https:\/\/www.africa-press.net\/cameroun\/#website\"},\"primaryImageOfPage\":{\"@id\":\"https:\/\/www.africa-press.net\/cameroun\/economie\/immobilier-et-transport-au-coeur-de-la-3e-edition-du-forum-economique-de-douala-annoncee-en-mai-2023#primaryimage\"},\"image\":{\"@id\":\"https:\/\/www.africa-press.net\/cameroun\/economie\/immobilier-et-transport-au-coeur-de-la-3e-edition-du-forum-economique-de-douala-annoncee-en-mai-2023#primaryimage\"},\"thumbnailUrl\":\"https:\/\/static.africa-press.net\/cameroun\/sites\/57\/2023\/03\/postQueueImg_1678266614.66.jpg\",\"datePublished\":\"2023-03-08T12:40:11+00:00\",\"dateModified\":\"2023-03-08T22:06:28+00:00\",\"author\":{\"@id\":\"https:\/\/www.africa-press.net\/cameroun\/#\/schema\/person\/2b1cf3cd81a31e3cd26889ca66d677f1\"},\"description\":\"Investir au Cameroun) - Au cours d\u2019un point de presse organise\u0301 le 2 mars 2023 a\u0300 Douala, la capitale e\u0301conomique du Cam ...\",\"breadcrumb\":{\"@id\":\"https:\/\/www.africa-press.net\/cameroun\/economie\/immobilier-et-transport-au-coeur-de-la-3e-edition-du-forum-economique-de-douala-annoncee-en-mai-2023#breadcrumb\"},\"inLanguage\":\"fr-FR\",\"potentialAction\":[{\"@type\":\"ReadAction\",\"target\":[\"https:\/\/www.africa-press.net\/cameroun\/economie\/immobilier-et-transport-au-coeur-de-la-3e-edition-du-forum-economique-de-douala-annoncee-en-mai-2023\"]}]},{\"@type\":\"ImageObject\",\"inLanguage\":\"fr-FR\",\"@id\":\"https:\/\/www.africa-press.net\/cameroun\/economie\/immobilier-et-transport-au-coeur-de-la-3e-edition-du-forum-economique-de-douala-annoncee-en-mai-2023#primaryimage\",\"url\":\"https:\/\/static.africa-press.net\/cameroun\/sites\/57\/2023\/03\/postQueueImg_1678266614.66.jpg\",\"contentUrl\":\"https:\/\/static.africa-press.net\/cameroun\/sites\/57\/2023\/03\/postQueueImg_1678266614.66.jpg\",\"width\":720,\"height\":479,\"caption\":\"Immobilier et transport au c\u0153ur de la 3e \u00e9dition du Forum \u00e9conomique de Douala, annonc\u00e9e en mai 2023\"},{\"@type\":\"BreadcrumbList\",\"@id\":\"https:\/\/www.africa-press.net\/cameroun\/economie\/immobilier-et-transport-au-coeur-de-la-3e-edition-du-forum-economique-de-douala-annoncee-en-mai-2023#breadcrumb\",\"itemListElement\":[{\"@type\":\"ListItem\",\"position\":1,\"name\":\"Accueil\",\"item\":\"https:\/\/www.africa-press.net\/cameroun\/\"},{\"@type\":\"ListItem\",\"position\":2,\"name\":\"Immobilier et transport au c\u0153ur de la 3e \u00e9dition du Forum \u00e9conomique de Douala, annonc\u00e9e en mai 2023\"}]},{\"@type\":\"WebSite\",\"@id\":\"https:\/\/www.africa-press.net\/cameroun\/#website\",\"url\":\"https:\/\/www.africa-press.net\/cameroun\/\",\"name\":\"Cameroun\",\"description\":\"Just another Africa News Agency Sites site\",\"potentialAction\":[{\"@type\":\"SearchAction\",\"target\":{\"@type\":\"EntryPoint\",\"urlTemplate\":\"https:\/\/www.africa-press.net\/cameroun\/?s={search_term_string}\"},\"query-input\":{\"@type\":\"PropertyValueSpecification\",\"valueRequired\":true,\"valueName\":\"search_term_string\"}}],\"inLanguage\":\"fr-FR\"},{\"@type\":\"Person\",\"@id\":\"https:\/\/www.africa-press.net\/cameroun\/#\/schema\/person\/2b1cf3cd81a31e3cd26889ca66d677f1\",\"name\":\"cfeditorfr\"}]}<\/script>\n<!-- \/ Yoast SEO Premium plugin. -->","yoast_head_json":{"title":"Immobilier et transport au c\u0153ur de la 3e \u00e9dition du Forum \u00e9conomique de Douala, annonc\u00e9e en mai 2023 - Cameroun","description":"Investir au Cameroun) - Au cours d\u2019un point de presse organise\u0301 le 2 mars 2023 a\u0300 Douala, la capitale e\u0301conomique du Cam ...","robots":{"index":"index","follow":"follow","max-snippet":"max-snippet:-1","max-image-preview":"max-image-preview:large","max-video-preview":"max-video-preview:-1"},"canonical":"https:\/\/www.africa-press.net\/cameroun\/economie\/immobilier-et-transport-au-coeur-de-la-3e-edition-du-forum-economique-de-douala-annoncee-en-mai-2023","og_locale":"fr_FR","og_type":"article","og_title":"Immobilier et transport au c\u0153ur de la 3e \u00e9dition du Forum \u00e9conomique de Douala, annonc\u00e9e en mai 2023","og_description":"Investir au Cameroun) - Au cours d\u2019un point de presse organise\u0301 le 2 mars 2023 a\u0300 Douala, la capitale e\u0301conomique du Cam ...","og_url":"https:\/\/www.africa-press.net\/cameroun\/economie\/immobilier-et-transport-au-coeur-de-la-3e-edition-du-forum-economique-de-douala-annoncee-en-mai-2023","og_site_name":"Cameroun","article_published_time":"2023-03-08T12:40:11+00:00","article_modified_time":"2023-03-08T22:06:28+00:00","og_image":[{"width":720,"height":479,"url":"https:\/\/static.africa-press.net\/cameroun\/sites\/57\/2023\/03\/postQueueImg_1678266614.66.jpg","type":"image\/jpeg"}],"author":"cfeditorfr","twitter_card":"summary_large_image","twitter_misc":{"\u00c9crit par":"cfeditorfr","Dur\u00e9e de lecture estim\u00e9e":"2 minutes"},"schema":{"@context":"https:\/\/schema.org","@graph":[{"@type":"Article","@id":"https:\/\/www.africa-press.net\/cameroun\/economie\/immobilier-et-transport-au-coeur-de-la-3e-edition-du-forum-economique-de-douala-annoncee-en-mai-2023#article","isPartOf":{"@id":"https:\/\/www.africa-press.net\/cameroun\/economie\/immobilier-et-transport-au-coeur-de-la-3e-edition-du-forum-economique-de-douala-annoncee-en-mai-2023"},"author":{"name":"cfeditorfr","@id":"https:\/\/www.africa-press.net\/cameroun\/#\/schema\/person\/2b1cf3cd81a31e3cd26889ca66d677f1"},"headline":"Immobilier et transport au c\u0153ur de la 3e \u00e9dition du Forum \u00e9conomique de Douala, annonc\u00e9e en mai 2023","datePublished":"2023-03-08T12:40:11+00:00","dateModified":"2023-03-08T22:06:28+00:00","mainEntityOfPage":{"@id":"https:\/\/www.africa-press.net\/cameroun\/economie\/immobilier-et-transport-au-coeur-de-la-3e-edition-du-forum-economique-de-douala-annoncee-en-mai-2023"},"wordCount":345,"commentCount":0,"image":{"@id":"https:\/\/www.africa-press.net\/cameroun\/economie\/immobilier-et-transport-au-coeur-de-la-3e-edition-du-forum-economique-de-douala-annoncee-en-mai-2023#primaryimage"},"thumbnailUrl":"https:\/\/static.africa-press.net\/cameroun\/sites\/57\/2023\/03\/postQueueImg_1678266614.66.jpg","keywords":["Africa Press","Africa Press-Cameroun","Cameroun"],"articleSection":["\u00c9conomie","Toutes les actualit\u00e9s"],"inLanguage":"fr-FR","potentialAction":[{"@type":"CommentAction","name":"Comment","target":["https:\/\/www.africa-press.net\/cameroun\/economie\/immobilier-et-transport-au-coeur-de-la-3e-edition-du-forum-economique-de-douala-annoncee-en-mai-2023#respond"]}]},{"@type":"WebPage","@id":"https:\/\/www.africa-press.net\/cameroun\/economie\/immobilier-et-transport-au-coeur-de-la-3e-edition-du-forum-economique-de-douala-annoncee-en-mai-2023","url":"https:\/\/www.africa-press.net\/cameroun\/economie\/immobilier-et-transport-au-coeur-de-la-3e-edition-du-forum-economique-de-douala-annoncee-en-mai-2023","name":"Immobilier et transport au c\u0153ur de la 3e \u00e9dition du Forum \u00e9conomique de Douala, annonc\u00e9e en mai 2023 - Cameroun","isPartOf":{"@id":"https:\/\/www.africa-press.net\/cameroun\/#website"},"primaryImageOfPage":{"@id":"https:\/\/www.africa-press.net\/cameroun\/economie\/immobilier-et-transport-au-coeur-de-la-3e-edition-du-forum-economique-de-douala-annoncee-en-mai-2023#primaryimage"},"image":{"@id":"https:\/\/www.africa-press.net\/cameroun\/economie\/immobilier-et-transport-au-coeur-de-la-3e-edition-du-forum-economique-de-douala-annoncee-en-mai-2023#primaryimage"},"thumbnailUrl":"https:\/\/static.africa-press.net\/cameroun\/sites\/57\/2023\/03\/postQueueImg_1678266614.66.jpg","datePublished":"2023-03-08T12:40:11+00:00","dateModified":"2023-03-08T22:06:28+00:00","author":{"@id":"https:\/\/www.africa-press.net\/cameroun\/#\/schema\/person\/2b1cf3cd81a31e3cd26889ca66d677f1"},"description":"Investir au Cameroun) - Au cours d\u2019un point de presse organise\u0301 le 2 mars 2023 a\u0300 Douala, la capitale e\u0301conomique du Cam ...","breadcrumb":{"@id":"https:\/\/www.africa-press.net\/cameroun\/economie\/immobilier-et-transport-au-coeur-de-la-3e-edition-du-forum-economique-de-douala-annoncee-en-mai-2023#breadcrumb"},"inLanguage":"fr-FR","potentialAction":[{"@type":"ReadAction","target":["https:\/\/www.africa-press.net\/cameroun\/economie\/immobilier-et-transport-au-coeur-de-la-3e-edition-du-forum-economique-de-douala-annoncee-en-mai-2023"]}]},{"@type":"ImageObject","inLanguage":"fr-FR","@id":"https:\/\/www.africa-press.net\/cameroun\/economie\/immobilier-et-transport-au-coeur-de-la-3e-edition-du-forum-economique-de-douala-annoncee-en-mai-2023#primaryimage","url":"https:\/\/static.africa-press.net\/cameroun\/sites\/57\/2023\/03\/postQueueImg_1678266614.66.jpg","contentUrl":"https:\/\/static.africa-press.net\/cameroun\/sites\/57\/2023\/03\/postQueueImg_1678266614.66.jpg","width":720,"height":479,"caption":"Immobilier et transport au c\u0153ur de la 3e \u00e9dition du Forum \u00e9conomique de Douala, annonc\u00e9e en mai 2023"},{"@type":"BreadcrumbList","@id":"https:\/\/www.africa-press.net\/cameroun\/economie\/immobilier-et-transport-au-coeur-de-la-3e-edition-du-forum-economique-de-douala-annoncee-en-mai-2023#breadcrumb","itemListElement":[{"@type":"ListItem","position":1,"name":"Accueil","item":"https:\/\/www.africa-press.net\/cameroun\/"},{"@type":"ListItem","position":2,"name":"Immobilier et transport au c\u0153ur de la 3e \u00e9dition du Forum \u00e9conomique de Douala, annonc\u00e9e en mai 2023"}]},{"@type":"WebSite","@id":"https:\/\/www.africa-press.net\/cameroun\/#website","url":"https:\/\/www.africa-press.net\/cameroun\/","name":"Cameroun","description":"Just another Africa News Agency Sites site","potentialAction":[{"@type":"SearchAction","target":{"@type":"EntryPoint","urlTemplate":"https:\/\/www.africa-press.net\/cameroun\/?s={search_term_string}"},"query-input":{"@type":"PropertyValueSpecification","valueRequired":true,"valueName":"search_term_string"}}],"inLanguage":"fr-FR"},{"@type":"Person","@id":"https:\/\/www.africa-press.net\/cameroun\/#\/schema\/person\/2b1cf3cd81a31e3cd26889ca66d677f1","name":"cfeditorfr"}]}},"_links":{"self":[{"href":"https:\/\/www.africa-press.net\/cameroun\/wp-json\/wp\/v2\/posts\/38617","targetHints":{"allow":["GET"]}}],"collection":[{"href":"https:\/\/www.africa-press.net\/cameroun\/wp-json\/wp\/v2\/posts"}],"about":[{"href":"https:\/\/www.africa-press.net\/cameroun\/wp-json\/wp\/v2\/types\/post"}],"author":[{"embeddable":true,"href":"https:\/\/www.africa-press.net\/cameroun\/wp-json\/wp\/v2\/users\/82"}],"replies":[{"embeddable":true,"href":"https:\/\/www.africa-press.net\/cameroun\/wp-json\/wp\/v2\/comments?post=38617"}],"version-history":[{"count":0,"href":"https:\/\/www.africa-press.net\/cameroun\/wp-json\/wp\/v2\/posts\/38617\/revisions"}],"wp:featuredmedia":[{"embeddable":true,"href":"https:\/\/www.africa-press.net\/cameroun\/wp-json\/wp\/v2\/media\/38614"}],"wp:attachment":[{"href":"https:\/\/www.africa-press.net\/cameroun\/wp-json\/wp\/v2\/media?parent=38617"}],"wp:term":[{"taxonomy":"category","embeddable":true,"href":"https:\/\/www.africa-press.net\/cameroun\/wp-json\/wp\/v2\/categories?post=38617"},{"taxonomy":"post_tag","embeddable":true,"href":"https:\/\/www.africa-press.net\/cameroun\/wp-json\/wp\/v2\/tags?post=38617"}],"curies":[{"name":"wp","href":"https:\/\/api.w.org\/{rel}","templated":true}]}}