{"id":38620,"date":"2023-03-08T12:38:36","date_gmt":"2023-03-08T12:38:36","guid":{"rendered":"https:\/\/www.africa-press.net\/cameroun\/politique\/cest-fini-laurent-esso-a-ete-mis-k-o"},"modified":"2023-03-08T22:10:06","modified_gmt":"2023-03-08T22:10:06","slug":"cest-fini-laurent-esso-a-ete-mis-k-o","status":"publish","type":"post","link":"https:\/\/www.africa-press.net\/cameroun\/politique\/cest-fini-laurent-esso-a-ete-mis-k-o","title":{"rendered":"C&rsquo;est fini : Laurent Esso a \u00e9t\u00e9 mis K.O."},"content":{"rendered":"<p><span style=\"color: #ff6600\"><strong>Africa-Press &#8211; Cameroun. <\/strong><\/span>Il ne s\u2019agit pas d\u2019une fiction. Mais d\u2019une analyse froide des faits et gestes qui se passent aujourd\u2019hui au Cameroun et que le premier nai\u0308f peut de\u0301tecter a\u0300 premie\u0300re vue. Il s\u2019agit de la succession du pre\u0301sident Paul Biya mise en route depuis plusieurs anne\u0301es. En effet, cette guerre des clans a commence\u0301 dans les anne\u0301es 2004 apre\u0300s que Paul Biya ait brigue\u0301 un mandat pre\u0301sidentiel pour son second septennat sous le leitmotiv de la politique des Grandes ambitions. Pourtant dans son proche entourage, tout le monde n\u2019est pas d\u2019accord.<\/p>\n<p>Et au fur et a\u0300 mesure qu\u2019il consomme son mandat, les pre\u0301tendants piaffent d\u2019impatience pour arriver aux affaires. Ils mettent alors une strate\u0301gie qui consiste a\u0300 s\u2019enrichir de fac\u0327on me\u0301te\u0301orique, a\u0300 contro\u0302ler et surtout a\u0300 bloquer l\u2019administration pour faire e\u0301chouer le programme politique et e\u0301conomique des Grandes ambitions. En homme fute\u0301, Paul Biya regarde, scrute l\u2019horizon, mais ne dit mot. La tactique est payante. L\u2019on de\u0301couvre alors ce groupuscule de quadrage\u0301naire qu\u2019il a place\u0301 au-devant de la sce\u0300ne qui ne veut pas qu\u2019il brigue un autre mandat.<\/p>\n<p>TRANSITION<\/p>\n<p>C\u2019est le fameux G11. Dans ses man\u0153uvres de politicien race\u0301, ruse\u0301, Paul Biya re\u0301ussit a\u0300 lever en 2008, le verrou de la limitation des mandats pre\u0301sidentiel. La porte est alors ouverte pour qu\u2019il se repre\u0301sente a\u0300 la pre\u0301sidentielle de 2011. Estce le me\u0302me sce\u0301nario qu\u2019on est en train de vivre en ce moment ou\u0300, alors qu\u2019il est encore vivant, bon pied bon \u0153il, des clans s\u2019organisent pour se mettre en ordre de bataille pour sa succession ? L\u2019on peut re\u0301pondre par l\u2019affirmative.<\/p>\n<p>Et ceci de\u0300s 2025 a\u0300 la prochaine pre\u0301sidentielle. Si l\u2019e\u0301lection est certaine, 2025 est encore loin pour Paul Biya davantage concentre\u0301 pour sortir le pays des crises multiformes qui empe\u0302chent son expansion e\u0301conomique. C\u2019est vrai qu\u2019a\u0300 90 ans sonne\u0301s, le pre\u0301sident Paul Biya donne des signes d\u2019un affaiblissement progressif. Une situation qui oblige les Camerounais a\u0300 penser a\u0300 une transition politique. Mais qui pourra remplacer l\u2019homme du 6 novembre 1982 ? La question, me\u0302me si elle ne se pose pas demeure d\u2019un tre\u0300s grand inte\u0301re\u0302t.<\/p>\n<p>Du coup, les Camerounais sont de\u0301sormais conscients de l&rsquo;e\u0301ventualite\u0301 d&rsquo;une transition politique dans leur pays. Paul Biya, au pouvoir depuis 40 ans, s&rsquo;affaiblit sous le poids de l&rsquo;a\u0302ge, arguent les plus pessimistes des observateurs. Ainsi, tous les regards sont actuellement braque\u0301s sur lui et sa sante\u0301. Me\u0302me au sein du Rassemblement de\u0301mocratique du peuple camerounais (Rdpc), aucun signe pre\u0301curseur d\u2019une e\u0301ventuelle transition a\u0300 la te\u0302te de ce parti au pouvoir depuis 1985. Me\u0302me son de cloche a\u0300 la pre\u0301sidence de la Re\u0301publique, ou\u0300 le calme absolu re\u0300gne.<\/p>\n<p>Les Camerounais souhaiteraient pourtant voir une certaine ouverture du jeu d\u2019e\u0301chec qui se trame au sommet de l\u2019Etat. Une situation qui permettrait donc aux uns et aux autres d\u2019avancer de\u0301sormais a\u0300 visage de\u0301couvert. Mais dans cette lutte, l\u2019un des clans qui avanc\u0327ait masque\u0301 semble en pleine de\u0301route. Ce clan avait pourtant e\u0301labore\u0301, a\u0300 en croire des observateurs avertis, un plan en 6 e\u0301tapes qui semble en train de s\u2019e\u0301crouler avec l\u2019assassinat du journaliste Martnez Zogo dont il est fortement soupc\u0327onne\u0301 pour en e\u0302tre les pre\u0301sume\u0301s donneurs d\u2019ordres.<\/p>\n<p>DAUPHIN<\/p>\n<p>Selon une source suffisamment cre\u0301dible, me\u0302me si le pre\u0301sident Biya donne l\u2019impression de ne pas avoir de dauphin dans cette course a\u0300 mort pour le pouvoir supre\u0302me, il aurait quand me\u0302me un favori qui devrait e\u0302tre un ressortissant d\u2019une tribu minoritaire au Cameroun. Et a\u0300 ce dernier, il aurait fait promesse de le choisir comme successeur. Promesse faite au cours d\u2019un rite initiatique dans les eaux du Wouri. Vrai ou faux ?<\/p>\n<p>Nos me\u0302mes sources indiquent donc que c\u2019est a\u0300 partir de la\u0300, que tout un plan a e\u0301te\u0301 mis en \u0153uvre pour que ce soit lui et rien que lui. Premie\u0300re e\u0301tape : e\u0301liminer et couper toutes les te\u0302tes de sa contre\u0301e qui pourraient s\u2019ave\u0301rer e\u0302tre des concurrents pour lui. Des cas se comptent a\u0300 la pelle. 2e\u0300me e\u0301tape : se constituer un tre\u0301sor de guerre.<\/p>\n<p>Pour ce faire, il fallait recruter des hommes de mains sans scrupule pour faire le sale boulot et continuer a\u0300 parai\u0302tre comme un haut commis de l\u2019Etat sans tache. C\u2019est la\u0300 qu\u2019apparai\u0302t un homme d\u2019affaires de paille qui a l\u2019e\u0301toffe du ro\u0302le sauf qu\u2019il a un complexe, celui de prendre la revanche sur sa pauvrete\u0301. 3e\u0300me e\u0301tape : placer ses hommes de main et assujettir des hauts commis de l\u2019Etat et des ministres aux postes cle\u0301s. Mal gouvernance aidant, ce groupe accumule les preuves contre eux. Ils doivent passer a\u0300 la caisse, faire alle\u0301geance ou se retrouver a\u0300 Kondengui.<\/p>\n<p>INSTITUTIONS<\/p>\n<p>4e\u0300me e\u0301tape : pe\u0301ne\u0301trer le c\u0153ur du pouvoir et prendre le contro\u0302le des instruments d\u2019espionnage et de de\u0301fense de l\u2019Etat gra\u0302ce a\u0300 ce tre\u0301sor de guerre. La gendarmerie est prise jusqu\u2019au de\u0301part de Jean Baptiste Bokam Nkoumba. La direction ge\u0301ne\u0301rale de Su\u0302rete\u0301 nationale happe\u0301e jusqu\u2019a\u0300 ce que son titulaire actuel s\u2019e\u0301loigne du groupe.<\/p>\n<p>La direction ge\u0301ne\u0301rale a\u0300 la Recherche exte\u0301rieure est mise en association (les e\u0301ve\u0300nements sur l\u2019assassinat de Martinez Zogo le de\u0301montrent a\u0300 suffire), la Garde pre\u0301sidentielle approche\u0301e pendant qu\u2019elle e\u0301tait dirige\u0301e par un colonel ne tombe pas en raison des changements intervenus a\u0300 son sommet.<\/p>\n<p>On peut me\u0302me dire que c\u2019est elle qui reste le dernier rempart des institutions de l\u2019Etat et des hommes qui les incarne. La direction de la Se\u0301curite\u0301 pre\u0301sidentielle mise sous contro\u0302le sous le pre\u0301texte des affaires juteuses, la Justice embastille\u0301e et mise aux ordres, la coupe est pleine. L\u2019on comprend donc pourquoi, ce clan est devenu si arrogant, insolent, irrespectueux, effronte\u0301, de\u0301sagre\u0301able.<\/p>\n<p>5e\u0300me e\u0301tape : corrompre l\u2019entourage du pre\u0301sident de la Re\u0301publique, et le mettre au service de leur cause, lui refiler les informations oriente\u0301es, paralyser son action afin qu\u2019il ne puisse plus se repre\u0301senter aux e\u0301lections et le pousser a\u0300 la sortie. 6e\u0300me e\u0301tape : combattre et de\u0301truire tous ceux qui sont reste\u0301s fide\u0300les au pre\u0301sident Paul Biya et qui travaillent pour l\u2019inte\u0301re\u0302t national et, utiliser les me\u0301dias pour ternir leur image et les de\u0301cre\u0301dibiliser en poussant le chef de l\u2019Etat et leur hie\u0301rarchie a\u0300 se de\u0301barrasser d\u2019eux pour leur laisser le champ libre partout.<\/p>\n<p>Tout allait alors comme sur les roulettes jusqu\u2019a\u0300 ce crime ultime de Martinez Zogo qui est venu faire ane\u0301antir ce plan machiave\u0301lique en 6 e\u0301tapes, de prendre le contro\u0302le du pouvoir, voire de renverser les Institutions. Comme quoi qui est pris qui croyait prendre.<\/p>\n<p><strong>Pour plus d&rsquo;informations et d&rsquo;analyses sur la <a href=\"https:\/\/www.africa-press.net\/cameroun\">Cameroun<\/a>, suivez <a href=\"https:\/\/www.africa-press.net\/\">Africa-Press<\/a><\/strong><\/p>\n","protected":false},"excerpt":{"rendered":"<p>Africa-Press &#8211; Cameroun. Il ne s\u2019agit pas d\u2019une fiction. Mais d\u2019une analyse froide des faits et gestes qui se passent aujourd\u2019hui au Cameroun et que le premier nai\u0308f peut de\u0301tecter a\u0300 premie\u0300re vue. Il s\u2019agit de la succession du pre\u0301sident Paul Biya mise en route depuis plusieurs anne\u0301es. En effet, cette guerre des clans a [&hellip;]<\/p>\n","protected":false},"author":82,"featured_media":38619,"comment_status":"open","ping_status":"closed","sticky":false,"template":"","format":"standard","meta":{"footnotes":""},"categories":[2,10],"tags":[36,50,49],"class_list":["post-38620","post","type-post","status-publish","format-standard","has-post-thumbnail","hentry","category-politique","category-toutes-les-actualites","tag-africa-press","tag-africa-press-cameroun","tag-cameroun"],"yoast_head":"<!-- This site is optimized with the Yoast SEO Premium plugin v26.1 (Yoast SEO v27.0) - https:\/\/yoast.com\/product\/yoast-seo-premium-wordpress\/ -->\n<title>C&#039;est fini : Laurent Esso a \u00e9t\u00e9 mis K.O. - Cameroun<\/title>\n<meta name=\"description\" content=\"Il ne s\u2019agit pas d\u2019une fiction. Mais d\u2019une analyse froide des faits et gestes qui se passent aujourd\u2019hui au Cameroun et ...\" \/>\n<meta name=\"robots\" content=\"index, follow, max-snippet:-1, max-image-preview:large, max-video-preview:-1\" \/>\n<link rel=\"canonical\" href=\"https:\/\/www.africa-press.net\/cameroun\/politique\/cest-fini-laurent-esso-a-ete-mis-k-o\" \/>\n<meta property=\"og:locale\" content=\"fr_FR\" \/>\n<meta property=\"og:type\" content=\"article\" \/>\n<meta property=\"og:title\" content=\"C&#039;est fini : Laurent Esso a \u00e9t\u00e9 mis K.O.\" \/>\n<meta property=\"og:description\" content=\"Il ne s\u2019agit pas d\u2019une fiction. Mais d\u2019une analyse froide des faits et gestes qui se passent aujourd\u2019hui au Cameroun et ...\" \/>\n<meta property=\"og:url\" content=\"https:\/\/www.africa-press.net\/cameroun\/politique\/cest-fini-laurent-esso-a-ete-mis-k-o\" \/>\n<meta property=\"og:site_name\" content=\"Cameroun\" \/>\n<meta property=\"article:published_time\" content=\"2023-03-08T12:38:36+00:00\" \/>\n<meta property=\"article:modified_time\" content=\"2023-03-08T22:10:06+00:00\" \/>\n<meta property=\"og:image\" content=\"https:\/\/static.africa-press.net\/cameroun\/sites\/57\/2023\/03\/postQueueImg_1678266518.74-1.jpg\" \/>\n\t<meta property=\"og:image:width\" content=\"720\" \/>\n\t<meta property=\"og:image:height\" content=\"444\" \/>\n\t<meta property=\"og:image:type\" content=\"image\/jpeg\" \/>\n<meta name=\"author\" content=\"cfeditorfr\" \/>\n<meta name=\"twitter:card\" content=\"summary_large_image\" \/>\n<meta name=\"twitter:label1\" content=\"\u00c9crit par\" \/>\n\t<meta name=\"twitter:data1\" content=\"cfeditorfr\" \/>\n\t<meta name=\"twitter:label2\" content=\"Dur\u00e9e de lecture estim\u00e9e\" \/>\n\t<meta name=\"twitter:data2\" content=\"6 minutes\" \/>\n<script type=\"application\/ld+json\" class=\"yoast-schema-graph\">{\"@context\":\"https:\/\/schema.org\",\"@graph\":[{\"@type\":\"Article\",\"@id\":\"https:\/\/www.africa-press.net\/cameroun\/politique\/cest-fini-laurent-esso-a-ete-mis-k-o#article\",\"isPartOf\":{\"@id\":\"https:\/\/www.africa-press.net\/cameroun\/politique\/cest-fini-laurent-esso-a-ete-mis-k-o\"},\"author\":{\"name\":\"cfeditorfr\",\"@id\":\"https:\/\/www.africa-press.net\/cameroun\/#\/schema\/person\/2b1cf3cd81a31e3cd26889ca66d677f1\"},\"headline\":\"C&rsquo;est fini : Laurent Esso a \u00e9t\u00e9 mis K.O.\",\"datePublished\":\"2023-03-08T12:38:36+00:00\",\"dateModified\":\"2023-03-08T22:10:06+00:00\",\"mainEntityOfPage\":{\"@id\":\"https:\/\/www.africa-press.net\/cameroun\/politique\/cest-fini-laurent-esso-a-ete-mis-k-o\"},\"wordCount\":1272,\"commentCount\":0,\"image\":{\"@id\":\"https:\/\/www.africa-press.net\/cameroun\/politique\/cest-fini-laurent-esso-a-ete-mis-k-o#primaryimage\"},\"thumbnailUrl\":\"https:\/\/static.africa-press.net\/cameroun\/sites\/57\/2023\/03\/postQueueImg_1678266518.74-1.jpg\",\"keywords\":[\"Africa Press\",\"Africa Press-Cameroun\",\"Cameroun\"],\"articleSection\":[\"Politique\",\"Toutes les actualit\u00e9s\"],\"inLanguage\":\"fr-FR\",\"potentialAction\":[{\"@type\":\"CommentAction\",\"name\":\"Comment\",\"target\":[\"https:\/\/www.africa-press.net\/cameroun\/politique\/cest-fini-laurent-esso-a-ete-mis-k-o#respond\"]}]},{\"@type\":\"WebPage\",\"@id\":\"https:\/\/www.africa-press.net\/cameroun\/politique\/cest-fini-laurent-esso-a-ete-mis-k-o\",\"url\":\"https:\/\/www.africa-press.net\/cameroun\/politique\/cest-fini-laurent-esso-a-ete-mis-k-o\",\"name\":\"C'est fini : Laurent Esso a \u00e9t\u00e9 mis K.O. - Cameroun\",\"isPartOf\":{\"@id\":\"https:\/\/www.africa-press.net\/cameroun\/#website\"},\"primaryImageOfPage\":{\"@id\":\"https:\/\/www.africa-press.net\/cameroun\/politique\/cest-fini-laurent-esso-a-ete-mis-k-o#primaryimage\"},\"image\":{\"@id\":\"https:\/\/www.africa-press.net\/cameroun\/politique\/cest-fini-laurent-esso-a-ete-mis-k-o#primaryimage\"},\"thumbnailUrl\":\"https:\/\/static.africa-press.net\/cameroun\/sites\/57\/2023\/03\/postQueueImg_1678266518.74-1.jpg\",\"datePublished\":\"2023-03-08T12:38:36+00:00\",\"dateModified\":\"2023-03-08T22:10:06+00:00\",\"author\":{\"@id\":\"https:\/\/www.africa-press.net\/cameroun\/#\/schema\/person\/2b1cf3cd81a31e3cd26889ca66d677f1\"},\"description\":\"Il ne s\u2019agit pas d\u2019une fiction. Mais d\u2019une analyse froide des faits et gestes qui se passent aujourd\u2019hui au Cameroun et ...\",\"breadcrumb\":{\"@id\":\"https:\/\/www.africa-press.net\/cameroun\/politique\/cest-fini-laurent-esso-a-ete-mis-k-o#breadcrumb\"},\"inLanguage\":\"fr-FR\",\"potentialAction\":[{\"@type\":\"ReadAction\",\"target\":[\"https:\/\/www.africa-press.net\/cameroun\/politique\/cest-fini-laurent-esso-a-ete-mis-k-o\"]}]},{\"@type\":\"ImageObject\",\"inLanguage\":\"fr-FR\",\"@id\":\"https:\/\/www.africa-press.net\/cameroun\/politique\/cest-fini-laurent-esso-a-ete-mis-k-o#primaryimage\",\"url\":\"https:\/\/static.africa-press.net\/cameroun\/sites\/57\/2023\/03\/postQueueImg_1678266518.74-1.jpg\",\"contentUrl\":\"https:\/\/static.africa-press.net\/cameroun\/sites\/57\/2023\/03\/postQueueImg_1678266518.74-1.jpg\",\"width\":720,\"height\":444,\"caption\":\"C'est fini : Laurent Esso a \u00e9t\u00e9 mis K.O.\"},{\"@type\":\"BreadcrumbList\",\"@id\":\"https:\/\/www.africa-press.net\/cameroun\/politique\/cest-fini-laurent-esso-a-ete-mis-k-o#breadcrumb\",\"itemListElement\":[{\"@type\":\"ListItem\",\"position\":1,\"name\":\"Accueil\",\"item\":\"https:\/\/www.africa-press.net\/cameroun\/\"},{\"@type\":\"ListItem\",\"position\":2,\"name\":\"C&rsquo;est fini : Laurent Esso a \u00e9t\u00e9 mis K.O.\"}]},{\"@type\":\"WebSite\",\"@id\":\"https:\/\/www.africa-press.net\/cameroun\/#website\",\"url\":\"https:\/\/www.africa-press.net\/cameroun\/\",\"name\":\"Cameroun\",\"description\":\"Just another Africa News Agency Sites site\",\"potentialAction\":[{\"@type\":\"SearchAction\",\"target\":{\"@type\":\"EntryPoint\",\"urlTemplate\":\"https:\/\/www.africa-press.net\/cameroun\/?s={search_term_string}\"},\"query-input\":{\"@type\":\"PropertyValueSpecification\",\"valueRequired\":true,\"valueName\":\"search_term_string\"}}],\"inLanguage\":\"fr-FR\"},{\"@type\":\"Person\",\"@id\":\"https:\/\/www.africa-press.net\/cameroun\/#\/schema\/person\/2b1cf3cd81a31e3cd26889ca66d677f1\",\"name\":\"cfeditorfr\"}]}<\/script>\n<!-- \/ Yoast SEO Premium plugin. -->","yoast_head_json":{"title":"C'est fini : Laurent Esso a \u00e9t\u00e9 mis K.O. - Cameroun","description":"Il ne s\u2019agit pas d\u2019une fiction. Mais d\u2019une analyse froide des faits et gestes qui se passent aujourd\u2019hui au Cameroun et ...","robots":{"index":"index","follow":"follow","max-snippet":"max-snippet:-1","max-image-preview":"max-image-preview:large","max-video-preview":"max-video-preview:-1"},"canonical":"https:\/\/www.africa-press.net\/cameroun\/politique\/cest-fini-laurent-esso-a-ete-mis-k-o","og_locale":"fr_FR","og_type":"article","og_title":"C'est fini : Laurent Esso a \u00e9t\u00e9 mis K.O.","og_description":"Il ne s\u2019agit pas d\u2019une fiction. Mais d\u2019une analyse froide des faits et gestes qui se passent aujourd\u2019hui au Cameroun et ...","og_url":"https:\/\/www.africa-press.net\/cameroun\/politique\/cest-fini-laurent-esso-a-ete-mis-k-o","og_site_name":"Cameroun","article_published_time":"2023-03-08T12:38:36+00:00","article_modified_time":"2023-03-08T22:10:06+00:00","og_image":[{"width":720,"height":444,"url":"https:\/\/static.africa-press.net\/cameroun\/sites\/57\/2023\/03\/postQueueImg_1678266518.74-1.jpg","type":"image\/jpeg"}],"author":"cfeditorfr","twitter_card":"summary_large_image","twitter_misc":{"\u00c9crit par":"cfeditorfr","Dur\u00e9e de lecture estim\u00e9e":"6 minutes"},"schema":{"@context":"https:\/\/schema.org","@graph":[{"@type":"Article","@id":"https:\/\/www.africa-press.net\/cameroun\/politique\/cest-fini-laurent-esso-a-ete-mis-k-o#article","isPartOf":{"@id":"https:\/\/www.africa-press.net\/cameroun\/politique\/cest-fini-laurent-esso-a-ete-mis-k-o"},"author":{"name":"cfeditorfr","@id":"https:\/\/www.africa-press.net\/cameroun\/#\/schema\/person\/2b1cf3cd81a31e3cd26889ca66d677f1"},"headline":"C&rsquo;est fini : Laurent Esso a \u00e9t\u00e9 mis K.O.","datePublished":"2023-03-08T12:38:36+00:00","dateModified":"2023-03-08T22:10:06+00:00","mainEntityOfPage":{"@id":"https:\/\/www.africa-press.net\/cameroun\/politique\/cest-fini-laurent-esso-a-ete-mis-k-o"},"wordCount":1272,"commentCount":0,"image":{"@id":"https:\/\/www.africa-press.net\/cameroun\/politique\/cest-fini-laurent-esso-a-ete-mis-k-o#primaryimage"},"thumbnailUrl":"https:\/\/static.africa-press.net\/cameroun\/sites\/57\/2023\/03\/postQueueImg_1678266518.74-1.jpg","keywords":["Africa Press","Africa Press-Cameroun","Cameroun"],"articleSection":["Politique","Toutes les actualit\u00e9s"],"inLanguage":"fr-FR","potentialAction":[{"@type":"CommentAction","name":"Comment","target":["https:\/\/www.africa-press.net\/cameroun\/politique\/cest-fini-laurent-esso-a-ete-mis-k-o#respond"]}]},{"@type":"WebPage","@id":"https:\/\/www.africa-press.net\/cameroun\/politique\/cest-fini-laurent-esso-a-ete-mis-k-o","url":"https:\/\/www.africa-press.net\/cameroun\/politique\/cest-fini-laurent-esso-a-ete-mis-k-o","name":"C'est fini : Laurent Esso a \u00e9t\u00e9 mis K.O. - Cameroun","isPartOf":{"@id":"https:\/\/www.africa-press.net\/cameroun\/#website"},"primaryImageOfPage":{"@id":"https:\/\/www.africa-press.net\/cameroun\/politique\/cest-fini-laurent-esso-a-ete-mis-k-o#primaryimage"},"image":{"@id":"https:\/\/www.africa-press.net\/cameroun\/politique\/cest-fini-laurent-esso-a-ete-mis-k-o#primaryimage"},"thumbnailUrl":"https:\/\/static.africa-press.net\/cameroun\/sites\/57\/2023\/03\/postQueueImg_1678266518.74-1.jpg","datePublished":"2023-03-08T12:38:36+00:00","dateModified":"2023-03-08T22:10:06+00:00","author":{"@id":"https:\/\/www.africa-press.net\/cameroun\/#\/schema\/person\/2b1cf3cd81a31e3cd26889ca66d677f1"},"description":"Il ne s\u2019agit pas d\u2019une fiction. Mais d\u2019une analyse froide des faits et gestes qui se passent aujourd\u2019hui au Cameroun et ...","breadcrumb":{"@id":"https:\/\/www.africa-press.net\/cameroun\/politique\/cest-fini-laurent-esso-a-ete-mis-k-o#breadcrumb"},"inLanguage":"fr-FR","potentialAction":[{"@type":"ReadAction","target":["https:\/\/www.africa-press.net\/cameroun\/politique\/cest-fini-laurent-esso-a-ete-mis-k-o"]}]},{"@type":"ImageObject","inLanguage":"fr-FR","@id":"https:\/\/www.africa-press.net\/cameroun\/politique\/cest-fini-laurent-esso-a-ete-mis-k-o#primaryimage","url":"https:\/\/static.africa-press.net\/cameroun\/sites\/57\/2023\/03\/postQueueImg_1678266518.74-1.jpg","contentUrl":"https:\/\/static.africa-press.net\/cameroun\/sites\/57\/2023\/03\/postQueueImg_1678266518.74-1.jpg","width":720,"height":444,"caption":"C'est fini : Laurent Esso a \u00e9t\u00e9 mis K.O."},{"@type":"BreadcrumbList","@id":"https:\/\/www.africa-press.net\/cameroun\/politique\/cest-fini-laurent-esso-a-ete-mis-k-o#breadcrumb","itemListElement":[{"@type":"ListItem","position":1,"name":"Accueil","item":"https:\/\/www.africa-press.net\/cameroun\/"},{"@type":"ListItem","position":2,"name":"C&rsquo;est fini : Laurent Esso a \u00e9t\u00e9 mis K.O."}]},{"@type":"WebSite","@id":"https:\/\/www.africa-press.net\/cameroun\/#website","url":"https:\/\/www.africa-press.net\/cameroun\/","name":"Cameroun","description":"Just another Africa News Agency Sites site","potentialAction":[{"@type":"SearchAction","target":{"@type":"EntryPoint","urlTemplate":"https:\/\/www.africa-press.net\/cameroun\/?s={search_term_string}"},"query-input":{"@type":"PropertyValueSpecification","valueRequired":true,"valueName":"search_term_string"}}],"inLanguage":"fr-FR"},{"@type":"Person","@id":"https:\/\/www.africa-press.net\/cameroun\/#\/schema\/person\/2b1cf3cd81a31e3cd26889ca66d677f1","name":"cfeditorfr"}]}},"_links":{"self":[{"href":"https:\/\/www.africa-press.net\/cameroun\/wp-json\/wp\/v2\/posts\/38620","targetHints":{"allow":["GET"]}}],"collection":[{"href":"https:\/\/www.africa-press.net\/cameroun\/wp-json\/wp\/v2\/posts"}],"about":[{"href":"https:\/\/www.africa-press.net\/cameroun\/wp-json\/wp\/v2\/types\/post"}],"author":[{"embeddable":true,"href":"https:\/\/www.africa-press.net\/cameroun\/wp-json\/wp\/v2\/users\/82"}],"replies":[{"embeddable":true,"href":"https:\/\/www.africa-press.net\/cameroun\/wp-json\/wp\/v2\/comments?post=38620"}],"version-history":[{"count":0,"href":"https:\/\/www.africa-press.net\/cameroun\/wp-json\/wp\/v2\/posts\/38620\/revisions"}],"wp:featuredmedia":[{"embeddable":true,"href":"https:\/\/www.africa-press.net\/cameroun\/wp-json\/wp\/v2\/media\/38619"}],"wp:attachment":[{"href":"https:\/\/www.africa-press.net\/cameroun\/wp-json\/wp\/v2\/media?parent=38620"}],"wp:term":[{"taxonomy":"category","embeddable":true,"href":"https:\/\/www.africa-press.net\/cameroun\/wp-json\/wp\/v2\/categories?post=38620"},{"taxonomy":"post_tag","embeddable":true,"href":"https:\/\/www.africa-press.net\/cameroun\/wp-json\/wp\/v2\/tags?post=38620"}],"curies":[{"name":"wp","href":"https:\/\/api.w.org\/{rel}","templated":true}]}}