{"id":38622,"date":"2023-03-08T12:38:43","date_gmt":"2023-03-08T12:38:43","guid":{"rendered":"https:\/\/www.africa-press.net\/cameroun\/politique\/fini-le-privilege-amougou-et-eko-eko-seront-traites-comme-tous-les-autres-prisonniers"},"modified":"2023-03-08T22:10:56","modified_gmt":"2023-03-08T22:10:56","slug":"fini-le-privilege-amougou-et-eko-eko-seront-traites-comme-tous-les-autres-prisonniers","status":"publish","type":"post","link":"https:\/\/www.africa-press.net\/cameroun\/toutes-les-actualites\/fini-le-privilege-amougou-et-eko-eko-seront-traites-comme-tous-les-autres-prisonniers","title":{"rendered":"Fini le privil\u00e8ge : Amougou et Eko Eko seront trait\u00e9s comme tous les autres prisonniers"},"content":{"rendered":"<p><span style=\"color: #ff6600\"><strong>Africa-Press &#8211; Cameroun. <\/strong><\/span>Jean Pierre Amougou Belinga et Maxime Eko Eko apparemment n&rsquo;ont toujours pas compris qu&rsquo;ils ne sont plus des VIP et que la re\u0301cre\u0301ation est termine\u0301e. A la prison civile de Kondengui, les nouveaux de\u0301tenus me\u0300nent pluto\u0302t une vie de luxe loin des re\u0301alite\u0301s du milieu carce\u0301ral.<\/p>\n<p>De la re\u0301fection de leur cellule, a\u0300 l\u2019usage des te\u0301le\u0301phones portables sans oublier les visites illimite\u0301es, c\u2019est pluto\u0302t la belle vie pour Jean Pierre Amougou Belinga et Maxime Eko Eko inculpe\u0301s dans l\u2019affaire de l\u2019assassinat de Martinez Zogo.<\/p>\n<p>Sur la toile, on re\u0301clame justice pour le journaliste assassine\u0301. Pour Jorel Jacques Zang, \u00ab il est temps que les prisonniers fassent du bruit pour se faire attendre des autorite\u0301s qui, pour calmer les tensions seront dans l&rsquo;obligation de prendre des dispositions claires pour les ramener (Jean Pierre Amougou Belinga et Maxime Eko Eko, ndlr) un peu sur terre. \u00bb<\/p>\n<p>Ce mardi, le Commissaire du Gouvernement a fait une descente muscle\u0301e dans les cellules des deux de\u0301tenus et a lance\u0301 une fouille contre Amougou et Eko Eko.<\/p>\n<p>\u00ab Il est vrai qu&rsquo;on leur a retire\u0301 leurs te\u0301le\u0301phones pour l&rsquo;instant mais cela n&rsquo;est pas du tout suffisant car ils doivent e\u0302tre traite\u0301s comme tous les prisonniers \u00bb, indique le lanceur d\u2019alertes.<\/p>\n<p>\u00ab Voila\u0300 la raison principale pour laquelle les prisonniers doivent faire des mouvements d&rsquo;humeur pour protester contre \u00ab\u00a0leur traitement de privile\u0301gie\u0301s\u00a0\u00bb car seuls les prisonniers peuvent stopper la fin de leurs privile\u0300ges \u00bb, pre\u0301cise-t-il.<\/p>\n<p>\u00ab Soit les privile\u0300ges sont pour tous. Soit personne n&rsquo;en be\u0301ne\u0301ficie. Point final. Au final les garder a\u0300 Kondengui est une tre\u0300s mauvaise chose car c&rsquo;est une prison sous l&rsquo;autorite\u0301 du MINJUSTICE qui est proche d\u2019Amougou. Donc soit vous les envoyez a\u0300 la prison du SED sous l&rsquo;autorite\u0301 du ministe\u0300re de la de\u0301fense qui n&rsquo;est pas la cour du roi peto comme Kondengui. Vous sifflez la fin de la re\u0301cre\u0301ation a\u0300 Kondengui et de manie\u0300re de\u0301finitive et a\u0300 ce niveau les autres pensionnaires de tous les quartiers de cette prison ont du pouvoir \u00bb, recommande-t-il.<\/p>\n<p><strong>Pour plus d&rsquo;informations et d&rsquo;analyses sur la <a href=\"https:\/\/www.africa-press.net\/cameroun\">Cameroun<\/a>, suivez <a href=\"https:\/\/www.africa-press.net\/\">Africa-Press<\/a><\/strong><\/p>\n","protected":false},"excerpt":{"rendered":"<p>Africa-Press &#8211; Cameroun. Jean Pierre Amougou Belinga et Maxime Eko Eko apparemment n&rsquo;ont toujours pas compris qu&rsquo;ils ne sont plus des VIP et que la re\u0301cre\u0301ation est termine\u0301e. A la prison civile de Kondengui, les nouveaux de\u0301tenus me\u0300nent pluto\u0302t une vie de luxe loin des re\u0301alite\u0301s du milieu carce\u0301ral. De la re\u0301fection de leur cellule, [&hellip;]<\/p>\n","protected":false},"author":82,"featured_media":38621,"comment_status":"open","ping_status":"closed","sticky":false,"template":"","format":"standard","meta":{"footnotes":""},"categories":[21,10],"tags":[36,50,49],"class_list":["post-38622","post","type-post","status-publish","format-standard","has-post-thumbnail","hentry","category-communaute","category-toutes-les-actualites","tag-africa-press","tag-africa-press-cameroun","tag-cameroun"],"yoast_head":"<!-- This site is optimized with the Yoast SEO Premium plugin v26.1 (Yoast SEO v27.0) - https:\/\/yoast.com\/product\/yoast-seo-premium-wordpress\/ -->\n<title>Fini le privil\u00e8ge : Amougou et Eko Eko seront trait\u00e9s comme tous les autres prisonniers - Cameroun<\/title>\n<meta name=\"description\" content=\"Jean Pierre Amougou Belinga et Maxime Eko Eko apparemment n&#039;ont toujours pas compris qu&#039;ils ne sont plus des VIP et que ...\" \/>\n<meta name=\"robots\" content=\"index, follow, max-snippet:-1, max-image-preview:large, max-video-preview:-1\" \/>\n<link rel=\"canonical\" href=\"https:\/\/www.africa-press.net\/cameroun\/toutes-les-actualites\/fini-le-privilege-amougou-et-eko-eko-seront-traites-comme-tous-les-autres-prisonniers\" \/>\n<meta property=\"og:locale\" content=\"fr_FR\" \/>\n<meta property=\"og:type\" content=\"article\" \/>\n<meta property=\"og:title\" content=\"Fini le privil\u00e8ge : Amougou et Eko Eko seront trait\u00e9s comme tous les autres prisonniers\" \/>\n<meta property=\"og:description\" content=\"Jean Pierre Amougou Belinga et Maxime Eko Eko apparemment n&#039;ont toujours pas compris qu&#039;ils ne sont plus des VIP et que ...\" \/>\n<meta property=\"og:url\" content=\"https:\/\/www.africa-press.net\/cameroun\/toutes-les-actualites\/fini-le-privilege-amougou-et-eko-eko-seront-traites-comme-tous-les-autres-prisonniers\" \/>\n<meta property=\"og:site_name\" content=\"Cameroun\" \/>\n<meta property=\"article:published_time\" content=\"2023-03-08T12:38:43+00:00\" \/>\n<meta property=\"article:modified_time\" content=\"2023-03-08T22:10:56+00:00\" \/>\n<meta property=\"og:image\" content=\"https:\/\/static.africa-press.net\/cameroun\/sites\/57\/2023\/03\/postQueueImg_1678266527.02.jpg\" \/>\n\t<meta property=\"og:image:width\" content=\"1280\" \/>\n\t<meta property=\"og:image:height\" content=\"720\" \/>\n\t<meta property=\"og:image:type\" content=\"image\/jpeg\" \/>\n<meta name=\"author\" content=\"cfeditorfr\" \/>\n<meta name=\"twitter:card\" content=\"summary_large_image\" \/>\n<meta name=\"twitter:label1\" content=\"\u00c9crit par\" \/>\n\t<meta name=\"twitter:data1\" content=\"cfeditorfr\" \/>\n\t<meta name=\"twitter:label2\" content=\"Dur\u00e9e de lecture estim\u00e9e\" \/>\n\t<meta name=\"twitter:data2\" content=\"2 minutes\" \/>\n<script type=\"application\/ld+json\" class=\"yoast-schema-graph\">{\"@context\":\"https:\/\/schema.org\",\"@graph\":[{\"@type\":\"Article\",\"@id\":\"https:\/\/www.africa-press.net\/cameroun\/toutes-les-actualites\/fini-le-privilege-amougou-et-eko-eko-seront-traites-comme-tous-les-autres-prisonniers#article\",\"isPartOf\":{\"@id\":\"https:\/\/www.africa-press.net\/cameroun\/toutes-les-actualites\/fini-le-privilege-amougou-et-eko-eko-seront-traites-comme-tous-les-autres-prisonniers\"},\"author\":{\"name\":\"cfeditorfr\",\"@id\":\"https:\/\/www.africa-press.net\/cameroun\/#\/schema\/person\/2b1cf3cd81a31e3cd26889ca66d677f1\"},\"headline\":\"Fini le privil\u00e8ge : Amougou et Eko Eko seront trait\u00e9s comme tous les autres prisonniers\",\"datePublished\":\"2023-03-08T12:38:43+00:00\",\"dateModified\":\"2023-03-08T22:10:56+00:00\",\"mainEntityOfPage\":{\"@id\":\"https:\/\/www.africa-press.net\/cameroun\/toutes-les-actualites\/fini-le-privilege-amougou-et-eko-eko-seront-traites-comme-tous-les-autres-prisonniers\"},\"wordCount\":411,\"commentCount\":0,\"image\":{\"@id\":\"https:\/\/www.africa-press.net\/cameroun\/toutes-les-actualites\/fini-le-privilege-amougou-et-eko-eko-seront-traites-comme-tous-les-autres-prisonniers#primaryimage\"},\"thumbnailUrl\":\"https:\/\/static.africa-press.net\/cameroun\/sites\/57\/2023\/03\/postQueueImg_1678266527.02.jpg\",\"keywords\":[\"Africa Press\",\"Africa Press-Cameroun\",\"Cameroun\"],\"articleSection\":[\"Communaut\u00e9\",\"Toutes les actualit\u00e9s\"],\"inLanguage\":\"fr-FR\",\"potentialAction\":[{\"@type\":\"CommentAction\",\"name\":\"Comment\",\"target\":[\"https:\/\/www.africa-press.net\/cameroun\/toutes-les-actualites\/fini-le-privilege-amougou-et-eko-eko-seront-traites-comme-tous-les-autres-prisonniers#respond\"]}]},{\"@type\":\"WebPage\",\"@id\":\"https:\/\/www.africa-press.net\/cameroun\/toutes-les-actualites\/fini-le-privilege-amougou-et-eko-eko-seront-traites-comme-tous-les-autres-prisonniers\",\"url\":\"https:\/\/www.africa-press.net\/cameroun\/toutes-les-actualites\/fini-le-privilege-amougou-et-eko-eko-seront-traites-comme-tous-les-autres-prisonniers\",\"name\":\"Fini le privil\u00e8ge : Amougou et Eko Eko seront trait\u00e9s comme tous les autres prisonniers - Cameroun\",\"isPartOf\":{\"@id\":\"https:\/\/www.africa-press.net\/cameroun\/#website\"},\"primaryImageOfPage\":{\"@id\":\"https:\/\/www.africa-press.net\/cameroun\/toutes-les-actualites\/fini-le-privilege-amougou-et-eko-eko-seront-traites-comme-tous-les-autres-prisonniers#primaryimage\"},\"image\":{\"@id\":\"https:\/\/www.africa-press.net\/cameroun\/toutes-les-actualites\/fini-le-privilege-amougou-et-eko-eko-seront-traites-comme-tous-les-autres-prisonniers#primaryimage\"},\"thumbnailUrl\":\"https:\/\/static.africa-press.net\/cameroun\/sites\/57\/2023\/03\/postQueueImg_1678266527.02.jpg\",\"datePublished\":\"2023-03-08T12:38:43+00:00\",\"dateModified\":\"2023-03-08T22:10:56+00:00\",\"author\":{\"@id\":\"https:\/\/www.africa-press.net\/cameroun\/#\/schema\/person\/2b1cf3cd81a31e3cd26889ca66d677f1\"},\"description\":\"Jean Pierre Amougou Belinga et Maxime Eko Eko apparemment n'ont toujours pas compris qu'ils ne sont plus des VIP et que ...\",\"breadcrumb\":{\"@id\":\"https:\/\/www.africa-press.net\/cameroun\/toutes-les-actualites\/fini-le-privilege-amougou-et-eko-eko-seront-traites-comme-tous-les-autres-prisonniers#breadcrumb\"},\"inLanguage\":\"fr-FR\",\"potentialAction\":[{\"@type\":\"ReadAction\",\"target\":[\"https:\/\/www.africa-press.net\/cameroun\/toutes-les-actualites\/fini-le-privilege-amougou-et-eko-eko-seront-traites-comme-tous-les-autres-prisonniers\"]}]},{\"@type\":\"ImageObject\",\"inLanguage\":\"fr-FR\",\"@id\":\"https:\/\/www.africa-press.net\/cameroun\/toutes-les-actualites\/fini-le-privilege-amougou-et-eko-eko-seront-traites-comme-tous-les-autres-prisonniers#primaryimage\",\"url\":\"https:\/\/static.africa-press.net\/cameroun\/sites\/57\/2023\/03\/postQueueImg_1678266527.02.jpg\",\"contentUrl\":\"https:\/\/static.africa-press.net\/cameroun\/sites\/57\/2023\/03\/postQueueImg_1678266527.02.jpg\",\"width\":1280,\"height\":720,\"caption\":\"Fini le privil\u00e8ge : Amougou et Eko Eko seront trait\u00e9s comme tous les autres prisonniers\"},{\"@type\":\"BreadcrumbList\",\"@id\":\"https:\/\/www.africa-press.net\/cameroun\/toutes-les-actualites\/fini-le-privilege-amougou-et-eko-eko-seront-traites-comme-tous-les-autres-prisonniers#breadcrumb\",\"itemListElement\":[{\"@type\":\"ListItem\",\"position\":1,\"name\":\"Accueil\",\"item\":\"https:\/\/www.africa-press.net\/cameroun\/\"},{\"@type\":\"ListItem\",\"position\":2,\"name\":\"Fini le privil\u00e8ge : Amougou et Eko Eko seront trait\u00e9s comme tous les autres prisonniers\"}]},{\"@type\":\"WebSite\",\"@id\":\"https:\/\/www.africa-press.net\/cameroun\/#website\",\"url\":\"https:\/\/www.africa-press.net\/cameroun\/\",\"name\":\"Cameroun\",\"description\":\"Just another Africa News Agency Sites site\",\"potentialAction\":[{\"@type\":\"SearchAction\",\"target\":{\"@type\":\"EntryPoint\",\"urlTemplate\":\"https:\/\/www.africa-press.net\/cameroun\/?s={search_term_string}\"},\"query-input\":{\"@type\":\"PropertyValueSpecification\",\"valueRequired\":true,\"valueName\":\"search_term_string\"}}],\"inLanguage\":\"fr-FR\"},{\"@type\":\"Person\",\"@id\":\"https:\/\/www.africa-press.net\/cameroun\/#\/schema\/person\/2b1cf3cd81a31e3cd26889ca66d677f1\",\"name\":\"cfeditorfr\"}]}<\/script>\n<!-- \/ Yoast SEO Premium plugin. -->","yoast_head_json":{"title":"Fini le privil\u00e8ge : Amougou et Eko Eko seront trait\u00e9s comme tous les autres prisonniers - Cameroun","description":"Jean Pierre Amougou Belinga et Maxime Eko Eko apparemment n'ont toujours pas compris qu'ils ne sont plus des VIP et que ...","robots":{"index":"index","follow":"follow","max-snippet":"max-snippet:-1","max-image-preview":"max-image-preview:large","max-video-preview":"max-video-preview:-1"},"canonical":"https:\/\/www.africa-press.net\/cameroun\/toutes-les-actualites\/fini-le-privilege-amougou-et-eko-eko-seront-traites-comme-tous-les-autres-prisonniers","og_locale":"fr_FR","og_type":"article","og_title":"Fini le privil\u00e8ge : Amougou et Eko Eko seront trait\u00e9s comme tous les autres prisonniers","og_description":"Jean Pierre Amougou Belinga et Maxime Eko Eko apparemment n'ont toujours pas compris qu'ils ne sont plus des VIP et que ...","og_url":"https:\/\/www.africa-press.net\/cameroun\/toutes-les-actualites\/fini-le-privilege-amougou-et-eko-eko-seront-traites-comme-tous-les-autres-prisonniers","og_site_name":"Cameroun","article_published_time":"2023-03-08T12:38:43+00:00","article_modified_time":"2023-03-08T22:10:56+00:00","og_image":[{"width":1280,"height":720,"url":"https:\/\/static.africa-press.net\/cameroun\/sites\/57\/2023\/03\/postQueueImg_1678266527.02.jpg","type":"image\/jpeg"}],"author":"cfeditorfr","twitter_card":"summary_large_image","twitter_misc":{"\u00c9crit par":"cfeditorfr","Dur\u00e9e de lecture estim\u00e9e":"2 minutes"},"schema":{"@context":"https:\/\/schema.org","@graph":[{"@type":"Article","@id":"https:\/\/www.africa-press.net\/cameroun\/toutes-les-actualites\/fini-le-privilege-amougou-et-eko-eko-seront-traites-comme-tous-les-autres-prisonniers#article","isPartOf":{"@id":"https:\/\/www.africa-press.net\/cameroun\/toutes-les-actualites\/fini-le-privilege-amougou-et-eko-eko-seront-traites-comme-tous-les-autres-prisonniers"},"author":{"name":"cfeditorfr","@id":"https:\/\/www.africa-press.net\/cameroun\/#\/schema\/person\/2b1cf3cd81a31e3cd26889ca66d677f1"},"headline":"Fini le privil\u00e8ge : Amougou et Eko Eko seront trait\u00e9s comme tous les autres prisonniers","datePublished":"2023-03-08T12:38:43+00:00","dateModified":"2023-03-08T22:10:56+00:00","mainEntityOfPage":{"@id":"https:\/\/www.africa-press.net\/cameroun\/toutes-les-actualites\/fini-le-privilege-amougou-et-eko-eko-seront-traites-comme-tous-les-autres-prisonniers"},"wordCount":411,"commentCount":0,"image":{"@id":"https:\/\/www.africa-press.net\/cameroun\/toutes-les-actualites\/fini-le-privilege-amougou-et-eko-eko-seront-traites-comme-tous-les-autres-prisonniers#primaryimage"},"thumbnailUrl":"https:\/\/static.africa-press.net\/cameroun\/sites\/57\/2023\/03\/postQueueImg_1678266527.02.jpg","keywords":["Africa Press","Africa Press-Cameroun","Cameroun"],"articleSection":["Communaut\u00e9","Toutes les actualit\u00e9s"],"inLanguage":"fr-FR","potentialAction":[{"@type":"CommentAction","name":"Comment","target":["https:\/\/www.africa-press.net\/cameroun\/toutes-les-actualites\/fini-le-privilege-amougou-et-eko-eko-seront-traites-comme-tous-les-autres-prisonniers#respond"]}]},{"@type":"WebPage","@id":"https:\/\/www.africa-press.net\/cameroun\/toutes-les-actualites\/fini-le-privilege-amougou-et-eko-eko-seront-traites-comme-tous-les-autres-prisonniers","url":"https:\/\/www.africa-press.net\/cameroun\/toutes-les-actualites\/fini-le-privilege-amougou-et-eko-eko-seront-traites-comme-tous-les-autres-prisonniers","name":"Fini le privil\u00e8ge : Amougou et Eko Eko seront trait\u00e9s comme tous les autres prisonniers - Cameroun","isPartOf":{"@id":"https:\/\/www.africa-press.net\/cameroun\/#website"},"primaryImageOfPage":{"@id":"https:\/\/www.africa-press.net\/cameroun\/toutes-les-actualites\/fini-le-privilege-amougou-et-eko-eko-seront-traites-comme-tous-les-autres-prisonniers#primaryimage"},"image":{"@id":"https:\/\/www.africa-press.net\/cameroun\/toutes-les-actualites\/fini-le-privilege-amougou-et-eko-eko-seront-traites-comme-tous-les-autres-prisonniers#primaryimage"},"thumbnailUrl":"https:\/\/static.africa-press.net\/cameroun\/sites\/57\/2023\/03\/postQueueImg_1678266527.02.jpg","datePublished":"2023-03-08T12:38:43+00:00","dateModified":"2023-03-08T22:10:56+00:00","author":{"@id":"https:\/\/www.africa-press.net\/cameroun\/#\/schema\/person\/2b1cf3cd81a31e3cd26889ca66d677f1"},"description":"Jean Pierre Amougou Belinga et Maxime Eko Eko apparemment n'ont toujours pas compris qu'ils ne sont plus des VIP et que ...","breadcrumb":{"@id":"https:\/\/www.africa-press.net\/cameroun\/toutes-les-actualites\/fini-le-privilege-amougou-et-eko-eko-seront-traites-comme-tous-les-autres-prisonniers#breadcrumb"},"inLanguage":"fr-FR","potentialAction":[{"@type":"ReadAction","target":["https:\/\/www.africa-press.net\/cameroun\/toutes-les-actualites\/fini-le-privilege-amougou-et-eko-eko-seront-traites-comme-tous-les-autres-prisonniers"]}]},{"@type":"ImageObject","inLanguage":"fr-FR","@id":"https:\/\/www.africa-press.net\/cameroun\/toutes-les-actualites\/fini-le-privilege-amougou-et-eko-eko-seront-traites-comme-tous-les-autres-prisonniers#primaryimage","url":"https:\/\/static.africa-press.net\/cameroun\/sites\/57\/2023\/03\/postQueueImg_1678266527.02.jpg","contentUrl":"https:\/\/static.africa-press.net\/cameroun\/sites\/57\/2023\/03\/postQueueImg_1678266527.02.jpg","width":1280,"height":720,"caption":"Fini le privil\u00e8ge : Amougou et Eko Eko seront trait\u00e9s comme tous les autres prisonniers"},{"@type":"BreadcrumbList","@id":"https:\/\/www.africa-press.net\/cameroun\/toutes-les-actualites\/fini-le-privilege-amougou-et-eko-eko-seront-traites-comme-tous-les-autres-prisonniers#breadcrumb","itemListElement":[{"@type":"ListItem","position":1,"name":"Accueil","item":"https:\/\/www.africa-press.net\/cameroun\/"},{"@type":"ListItem","position":2,"name":"Fini le privil\u00e8ge : Amougou et Eko Eko seront trait\u00e9s comme tous les autres prisonniers"}]},{"@type":"WebSite","@id":"https:\/\/www.africa-press.net\/cameroun\/#website","url":"https:\/\/www.africa-press.net\/cameroun\/","name":"Cameroun","description":"Just another Africa News Agency Sites site","potentialAction":[{"@type":"SearchAction","target":{"@type":"EntryPoint","urlTemplate":"https:\/\/www.africa-press.net\/cameroun\/?s={search_term_string}"},"query-input":{"@type":"PropertyValueSpecification","valueRequired":true,"valueName":"search_term_string"}}],"inLanguage":"fr-FR"},{"@type":"Person","@id":"https:\/\/www.africa-press.net\/cameroun\/#\/schema\/person\/2b1cf3cd81a31e3cd26889ca66d677f1","name":"cfeditorfr"}]}},"_links":{"self":[{"href":"https:\/\/www.africa-press.net\/cameroun\/wp-json\/wp\/v2\/posts\/38622","targetHints":{"allow":["GET"]}}],"collection":[{"href":"https:\/\/www.africa-press.net\/cameroun\/wp-json\/wp\/v2\/posts"}],"about":[{"href":"https:\/\/www.africa-press.net\/cameroun\/wp-json\/wp\/v2\/types\/post"}],"author":[{"embeddable":true,"href":"https:\/\/www.africa-press.net\/cameroun\/wp-json\/wp\/v2\/users\/82"}],"replies":[{"embeddable":true,"href":"https:\/\/www.africa-press.net\/cameroun\/wp-json\/wp\/v2\/comments?post=38622"}],"version-history":[{"count":0,"href":"https:\/\/www.africa-press.net\/cameroun\/wp-json\/wp\/v2\/posts\/38622\/revisions"}],"wp:featuredmedia":[{"embeddable":true,"href":"https:\/\/www.africa-press.net\/cameroun\/wp-json\/wp\/v2\/media\/38621"}],"wp:attachment":[{"href":"https:\/\/www.africa-press.net\/cameroun\/wp-json\/wp\/v2\/media?parent=38622"}],"wp:term":[{"taxonomy":"category","embeddable":true,"href":"https:\/\/www.africa-press.net\/cameroun\/wp-json\/wp\/v2\/categories?post=38622"},{"taxonomy":"post_tag","embeddable":true,"href":"https:\/\/www.africa-press.net\/cameroun\/wp-json\/wp\/v2\/tags?post=38622"}],"curies":[{"name":"wp","href":"https:\/\/api.w.org\/{rel}","templated":true}]}}