{"id":38626,"date":"2023-03-08T12:38:59","date_gmt":"2023-03-08T12:38:59","guid":{"rendered":"https:\/\/www.africa-press.net\/cameroun\/politique\/un-camerounais-condamne-pour-agression-sexuelle-sur-sa-cousine-en-france"},"modified":"2023-03-08T22:12:36","modified_gmt":"2023-03-08T22:12:36","slug":"un-camerounais-condamne-pour-agression-sexuelle-sur-sa-cousine-en-france","status":"publish","type":"post","link":"https:\/\/www.africa-press.net\/cameroun\/toutes-les-actualites\/un-camerounais-condamne-pour-agression-sexuelle-sur-sa-cousine-en-france","title":{"rendered":"Un Camerounais condamn\u00e9 pour agression sexuelle sur sa cousine en France"},"content":{"rendered":"<p><span style=\"color: #ff6600\"><strong>Africa-Press &#8211; Cameroun. <\/strong><\/span>Pierre-Olivier a quitte\u0301 le Cameroun pour s&rsquo;installer ses des membres de sa famille, il y a quelques anne\u0301es. Mais pendant son se\u0301jour aupre\u0300s de sa famille d&rsquo;accueil, le jeune camerounais a agresse\u0301 pendant de nombreuses anne\u0301es, sa jeune cousine.<\/p>\n<p>Pierre-Olivier a aujourd&rsquo;hui 27 ans, mais les faits pour lesquels il a e\u0301te\u0301 juge\u0301 au tribunal correctionnel de Montpellier, remonte a\u0300 ses 22 ans.<\/p>\n<p>Selon le site internet d&rsquo;information MidiLibre, Pierre Olivier e\u0301tait he\u0301berge\u0301 par des cousins domicilie\u0301s a\u0300 Castelnau-le-Lez, de juillet a\u0300 novembre 2017. Il a lors de ce se\u0301jour, agresse\u0301 sexuellement sa cousine a\u0302ge\u0301e de 19 ans. Jusqu\u2019a\u0300 une tentative de viol, et ce, malgre\u0301 le de\u0301saccord exprime\u0301 a\u0300 chaque fois par la victime.<\/p>\n<p>\u00ab\u00a0Au fur et a\u0300 mesure, celle-ci s\u2019e\u0301tait referme\u0301e sur elle-me\u0302me et avait beaucoup maigri&#8230;Devant le tribunal correctionnel de Montpellier, le Camerounais a tente\u0301 de minimiser son ro\u0302le, malgre\u0301 des SMS e\u0301loquents : \u00ab\u00a0Ne parle pas aux parents\u00a0\u00bb. \u00ab\u00a0J\u2019ai honte, je suis de\u0301sole\u0301, excuse-moi\u00a0\u00bb. La re\u0301ponse de la jeune femme : \u00ab\u00a0Plus jamais tu me touches stp\u00a0\u00bb. Si les faits remontent a\u0300 2017, la jeune femme en a parle\u0301 avec des larmes dans les yeux, lors du proce\u0300s. \u00ab\u00a0Au de\u0301but, je lui ai tendu la main mais j\u2019ai e\u0301te\u0301 manipule\u0301e. Nos familles sont tre\u0300s proches, c\u2019e\u0301tait difficile d\u2019en parler.\u00a0\u00bb Elle s\u2019est finalement confie\u0301e a\u0300 sa me\u0300re, et Pierre-Olivier a quitte\u0301 le domicile. Parce qu\u2019il avait e\u0301te\u0301 mis a\u0300 la porte ? Ou parce qu\u2019il avait trouve\u0301 un logement ? Les versions divergent\u00a0\u00bb, e\u0301crivent nos confre\u0300res.<\/p>\n<p>L&rsquo;on apprend que le jeune camerounais a e\u0301te\u0301 condamne\u0301 a\u0300 24 mois de prison dont 12 avec suris. Il a e\u0301te\u0301 garde\u0301 en prison, depuis qu&rsquo;il a e\u0301te\u0301 de\u0301nonce\u0301 il y a 12 mois. En d&rsquo;autres termes, il sera remis en liberte\u0301.<\/p>\n<p><strong>Pour plus d&rsquo;informations et d&rsquo;analyses sur la <a href=\"https:\/\/www.africa-press.net\/cameroun\">Cameroun<\/a>, suivez <a href=\"https:\/\/www.africa-press.net\/\">Africa-Press<\/a><\/strong><\/p>\n","protected":false},"excerpt":{"rendered":"<p>Africa-Press &#8211; Cameroun. Pierre-Olivier a quitte\u0301 le Cameroun pour s&rsquo;installer ses des membres de sa famille, il y a quelques anne\u0301es. Mais pendant son se\u0301jour aupre\u0300s de sa famille d&rsquo;accueil, le jeune camerounais a agresse\u0301 pendant de nombreuses anne\u0301es, sa jeune cousine. Pierre-Olivier a aujourd&rsquo;hui 27 ans, mais les faits pour lesquels il a e\u0301te\u0301 [&hellip;]<\/p>\n","protected":false},"author":82,"featured_media":38625,"comment_status":"open","ping_status":"closed","sticky":false,"template":"","format":"standard","meta":{"footnotes":""},"categories":[21,10],"tags":[36,50,49],"class_list":["post-38626","post","type-post","status-publish","format-standard","has-post-thumbnail","hentry","category-communaute","category-toutes-les-actualites","tag-africa-press","tag-africa-press-cameroun","tag-cameroun"],"yoast_head":"<!-- This site is optimized with the Yoast SEO Premium plugin v26.1 (Yoast SEO v27.0) - https:\/\/yoast.com\/product\/yoast-seo-premium-wordpress\/ -->\n<title>Un Camerounais condamn\u00e9 pour agression sexuelle sur sa cousine en France - Cameroun<\/title>\n<meta name=\"description\" content=\"Pierre-Olivier a quitte\u0301 le Cameroun pour s&#039;installer ses des membres de sa famille, il y a quelques anne\u0301es. Mais penda ...\" \/>\n<meta name=\"robots\" content=\"index, follow, max-snippet:-1, max-image-preview:large, max-video-preview:-1\" \/>\n<link rel=\"canonical\" href=\"https:\/\/www.africa-press.net\/cameroun\/toutes-les-actualites\/un-camerounais-condamne-pour-agression-sexuelle-sur-sa-cousine-en-france\" \/>\n<meta property=\"og:locale\" content=\"fr_FR\" \/>\n<meta property=\"og:type\" content=\"article\" \/>\n<meta property=\"og:title\" content=\"Un Camerounais condamn\u00e9 pour agression sexuelle sur sa cousine en France\" \/>\n<meta property=\"og:description\" content=\"Pierre-Olivier a quitte\u0301 le Cameroun pour s&#039;installer ses des membres de sa famille, il y a quelques anne\u0301es. Mais penda ...\" \/>\n<meta property=\"og:url\" content=\"https:\/\/www.africa-press.net\/cameroun\/toutes-les-actualites\/un-camerounais-condamne-pour-agression-sexuelle-sur-sa-cousine-en-france\" \/>\n<meta property=\"og:site_name\" content=\"Cameroun\" \/>\n<meta property=\"article:published_time\" content=\"2023-03-08T12:38:59+00:00\" \/>\n<meta property=\"article:modified_time\" content=\"2023-03-08T22:12:36+00:00\" \/>\n<meta property=\"og:image\" content=\"https:\/\/static.africa-press.net\/cameroun\/sites\/57\/2023\/03\/postQueueImg_1678267776.13.jpg\" \/>\n\t<meta property=\"og:image:width\" content=\"720\" \/>\n\t<meta property=\"og:image:height\" content=\"360\" \/>\n\t<meta property=\"og:image:type\" content=\"image\/jpeg\" \/>\n<meta name=\"author\" content=\"cfeditorfr\" \/>\n<meta name=\"twitter:card\" content=\"summary_large_image\" \/>\n<meta name=\"twitter:label1\" content=\"\u00c9crit par\" \/>\n\t<meta name=\"twitter:data1\" content=\"cfeditorfr\" \/>\n\t<meta name=\"twitter:label2\" content=\"Dur\u00e9e de lecture estim\u00e9e\" \/>\n\t<meta name=\"twitter:data2\" content=\"2 minutes\" \/>\n<script type=\"application\/ld+json\" class=\"yoast-schema-graph\">{\"@context\":\"https:\/\/schema.org\",\"@graph\":[{\"@type\":\"Article\",\"@id\":\"https:\/\/www.africa-press.net\/cameroun\/toutes-les-actualites\/un-camerounais-condamne-pour-agression-sexuelle-sur-sa-cousine-en-france#article\",\"isPartOf\":{\"@id\":\"https:\/\/www.africa-press.net\/cameroun\/toutes-les-actualites\/un-camerounais-condamne-pour-agression-sexuelle-sur-sa-cousine-en-france\"},\"author\":{\"name\":\"cfeditorfr\",\"@id\":\"https:\/\/www.africa-press.net\/cameroun\/#\/schema\/person\/2b1cf3cd81a31e3cd26889ca66d677f1\"},\"headline\":\"Un Camerounais condamn\u00e9 pour agression sexuelle sur sa cousine en France\",\"datePublished\":\"2023-03-08T12:38:59+00:00\",\"dateModified\":\"2023-03-08T22:12:36+00:00\",\"mainEntityOfPage\":{\"@id\":\"https:\/\/www.africa-press.net\/cameroun\/toutes-les-actualites\/un-camerounais-condamne-pour-agression-sexuelle-sur-sa-cousine-en-france\"},\"wordCount\":356,\"commentCount\":0,\"image\":{\"@id\":\"https:\/\/www.africa-press.net\/cameroun\/toutes-les-actualites\/un-camerounais-condamne-pour-agression-sexuelle-sur-sa-cousine-en-france#primaryimage\"},\"thumbnailUrl\":\"https:\/\/static.africa-press.net\/cameroun\/sites\/57\/2023\/03\/postQueueImg_1678267776.13.jpg\",\"keywords\":[\"Africa Press\",\"Africa Press-Cameroun\",\"Cameroun\"],\"articleSection\":[\"Communaut\u00e9\",\"Toutes les actualit\u00e9s\"],\"inLanguage\":\"fr-FR\",\"potentialAction\":[{\"@type\":\"CommentAction\",\"name\":\"Comment\",\"target\":[\"https:\/\/www.africa-press.net\/cameroun\/toutes-les-actualites\/un-camerounais-condamne-pour-agression-sexuelle-sur-sa-cousine-en-france#respond\"]}]},{\"@type\":\"WebPage\",\"@id\":\"https:\/\/www.africa-press.net\/cameroun\/toutes-les-actualites\/un-camerounais-condamne-pour-agression-sexuelle-sur-sa-cousine-en-france\",\"url\":\"https:\/\/www.africa-press.net\/cameroun\/toutes-les-actualites\/un-camerounais-condamne-pour-agression-sexuelle-sur-sa-cousine-en-france\",\"name\":\"Un Camerounais condamn\u00e9 pour agression sexuelle sur sa cousine en France - Cameroun\",\"isPartOf\":{\"@id\":\"https:\/\/www.africa-press.net\/cameroun\/#website\"},\"primaryImageOfPage\":{\"@id\":\"https:\/\/www.africa-press.net\/cameroun\/toutes-les-actualites\/un-camerounais-condamne-pour-agression-sexuelle-sur-sa-cousine-en-france#primaryimage\"},\"image\":{\"@id\":\"https:\/\/www.africa-press.net\/cameroun\/toutes-les-actualites\/un-camerounais-condamne-pour-agression-sexuelle-sur-sa-cousine-en-france#primaryimage\"},\"thumbnailUrl\":\"https:\/\/static.africa-press.net\/cameroun\/sites\/57\/2023\/03\/postQueueImg_1678267776.13.jpg\",\"datePublished\":\"2023-03-08T12:38:59+00:00\",\"dateModified\":\"2023-03-08T22:12:36+00:00\",\"author\":{\"@id\":\"https:\/\/www.africa-press.net\/cameroun\/#\/schema\/person\/2b1cf3cd81a31e3cd26889ca66d677f1\"},\"description\":\"Pierre-Olivier a quitte\u0301 le Cameroun pour s'installer ses des membres de sa famille, il y a quelques anne\u0301es. Mais penda ...\",\"breadcrumb\":{\"@id\":\"https:\/\/www.africa-press.net\/cameroun\/toutes-les-actualites\/un-camerounais-condamne-pour-agression-sexuelle-sur-sa-cousine-en-france#breadcrumb\"},\"inLanguage\":\"fr-FR\",\"potentialAction\":[{\"@type\":\"ReadAction\",\"target\":[\"https:\/\/www.africa-press.net\/cameroun\/toutes-les-actualites\/un-camerounais-condamne-pour-agression-sexuelle-sur-sa-cousine-en-france\"]}]},{\"@type\":\"ImageObject\",\"inLanguage\":\"fr-FR\",\"@id\":\"https:\/\/www.africa-press.net\/cameroun\/toutes-les-actualites\/un-camerounais-condamne-pour-agression-sexuelle-sur-sa-cousine-en-france#primaryimage\",\"url\":\"https:\/\/static.africa-press.net\/cameroun\/sites\/57\/2023\/03\/postQueueImg_1678267776.13.jpg\",\"contentUrl\":\"https:\/\/static.africa-press.net\/cameroun\/sites\/57\/2023\/03\/postQueueImg_1678267776.13.jpg\",\"width\":720,\"height\":360,\"caption\":\"Un Camerounais condamn\u00e9 pour agression sexuelle sur sa cousine en France\"},{\"@type\":\"BreadcrumbList\",\"@id\":\"https:\/\/www.africa-press.net\/cameroun\/toutes-les-actualites\/un-camerounais-condamne-pour-agression-sexuelle-sur-sa-cousine-en-france#breadcrumb\",\"itemListElement\":[{\"@type\":\"ListItem\",\"position\":1,\"name\":\"Accueil\",\"item\":\"https:\/\/www.africa-press.net\/cameroun\/\"},{\"@type\":\"ListItem\",\"position\":2,\"name\":\"Un Camerounais condamn\u00e9 pour agression sexuelle sur sa cousine en France\"}]},{\"@type\":\"WebSite\",\"@id\":\"https:\/\/www.africa-press.net\/cameroun\/#website\",\"url\":\"https:\/\/www.africa-press.net\/cameroun\/\",\"name\":\"Cameroun\",\"description\":\"Just another Africa News Agency Sites site\",\"potentialAction\":[{\"@type\":\"SearchAction\",\"target\":{\"@type\":\"EntryPoint\",\"urlTemplate\":\"https:\/\/www.africa-press.net\/cameroun\/?s={search_term_string}\"},\"query-input\":{\"@type\":\"PropertyValueSpecification\",\"valueRequired\":true,\"valueName\":\"search_term_string\"}}],\"inLanguage\":\"fr-FR\"},{\"@type\":\"Person\",\"@id\":\"https:\/\/www.africa-press.net\/cameroun\/#\/schema\/person\/2b1cf3cd81a31e3cd26889ca66d677f1\",\"name\":\"cfeditorfr\"}]}<\/script>\n<!-- \/ Yoast SEO Premium plugin. -->","yoast_head_json":{"title":"Un Camerounais condamn\u00e9 pour agression sexuelle sur sa cousine en France - Cameroun","description":"Pierre-Olivier a quitte\u0301 le Cameroun pour s'installer ses des membres de sa famille, il y a quelques anne\u0301es. Mais penda ...","robots":{"index":"index","follow":"follow","max-snippet":"max-snippet:-1","max-image-preview":"max-image-preview:large","max-video-preview":"max-video-preview:-1"},"canonical":"https:\/\/www.africa-press.net\/cameroun\/toutes-les-actualites\/un-camerounais-condamne-pour-agression-sexuelle-sur-sa-cousine-en-france","og_locale":"fr_FR","og_type":"article","og_title":"Un Camerounais condamn\u00e9 pour agression sexuelle sur sa cousine en France","og_description":"Pierre-Olivier a quitte\u0301 le Cameroun pour s'installer ses des membres de sa famille, il y a quelques anne\u0301es. Mais penda ...","og_url":"https:\/\/www.africa-press.net\/cameroun\/toutes-les-actualites\/un-camerounais-condamne-pour-agression-sexuelle-sur-sa-cousine-en-france","og_site_name":"Cameroun","article_published_time":"2023-03-08T12:38:59+00:00","article_modified_time":"2023-03-08T22:12:36+00:00","og_image":[{"width":720,"height":360,"url":"https:\/\/static.africa-press.net\/cameroun\/sites\/57\/2023\/03\/postQueueImg_1678267776.13.jpg","type":"image\/jpeg"}],"author":"cfeditorfr","twitter_card":"summary_large_image","twitter_misc":{"\u00c9crit par":"cfeditorfr","Dur\u00e9e de lecture estim\u00e9e":"2 minutes"},"schema":{"@context":"https:\/\/schema.org","@graph":[{"@type":"Article","@id":"https:\/\/www.africa-press.net\/cameroun\/toutes-les-actualites\/un-camerounais-condamne-pour-agression-sexuelle-sur-sa-cousine-en-france#article","isPartOf":{"@id":"https:\/\/www.africa-press.net\/cameroun\/toutes-les-actualites\/un-camerounais-condamne-pour-agression-sexuelle-sur-sa-cousine-en-france"},"author":{"name":"cfeditorfr","@id":"https:\/\/www.africa-press.net\/cameroun\/#\/schema\/person\/2b1cf3cd81a31e3cd26889ca66d677f1"},"headline":"Un Camerounais condamn\u00e9 pour agression sexuelle sur sa cousine en France","datePublished":"2023-03-08T12:38:59+00:00","dateModified":"2023-03-08T22:12:36+00:00","mainEntityOfPage":{"@id":"https:\/\/www.africa-press.net\/cameroun\/toutes-les-actualites\/un-camerounais-condamne-pour-agression-sexuelle-sur-sa-cousine-en-france"},"wordCount":356,"commentCount":0,"image":{"@id":"https:\/\/www.africa-press.net\/cameroun\/toutes-les-actualites\/un-camerounais-condamne-pour-agression-sexuelle-sur-sa-cousine-en-france#primaryimage"},"thumbnailUrl":"https:\/\/static.africa-press.net\/cameroun\/sites\/57\/2023\/03\/postQueueImg_1678267776.13.jpg","keywords":["Africa Press","Africa Press-Cameroun","Cameroun"],"articleSection":["Communaut\u00e9","Toutes les actualit\u00e9s"],"inLanguage":"fr-FR","potentialAction":[{"@type":"CommentAction","name":"Comment","target":["https:\/\/www.africa-press.net\/cameroun\/toutes-les-actualites\/un-camerounais-condamne-pour-agression-sexuelle-sur-sa-cousine-en-france#respond"]}]},{"@type":"WebPage","@id":"https:\/\/www.africa-press.net\/cameroun\/toutes-les-actualites\/un-camerounais-condamne-pour-agression-sexuelle-sur-sa-cousine-en-france","url":"https:\/\/www.africa-press.net\/cameroun\/toutes-les-actualites\/un-camerounais-condamne-pour-agression-sexuelle-sur-sa-cousine-en-france","name":"Un Camerounais condamn\u00e9 pour agression sexuelle sur sa cousine en France - Cameroun","isPartOf":{"@id":"https:\/\/www.africa-press.net\/cameroun\/#website"},"primaryImageOfPage":{"@id":"https:\/\/www.africa-press.net\/cameroun\/toutes-les-actualites\/un-camerounais-condamne-pour-agression-sexuelle-sur-sa-cousine-en-france#primaryimage"},"image":{"@id":"https:\/\/www.africa-press.net\/cameroun\/toutes-les-actualites\/un-camerounais-condamne-pour-agression-sexuelle-sur-sa-cousine-en-france#primaryimage"},"thumbnailUrl":"https:\/\/static.africa-press.net\/cameroun\/sites\/57\/2023\/03\/postQueueImg_1678267776.13.jpg","datePublished":"2023-03-08T12:38:59+00:00","dateModified":"2023-03-08T22:12:36+00:00","author":{"@id":"https:\/\/www.africa-press.net\/cameroun\/#\/schema\/person\/2b1cf3cd81a31e3cd26889ca66d677f1"},"description":"Pierre-Olivier a quitte\u0301 le Cameroun pour s'installer ses des membres de sa famille, il y a quelques anne\u0301es. Mais penda ...","breadcrumb":{"@id":"https:\/\/www.africa-press.net\/cameroun\/toutes-les-actualites\/un-camerounais-condamne-pour-agression-sexuelle-sur-sa-cousine-en-france#breadcrumb"},"inLanguage":"fr-FR","potentialAction":[{"@type":"ReadAction","target":["https:\/\/www.africa-press.net\/cameroun\/toutes-les-actualites\/un-camerounais-condamne-pour-agression-sexuelle-sur-sa-cousine-en-france"]}]},{"@type":"ImageObject","inLanguage":"fr-FR","@id":"https:\/\/www.africa-press.net\/cameroun\/toutes-les-actualites\/un-camerounais-condamne-pour-agression-sexuelle-sur-sa-cousine-en-france#primaryimage","url":"https:\/\/static.africa-press.net\/cameroun\/sites\/57\/2023\/03\/postQueueImg_1678267776.13.jpg","contentUrl":"https:\/\/static.africa-press.net\/cameroun\/sites\/57\/2023\/03\/postQueueImg_1678267776.13.jpg","width":720,"height":360,"caption":"Un Camerounais condamn\u00e9 pour agression sexuelle sur sa cousine en France"},{"@type":"BreadcrumbList","@id":"https:\/\/www.africa-press.net\/cameroun\/toutes-les-actualites\/un-camerounais-condamne-pour-agression-sexuelle-sur-sa-cousine-en-france#breadcrumb","itemListElement":[{"@type":"ListItem","position":1,"name":"Accueil","item":"https:\/\/www.africa-press.net\/cameroun\/"},{"@type":"ListItem","position":2,"name":"Un Camerounais condamn\u00e9 pour agression sexuelle sur sa cousine en France"}]},{"@type":"WebSite","@id":"https:\/\/www.africa-press.net\/cameroun\/#website","url":"https:\/\/www.africa-press.net\/cameroun\/","name":"Cameroun","description":"Just another Africa News Agency Sites site","potentialAction":[{"@type":"SearchAction","target":{"@type":"EntryPoint","urlTemplate":"https:\/\/www.africa-press.net\/cameroun\/?s={search_term_string}"},"query-input":{"@type":"PropertyValueSpecification","valueRequired":true,"valueName":"search_term_string"}}],"inLanguage":"fr-FR"},{"@type":"Person","@id":"https:\/\/www.africa-press.net\/cameroun\/#\/schema\/person\/2b1cf3cd81a31e3cd26889ca66d677f1","name":"cfeditorfr"}]}},"_links":{"self":[{"href":"https:\/\/www.africa-press.net\/cameroun\/wp-json\/wp\/v2\/posts\/38626","targetHints":{"allow":["GET"]}}],"collection":[{"href":"https:\/\/www.africa-press.net\/cameroun\/wp-json\/wp\/v2\/posts"}],"about":[{"href":"https:\/\/www.africa-press.net\/cameroun\/wp-json\/wp\/v2\/types\/post"}],"author":[{"embeddable":true,"href":"https:\/\/www.africa-press.net\/cameroun\/wp-json\/wp\/v2\/users\/82"}],"replies":[{"embeddable":true,"href":"https:\/\/www.africa-press.net\/cameroun\/wp-json\/wp\/v2\/comments?post=38626"}],"version-history":[{"count":0,"href":"https:\/\/www.africa-press.net\/cameroun\/wp-json\/wp\/v2\/posts\/38626\/revisions"}],"wp:featuredmedia":[{"embeddable":true,"href":"https:\/\/www.africa-press.net\/cameroun\/wp-json\/wp\/v2\/media\/38625"}],"wp:attachment":[{"href":"https:\/\/www.africa-press.net\/cameroun\/wp-json\/wp\/v2\/media?parent=38626"}],"wp:term":[{"taxonomy":"category","embeddable":true,"href":"https:\/\/www.africa-press.net\/cameroun\/wp-json\/wp\/v2\/categories?post=38626"},{"taxonomy":"post_tag","embeddable":true,"href":"https:\/\/www.africa-press.net\/cameroun\/wp-json\/wp\/v2\/tags?post=38626"}],"curies":[{"name":"wp","href":"https:\/\/api.w.org\/{rel}","templated":true}]}}