{"id":38732,"date":"2023-03-08T22:18:00","date_gmt":"2023-03-08T22:18:00","guid":{"rendered":"https:\/\/www.africa-press.net\/cameroun\/politique\/journee-internationale-de-la-femme-le-message-de-chantal-biya-aux-femmes-camerounaises"},"modified":"2023-03-08T23:19:14","modified_gmt":"2023-03-08T23:19:14","slug":"journee-internationale-de-la-femme-le-message-de-chantal-biya-aux-femmes-camerounaises","status":"publish","type":"post","link":"https:\/\/www.africa-press.net\/cameroun\/politique\/journee-internationale-de-la-femme-le-message-de-chantal-biya-aux-femmes-camerounaises","title":{"rendered":"Journ\u00e9e internationale de la femme : le message de Chantal Biya aux femmes camerounaises"},"content":{"rendered":"<p><span style=\"color: #ff6600\"><strong>Africa-Press &#8211; Cameroun. <\/strong><\/span>Ce mercredi 8 mars 2023, c\u2019est la journe\u0301e internationale des droits de la femme ce\u0301le\u0301bre\u0301e un peu partout dans le monde entier. C\u2019est une journe\u0301e comme\u0301moratif en ce qui concerne le droit des femmes et l\u2019e\u0301galite\u0301 des sexes.<\/p>\n<p>Pour la circonstance, la Premie\u0300re Dame du Cameroun lance un vibrant appel a\u0300 la gent fe\u0301minine. Elle les appelle a\u0300 un comportement responsable sur l&rsquo;univers nume\u0301rique. A\u0300 l&rsquo;occasion de la journe\u0301e du 8 mars, la premie\u0300re dame du Cameroun e\u0301tait repre\u0301sente\u0301e a\u0300 la place du de\u0301file\u0301 a\u0300 Yaounde\u0301 par Marie-The\u0301re\u0300se Abena Ondoua, ministre de la promotion de la femme et de la famille, qui a adresse\u0301 le message aux femmes camerounaises au nom de Chantal Biya.<\/p>\n<p>Dans celui-ci, elle exhorte les femmes a\u0300 un comportement raisonnable sur internet. Notamment en saisissant les opportunite\u0301s qu&rsquo;il offre a\u0300 travers ses applications pour s&rsquo;e\u0301panouir e\u0301conomiquement. Par ailleurs, elles devraient conserver le sens de l&rsquo;e\u0301thique sur ce cyberespace afin de pre\u0301server la socie\u0301te\u0301 dans laquelle elles vivent. Telles sont quelques conseils de l&rsquo;e\u0301pouse du chef de l&rsquo;Etat a\u0300 la gent fe\u0301minine.<\/p>\n<p>Notons que le 8 mars est la Journe\u0301e Internationale des Femmes a e\u0301te\u0301 initialement propose\u0301e en 1910 lors de la confe\u0301rence internationale des femmes socialistes, mais elle n&rsquo;a e\u0301te\u0301 reconnue officiellement par les Nations Unies qu&rsquo;en 1975.<\/p>\n<p>La Journe\u0301e Internationale des Femmes vise a\u0300 ce\u0301le\u0301brer les re\u0301alisations des femmes, a\u0300 sensibiliser l&rsquo;opinion publique aux de\u0301fis et aux obstacles auxquels les femmes sont confronte\u0301es dans le monde entier, a\u0300 promouvoir l&rsquo;e\u0301galite\u0301 des sexes et a\u0300 soutenir les droits des femmes.<\/p>\n<p>La Journe\u0301e Internationale des Femmes est l&rsquo;occasion de rappeler que les femmes sont toujours confronte\u0301es a\u0300 de nombreux de\u0301fis, notamment la discrimination, la violence, l&rsquo;ine\u0301galite\u0301 salariale, l&rsquo;acce\u0300s limite\u0301 a\u0300 l&rsquo;e\u0301ducation et aux soins de sante\u0301, et la sous-repre\u0301sentation dans les postes de direction et de prise de de\u0301cision.<\/p>\n<p>Cette journe\u0301e est l&rsquo;occasion de mettre en avant les re\u0301alisations des femmes dans divers domaines, y compris les sciences, la technologie, l&rsquo;inge\u0301nierie et les mathe\u0301matiques (STEM), les arts, la politique et les affaires. C&rsquo;est e\u0301galement l&rsquo;occasion de souligner l&rsquo;importance de la solidarite\u0301 et de la collaboration entre les femmes et les hommes dans la lutte pour l&rsquo;e\u0301galite\u0301 des sexes. Pour cette anne\u0301e, innovation et technologies sont au c\u0153ur des de\u0301bats.<\/p>\n<p><strong>Pour plus d&rsquo;informations et d&rsquo;analyses sur la <a href=\"https:\/\/www.africa-press.net\/cameroun\">Cameroun<\/a>, suivez <a href=\"https:\/\/www.africa-press.net\/\">Africa-Press<\/a><\/strong><\/p>\n","protected":false},"excerpt":{"rendered":"<p>Africa-Press &#8211; Cameroun. Ce mercredi 8 mars 2023, c\u2019est la journe\u0301e internationale des droits de la femme ce\u0301le\u0301bre\u0301e un peu partout dans le monde entier. C\u2019est une journe\u0301e comme\u0301moratif en ce qui concerne le droit des femmes et l\u2019e\u0301galite\u0301 des sexes. Pour la circonstance, la Premie\u0300re Dame du Cameroun lance un vibrant appel a\u0300 la [&hellip;]<\/p>\n","protected":false},"author":82,"featured_media":38730,"comment_status":"open","ping_status":"closed","sticky":false,"template":"","format":"standard","meta":{"footnotes":""},"categories":[2,10],"tags":[36,50,49],"class_list":["post-38732","post","type-post","status-publish","format-standard","has-post-thumbnail","hentry","category-politique","category-toutes-les-actualites","tag-africa-press","tag-africa-press-cameroun","tag-cameroun"],"yoast_head":"<!-- This site is optimized with the Yoast SEO Premium plugin v26.1 (Yoast SEO v27.0) - https:\/\/yoast.com\/product\/yoast-seo-premium-wordpress\/ -->\n<title>Journ\u00e9e internationale de la femme : le message de Chantal Biya aux femmes camerounaises - Cameroun<\/title>\n<meta name=\"description\" content=\"Ce mercredi 8 mars 2023, c\u2019est la journe\u0301e internationale des droits de la femme ce\u0301le\u0301bre\u0301e un peu partout dans le mond ...\" \/>\n<meta name=\"robots\" content=\"index, follow, max-snippet:-1, max-image-preview:large, max-video-preview:-1\" \/>\n<link rel=\"canonical\" href=\"https:\/\/www.africa-press.net\/cameroun\/politique\/journee-internationale-de-la-femme-le-message-de-chantal-biya-aux-femmes-camerounaises\" \/>\n<meta property=\"og:locale\" content=\"fr_FR\" \/>\n<meta property=\"og:type\" content=\"article\" \/>\n<meta property=\"og:title\" content=\"Journ\u00e9e internationale de la femme : le message de Chantal Biya aux femmes camerounaises\" \/>\n<meta property=\"og:description\" content=\"Ce mercredi 8 mars 2023, c\u2019est la journe\u0301e internationale des droits de la femme ce\u0301le\u0301bre\u0301e un peu partout dans le mond ...\" \/>\n<meta property=\"og:url\" content=\"https:\/\/www.africa-press.net\/cameroun\/politique\/journee-internationale-de-la-femme-le-message-de-chantal-biya-aux-femmes-camerounaises\" \/>\n<meta property=\"og:site_name\" content=\"Cameroun\" \/>\n<meta property=\"article:published_time\" content=\"2023-03-08T22:18:00+00:00\" \/>\n<meta property=\"article:modified_time\" content=\"2023-03-08T23:19:14+00:00\" \/>\n<meta property=\"og:image\" content=\"https:\/\/static.africa-press.net\/cameroun\/sites\/57\/2023\/03\/postQueueImg_1678301288.53.jpg\" \/>\n\t<meta property=\"og:image:width\" content=\"720\" \/>\n\t<meta property=\"og:image:height\" content=\"462\" \/>\n\t<meta property=\"og:image:type\" content=\"image\/jpeg\" \/>\n<meta name=\"author\" content=\"cfeditorfr\" \/>\n<meta name=\"twitter:card\" content=\"summary_large_image\" \/>\n<meta name=\"twitter:label1\" content=\"\u00c9crit par\" \/>\n\t<meta name=\"twitter:data1\" content=\"cfeditorfr\" \/>\n\t<meta name=\"twitter:label2\" content=\"Dur\u00e9e de lecture estim\u00e9e\" \/>\n\t<meta name=\"twitter:data2\" content=\"2 minutes\" \/>\n<script type=\"application\/ld+json\" class=\"yoast-schema-graph\">{\"@context\":\"https:\/\/schema.org\",\"@graph\":[{\"@type\":\"Article\",\"@id\":\"https:\/\/www.africa-press.net\/cameroun\/politique\/journee-internationale-de-la-femme-le-message-de-chantal-biya-aux-femmes-camerounaises#article\",\"isPartOf\":{\"@id\":\"https:\/\/www.africa-press.net\/cameroun\/politique\/journee-internationale-de-la-femme-le-message-de-chantal-biya-aux-femmes-camerounaises\"},\"author\":{\"name\":\"cfeditorfr\",\"@id\":\"https:\/\/www.africa-press.net\/cameroun\/#\/schema\/person\/2b1cf3cd81a31e3cd26889ca66d677f1\"},\"headline\":\"Journ\u00e9e internationale de la femme : le message de Chantal Biya aux femmes camerounaises\",\"datePublished\":\"2023-03-08T22:18:00+00:00\",\"dateModified\":\"2023-03-08T23:19:14+00:00\",\"mainEntityOfPage\":{\"@id\":\"https:\/\/www.africa-press.net\/cameroun\/politique\/journee-internationale-de-la-femme-le-message-de-chantal-biya-aux-femmes-camerounaises\"},\"wordCount\":474,\"commentCount\":0,\"image\":{\"@id\":\"https:\/\/www.africa-press.net\/cameroun\/politique\/journee-internationale-de-la-femme-le-message-de-chantal-biya-aux-femmes-camerounaises#primaryimage\"},\"thumbnailUrl\":\"https:\/\/static.africa-press.net\/cameroun\/sites\/57\/2023\/03\/postQueueImg_1678301288.53.jpg\",\"keywords\":[\"Africa Press\",\"Africa Press-Cameroun\",\"Cameroun\"],\"articleSection\":[\"Politique\",\"Toutes les actualit\u00e9s\"],\"inLanguage\":\"fr-FR\",\"potentialAction\":[{\"@type\":\"CommentAction\",\"name\":\"Comment\",\"target\":[\"https:\/\/www.africa-press.net\/cameroun\/politique\/journee-internationale-de-la-femme-le-message-de-chantal-biya-aux-femmes-camerounaises#respond\"]}]},{\"@type\":\"WebPage\",\"@id\":\"https:\/\/www.africa-press.net\/cameroun\/politique\/journee-internationale-de-la-femme-le-message-de-chantal-biya-aux-femmes-camerounaises\",\"url\":\"https:\/\/www.africa-press.net\/cameroun\/politique\/journee-internationale-de-la-femme-le-message-de-chantal-biya-aux-femmes-camerounaises\",\"name\":\"Journ\u00e9e internationale de la femme : le message de Chantal Biya aux femmes camerounaises - Cameroun\",\"isPartOf\":{\"@id\":\"https:\/\/www.africa-press.net\/cameroun\/#website\"},\"primaryImageOfPage\":{\"@id\":\"https:\/\/www.africa-press.net\/cameroun\/politique\/journee-internationale-de-la-femme-le-message-de-chantal-biya-aux-femmes-camerounaises#primaryimage\"},\"image\":{\"@id\":\"https:\/\/www.africa-press.net\/cameroun\/politique\/journee-internationale-de-la-femme-le-message-de-chantal-biya-aux-femmes-camerounaises#primaryimage\"},\"thumbnailUrl\":\"https:\/\/static.africa-press.net\/cameroun\/sites\/57\/2023\/03\/postQueueImg_1678301288.53.jpg\",\"datePublished\":\"2023-03-08T22:18:00+00:00\",\"dateModified\":\"2023-03-08T23:19:14+00:00\",\"author\":{\"@id\":\"https:\/\/www.africa-press.net\/cameroun\/#\/schema\/person\/2b1cf3cd81a31e3cd26889ca66d677f1\"},\"description\":\"Ce mercredi 8 mars 2023, c\u2019est la journe\u0301e internationale des droits de la femme ce\u0301le\u0301bre\u0301e un peu partout dans le mond ...\",\"breadcrumb\":{\"@id\":\"https:\/\/www.africa-press.net\/cameroun\/politique\/journee-internationale-de-la-femme-le-message-de-chantal-biya-aux-femmes-camerounaises#breadcrumb\"},\"inLanguage\":\"fr-FR\",\"potentialAction\":[{\"@type\":\"ReadAction\",\"target\":[\"https:\/\/www.africa-press.net\/cameroun\/politique\/journee-internationale-de-la-femme-le-message-de-chantal-biya-aux-femmes-camerounaises\"]}]},{\"@type\":\"ImageObject\",\"inLanguage\":\"fr-FR\",\"@id\":\"https:\/\/www.africa-press.net\/cameroun\/politique\/journee-internationale-de-la-femme-le-message-de-chantal-biya-aux-femmes-camerounaises#primaryimage\",\"url\":\"https:\/\/static.africa-press.net\/cameroun\/sites\/57\/2023\/03\/postQueueImg_1678301288.53.jpg\",\"contentUrl\":\"https:\/\/static.africa-press.net\/cameroun\/sites\/57\/2023\/03\/postQueueImg_1678301288.53.jpg\",\"width\":720,\"height\":462,\"caption\":\"Journ\u00e9e internationale de la femme : le message de Chantal Biya aux femmes camerounaises\"},{\"@type\":\"BreadcrumbList\",\"@id\":\"https:\/\/www.africa-press.net\/cameroun\/politique\/journee-internationale-de-la-femme-le-message-de-chantal-biya-aux-femmes-camerounaises#breadcrumb\",\"itemListElement\":[{\"@type\":\"ListItem\",\"position\":1,\"name\":\"Accueil\",\"item\":\"https:\/\/www.africa-press.net\/cameroun\/\"},{\"@type\":\"ListItem\",\"position\":2,\"name\":\"Journ\u00e9e internationale de la femme : le message de Chantal Biya aux femmes camerounaises\"}]},{\"@type\":\"WebSite\",\"@id\":\"https:\/\/www.africa-press.net\/cameroun\/#website\",\"url\":\"https:\/\/www.africa-press.net\/cameroun\/\",\"name\":\"Cameroun\",\"description\":\"Just another Africa News Agency Sites site\",\"potentialAction\":[{\"@type\":\"SearchAction\",\"target\":{\"@type\":\"EntryPoint\",\"urlTemplate\":\"https:\/\/www.africa-press.net\/cameroun\/?s={search_term_string}\"},\"query-input\":{\"@type\":\"PropertyValueSpecification\",\"valueRequired\":true,\"valueName\":\"search_term_string\"}}],\"inLanguage\":\"fr-FR\"},{\"@type\":\"Person\",\"@id\":\"https:\/\/www.africa-press.net\/cameroun\/#\/schema\/person\/2b1cf3cd81a31e3cd26889ca66d677f1\",\"name\":\"cfeditorfr\"}]}<\/script>\n<!-- \/ Yoast SEO Premium plugin. -->","yoast_head_json":{"title":"Journ\u00e9e internationale de la femme : le message de Chantal Biya aux femmes camerounaises - Cameroun","description":"Ce mercredi 8 mars 2023, c\u2019est la journe\u0301e internationale des droits de la femme ce\u0301le\u0301bre\u0301e un peu partout dans le mond ...","robots":{"index":"index","follow":"follow","max-snippet":"max-snippet:-1","max-image-preview":"max-image-preview:large","max-video-preview":"max-video-preview:-1"},"canonical":"https:\/\/www.africa-press.net\/cameroun\/politique\/journee-internationale-de-la-femme-le-message-de-chantal-biya-aux-femmes-camerounaises","og_locale":"fr_FR","og_type":"article","og_title":"Journ\u00e9e internationale de la femme : le message de Chantal Biya aux femmes camerounaises","og_description":"Ce mercredi 8 mars 2023, c\u2019est la journe\u0301e internationale des droits de la femme ce\u0301le\u0301bre\u0301e un peu partout dans le mond ...","og_url":"https:\/\/www.africa-press.net\/cameroun\/politique\/journee-internationale-de-la-femme-le-message-de-chantal-biya-aux-femmes-camerounaises","og_site_name":"Cameroun","article_published_time":"2023-03-08T22:18:00+00:00","article_modified_time":"2023-03-08T23:19:14+00:00","og_image":[{"width":720,"height":462,"url":"https:\/\/static.africa-press.net\/cameroun\/sites\/57\/2023\/03\/postQueueImg_1678301288.53.jpg","type":"image\/jpeg"}],"author":"cfeditorfr","twitter_card":"summary_large_image","twitter_misc":{"\u00c9crit par":"cfeditorfr","Dur\u00e9e de lecture estim\u00e9e":"2 minutes"},"schema":{"@context":"https:\/\/schema.org","@graph":[{"@type":"Article","@id":"https:\/\/www.africa-press.net\/cameroun\/politique\/journee-internationale-de-la-femme-le-message-de-chantal-biya-aux-femmes-camerounaises#article","isPartOf":{"@id":"https:\/\/www.africa-press.net\/cameroun\/politique\/journee-internationale-de-la-femme-le-message-de-chantal-biya-aux-femmes-camerounaises"},"author":{"name":"cfeditorfr","@id":"https:\/\/www.africa-press.net\/cameroun\/#\/schema\/person\/2b1cf3cd81a31e3cd26889ca66d677f1"},"headline":"Journ\u00e9e internationale de la femme : le message de Chantal Biya aux femmes camerounaises","datePublished":"2023-03-08T22:18:00+00:00","dateModified":"2023-03-08T23:19:14+00:00","mainEntityOfPage":{"@id":"https:\/\/www.africa-press.net\/cameroun\/politique\/journee-internationale-de-la-femme-le-message-de-chantal-biya-aux-femmes-camerounaises"},"wordCount":474,"commentCount":0,"image":{"@id":"https:\/\/www.africa-press.net\/cameroun\/politique\/journee-internationale-de-la-femme-le-message-de-chantal-biya-aux-femmes-camerounaises#primaryimage"},"thumbnailUrl":"https:\/\/static.africa-press.net\/cameroun\/sites\/57\/2023\/03\/postQueueImg_1678301288.53.jpg","keywords":["Africa Press","Africa Press-Cameroun","Cameroun"],"articleSection":["Politique","Toutes les actualit\u00e9s"],"inLanguage":"fr-FR","potentialAction":[{"@type":"CommentAction","name":"Comment","target":["https:\/\/www.africa-press.net\/cameroun\/politique\/journee-internationale-de-la-femme-le-message-de-chantal-biya-aux-femmes-camerounaises#respond"]}]},{"@type":"WebPage","@id":"https:\/\/www.africa-press.net\/cameroun\/politique\/journee-internationale-de-la-femme-le-message-de-chantal-biya-aux-femmes-camerounaises","url":"https:\/\/www.africa-press.net\/cameroun\/politique\/journee-internationale-de-la-femme-le-message-de-chantal-biya-aux-femmes-camerounaises","name":"Journ\u00e9e internationale de la femme : le message de Chantal Biya aux femmes camerounaises - Cameroun","isPartOf":{"@id":"https:\/\/www.africa-press.net\/cameroun\/#website"},"primaryImageOfPage":{"@id":"https:\/\/www.africa-press.net\/cameroun\/politique\/journee-internationale-de-la-femme-le-message-de-chantal-biya-aux-femmes-camerounaises#primaryimage"},"image":{"@id":"https:\/\/www.africa-press.net\/cameroun\/politique\/journee-internationale-de-la-femme-le-message-de-chantal-biya-aux-femmes-camerounaises#primaryimage"},"thumbnailUrl":"https:\/\/static.africa-press.net\/cameroun\/sites\/57\/2023\/03\/postQueueImg_1678301288.53.jpg","datePublished":"2023-03-08T22:18:00+00:00","dateModified":"2023-03-08T23:19:14+00:00","author":{"@id":"https:\/\/www.africa-press.net\/cameroun\/#\/schema\/person\/2b1cf3cd81a31e3cd26889ca66d677f1"},"description":"Ce mercredi 8 mars 2023, c\u2019est la journe\u0301e internationale des droits de la femme ce\u0301le\u0301bre\u0301e un peu partout dans le mond ...","breadcrumb":{"@id":"https:\/\/www.africa-press.net\/cameroun\/politique\/journee-internationale-de-la-femme-le-message-de-chantal-biya-aux-femmes-camerounaises#breadcrumb"},"inLanguage":"fr-FR","potentialAction":[{"@type":"ReadAction","target":["https:\/\/www.africa-press.net\/cameroun\/politique\/journee-internationale-de-la-femme-le-message-de-chantal-biya-aux-femmes-camerounaises"]}]},{"@type":"ImageObject","inLanguage":"fr-FR","@id":"https:\/\/www.africa-press.net\/cameroun\/politique\/journee-internationale-de-la-femme-le-message-de-chantal-biya-aux-femmes-camerounaises#primaryimage","url":"https:\/\/static.africa-press.net\/cameroun\/sites\/57\/2023\/03\/postQueueImg_1678301288.53.jpg","contentUrl":"https:\/\/static.africa-press.net\/cameroun\/sites\/57\/2023\/03\/postQueueImg_1678301288.53.jpg","width":720,"height":462,"caption":"Journ\u00e9e internationale de la femme : le message de Chantal Biya aux femmes camerounaises"},{"@type":"BreadcrumbList","@id":"https:\/\/www.africa-press.net\/cameroun\/politique\/journee-internationale-de-la-femme-le-message-de-chantal-biya-aux-femmes-camerounaises#breadcrumb","itemListElement":[{"@type":"ListItem","position":1,"name":"Accueil","item":"https:\/\/www.africa-press.net\/cameroun\/"},{"@type":"ListItem","position":2,"name":"Journ\u00e9e internationale de la femme : le message de Chantal Biya aux femmes camerounaises"}]},{"@type":"WebSite","@id":"https:\/\/www.africa-press.net\/cameroun\/#website","url":"https:\/\/www.africa-press.net\/cameroun\/","name":"Cameroun","description":"Just another Africa News Agency Sites site","potentialAction":[{"@type":"SearchAction","target":{"@type":"EntryPoint","urlTemplate":"https:\/\/www.africa-press.net\/cameroun\/?s={search_term_string}"},"query-input":{"@type":"PropertyValueSpecification","valueRequired":true,"valueName":"search_term_string"}}],"inLanguage":"fr-FR"},{"@type":"Person","@id":"https:\/\/www.africa-press.net\/cameroun\/#\/schema\/person\/2b1cf3cd81a31e3cd26889ca66d677f1","name":"cfeditorfr"}]}},"_links":{"self":[{"href":"https:\/\/www.africa-press.net\/cameroun\/wp-json\/wp\/v2\/posts\/38732","targetHints":{"allow":["GET"]}}],"collection":[{"href":"https:\/\/www.africa-press.net\/cameroun\/wp-json\/wp\/v2\/posts"}],"about":[{"href":"https:\/\/www.africa-press.net\/cameroun\/wp-json\/wp\/v2\/types\/post"}],"author":[{"embeddable":true,"href":"https:\/\/www.africa-press.net\/cameroun\/wp-json\/wp\/v2\/users\/82"}],"replies":[{"embeddable":true,"href":"https:\/\/www.africa-press.net\/cameroun\/wp-json\/wp\/v2\/comments?post=38732"}],"version-history":[{"count":0,"href":"https:\/\/www.africa-press.net\/cameroun\/wp-json\/wp\/v2\/posts\/38732\/revisions"}],"wp:featuredmedia":[{"embeddable":true,"href":"https:\/\/www.africa-press.net\/cameroun\/wp-json\/wp\/v2\/media\/38730"}],"wp:attachment":[{"href":"https:\/\/www.africa-press.net\/cameroun\/wp-json\/wp\/v2\/media?parent=38732"}],"wp:term":[{"taxonomy":"category","embeddable":true,"href":"https:\/\/www.africa-press.net\/cameroun\/wp-json\/wp\/v2\/categories?post=38732"},{"taxonomy":"post_tag","embeddable":true,"href":"https:\/\/www.africa-press.net\/cameroun\/wp-json\/wp\/v2\/tags?post=38732"}],"curies":[{"name":"wp","href":"https:\/\/api.w.org\/{rel}","templated":true}]}}