{"id":38738,"date":"2023-03-08T22:18:32","date_gmt":"2023-03-08T22:18:32","guid":{"rendered":"https:\/\/www.africa-press.net\/cameroun\/politique\/debut-de-la-tempete-un-ministre-de-biya-en-fonction-obtient-une-nationalite-etrangere"},"modified":"2023-03-08T23:20:37","modified_gmt":"2023-03-08T23:20:37","slug":"debut-de-la-tempete-un-ministre-de-biya-en-fonction-obtient-une-nationalite-etrangere","status":"publish","type":"post","link":"https:\/\/www.africa-press.net\/cameroun\/politique\/debut-de-la-tempete-un-ministre-de-biya-en-fonction-obtient-une-nationalite-etrangere","title":{"rendered":"D\u00e9but de la temp\u00eate : un ministre de Biya en fonction obtient une nationalit\u00e9 \u00e9trang\u00e8re"},"content":{"rendered":"<p><span style=\"color: #ff6600\"><strong>Africa-Press &#8211; Cameroun. <\/strong><\/span>Le pre\u0301sident de la Re\u0301publique Paul Biya est au pouvoir depuis l\u2019an 1982. L\u2019homme qui a re\u0301cemment fe\u0302te\u0301 sa quatre-vingt-dixie\u0300me anniversaire de naissance a fait la plupart de son chemin politique avec beaucoup de ministres fide\u0300les toujours en fonction, des chefs d\u2019entreprises publiques ou des pre\u0301sidents d\u2019institutions comme le Se\u0301nat, l\u2019Assemble\u0301e nationale, etc.<\/p>\n<p>Pendant au moins quarante (40) ans, le leader du Rassemblement de\u0301mocratique du peuple camerounais (RDPC) Paul Biya a commis des erreurs, au milieu d\u2019autres bonnes de\u0301cisions prises et qui sont a\u0300 mettre a\u0300 son actif. Tout ne peut pas e\u0302tre noir.<\/p>\n<p>Depuis un moment maintenant, la gestion du pays est juge\u0301e calamiteuse. Il est me\u0302me fort probable que ce ne soit plus Paul Biya qui me\u0300ne vraiment la cadence au sommet de l\u2019E\u0301tat, vu sa sante\u0301 de plus en plus fragilise\u0301e par le temps qui coule de fac\u0327on irre\u0301me\u0301diable. Lui, il ne veut pas passer comme le temps qui est son pire ennemi.<\/p>\n<p>La guerre meurtrie\u0300re dans les re\u0301gions du Nord-Ouest et du Sud-Ouest (Noso), le tribalisme, le favoritisme, les nombreux re\u0300glements de compte, l\u2019instrumentalisation de la justice, les nominations pole\u0301miques, la corruption avec l\u2019ope\u0301ration E\u0301pervier lance\u0301e mais qui n\u2019a pas vraiment eu les re\u0301sultats escompte\u0301s, les blanchiments d\u2019argent, les assassinats avec des membres du gouvernement implique\u0301s&#8230;, ce sont autant d\u2019e\u0301le\u0301ments qui me\u0300nent tout droit le pays vers sa perte.<\/p>\n<p>Les gouvernants ne sont pas dupes. Ils savent une chose que beaucoup de personnes savent e\u0301galement. A\u0300 un moment donne\u0301, qu\u2019ils le veuillent ou pas, ils vont devoir laisser leur place a\u0300 d\u2019autres personnes et il est a\u0300 craindre une chasse aux sorcie\u0300res. Sans oublier qu\u2019entre eux-me\u0302mes, il y a de\u0301ja\u0300 des clans redoutables constitue\u0301s qui se livrent re\u0301gulie\u0300rement un combat sans pitie\u0301 pour occuper le tro\u0302ne lorsque Paul Biya va tirer sa re\u0301ve\u0301rence.<\/p>\n<p>Les plus calculateurs pre\u0301parent de\u0301ja\u0300 leur fuite. Nous savons de sources tre\u0300s su\u0302res que plusieurs ministres du gouvernement de Paul Biya ainsi que d\u2019autres personnalite\u0301s publiques proches du \u00ab\u00a0vieux lion\u00a0\u00bb ont un laisser passer dans plusieurs pays du monde.<\/p>\n<p>Ils disposent des appartements luxueux et se\u0301curise\u0301s dans des pays d\u2019Afrique et d\u2019Europe. Le moment venu, ils n\u2019auraient qu\u2019a\u0300 choisir la\u0300 ou\u0300 ils veulent se rendre et ce serait vite fait, comme c\u2019est souvent le cas lorsqu\u2019ils tombent malade avec la ne\u0301cessite\u0301 de se faire soigner dans un ho\u0302pital de re\u0301fe\u0301rence.<\/p>\n<p>Le lanceur d\u2019alertes Shance Lion ne dit pas le contraire. Il rapporte qu\u2019un \u00ab ministre camerounais en fonction a acquis une nationalite\u0301 e\u0301trange\u0300re par de\u0301cret l&rsquo;anne\u0301e dernie\u0300re. Voila\u0300 le prix du Cameroun \u00bb. Ils sont nombreux a\u0300 l\u2019avoir, presque tous ont une double nationalite\u0301 qui pourrait e\u0302tre brandie quand cela deviendrait ne\u0301cessaire, commentent les observateurs en re\u0301ponse a\u0300 l\u2019information principale.<\/p>\n<p>Dans de telles conditions, on comprend mieux pourquoi les scandales de de\u0301tournement et de corruption sont le\u0301gion au Cameroun, ou\u0300 tout porte a\u0300 croire que les autorite\u0301s ne sont pas pre\u0301occupe\u0301es par les conditions de vie des citoyens qui appellent chaque jour a\u0300 la rescousse. Les voleurs assurent leur avenir ainsi que celui de leurs enfants. Pas besoin de chercher de midi a\u0300 quatorze heures.<\/p>\n<p><strong>Pour plus d&rsquo;informations et d&rsquo;analyses sur la <a href=\"https:\/\/www.africa-press.net\/cameroun\">Cameroun<\/a>, suivez <a href=\"https:\/\/www.africa-press.net\/\">Africa-Press<\/a><\/strong><\/p>\n","protected":false},"excerpt":{"rendered":"<p>Africa-Press &#8211; Cameroun. Le pre\u0301sident de la Re\u0301publique Paul Biya est au pouvoir depuis l\u2019an 1982. L\u2019homme qui a re\u0301cemment fe\u0302te\u0301 sa quatre-vingt-dixie\u0300me anniversaire de naissance a fait la plupart de son chemin politique avec beaucoup de ministres fide\u0300les toujours en fonction, des chefs d\u2019entreprises publiques ou des pre\u0301sidents d\u2019institutions comme le Se\u0301nat, l\u2019Assemble\u0301e nationale, [&hellip;]<\/p>\n","protected":false},"author":82,"featured_media":38736,"comment_status":"open","ping_status":"closed","sticky":false,"template":"","format":"standard","meta":{"footnotes":""},"categories":[2,10],"tags":[36,50,49],"class_list":["post-38738","post","type-post","status-publish","format-standard","has-post-thumbnail","hentry","category-politique","category-toutes-les-actualites","tag-africa-press","tag-africa-press-cameroun","tag-cameroun"],"yoast_head":"<!-- This site is optimized with the Yoast SEO Premium plugin v26.1 (Yoast SEO v27.0) - https:\/\/yoast.com\/product\/yoast-seo-premium-wordpress\/ -->\n<title>D\u00e9but de la temp\u00eate : un ministre de Biya en fonction obtient une nationalit\u00e9 \u00e9trang\u00e8re - Cameroun<\/title>\n<meta name=\"description\" content=\"Le pre\u0301sident de la Re\u0301publique Paul Biya est au pouvoir depuis l\u2019an 1982. L\u2019homme qui a re\u0301cemment fe\u0302te\u0301 sa quatre-vin ...\" \/>\n<meta name=\"robots\" content=\"index, follow, max-snippet:-1, max-image-preview:large, max-video-preview:-1\" \/>\n<link rel=\"canonical\" href=\"https:\/\/www.africa-press.net\/cameroun\/politique\/debut-de-la-tempete-un-ministre-de-biya-en-fonction-obtient-une-nationalite-etrangere\" \/>\n<meta property=\"og:locale\" content=\"fr_FR\" \/>\n<meta property=\"og:type\" content=\"article\" \/>\n<meta property=\"og:title\" content=\"D\u00e9but de la temp\u00eate : un ministre de Biya en fonction obtient une nationalit\u00e9 \u00e9trang\u00e8re\" \/>\n<meta property=\"og:description\" content=\"Le pre\u0301sident de la Re\u0301publique Paul Biya est au pouvoir depuis l\u2019an 1982. L\u2019homme qui a re\u0301cemment fe\u0302te\u0301 sa quatre-vin ...\" \/>\n<meta property=\"og:url\" content=\"https:\/\/www.africa-press.net\/cameroun\/politique\/debut-de-la-tempete-un-ministre-de-biya-en-fonction-obtient-une-nationalite-etrangere\" \/>\n<meta property=\"og:site_name\" content=\"Cameroun\" \/>\n<meta property=\"article:published_time\" content=\"2023-03-08T22:18:32+00:00\" \/>\n<meta property=\"article:modified_time\" content=\"2023-03-08T23:20:37+00:00\" \/>\n<meta property=\"og:image\" content=\"https:\/\/static.africa-press.net\/cameroun\/sites\/57\/2023\/03\/postQueueImg_1678301315.57.jpg\" \/>\n\t<meta property=\"og:image:width\" content=\"720\" \/>\n\t<meta property=\"og:image:height\" content=\"336\" \/>\n\t<meta property=\"og:image:type\" content=\"image\/jpeg\" \/>\n<meta name=\"author\" content=\"cfeditorfr\" \/>\n<meta name=\"twitter:card\" content=\"summary_large_image\" \/>\n<meta name=\"twitter:label1\" content=\"\u00c9crit par\" \/>\n\t<meta name=\"twitter:data1\" content=\"cfeditorfr\" \/>\n\t<meta name=\"twitter:label2\" content=\"Dur\u00e9e de lecture estim\u00e9e\" \/>\n\t<meta name=\"twitter:data2\" content=\"3 minutes\" \/>\n<script type=\"application\/ld+json\" class=\"yoast-schema-graph\">{\"@context\":\"https:\/\/schema.org\",\"@graph\":[{\"@type\":\"Article\",\"@id\":\"https:\/\/www.africa-press.net\/cameroun\/politique\/debut-de-la-tempete-un-ministre-de-biya-en-fonction-obtient-une-nationalite-etrangere#article\",\"isPartOf\":{\"@id\":\"https:\/\/www.africa-press.net\/cameroun\/politique\/debut-de-la-tempete-un-ministre-de-biya-en-fonction-obtient-une-nationalite-etrangere\"},\"author\":{\"name\":\"cfeditorfr\",\"@id\":\"https:\/\/www.africa-press.net\/cameroun\/#\/schema\/person\/2b1cf3cd81a31e3cd26889ca66d677f1\"},\"headline\":\"D\u00e9but de la temp\u00eate : un ministre de Biya en fonction obtient une nationalit\u00e9 \u00e9trang\u00e8re\",\"datePublished\":\"2023-03-08T22:18:32+00:00\",\"dateModified\":\"2023-03-08T23:20:37+00:00\",\"mainEntityOfPage\":{\"@id\":\"https:\/\/www.africa-press.net\/cameroun\/politique\/debut-de-la-tempete-un-ministre-de-biya-en-fonction-obtient-une-nationalite-etrangere\"},\"wordCount\":634,\"commentCount\":0,\"image\":{\"@id\":\"https:\/\/www.africa-press.net\/cameroun\/politique\/debut-de-la-tempete-un-ministre-de-biya-en-fonction-obtient-une-nationalite-etrangere#primaryimage\"},\"thumbnailUrl\":\"https:\/\/static.africa-press.net\/cameroun\/sites\/57\/2023\/03\/postQueueImg_1678301315.57.jpg\",\"keywords\":[\"Africa Press\",\"Africa Press-Cameroun\",\"Cameroun\"],\"articleSection\":[\"Politique\",\"Toutes les actualit\u00e9s\"],\"inLanguage\":\"fr-FR\",\"potentialAction\":[{\"@type\":\"CommentAction\",\"name\":\"Comment\",\"target\":[\"https:\/\/www.africa-press.net\/cameroun\/politique\/debut-de-la-tempete-un-ministre-de-biya-en-fonction-obtient-une-nationalite-etrangere#respond\"]}]},{\"@type\":\"WebPage\",\"@id\":\"https:\/\/www.africa-press.net\/cameroun\/politique\/debut-de-la-tempete-un-ministre-de-biya-en-fonction-obtient-une-nationalite-etrangere\",\"url\":\"https:\/\/www.africa-press.net\/cameroun\/politique\/debut-de-la-tempete-un-ministre-de-biya-en-fonction-obtient-une-nationalite-etrangere\",\"name\":\"D\u00e9but de la temp\u00eate : un ministre de Biya en fonction obtient une nationalit\u00e9 \u00e9trang\u00e8re - Cameroun\",\"isPartOf\":{\"@id\":\"https:\/\/www.africa-press.net\/cameroun\/#website\"},\"primaryImageOfPage\":{\"@id\":\"https:\/\/www.africa-press.net\/cameroun\/politique\/debut-de-la-tempete-un-ministre-de-biya-en-fonction-obtient-une-nationalite-etrangere#primaryimage\"},\"image\":{\"@id\":\"https:\/\/www.africa-press.net\/cameroun\/politique\/debut-de-la-tempete-un-ministre-de-biya-en-fonction-obtient-une-nationalite-etrangere#primaryimage\"},\"thumbnailUrl\":\"https:\/\/static.africa-press.net\/cameroun\/sites\/57\/2023\/03\/postQueueImg_1678301315.57.jpg\",\"datePublished\":\"2023-03-08T22:18:32+00:00\",\"dateModified\":\"2023-03-08T23:20:37+00:00\",\"author\":{\"@id\":\"https:\/\/www.africa-press.net\/cameroun\/#\/schema\/person\/2b1cf3cd81a31e3cd26889ca66d677f1\"},\"description\":\"Le pre\u0301sident de la Re\u0301publique Paul Biya est au pouvoir depuis l\u2019an 1982. L\u2019homme qui a re\u0301cemment fe\u0302te\u0301 sa quatre-vin ...\",\"breadcrumb\":{\"@id\":\"https:\/\/www.africa-press.net\/cameroun\/politique\/debut-de-la-tempete-un-ministre-de-biya-en-fonction-obtient-une-nationalite-etrangere#breadcrumb\"},\"inLanguage\":\"fr-FR\",\"potentialAction\":[{\"@type\":\"ReadAction\",\"target\":[\"https:\/\/www.africa-press.net\/cameroun\/politique\/debut-de-la-tempete-un-ministre-de-biya-en-fonction-obtient-une-nationalite-etrangere\"]}]},{\"@type\":\"ImageObject\",\"inLanguage\":\"fr-FR\",\"@id\":\"https:\/\/www.africa-press.net\/cameroun\/politique\/debut-de-la-tempete-un-ministre-de-biya-en-fonction-obtient-une-nationalite-etrangere#primaryimage\",\"url\":\"https:\/\/static.africa-press.net\/cameroun\/sites\/57\/2023\/03\/postQueueImg_1678301315.57.jpg\",\"contentUrl\":\"https:\/\/static.africa-press.net\/cameroun\/sites\/57\/2023\/03\/postQueueImg_1678301315.57.jpg\",\"width\":720,\"height\":336,\"caption\":\"D\u00e9but de la temp\u00eate : un ministre de Biya en fonction obtient une nationalit\u00e9 \u00e9trang\u00e8re\"},{\"@type\":\"BreadcrumbList\",\"@id\":\"https:\/\/www.africa-press.net\/cameroun\/politique\/debut-de-la-tempete-un-ministre-de-biya-en-fonction-obtient-une-nationalite-etrangere#breadcrumb\",\"itemListElement\":[{\"@type\":\"ListItem\",\"position\":1,\"name\":\"Accueil\",\"item\":\"https:\/\/www.africa-press.net\/cameroun\/\"},{\"@type\":\"ListItem\",\"position\":2,\"name\":\"D\u00e9but de la temp\u00eate : un ministre de Biya en fonction obtient une nationalit\u00e9 \u00e9trang\u00e8re\"}]},{\"@type\":\"WebSite\",\"@id\":\"https:\/\/www.africa-press.net\/cameroun\/#website\",\"url\":\"https:\/\/www.africa-press.net\/cameroun\/\",\"name\":\"Cameroun\",\"description\":\"Just another Africa News Agency Sites site\",\"potentialAction\":[{\"@type\":\"SearchAction\",\"target\":{\"@type\":\"EntryPoint\",\"urlTemplate\":\"https:\/\/www.africa-press.net\/cameroun\/?s={search_term_string}\"},\"query-input\":{\"@type\":\"PropertyValueSpecification\",\"valueRequired\":true,\"valueName\":\"search_term_string\"}}],\"inLanguage\":\"fr-FR\"},{\"@type\":\"Person\",\"@id\":\"https:\/\/www.africa-press.net\/cameroun\/#\/schema\/person\/2b1cf3cd81a31e3cd26889ca66d677f1\",\"name\":\"cfeditorfr\"}]}<\/script>\n<!-- \/ Yoast SEO Premium plugin. -->","yoast_head_json":{"title":"D\u00e9but de la temp\u00eate : un ministre de Biya en fonction obtient une nationalit\u00e9 \u00e9trang\u00e8re - Cameroun","description":"Le pre\u0301sident de la Re\u0301publique Paul Biya est au pouvoir depuis l\u2019an 1982. L\u2019homme qui a re\u0301cemment fe\u0302te\u0301 sa quatre-vin ...","robots":{"index":"index","follow":"follow","max-snippet":"max-snippet:-1","max-image-preview":"max-image-preview:large","max-video-preview":"max-video-preview:-1"},"canonical":"https:\/\/www.africa-press.net\/cameroun\/politique\/debut-de-la-tempete-un-ministre-de-biya-en-fonction-obtient-une-nationalite-etrangere","og_locale":"fr_FR","og_type":"article","og_title":"D\u00e9but de la temp\u00eate : un ministre de Biya en fonction obtient une nationalit\u00e9 \u00e9trang\u00e8re","og_description":"Le pre\u0301sident de la Re\u0301publique Paul Biya est au pouvoir depuis l\u2019an 1982. L\u2019homme qui a re\u0301cemment fe\u0302te\u0301 sa quatre-vin ...","og_url":"https:\/\/www.africa-press.net\/cameroun\/politique\/debut-de-la-tempete-un-ministre-de-biya-en-fonction-obtient-une-nationalite-etrangere","og_site_name":"Cameroun","article_published_time":"2023-03-08T22:18:32+00:00","article_modified_time":"2023-03-08T23:20:37+00:00","og_image":[{"width":720,"height":336,"url":"https:\/\/static.africa-press.net\/cameroun\/sites\/57\/2023\/03\/postQueueImg_1678301315.57.jpg","type":"image\/jpeg"}],"author":"cfeditorfr","twitter_card":"summary_large_image","twitter_misc":{"\u00c9crit par":"cfeditorfr","Dur\u00e9e de lecture estim\u00e9e":"3 minutes"},"schema":{"@context":"https:\/\/schema.org","@graph":[{"@type":"Article","@id":"https:\/\/www.africa-press.net\/cameroun\/politique\/debut-de-la-tempete-un-ministre-de-biya-en-fonction-obtient-une-nationalite-etrangere#article","isPartOf":{"@id":"https:\/\/www.africa-press.net\/cameroun\/politique\/debut-de-la-tempete-un-ministre-de-biya-en-fonction-obtient-une-nationalite-etrangere"},"author":{"name":"cfeditorfr","@id":"https:\/\/www.africa-press.net\/cameroun\/#\/schema\/person\/2b1cf3cd81a31e3cd26889ca66d677f1"},"headline":"D\u00e9but de la temp\u00eate : un ministre de Biya en fonction obtient une nationalit\u00e9 \u00e9trang\u00e8re","datePublished":"2023-03-08T22:18:32+00:00","dateModified":"2023-03-08T23:20:37+00:00","mainEntityOfPage":{"@id":"https:\/\/www.africa-press.net\/cameroun\/politique\/debut-de-la-tempete-un-ministre-de-biya-en-fonction-obtient-une-nationalite-etrangere"},"wordCount":634,"commentCount":0,"image":{"@id":"https:\/\/www.africa-press.net\/cameroun\/politique\/debut-de-la-tempete-un-ministre-de-biya-en-fonction-obtient-une-nationalite-etrangere#primaryimage"},"thumbnailUrl":"https:\/\/static.africa-press.net\/cameroun\/sites\/57\/2023\/03\/postQueueImg_1678301315.57.jpg","keywords":["Africa Press","Africa Press-Cameroun","Cameroun"],"articleSection":["Politique","Toutes les actualit\u00e9s"],"inLanguage":"fr-FR","potentialAction":[{"@type":"CommentAction","name":"Comment","target":["https:\/\/www.africa-press.net\/cameroun\/politique\/debut-de-la-tempete-un-ministre-de-biya-en-fonction-obtient-une-nationalite-etrangere#respond"]}]},{"@type":"WebPage","@id":"https:\/\/www.africa-press.net\/cameroun\/politique\/debut-de-la-tempete-un-ministre-de-biya-en-fonction-obtient-une-nationalite-etrangere","url":"https:\/\/www.africa-press.net\/cameroun\/politique\/debut-de-la-tempete-un-ministre-de-biya-en-fonction-obtient-une-nationalite-etrangere","name":"D\u00e9but de la temp\u00eate : un ministre de Biya en fonction obtient une nationalit\u00e9 \u00e9trang\u00e8re - Cameroun","isPartOf":{"@id":"https:\/\/www.africa-press.net\/cameroun\/#website"},"primaryImageOfPage":{"@id":"https:\/\/www.africa-press.net\/cameroun\/politique\/debut-de-la-tempete-un-ministre-de-biya-en-fonction-obtient-une-nationalite-etrangere#primaryimage"},"image":{"@id":"https:\/\/www.africa-press.net\/cameroun\/politique\/debut-de-la-tempete-un-ministre-de-biya-en-fonction-obtient-une-nationalite-etrangere#primaryimage"},"thumbnailUrl":"https:\/\/static.africa-press.net\/cameroun\/sites\/57\/2023\/03\/postQueueImg_1678301315.57.jpg","datePublished":"2023-03-08T22:18:32+00:00","dateModified":"2023-03-08T23:20:37+00:00","author":{"@id":"https:\/\/www.africa-press.net\/cameroun\/#\/schema\/person\/2b1cf3cd81a31e3cd26889ca66d677f1"},"description":"Le pre\u0301sident de la Re\u0301publique Paul Biya est au pouvoir depuis l\u2019an 1982. L\u2019homme qui a re\u0301cemment fe\u0302te\u0301 sa quatre-vin ...","breadcrumb":{"@id":"https:\/\/www.africa-press.net\/cameroun\/politique\/debut-de-la-tempete-un-ministre-de-biya-en-fonction-obtient-une-nationalite-etrangere#breadcrumb"},"inLanguage":"fr-FR","potentialAction":[{"@type":"ReadAction","target":["https:\/\/www.africa-press.net\/cameroun\/politique\/debut-de-la-tempete-un-ministre-de-biya-en-fonction-obtient-une-nationalite-etrangere"]}]},{"@type":"ImageObject","inLanguage":"fr-FR","@id":"https:\/\/www.africa-press.net\/cameroun\/politique\/debut-de-la-tempete-un-ministre-de-biya-en-fonction-obtient-une-nationalite-etrangere#primaryimage","url":"https:\/\/static.africa-press.net\/cameroun\/sites\/57\/2023\/03\/postQueueImg_1678301315.57.jpg","contentUrl":"https:\/\/static.africa-press.net\/cameroun\/sites\/57\/2023\/03\/postQueueImg_1678301315.57.jpg","width":720,"height":336,"caption":"D\u00e9but de la temp\u00eate : un ministre de Biya en fonction obtient une nationalit\u00e9 \u00e9trang\u00e8re"},{"@type":"BreadcrumbList","@id":"https:\/\/www.africa-press.net\/cameroun\/politique\/debut-de-la-tempete-un-ministre-de-biya-en-fonction-obtient-une-nationalite-etrangere#breadcrumb","itemListElement":[{"@type":"ListItem","position":1,"name":"Accueil","item":"https:\/\/www.africa-press.net\/cameroun\/"},{"@type":"ListItem","position":2,"name":"D\u00e9but de la temp\u00eate : un ministre de Biya en fonction obtient une nationalit\u00e9 \u00e9trang\u00e8re"}]},{"@type":"WebSite","@id":"https:\/\/www.africa-press.net\/cameroun\/#website","url":"https:\/\/www.africa-press.net\/cameroun\/","name":"Cameroun","description":"Just another Africa News Agency Sites site","potentialAction":[{"@type":"SearchAction","target":{"@type":"EntryPoint","urlTemplate":"https:\/\/www.africa-press.net\/cameroun\/?s={search_term_string}"},"query-input":{"@type":"PropertyValueSpecification","valueRequired":true,"valueName":"search_term_string"}}],"inLanguage":"fr-FR"},{"@type":"Person","@id":"https:\/\/www.africa-press.net\/cameroun\/#\/schema\/person\/2b1cf3cd81a31e3cd26889ca66d677f1","name":"cfeditorfr"}]}},"_links":{"self":[{"href":"https:\/\/www.africa-press.net\/cameroun\/wp-json\/wp\/v2\/posts\/38738","targetHints":{"allow":["GET"]}}],"collection":[{"href":"https:\/\/www.africa-press.net\/cameroun\/wp-json\/wp\/v2\/posts"}],"about":[{"href":"https:\/\/www.africa-press.net\/cameroun\/wp-json\/wp\/v2\/types\/post"}],"author":[{"embeddable":true,"href":"https:\/\/www.africa-press.net\/cameroun\/wp-json\/wp\/v2\/users\/82"}],"replies":[{"embeddable":true,"href":"https:\/\/www.africa-press.net\/cameroun\/wp-json\/wp\/v2\/comments?post=38738"}],"version-history":[{"count":0,"href":"https:\/\/www.africa-press.net\/cameroun\/wp-json\/wp\/v2\/posts\/38738\/revisions"}],"wp:featuredmedia":[{"embeddable":true,"href":"https:\/\/www.africa-press.net\/cameroun\/wp-json\/wp\/v2\/media\/38736"}],"wp:attachment":[{"href":"https:\/\/www.africa-press.net\/cameroun\/wp-json\/wp\/v2\/media?parent=38738"}],"wp:term":[{"taxonomy":"category","embeddable":true,"href":"https:\/\/www.africa-press.net\/cameroun\/wp-json\/wp\/v2\/categories?post=38738"},{"taxonomy":"post_tag","embeddable":true,"href":"https:\/\/www.africa-press.net\/cameroun\/wp-json\/wp\/v2\/tags?post=38738"}],"curies":[{"name":"wp","href":"https:\/\/api.w.org\/{rel}","templated":true}]}}