{"id":38743,"date":"2023-03-08T22:20:00","date_gmt":"2023-03-08T22:20:00","guid":{"rendered":"https:\/\/www.africa-press.net\/cameroun\/politique\/necrologie-samuel-etoo-debarque-par-vol-special-chez-la-famille-de-boubakari-bello"},"modified":"2023-03-08T23:21:54","modified_gmt":"2023-03-08T23:21:54","slug":"necrologie-samuel-etoo-debarque-par-vol-special-chez-la-famille-de-boubakari-bello","status":"publish","type":"post","link":"https:\/\/www.africa-press.net\/cameroun\/toutes-les-actualites\/necrologie-samuel-etoo-debarque-par-vol-special-chez-la-famille-de-boubakari-bello","title":{"rendered":"N\u00e9crologie : Samuel Eto\u2019o d\u00e9barque par vol sp\u00e9cial chez la famille de Boubakari Bello"},"content":{"rendered":"<p><span style=\"color: #ff6600\"><strong>Africa-Press &#8211; Cameroun. <\/strong><\/span>Le Pre\u0301sident de la Fe\u0301de\u0301ration Camerounaise de Football, Samuel Eto\u2019o, a rendu visite ce 8 mars 2023 a\u0300 la famille de Boubakari Bello, deuxie\u0300me Vice-Pre\u0301sident de la Fecafoot de\u0301ce\u0301de\u0301 le 27 fe\u0301vrier dernier et inhume\u0301 selon les coutumes de l\u2019islam.<\/p>\n<p>C\u2019est a\u0300 bord d\u2019un vol spe\u0301cial que Samuel Eto\u2019o et sa suite sont alle\u0301s pre\u0301senter leurs condole\u0301ances attriste\u0301es a\u0300 son domicile sis au quartier Dougoye de la ville de Maroua. Lors de son propos de circonstance, le Pre\u0301sident de la Fecafoot a salue\u0301 l\u2019excellent parcours du de\u0301funt, qui a longtemps travaille\u0301 dans l\u2019ombre pour faire briller le football camerounais. Il a exhorte\u0301 les uns et les autres a\u0300 pre\u0301server l\u2019harmonie et la cohe\u0301sion au sein de la famille du football, un v\u0153u cher a\u0300 l\u2019illustre disparu.<\/p>\n<p>Pour marquer sa reconnaissance e\u0301ternelle, la Fecafoot a notamment offert un maillot spe\u0301cial des Lions indomptables a\u0300 la famille. Prenant la parole par la suite, le chef de famille a remercie\u0301 le Pre\u0301sident et sa de\u0301le\u0301gation pour ces gestes forts qui te\u0301moignent, selon lui, du respect, de la conside\u0301ration et me\u0302me de l\u2019affection a\u0300 l\u2019e\u0301gard du disparu.<\/p>\n<p>Boubakary Bello a acce\u0301de\u0301 au cercle restreint des dirigeants du football en 2000 par le fait de son e\u0301lection a\u0300 la te\u0302te de la ligue de\u0301partementale du Diamare\u0301. Il devient en 2004 le 1er vice-pre\u0301sident de la Ligue re\u0301gionale avant de se hisser a\u0300 la pre\u0301sidence de la ligue de l\u2019Extre\u0302me-Nord en 2009, statut qui lui donna droit a\u0300 un sie\u0300ge au sein du Comite\u0301 exe\u0301cutif. En 2021, il est e\u0301lu deuxie\u0300me vice-pre\u0301sident de la Fecafoot, poste qu\u2019il a occupe\u0301 jusqu\u2019a\u0300 son de\u0301ce\u0300s.<\/p>\n<p><strong>Pour plus d&rsquo;informations et d&rsquo;analyses sur la <a href=\"https:\/\/www.africa-press.net\/cameroun\">Cameroun<\/a>, suivez <a href=\"https:\/\/www.africa-press.net\/\">Africa-Press<\/a><\/strong><\/p>\n","protected":false},"excerpt":{"rendered":"<p>Africa-Press &#8211; Cameroun. Le Pre\u0301sident de la Fe\u0301de\u0301ration Camerounaise de Football, Samuel Eto\u2019o, a rendu visite ce 8 mars 2023 a\u0300 la famille de Boubakari Bello, deuxie\u0300me Vice-Pre\u0301sident de la Fecafoot de\u0301ce\u0301de\u0301 le 27 fe\u0301vrier dernier et inhume\u0301 selon les coutumes de l\u2019islam. C\u2019est a\u0300 bord d\u2019un vol spe\u0301cial que Samuel Eto\u2019o et sa suite [&hellip;]<\/p>\n","protected":false},"author":82,"featured_media":38742,"comment_status":"open","ping_status":"closed","sticky":false,"template":"","format":"standard","meta":{"footnotes":""},"categories":[21,10],"tags":[36,50,49],"class_list":["post-38743","post","type-post","status-publish","format-standard","has-post-thumbnail","hentry","category-communaute","category-toutes-les-actualites","tag-africa-press","tag-africa-press-cameroun","tag-cameroun"],"yoast_head":"<!-- This site is optimized with the Yoast SEO Premium plugin v26.1 (Yoast SEO v27.0) - https:\/\/yoast.com\/product\/yoast-seo-premium-wordpress\/ -->\n<title>N\u00e9crologie : Samuel Eto\u2019o d\u00e9barque par vol sp\u00e9cial chez la famille de Boubakari Bello - Cameroun<\/title>\n<meta name=\"description\" content=\"Le Pre\u0301sident de la Fe\u0301de\u0301ration Camerounaise de Football, Samuel Eto\u2019o, a rendu visite ce 8 mars 2023 a\u0300 la famille de ...\" \/>\n<meta name=\"robots\" content=\"index, follow, max-snippet:-1, max-image-preview:large, max-video-preview:-1\" \/>\n<link rel=\"canonical\" href=\"https:\/\/www.africa-press.net\/cameroun\/toutes-les-actualites\/necrologie-samuel-etoo-debarque-par-vol-special-chez-la-famille-de-boubakari-bello\" \/>\n<meta property=\"og:locale\" content=\"fr_FR\" \/>\n<meta property=\"og:type\" content=\"article\" \/>\n<meta property=\"og:title\" content=\"N\u00e9crologie : Samuel Eto\u2019o d\u00e9barque par vol sp\u00e9cial chez la famille de Boubakari Bello\" \/>\n<meta property=\"og:description\" content=\"Le Pre\u0301sident de la Fe\u0301de\u0301ration Camerounaise de Football, Samuel Eto\u2019o, a rendu visite ce 8 mars 2023 a\u0300 la famille de ...\" \/>\n<meta property=\"og:url\" content=\"https:\/\/www.africa-press.net\/cameroun\/toutes-les-actualites\/necrologie-samuel-etoo-debarque-par-vol-special-chez-la-famille-de-boubakari-bello\" \/>\n<meta property=\"og:site_name\" content=\"Cameroun\" \/>\n<meta property=\"article:published_time\" content=\"2023-03-08T22:20:00+00:00\" \/>\n<meta property=\"article:modified_time\" content=\"2023-03-08T23:21:54+00:00\" \/>\n<meta property=\"og:image\" content=\"https:\/\/static.africa-press.net\/cameroun\/sites\/57\/2023\/03\/postQueueImg_1678301333.90.jpg\" \/>\n\t<meta property=\"og:image:width\" content=\"720\" \/>\n\t<meta property=\"og:image:height\" content=\"540\" \/>\n\t<meta property=\"og:image:type\" content=\"image\/jpeg\" \/>\n<meta name=\"author\" content=\"cfeditorfr\" \/>\n<meta name=\"twitter:card\" content=\"summary_large_image\" \/>\n<meta name=\"twitter:label1\" content=\"\u00c9crit par\" \/>\n\t<meta name=\"twitter:data1\" content=\"cfeditorfr\" \/>\n\t<meta name=\"twitter:label2\" content=\"Dur\u00e9e de lecture estim\u00e9e\" \/>\n\t<meta name=\"twitter:data2\" content=\"2 minutes\" \/>\n<script type=\"application\/ld+json\" class=\"yoast-schema-graph\">{\"@context\":\"https:\/\/schema.org\",\"@graph\":[{\"@type\":\"Article\",\"@id\":\"https:\/\/www.africa-press.net\/cameroun\/toutes-les-actualites\/necrologie-samuel-etoo-debarque-par-vol-special-chez-la-famille-de-boubakari-bello#article\",\"isPartOf\":{\"@id\":\"https:\/\/www.africa-press.net\/cameroun\/toutes-les-actualites\/necrologie-samuel-etoo-debarque-par-vol-special-chez-la-famille-de-boubakari-bello\"},\"author\":{\"name\":\"cfeditorfr\",\"@id\":\"https:\/\/www.africa-press.net\/cameroun\/#\/schema\/person\/2b1cf3cd81a31e3cd26889ca66d677f1\"},\"headline\":\"N\u00e9crologie : Samuel Eto\u2019o d\u00e9barque par vol sp\u00e9cial chez la famille de Boubakari Bello\",\"datePublished\":\"2023-03-08T22:20:00+00:00\",\"dateModified\":\"2023-03-08T23:21:54+00:00\",\"mainEntityOfPage\":{\"@id\":\"https:\/\/www.africa-press.net\/cameroun\/toutes-les-actualites\/necrologie-samuel-etoo-debarque-par-vol-special-chez-la-famille-de-boubakari-bello\"},\"wordCount\":347,\"commentCount\":0,\"image\":{\"@id\":\"https:\/\/www.africa-press.net\/cameroun\/toutes-les-actualites\/necrologie-samuel-etoo-debarque-par-vol-special-chez-la-famille-de-boubakari-bello#primaryimage\"},\"thumbnailUrl\":\"https:\/\/static.africa-press.net\/cameroun\/sites\/57\/2023\/03\/postQueueImg_1678301333.90.jpg\",\"keywords\":[\"Africa Press\",\"Africa Press-Cameroun\",\"Cameroun\"],\"articleSection\":[\"Communaut\u00e9\",\"Toutes les actualit\u00e9s\"],\"inLanguage\":\"fr-FR\",\"potentialAction\":[{\"@type\":\"CommentAction\",\"name\":\"Comment\",\"target\":[\"https:\/\/www.africa-press.net\/cameroun\/toutes-les-actualites\/necrologie-samuel-etoo-debarque-par-vol-special-chez-la-famille-de-boubakari-bello#respond\"]}]},{\"@type\":\"WebPage\",\"@id\":\"https:\/\/www.africa-press.net\/cameroun\/toutes-les-actualites\/necrologie-samuel-etoo-debarque-par-vol-special-chez-la-famille-de-boubakari-bello\",\"url\":\"https:\/\/www.africa-press.net\/cameroun\/toutes-les-actualites\/necrologie-samuel-etoo-debarque-par-vol-special-chez-la-famille-de-boubakari-bello\",\"name\":\"N\u00e9crologie : Samuel Eto\u2019o d\u00e9barque par vol sp\u00e9cial chez la famille de Boubakari Bello - Cameroun\",\"isPartOf\":{\"@id\":\"https:\/\/www.africa-press.net\/cameroun\/#website\"},\"primaryImageOfPage\":{\"@id\":\"https:\/\/www.africa-press.net\/cameroun\/toutes-les-actualites\/necrologie-samuel-etoo-debarque-par-vol-special-chez-la-famille-de-boubakari-bello#primaryimage\"},\"image\":{\"@id\":\"https:\/\/www.africa-press.net\/cameroun\/toutes-les-actualites\/necrologie-samuel-etoo-debarque-par-vol-special-chez-la-famille-de-boubakari-bello#primaryimage\"},\"thumbnailUrl\":\"https:\/\/static.africa-press.net\/cameroun\/sites\/57\/2023\/03\/postQueueImg_1678301333.90.jpg\",\"datePublished\":\"2023-03-08T22:20:00+00:00\",\"dateModified\":\"2023-03-08T23:21:54+00:00\",\"author\":{\"@id\":\"https:\/\/www.africa-press.net\/cameroun\/#\/schema\/person\/2b1cf3cd81a31e3cd26889ca66d677f1\"},\"description\":\"Le Pre\u0301sident de la Fe\u0301de\u0301ration Camerounaise de Football, Samuel Eto\u2019o, a rendu visite ce 8 mars 2023 a\u0300 la famille de ...\",\"breadcrumb\":{\"@id\":\"https:\/\/www.africa-press.net\/cameroun\/toutes-les-actualites\/necrologie-samuel-etoo-debarque-par-vol-special-chez-la-famille-de-boubakari-bello#breadcrumb\"},\"inLanguage\":\"fr-FR\",\"potentialAction\":[{\"@type\":\"ReadAction\",\"target\":[\"https:\/\/www.africa-press.net\/cameroun\/toutes-les-actualites\/necrologie-samuel-etoo-debarque-par-vol-special-chez-la-famille-de-boubakari-bello\"]}]},{\"@type\":\"ImageObject\",\"inLanguage\":\"fr-FR\",\"@id\":\"https:\/\/www.africa-press.net\/cameroun\/toutes-les-actualites\/necrologie-samuel-etoo-debarque-par-vol-special-chez-la-famille-de-boubakari-bello#primaryimage\",\"url\":\"https:\/\/static.africa-press.net\/cameroun\/sites\/57\/2023\/03\/postQueueImg_1678301333.90.jpg\",\"contentUrl\":\"https:\/\/static.africa-press.net\/cameroun\/sites\/57\/2023\/03\/postQueueImg_1678301333.90.jpg\",\"width\":720,\"height\":540,\"caption\":\"N\u00e9crologie : Samuel Eto\u2019o d\u00e9barque par vol sp\u00e9cial chez la famille de Boubakari Bello\"},{\"@type\":\"BreadcrumbList\",\"@id\":\"https:\/\/www.africa-press.net\/cameroun\/toutes-les-actualites\/necrologie-samuel-etoo-debarque-par-vol-special-chez-la-famille-de-boubakari-bello#breadcrumb\",\"itemListElement\":[{\"@type\":\"ListItem\",\"position\":1,\"name\":\"Accueil\",\"item\":\"https:\/\/www.africa-press.net\/cameroun\/\"},{\"@type\":\"ListItem\",\"position\":2,\"name\":\"N\u00e9crologie : Samuel Eto\u2019o d\u00e9barque par vol sp\u00e9cial chez la famille de Boubakari Bello\"}]},{\"@type\":\"WebSite\",\"@id\":\"https:\/\/www.africa-press.net\/cameroun\/#website\",\"url\":\"https:\/\/www.africa-press.net\/cameroun\/\",\"name\":\"Cameroun\",\"description\":\"Just another Africa News Agency Sites site\",\"potentialAction\":[{\"@type\":\"SearchAction\",\"target\":{\"@type\":\"EntryPoint\",\"urlTemplate\":\"https:\/\/www.africa-press.net\/cameroun\/?s={search_term_string}\"},\"query-input\":{\"@type\":\"PropertyValueSpecification\",\"valueRequired\":true,\"valueName\":\"search_term_string\"}}],\"inLanguage\":\"fr-FR\"},{\"@type\":\"Person\",\"@id\":\"https:\/\/www.africa-press.net\/cameroun\/#\/schema\/person\/2b1cf3cd81a31e3cd26889ca66d677f1\",\"name\":\"cfeditorfr\"}]}<\/script>\n<!-- \/ Yoast SEO Premium plugin. -->","yoast_head_json":{"title":"N\u00e9crologie : Samuel Eto\u2019o d\u00e9barque par vol sp\u00e9cial chez la famille de Boubakari Bello - Cameroun","description":"Le Pre\u0301sident de la Fe\u0301de\u0301ration Camerounaise de Football, Samuel Eto\u2019o, a rendu visite ce 8 mars 2023 a\u0300 la famille de ...","robots":{"index":"index","follow":"follow","max-snippet":"max-snippet:-1","max-image-preview":"max-image-preview:large","max-video-preview":"max-video-preview:-1"},"canonical":"https:\/\/www.africa-press.net\/cameroun\/toutes-les-actualites\/necrologie-samuel-etoo-debarque-par-vol-special-chez-la-famille-de-boubakari-bello","og_locale":"fr_FR","og_type":"article","og_title":"N\u00e9crologie : Samuel Eto\u2019o d\u00e9barque par vol sp\u00e9cial chez la famille de Boubakari Bello","og_description":"Le Pre\u0301sident de la Fe\u0301de\u0301ration Camerounaise de Football, Samuel Eto\u2019o, a rendu visite ce 8 mars 2023 a\u0300 la famille de ...","og_url":"https:\/\/www.africa-press.net\/cameroun\/toutes-les-actualites\/necrologie-samuel-etoo-debarque-par-vol-special-chez-la-famille-de-boubakari-bello","og_site_name":"Cameroun","article_published_time":"2023-03-08T22:20:00+00:00","article_modified_time":"2023-03-08T23:21:54+00:00","og_image":[{"width":720,"height":540,"url":"https:\/\/static.africa-press.net\/cameroun\/sites\/57\/2023\/03\/postQueueImg_1678301333.90.jpg","type":"image\/jpeg"}],"author":"cfeditorfr","twitter_card":"summary_large_image","twitter_misc":{"\u00c9crit par":"cfeditorfr","Dur\u00e9e de lecture estim\u00e9e":"2 minutes"},"schema":{"@context":"https:\/\/schema.org","@graph":[{"@type":"Article","@id":"https:\/\/www.africa-press.net\/cameroun\/toutes-les-actualites\/necrologie-samuel-etoo-debarque-par-vol-special-chez-la-famille-de-boubakari-bello#article","isPartOf":{"@id":"https:\/\/www.africa-press.net\/cameroun\/toutes-les-actualites\/necrologie-samuel-etoo-debarque-par-vol-special-chez-la-famille-de-boubakari-bello"},"author":{"name":"cfeditorfr","@id":"https:\/\/www.africa-press.net\/cameroun\/#\/schema\/person\/2b1cf3cd81a31e3cd26889ca66d677f1"},"headline":"N\u00e9crologie : Samuel Eto\u2019o d\u00e9barque par vol sp\u00e9cial chez la famille de Boubakari Bello","datePublished":"2023-03-08T22:20:00+00:00","dateModified":"2023-03-08T23:21:54+00:00","mainEntityOfPage":{"@id":"https:\/\/www.africa-press.net\/cameroun\/toutes-les-actualites\/necrologie-samuel-etoo-debarque-par-vol-special-chez-la-famille-de-boubakari-bello"},"wordCount":347,"commentCount":0,"image":{"@id":"https:\/\/www.africa-press.net\/cameroun\/toutes-les-actualites\/necrologie-samuel-etoo-debarque-par-vol-special-chez-la-famille-de-boubakari-bello#primaryimage"},"thumbnailUrl":"https:\/\/static.africa-press.net\/cameroun\/sites\/57\/2023\/03\/postQueueImg_1678301333.90.jpg","keywords":["Africa Press","Africa Press-Cameroun","Cameroun"],"articleSection":["Communaut\u00e9","Toutes les actualit\u00e9s"],"inLanguage":"fr-FR","potentialAction":[{"@type":"CommentAction","name":"Comment","target":["https:\/\/www.africa-press.net\/cameroun\/toutes-les-actualites\/necrologie-samuel-etoo-debarque-par-vol-special-chez-la-famille-de-boubakari-bello#respond"]}]},{"@type":"WebPage","@id":"https:\/\/www.africa-press.net\/cameroun\/toutes-les-actualites\/necrologie-samuel-etoo-debarque-par-vol-special-chez-la-famille-de-boubakari-bello","url":"https:\/\/www.africa-press.net\/cameroun\/toutes-les-actualites\/necrologie-samuel-etoo-debarque-par-vol-special-chez-la-famille-de-boubakari-bello","name":"N\u00e9crologie : Samuel Eto\u2019o d\u00e9barque par vol sp\u00e9cial chez la famille de Boubakari Bello - Cameroun","isPartOf":{"@id":"https:\/\/www.africa-press.net\/cameroun\/#website"},"primaryImageOfPage":{"@id":"https:\/\/www.africa-press.net\/cameroun\/toutes-les-actualites\/necrologie-samuel-etoo-debarque-par-vol-special-chez-la-famille-de-boubakari-bello#primaryimage"},"image":{"@id":"https:\/\/www.africa-press.net\/cameroun\/toutes-les-actualites\/necrologie-samuel-etoo-debarque-par-vol-special-chez-la-famille-de-boubakari-bello#primaryimage"},"thumbnailUrl":"https:\/\/static.africa-press.net\/cameroun\/sites\/57\/2023\/03\/postQueueImg_1678301333.90.jpg","datePublished":"2023-03-08T22:20:00+00:00","dateModified":"2023-03-08T23:21:54+00:00","author":{"@id":"https:\/\/www.africa-press.net\/cameroun\/#\/schema\/person\/2b1cf3cd81a31e3cd26889ca66d677f1"},"description":"Le Pre\u0301sident de la Fe\u0301de\u0301ration Camerounaise de Football, Samuel Eto\u2019o, a rendu visite ce 8 mars 2023 a\u0300 la famille de ...","breadcrumb":{"@id":"https:\/\/www.africa-press.net\/cameroun\/toutes-les-actualites\/necrologie-samuel-etoo-debarque-par-vol-special-chez-la-famille-de-boubakari-bello#breadcrumb"},"inLanguage":"fr-FR","potentialAction":[{"@type":"ReadAction","target":["https:\/\/www.africa-press.net\/cameroun\/toutes-les-actualites\/necrologie-samuel-etoo-debarque-par-vol-special-chez-la-famille-de-boubakari-bello"]}]},{"@type":"ImageObject","inLanguage":"fr-FR","@id":"https:\/\/www.africa-press.net\/cameroun\/toutes-les-actualites\/necrologie-samuel-etoo-debarque-par-vol-special-chez-la-famille-de-boubakari-bello#primaryimage","url":"https:\/\/static.africa-press.net\/cameroun\/sites\/57\/2023\/03\/postQueueImg_1678301333.90.jpg","contentUrl":"https:\/\/static.africa-press.net\/cameroun\/sites\/57\/2023\/03\/postQueueImg_1678301333.90.jpg","width":720,"height":540,"caption":"N\u00e9crologie : Samuel Eto\u2019o d\u00e9barque par vol sp\u00e9cial chez la famille de Boubakari Bello"},{"@type":"BreadcrumbList","@id":"https:\/\/www.africa-press.net\/cameroun\/toutes-les-actualites\/necrologie-samuel-etoo-debarque-par-vol-special-chez-la-famille-de-boubakari-bello#breadcrumb","itemListElement":[{"@type":"ListItem","position":1,"name":"Accueil","item":"https:\/\/www.africa-press.net\/cameroun\/"},{"@type":"ListItem","position":2,"name":"N\u00e9crologie : Samuel Eto\u2019o d\u00e9barque par vol sp\u00e9cial chez la famille de Boubakari Bello"}]},{"@type":"WebSite","@id":"https:\/\/www.africa-press.net\/cameroun\/#website","url":"https:\/\/www.africa-press.net\/cameroun\/","name":"Cameroun","description":"Just another Africa News Agency Sites site","potentialAction":[{"@type":"SearchAction","target":{"@type":"EntryPoint","urlTemplate":"https:\/\/www.africa-press.net\/cameroun\/?s={search_term_string}"},"query-input":{"@type":"PropertyValueSpecification","valueRequired":true,"valueName":"search_term_string"}}],"inLanguage":"fr-FR"},{"@type":"Person","@id":"https:\/\/www.africa-press.net\/cameroun\/#\/schema\/person\/2b1cf3cd81a31e3cd26889ca66d677f1","name":"cfeditorfr"}]}},"_links":{"self":[{"href":"https:\/\/www.africa-press.net\/cameroun\/wp-json\/wp\/v2\/posts\/38743","targetHints":{"allow":["GET"]}}],"collection":[{"href":"https:\/\/www.africa-press.net\/cameroun\/wp-json\/wp\/v2\/posts"}],"about":[{"href":"https:\/\/www.africa-press.net\/cameroun\/wp-json\/wp\/v2\/types\/post"}],"author":[{"embeddable":true,"href":"https:\/\/www.africa-press.net\/cameroun\/wp-json\/wp\/v2\/users\/82"}],"replies":[{"embeddable":true,"href":"https:\/\/www.africa-press.net\/cameroun\/wp-json\/wp\/v2\/comments?post=38743"}],"version-history":[{"count":0,"href":"https:\/\/www.africa-press.net\/cameroun\/wp-json\/wp\/v2\/posts\/38743\/revisions"}],"wp:featuredmedia":[{"embeddable":true,"href":"https:\/\/www.africa-press.net\/cameroun\/wp-json\/wp\/v2\/media\/38742"}],"wp:attachment":[{"href":"https:\/\/www.africa-press.net\/cameroun\/wp-json\/wp\/v2\/media?parent=38743"}],"wp:term":[{"taxonomy":"category","embeddable":true,"href":"https:\/\/www.africa-press.net\/cameroun\/wp-json\/wp\/v2\/categories?post=38743"},{"taxonomy":"post_tag","embeddable":true,"href":"https:\/\/www.africa-press.net\/cameroun\/wp-json\/wp\/v2\/tags?post=38743"}],"curies":[{"name":"wp","href":"https:\/\/api.w.org\/{rel}","templated":true}]}}