{"id":38746,"date":"2023-03-08T22:18:49","date_gmt":"2023-03-08T22:18:49","guid":{"rendered":"https:\/\/www.africa-press.net\/cameroun\/politique\/08-mars-2022-08-mars-2023-1-an-deja-lenseignant-hamidou-deja-oublie"},"modified":"2023-03-08T23:22:26","modified_gmt":"2023-03-08T23:22:26","slug":"08-mars-2022-08-mars-2023-1-an-deja-lenseignant-hamidou-deja-oublie","status":"publish","type":"post","link":"https:\/\/www.africa-press.net\/cameroun\/toutes-les-actualites\/08-mars-2022-08-mars-2023-1-an-deja-lenseignant-hamidou-deja-oublie","title":{"rendered":"08 mars 2022 &#8211; 08 mars 2023 : 1 an d\u00e9j\u00e0, l&rsquo;enseignant Hamidou d\u00e9j\u00e0 &lsquo;oubli\u00e9&rsquo;"},"content":{"rendered":"<p><span style=\"color: #ff6600\"><strong>Africa-Press &#8211; Cameroun. <\/strong><\/span>Il y a un an jour pour jour HAMIDOU, jeune enseignant d&rsquo;e\u0301ducation physique et sportive (EPS) mourrait apre\u0300s 10 ans de service sans salaire.<\/p>\n<p>Entre e\u0301moi et consternation, la mort de l&rsquo;enseignant Hamidou avait suscite\u0301 des vives tensions au sein de l&rsquo;opinion camerounaise suite a\u0300 son agonie suivi de sa mort le 08 Mars 2022.<\/p>\n<p>Dans un contexte de gre\u0300ve des enseignants dans le cadre de leur collectif OTS, sa disparition du\u0302e a\u0300 un manque de moyens financiers pour se soigner avait e\u0301mu tout le Cameroun et notamment au lyce\u0301e de BEKA dans le nord ou\u0300 il servait.<\/p>\n<p>Aujourd&rsquo;hui, apre\u0300s des ne\u0301gociations avec le gouvernement, une partie des revendications ont e\u0301te\u0301 prises en compte mais he\u0301las HAMIDOU, jeune enseignant d&rsquo;e\u0301ducation physique et sportive (EPS) n&rsquo;est plus et ne pourra pas jouir des fruits de son travail de dix anne\u0301es sans salaire.<\/p>\n<p>Toute la re\u0301daction de Camerounweb prie pour le repos de son a\u0302me.<\/p>\n<p><strong>Pour plus d&rsquo;informations et d&rsquo;analyses sur la <a href=\"https:\/\/www.africa-press.net\/cameroun\">Cameroun<\/a>, suivez <a href=\"https:\/\/www.africa-press.net\/\">Africa-Press<\/a><\/strong><\/p>\n","protected":false},"excerpt":{"rendered":"<p>Africa-Press &#8211; Cameroun. Il y a un an jour pour jour HAMIDOU, jeune enseignant d&rsquo;e\u0301ducation physique et sportive (EPS) mourrait apre\u0300s 10 ans de service sans salaire. Entre e\u0301moi et consternation, la mort de l&rsquo;enseignant Hamidou avait suscite\u0301 des vives tensions au sein de l&rsquo;opinion camerounaise suite a\u0300 son agonie suivi de sa mort le [&hellip;]<\/p>\n","protected":false},"author":82,"featured_media":38745,"comment_status":"open","ping_status":"closed","sticky":false,"template":"","format":"standard","meta":{"footnotes":""},"categories":[21,10],"tags":[36,50,49],"class_list":["post-38746","post","type-post","status-publish","format-standard","has-post-thumbnail","hentry","category-communaute","category-toutes-les-actualites","tag-africa-press","tag-africa-press-cameroun","tag-cameroun"],"yoast_head":"<!-- This site is optimized with the Yoast SEO Premium plugin v26.1 (Yoast SEO v27.0) - https:\/\/yoast.com\/product\/yoast-seo-premium-wordpress\/ -->\n<title>08 mars 2022 - 08 mars 2023 : 1 an d\u00e9j\u00e0, l&#039;enseignant Hamidou d\u00e9j\u00e0 &#039;oubli\u00e9&#039; - Cameroun<\/title>\n<meta name=\"description\" content=\"Il y a un an jour pour jour HAMIDOU, jeune enseignant d&#039;e\u0301ducation physique et sportive (EPS) mourrait apre\u0300s 10 ans de ...\" \/>\n<meta name=\"robots\" content=\"index, follow, max-snippet:-1, max-image-preview:large, max-video-preview:-1\" \/>\n<link rel=\"canonical\" href=\"https:\/\/www.africa-press.net\/cameroun\/toutes-les-actualites\/08-mars-2022-08-mars-2023-1-an-deja-lenseignant-hamidou-deja-oublie\" \/>\n<meta property=\"og:locale\" content=\"fr_FR\" \/>\n<meta property=\"og:type\" content=\"article\" \/>\n<meta property=\"og:title\" content=\"08 mars 2022 - 08 mars 2023 : 1 an d\u00e9j\u00e0, l&#039;enseignant Hamidou d\u00e9j\u00e0 &#039;oubli\u00e9&#039;\" \/>\n<meta property=\"og:description\" content=\"Il y a un an jour pour jour HAMIDOU, jeune enseignant d&#039;e\u0301ducation physique et sportive (EPS) mourrait apre\u0300s 10 ans de ...\" \/>\n<meta property=\"og:url\" content=\"https:\/\/www.africa-press.net\/cameroun\/toutes-les-actualites\/08-mars-2022-08-mars-2023-1-an-deja-lenseignant-hamidou-deja-oublie\" \/>\n<meta property=\"og:site_name\" content=\"Cameroun\" \/>\n<meta property=\"article:published_time\" content=\"2023-03-08T22:18:49+00:00\" \/>\n<meta property=\"article:modified_time\" content=\"2023-03-08T23:22:26+00:00\" \/>\n<meta property=\"og:image\" content=\"https:\/\/static.africa-press.net\/cameroun\/sites\/57\/2023\/03\/postQueueImg_1678301331.08.jpg\" \/>\n\t<meta property=\"og:image:width\" content=\"720\" \/>\n\t<meta property=\"og:image:height\" content=\"360\" \/>\n\t<meta property=\"og:image:type\" content=\"image\/jpeg\" \/>\n<meta name=\"author\" content=\"cfeditorfr\" \/>\n<meta name=\"twitter:card\" content=\"summary_large_image\" \/>\n<meta name=\"twitter:label1\" content=\"\u00c9crit par\" \/>\n\t<meta name=\"twitter:data1\" content=\"cfeditorfr\" \/>\n\t<meta name=\"twitter:label2\" content=\"Dur\u00e9e de lecture estim\u00e9e\" \/>\n\t<meta name=\"twitter:data2\" content=\"1 minute\" \/>\n<script type=\"application\/ld+json\" class=\"yoast-schema-graph\">{\"@context\":\"https:\/\/schema.org\",\"@graph\":[{\"@type\":\"Article\",\"@id\":\"https:\/\/www.africa-press.net\/cameroun\/toutes-les-actualites\/08-mars-2022-08-mars-2023-1-an-deja-lenseignant-hamidou-deja-oublie#article\",\"isPartOf\":{\"@id\":\"https:\/\/www.africa-press.net\/cameroun\/toutes-les-actualites\/08-mars-2022-08-mars-2023-1-an-deja-lenseignant-hamidou-deja-oublie\"},\"author\":{\"name\":\"cfeditorfr\",\"@id\":\"https:\/\/www.africa-press.net\/cameroun\/#\/schema\/person\/2b1cf3cd81a31e3cd26889ca66d677f1\"},\"headline\":\"08 mars 2022 &#8211; 08 mars 2023 : 1 an d\u00e9j\u00e0, l&rsquo;enseignant Hamidou d\u00e9j\u00e0 &lsquo;oubli\u00e9&rsquo;\",\"datePublished\":\"2023-03-08T22:18:49+00:00\",\"dateModified\":\"2023-03-08T23:22:26+00:00\",\"mainEntityOfPage\":{\"@id\":\"https:\/\/www.africa-press.net\/cameroun\/toutes-les-actualites\/08-mars-2022-08-mars-2023-1-an-deja-lenseignant-hamidou-deja-oublie\"},\"wordCount\":198,\"commentCount\":0,\"image\":{\"@id\":\"https:\/\/www.africa-press.net\/cameroun\/toutes-les-actualites\/08-mars-2022-08-mars-2023-1-an-deja-lenseignant-hamidou-deja-oublie#primaryimage\"},\"thumbnailUrl\":\"https:\/\/static.africa-press.net\/cameroun\/sites\/57\/2023\/03\/postQueueImg_1678301331.08.jpg\",\"keywords\":[\"Africa Press\",\"Africa Press-Cameroun\",\"Cameroun\"],\"articleSection\":[\"Communaut\u00e9\",\"Toutes les actualit\u00e9s\"],\"inLanguage\":\"fr-FR\",\"potentialAction\":[{\"@type\":\"CommentAction\",\"name\":\"Comment\",\"target\":[\"https:\/\/www.africa-press.net\/cameroun\/toutes-les-actualites\/08-mars-2022-08-mars-2023-1-an-deja-lenseignant-hamidou-deja-oublie#respond\"]}]},{\"@type\":\"WebPage\",\"@id\":\"https:\/\/www.africa-press.net\/cameroun\/toutes-les-actualites\/08-mars-2022-08-mars-2023-1-an-deja-lenseignant-hamidou-deja-oublie\",\"url\":\"https:\/\/www.africa-press.net\/cameroun\/toutes-les-actualites\/08-mars-2022-08-mars-2023-1-an-deja-lenseignant-hamidou-deja-oublie\",\"name\":\"08 mars 2022 - 08 mars 2023 : 1 an d\u00e9j\u00e0, l'enseignant Hamidou d\u00e9j\u00e0 'oubli\u00e9' - Cameroun\",\"isPartOf\":{\"@id\":\"https:\/\/www.africa-press.net\/cameroun\/#website\"},\"primaryImageOfPage\":{\"@id\":\"https:\/\/www.africa-press.net\/cameroun\/toutes-les-actualites\/08-mars-2022-08-mars-2023-1-an-deja-lenseignant-hamidou-deja-oublie#primaryimage\"},\"image\":{\"@id\":\"https:\/\/www.africa-press.net\/cameroun\/toutes-les-actualites\/08-mars-2022-08-mars-2023-1-an-deja-lenseignant-hamidou-deja-oublie#primaryimage\"},\"thumbnailUrl\":\"https:\/\/static.africa-press.net\/cameroun\/sites\/57\/2023\/03\/postQueueImg_1678301331.08.jpg\",\"datePublished\":\"2023-03-08T22:18:49+00:00\",\"dateModified\":\"2023-03-08T23:22:26+00:00\",\"author\":{\"@id\":\"https:\/\/www.africa-press.net\/cameroun\/#\/schema\/person\/2b1cf3cd81a31e3cd26889ca66d677f1\"},\"description\":\"Il y a un an jour pour jour HAMIDOU, jeune enseignant d'e\u0301ducation physique et sportive (EPS) mourrait apre\u0300s 10 ans de ...\",\"breadcrumb\":{\"@id\":\"https:\/\/www.africa-press.net\/cameroun\/toutes-les-actualites\/08-mars-2022-08-mars-2023-1-an-deja-lenseignant-hamidou-deja-oublie#breadcrumb\"},\"inLanguage\":\"fr-FR\",\"potentialAction\":[{\"@type\":\"ReadAction\",\"target\":[\"https:\/\/www.africa-press.net\/cameroun\/toutes-les-actualites\/08-mars-2022-08-mars-2023-1-an-deja-lenseignant-hamidou-deja-oublie\"]}]},{\"@type\":\"ImageObject\",\"inLanguage\":\"fr-FR\",\"@id\":\"https:\/\/www.africa-press.net\/cameroun\/toutes-les-actualites\/08-mars-2022-08-mars-2023-1-an-deja-lenseignant-hamidou-deja-oublie#primaryimage\",\"url\":\"https:\/\/static.africa-press.net\/cameroun\/sites\/57\/2023\/03\/postQueueImg_1678301331.08.jpg\",\"contentUrl\":\"https:\/\/static.africa-press.net\/cameroun\/sites\/57\/2023\/03\/postQueueImg_1678301331.08.jpg\",\"width\":720,\"height\":360,\"caption\":\"08 mars 2022 - 08 mars 2023 : 1 an d\u00e9j\u00e0, l'enseignant Hamidou d\u00e9j\u00e0 'oubli\u00e9'\"},{\"@type\":\"BreadcrumbList\",\"@id\":\"https:\/\/www.africa-press.net\/cameroun\/toutes-les-actualites\/08-mars-2022-08-mars-2023-1-an-deja-lenseignant-hamidou-deja-oublie#breadcrumb\",\"itemListElement\":[{\"@type\":\"ListItem\",\"position\":1,\"name\":\"Accueil\",\"item\":\"https:\/\/www.africa-press.net\/cameroun\/\"},{\"@type\":\"ListItem\",\"position\":2,\"name\":\"08 mars 2022 &#8211; 08 mars 2023 : 1 an d\u00e9j\u00e0, l&rsquo;enseignant Hamidou d\u00e9j\u00e0 &lsquo;oubli\u00e9&rsquo;\"}]},{\"@type\":\"WebSite\",\"@id\":\"https:\/\/www.africa-press.net\/cameroun\/#website\",\"url\":\"https:\/\/www.africa-press.net\/cameroun\/\",\"name\":\"Cameroun\",\"description\":\"Just another Africa News Agency Sites site\",\"potentialAction\":[{\"@type\":\"SearchAction\",\"target\":{\"@type\":\"EntryPoint\",\"urlTemplate\":\"https:\/\/www.africa-press.net\/cameroun\/?s={search_term_string}\"},\"query-input\":{\"@type\":\"PropertyValueSpecification\",\"valueRequired\":true,\"valueName\":\"search_term_string\"}}],\"inLanguage\":\"fr-FR\"},{\"@type\":\"Person\",\"@id\":\"https:\/\/www.africa-press.net\/cameroun\/#\/schema\/person\/2b1cf3cd81a31e3cd26889ca66d677f1\",\"name\":\"cfeditorfr\"}]}<\/script>\n<!-- \/ Yoast SEO Premium plugin. -->","yoast_head_json":{"title":"08 mars 2022 - 08 mars 2023 : 1 an d\u00e9j\u00e0, l'enseignant Hamidou d\u00e9j\u00e0 'oubli\u00e9' - Cameroun","description":"Il y a un an jour pour jour HAMIDOU, jeune enseignant d'e\u0301ducation physique et sportive (EPS) mourrait apre\u0300s 10 ans de ...","robots":{"index":"index","follow":"follow","max-snippet":"max-snippet:-1","max-image-preview":"max-image-preview:large","max-video-preview":"max-video-preview:-1"},"canonical":"https:\/\/www.africa-press.net\/cameroun\/toutes-les-actualites\/08-mars-2022-08-mars-2023-1-an-deja-lenseignant-hamidou-deja-oublie","og_locale":"fr_FR","og_type":"article","og_title":"08 mars 2022 - 08 mars 2023 : 1 an d\u00e9j\u00e0, l'enseignant Hamidou d\u00e9j\u00e0 'oubli\u00e9'","og_description":"Il y a un an jour pour jour HAMIDOU, jeune enseignant d'e\u0301ducation physique et sportive (EPS) mourrait apre\u0300s 10 ans de ...","og_url":"https:\/\/www.africa-press.net\/cameroun\/toutes-les-actualites\/08-mars-2022-08-mars-2023-1-an-deja-lenseignant-hamidou-deja-oublie","og_site_name":"Cameroun","article_published_time":"2023-03-08T22:18:49+00:00","article_modified_time":"2023-03-08T23:22:26+00:00","og_image":[{"width":720,"height":360,"url":"https:\/\/static.africa-press.net\/cameroun\/sites\/57\/2023\/03\/postQueueImg_1678301331.08.jpg","type":"image\/jpeg"}],"author":"cfeditorfr","twitter_card":"summary_large_image","twitter_misc":{"\u00c9crit par":"cfeditorfr","Dur\u00e9e de lecture estim\u00e9e":"1 minute"},"schema":{"@context":"https:\/\/schema.org","@graph":[{"@type":"Article","@id":"https:\/\/www.africa-press.net\/cameroun\/toutes-les-actualites\/08-mars-2022-08-mars-2023-1-an-deja-lenseignant-hamidou-deja-oublie#article","isPartOf":{"@id":"https:\/\/www.africa-press.net\/cameroun\/toutes-les-actualites\/08-mars-2022-08-mars-2023-1-an-deja-lenseignant-hamidou-deja-oublie"},"author":{"name":"cfeditorfr","@id":"https:\/\/www.africa-press.net\/cameroun\/#\/schema\/person\/2b1cf3cd81a31e3cd26889ca66d677f1"},"headline":"08 mars 2022 &#8211; 08 mars 2023 : 1 an d\u00e9j\u00e0, l&rsquo;enseignant Hamidou d\u00e9j\u00e0 &lsquo;oubli\u00e9&rsquo;","datePublished":"2023-03-08T22:18:49+00:00","dateModified":"2023-03-08T23:22:26+00:00","mainEntityOfPage":{"@id":"https:\/\/www.africa-press.net\/cameroun\/toutes-les-actualites\/08-mars-2022-08-mars-2023-1-an-deja-lenseignant-hamidou-deja-oublie"},"wordCount":198,"commentCount":0,"image":{"@id":"https:\/\/www.africa-press.net\/cameroun\/toutes-les-actualites\/08-mars-2022-08-mars-2023-1-an-deja-lenseignant-hamidou-deja-oublie#primaryimage"},"thumbnailUrl":"https:\/\/static.africa-press.net\/cameroun\/sites\/57\/2023\/03\/postQueueImg_1678301331.08.jpg","keywords":["Africa Press","Africa Press-Cameroun","Cameroun"],"articleSection":["Communaut\u00e9","Toutes les actualit\u00e9s"],"inLanguage":"fr-FR","potentialAction":[{"@type":"CommentAction","name":"Comment","target":["https:\/\/www.africa-press.net\/cameroun\/toutes-les-actualites\/08-mars-2022-08-mars-2023-1-an-deja-lenseignant-hamidou-deja-oublie#respond"]}]},{"@type":"WebPage","@id":"https:\/\/www.africa-press.net\/cameroun\/toutes-les-actualites\/08-mars-2022-08-mars-2023-1-an-deja-lenseignant-hamidou-deja-oublie","url":"https:\/\/www.africa-press.net\/cameroun\/toutes-les-actualites\/08-mars-2022-08-mars-2023-1-an-deja-lenseignant-hamidou-deja-oublie","name":"08 mars 2022 - 08 mars 2023 : 1 an d\u00e9j\u00e0, l'enseignant Hamidou d\u00e9j\u00e0 'oubli\u00e9' - Cameroun","isPartOf":{"@id":"https:\/\/www.africa-press.net\/cameroun\/#website"},"primaryImageOfPage":{"@id":"https:\/\/www.africa-press.net\/cameroun\/toutes-les-actualites\/08-mars-2022-08-mars-2023-1-an-deja-lenseignant-hamidou-deja-oublie#primaryimage"},"image":{"@id":"https:\/\/www.africa-press.net\/cameroun\/toutes-les-actualites\/08-mars-2022-08-mars-2023-1-an-deja-lenseignant-hamidou-deja-oublie#primaryimage"},"thumbnailUrl":"https:\/\/static.africa-press.net\/cameroun\/sites\/57\/2023\/03\/postQueueImg_1678301331.08.jpg","datePublished":"2023-03-08T22:18:49+00:00","dateModified":"2023-03-08T23:22:26+00:00","author":{"@id":"https:\/\/www.africa-press.net\/cameroun\/#\/schema\/person\/2b1cf3cd81a31e3cd26889ca66d677f1"},"description":"Il y a un an jour pour jour HAMIDOU, jeune enseignant d'e\u0301ducation physique et sportive (EPS) mourrait apre\u0300s 10 ans de ...","breadcrumb":{"@id":"https:\/\/www.africa-press.net\/cameroun\/toutes-les-actualites\/08-mars-2022-08-mars-2023-1-an-deja-lenseignant-hamidou-deja-oublie#breadcrumb"},"inLanguage":"fr-FR","potentialAction":[{"@type":"ReadAction","target":["https:\/\/www.africa-press.net\/cameroun\/toutes-les-actualites\/08-mars-2022-08-mars-2023-1-an-deja-lenseignant-hamidou-deja-oublie"]}]},{"@type":"ImageObject","inLanguage":"fr-FR","@id":"https:\/\/www.africa-press.net\/cameroun\/toutes-les-actualites\/08-mars-2022-08-mars-2023-1-an-deja-lenseignant-hamidou-deja-oublie#primaryimage","url":"https:\/\/static.africa-press.net\/cameroun\/sites\/57\/2023\/03\/postQueueImg_1678301331.08.jpg","contentUrl":"https:\/\/static.africa-press.net\/cameroun\/sites\/57\/2023\/03\/postQueueImg_1678301331.08.jpg","width":720,"height":360,"caption":"08 mars 2022 - 08 mars 2023 : 1 an d\u00e9j\u00e0, l'enseignant Hamidou d\u00e9j\u00e0 'oubli\u00e9'"},{"@type":"BreadcrumbList","@id":"https:\/\/www.africa-press.net\/cameroun\/toutes-les-actualites\/08-mars-2022-08-mars-2023-1-an-deja-lenseignant-hamidou-deja-oublie#breadcrumb","itemListElement":[{"@type":"ListItem","position":1,"name":"Accueil","item":"https:\/\/www.africa-press.net\/cameroun\/"},{"@type":"ListItem","position":2,"name":"08 mars 2022 &#8211; 08 mars 2023 : 1 an d\u00e9j\u00e0, l&rsquo;enseignant Hamidou d\u00e9j\u00e0 &lsquo;oubli\u00e9&rsquo;"}]},{"@type":"WebSite","@id":"https:\/\/www.africa-press.net\/cameroun\/#website","url":"https:\/\/www.africa-press.net\/cameroun\/","name":"Cameroun","description":"Just another Africa News Agency Sites site","potentialAction":[{"@type":"SearchAction","target":{"@type":"EntryPoint","urlTemplate":"https:\/\/www.africa-press.net\/cameroun\/?s={search_term_string}"},"query-input":{"@type":"PropertyValueSpecification","valueRequired":true,"valueName":"search_term_string"}}],"inLanguage":"fr-FR"},{"@type":"Person","@id":"https:\/\/www.africa-press.net\/cameroun\/#\/schema\/person\/2b1cf3cd81a31e3cd26889ca66d677f1","name":"cfeditorfr"}]}},"_links":{"self":[{"href":"https:\/\/www.africa-press.net\/cameroun\/wp-json\/wp\/v2\/posts\/38746","targetHints":{"allow":["GET"]}}],"collection":[{"href":"https:\/\/www.africa-press.net\/cameroun\/wp-json\/wp\/v2\/posts"}],"about":[{"href":"https:\/\/www.africa-press.net\/cameroun\/wp-json\/wp\/v2\/types\/post"}],"author":[{"embeddable":true,"href":"https:\/\/www.africa-press.net\/cameroun\/wp-json\/wp\/v2\/users\/82"}],"replies":[{"embeddable":true,"href":"https:\/\/www.africa-press.net\/cameroun\/wp-json\/wp\/v2\/comments?post=38746"}],"version-history":[{"count":0,"href":"https:\/\/www.africa-press.net\/cameroun\/wp-json\/wp\/v2\/posts\/38746\/revisions"}],"wp:featuredmedia":[{"embeddable":true,"href":"https:\/\/www.africa-press.net\/cameroun\/wp-json\/wp\/v2\/media\/38745"}],"wp:attachment":[{"href":"https:\/\/www.africa-press.net\/cameroun\/wp-json\/wp\/v2\/media?parent=38746"}],"wp:term":[{"taxonomy":"category","embeddable":true,"href":"https:\/\/www.africa-press.net\/cameroun\/wp-json\/wp\/v2\/categories?post=38746"},{"taxonomy":"post_tag","embeddable":true,"href":"https:\/\/www.africa-press.net\/cameroun\/wp-json\/wp\/v2\/tags?post=38746"}],"curies":[{"name":"wp","href":"https:\/\/api.w.org\/{rel}","templated":true}]}}