{"id":38749,"date":"2023-03-08T22:19:01","date_gmt":"2023-03-08T22:19:01","guid":{"rendered":"https:\/\/www.africa-press.net\/cameroun\/politique\/jif-24-milliards-de-femmes-en-age-de-travailler-ne-jouissent-pas-des-memes-droits-que-les-hommes"},"modified":"2023-03-08T23:23:03","modified_gmt":"2023-03-08T23:23:03","slug":"jif-24-milliards-de-femmes-en-age-de-travailler-ne-jouissent-pas-des-memes-droits-que-les-hommes","status":"publish","type":"post","link":"https:\/\/www.africa-press.net\/cameroun\/economie\/jif-24-milliards-de-femmes-en-age-de-travailler-ne-jouissent-pas-des-memes-droits-que-les-hommes","title":{"rendered":"JIF\u00a0: 2,4\u00a0milliards de femmes en \u00e2ge de travailler ne jouissent pas des m\u00eames droits que les hommes"},"content":{"rendered":"<p><span style=\"color: #ff6600\"><strong>Africa-Press &#8211; Cameroun. <\/strong><\/span>Selon la Banque mondiale, cette situation entrave la croissance e\u0301conomique dans un moment critique.<\/p>\n<p>Selon un nouveau rapport de la Banque mondiale, le rythme des re\u0301formes en faveur de l\u2019e\u0301galite\u0301 de traitement des femmes devant la loi a atteint son niveau le plus bas depuis 20 ans, ce qui risque d\u2019entraver la croissance e\u0301conomique a\u0300 un moment critique pour l\u2019e\u0301conomie mondiale.<\/p>\n<p>En 2022, le score moyen mondial de l\u2019indice produit par le rapport \u00ab Les Femmes, l\u2019Entreprise et le Droit \u00bb n\u2019a augmente\u0301 que d\u2019un demi-point pour atteindre 77,1 sur 100, cela signifie que les femmes ne jouissent en moyenne que d\u2019a\u0300 peine 77 % des droits juridiques reconnus aux hommes. Le rapport note qu\u2019au rythme actuel des re\u0301formes, dans de nombreux pays, une jeune femme qui entre aujourd\u2019hui dans la vie active prendra sa retraite avant d\u2019avoir pu obtenir les me\u0302mes droits que les hommes.<\/p>\n<p>Le rapport \u00ab Les Femmes, l\u2019Entreprise et le Droit 2023 \u00bb passe au crible les lois et re\u0300glements de 190 pays au regard de huit domaines qui influent sur la participation des femmes a\u0300 la vie e\u0301conomique : mobilite\u0301, travail, re\u0301mune\u0301ration, mariage, parentalite\u0301, entrepreneuriat, actifs et retraite. Les donne\u0301es, arre\u0302te\u0301es au 1er octobre 2022, fournissent des repe\u0300res objectifs qui permettent de mesurer les progre\u0300s re\u0301alise\u0301s a\u0300 travers le monde en matie\u0300re d\u2019e\u0301galite\u0301 juridique entre les sexes. Aujourd\u2019hui, seuls 14 pays tous des e\u0301conomies a\u0300 revenu e\u0301leve\u0301 ont atteint une parite\u0301 juridique totale.<\/p>\n<p>Selon la BM pre\u0300s de 2,4 milliards de femmes en a\u0302ge de travailler dans le monde ne jouissent toujours pas des me\u0302mes droits que les hommes. Or, en comblant l\u2019e\u0301cart entre les sexes en matie\u0300re d\u2019emploi, le PIB par habitant pourrait augmenter a\u0300 long terme de pre\u0300s de 20 % en moyenne. En outre, des e\u0301tudes estiment entre 5 000 et 6 000 milliards de dollars les gains e\u0301conomiques mondiaux qui pourraient e\u0302tre obtenus si les femmes cre\u0301aient et de\u0301veloppaient de nouvelles entreprises au me\u0302me rythme que les hommes.<\/p>\n<p>\u00ab A\u0300 l\u2019heure ou\u0300 la croissance e\u0301conomique mondiale ralentit, tous les pays doivent mobiliser l\u2019inte\u0301gralite\u0301 de leur capacite\u0301 de production pour faire face a\u0300 la confluence des crises auxquelles ils sont confronte\u0301s \u00bb, souligne Indermit Gill, e\u0301conomiste en chef du Groupe de la Banque mondiale et premier vice-pre\u0301sident en charge de l\u2019E\u0301conomie du de\u0301veloppement.<\/p>\n<p><b>\u00ab <\/b>Les E\u0301tats ne peuvent pas se permettre de mettre a\u0300 l\u2019e\u0301cart pre\u0300s de la moitie\u0301 de leur population. Le fait qu\u2019une grande partie du monde n\u2019accorde pas aux femmes les me\u0302mes droits qu\u2019aux hommes constitue non seulement une injustice a\u0300 l\u2019e\u0301gard de celles-ci, mais aussi un obstacle a\u0300 la capacite\u0301 de ces pays a\u0300 promouvoir un de\u0301veloppement vert, re\u0301silient et inclusif \u00bb.<\/p>\n<p><strong>Pour plus d&rsquo;informations et d&rsquo;analyses sur la <a href=\"https:\/\/www.africa-press.net\/cameroun\">Cameroun<\/a>, suivez <a href=\"https:\/\/www.africa-press.net\/\">Africa-Press<\/a><\/strong><\/p>\n","protected":false},"excerpt":{"rendered":"<p>Africa-Press &#8211; Cameroun. Selon la Banque mondiale, cette situation entrave la croissance e\u0301conomique dans un moment critique. Selon un nouveau rapport de la Banque mondiale, le rythme des re\u0301formes en faveur de l\u2019e\u0301galite\u0301 de traitement des femmes devant la loi a atteint son niveau le plus bas depuis 20 ans, ce qui risque d\u2019entraver la [&hellip;]<\/p>\n","protected":false},"author":82,"featured_media":38747,"comment_status":"open","ping_status":"closed","sticky":false,"template":"","format":"standard","meta":{"footnotes":""},"categories":[3,10],"tags":[36,50,49],"class_list":["post-38749","post","type-post","status-publish","format-standard","has-post-thumbnail","hentry","category-economie","category-toutes-les-actualites","tag-africa-press","tag-africa-press-cameroun","tag-cameroun"],"yoast_head":"<!-- This site is optimized with the Yoast SEO Premium plugin v26.1 (Yoast SEO v27.0) - https:\/\/yoast.com\/product\/yoast-seo-premium-wordpress\/ -->\n<title>JIF\u00a0: 2,4\u00a0milliards de femmes en \u00e2ge de travailler ne jouissent pas des m\u00eames droits que les hommes - Cameroun<\/title>\n<meta name=\"description\" content=\"Selon la Banque mondiale, cette situation entrave la croissance e\u0301conomique dans un moment critique. Selon un nouveau r ...\" \/>\n<meta name=\"robots\" content=\"index, follow, max-snippet:-1, max-image-preview:large, max-video-preview:-1\" \/>\n<link rel=\"canonical\" href=\"https:\/\/www.africa-press.net\/cameroun\/economie\/jif-24-milliards-de-femmes-en-age-de-travailler-ne-jouissent-pas-des-memes-droits-que-les-hommes\" \/>\n<meta property=\"og:locale\" content=\"fr_FR\" \/>\n<meta property=\"og:type\" content=\"article\" \/>\n<meta property=\"og:title\" content=\"JIF\u00a0: 2,4\u00a0milliards de femmes en \u00e2ge de travailler ne jouissent pas des m\u00eames droits que les hommes\" \/>\n<meta property=\"og:description\" content=\"Selon la Banque mondiale, cette situation entrave la croissance e\u0301conomique dans un moment critique. Selon un nouveau r ...\" \/>\n<meta property=\"og:url\" content=\"https:\/\/www.africa-press.net\/cameroun\/economie\/jif-24-milliards-de-femmes-en-age-de-travailler-ne-jouissent-pas-des-memes-droits-que-les-hommes\" \/>\n<meta property=\"og:site_name\" content=\"Cameroun\" \/>\n<meta property=\"article:published_time\" content=\"2023-03-08T22:19:01+00:00\" \/>\n<meta property=\"article:modified_time\" content=\"2023-03-08T23:23:03+00:00\" \/>\n<meta property=\"og:image\" content=\"https:\/\/static.africa-press.net\/cameroun\/sites\/57\/2023\/03\/postQueueImg_1678301344.76.jpg\" \/>\n\t<meta property=\"og:image:width\" content=\"1280\" \/>\n\t<meta property=\"og:image:height\" content=\"800\" \/>\n\t<meta property=\"og:image:type\" content=\"image\/jpeg\" \/>\n<meta name=\"author\" content=\"cfeditorfr\" \/>\n<meta name=\"twitter:card\" content=\"summary_large_image\" \/>\n<meta name=\"twitter:label1\" content=\"\u00c9crit par\" \/>\n\t<meta name=\"twitter:data1\" content=\"cfeditorfr\" \/>\n\t<meta name=\"twitter:label2\" content=\"Dur\u00e9e de lecture estim\u00e9e\" \/>\n\t<meta name=\"twitter:data2\" content=\"3 minutes\" \/>\n<script type=\"application\/ld+json\" class=\"yoast-schema-graph\">{\"@context\":\"https:\/\/schema.org\",\"@graph\":[{\"@type\":\"Article\",\"@id\":\"https:\/\/www.africa-press.net\/cameroun\/economie\/jif-24-milliards-de-femmes-en-age-de-travailler-ne-jouissent-pas-des-memes-droits-que-les-hommes#article\",\"isPartOf\":{\"@id\":\"https:\/\/www.africa-press.net\/cameroun\/economie\/jif-24-milliards-de-femmes-en-age-de-travailler-ne-jouissent-pas-des-memes-droits-que-les-hommes\"},\"author\":{\"name\":\"cfeditorfr\",\"@id\":\"https:\/\/www.africa-press.net\/cameroun\/#\/schema\/person\/2b1cf3cd81a31e3cd26889ca66d677f1\"},\"headline\":\"JIF\u00a0: 2,4\u00a0milliards de femmes en \u00e2ge de travailler ne jouissent pas des m\u00eames droits que les hommes\",\"datePublished\":\"2023-03-08T22:19:01+00:00\",\"dateModified\":\"2023-03-08T23:23:03+00:00\",\"mainEntityOfPage\":{\"@id\":\"https:\/\/www.africa-press.net\/cameroun\/economie\/jif-24-milliards-de-femmes-en-age-de-travailler-ne-jouissent-pas-des-memes-droits-que-les-hommes\"},\"wordCount\":523,\"commentCount\":0,\"image\":{\"@id\":\"https:\/\/www.africa-press.net\/cameroun\/economie\/jif-24-milliards-de-femmes-en-age-de-travailler-ne-jouissent-pas-des-memes-droits-que-les-hommes#primaryimage\"},\"thumbnailUrl\":\"https:\/\/static.africa-press.net\/cameroun\/sites\/57\/2023\/03\/postQueueImg_1678301344.76.jpg\",\"keywords\":[\"Africa Press\",\"Africa Press-Cameroun\",\"Cameroun\"],\"articleSection\":[\"\u00c9conomie\",\"Toutes les actualit\u00e9s\"],\"inLanguage\":\"fr-FR\",\"potentialAction\":[{\"@type\":\"CommentAction\",\"name\":\"Comment\",\"target\":[\"https:\/\/www.africa-press.net\/cameroun\/economie\/jif-24-milliards-de-femmes-en-age-de-travailler-ne-jouissent-pas-des-memes-droits-que-les-hommes#respond\"]}]},{\"@type\":\"WebPage\",\"@id\":\"https:\/\/www.africa-press.net\/cameroun\/economie\/jif-24-milliards-de-femmes-en-age-de-travailler-ne-jouissent-pas-des-memes-droits-que-les-hommes\",\"url\":\"https:\/\/www.africa-press.net\/cameroun\/economie\/jif-24-milliards-de-femmes-en-age-de-travailler-ne-jouissent-pas-des-memes-droits-que-les-hommes\",\"name\":\"JIF\u00a0: 2,4\u00a0milliards de femmes en \u00e2ge de travailler ne jouissent pas des m\u00eames droits que les hommes - Cameroun\",\"isPartOf\":{\"@id\":\"https:\/\/www.africa-press.net\/cameroun\/#website\"},\"primaryImageOfPage\":{\"@id\":\"https:\/\/www.africa-press.net\/cameroun\/economie\/jif-24-milliards-de-femmes-en-age-de-travailler-ne-jouissent-pas-des-memes-droits-que-les-hommes#primaryimage\"},\"image\":{\"@id\":\"https:\/\/www.africa-press.net\/cameroun\/economie\/jif-24-milliards-de-femmes-en-age-de-travailler-ne-jouissent-pas-des-memes-droits-que-les-hommes#primaryimage\"},\"thumbnailUrl\":\"https:\/\/static.africa-press.net\/cameroun\/sites\/57\/2023\/03\/postQueueImg_1678301344.76.jpg\",\"datePublished\":\"2023-03-08T22:19:01+00:00\",\"dateModified\":\"2023-03-08T23:23:03+00:00\",\"author\":{\"@id\":\"https:\/\/www.africa-press.net\/cameroun\/#\/schema\/person\/2b1cf3cd81a31e3cd26889ca66d677f1\"},\"description\":\"Selon la Banque mondiale, cette situation entrave la croissance e\u0301conomique dans un moment critique. Selon un nouveau r ...\",\"breadcrumb\":{\"@id\":\"https:\/\/www.africa-press.net\/cameroun\/economie\/jif-24-milliards-de-femmes-en-age-de-travailler-ne-jouissent-pas-des-memes-droits-que-les-hommes#breadcrumb\"},\"inLanguage\":\"fr-FR\",\"potentialAction\":[{\"@type\":\"ReadAction\",\"target\":[\"https:\/\/www.africa-press.net\/cameroun\/economie\/jif-24-milliards-de-femmes-en-age-de-travailler-ne-jouissent-pas-des-memes-droits-que-les-hommes\"]}]},{\"@type\":\"ImageObject\",\"inLanguage\":\"fr-FR\",\"@id\":\"https:\/\/www.africa-press.net\/cameroun\/economie\/jif-24-milliards-de-femmes-en-age-de-travailler-ne-jouissent-pas-des-memes-droits-que-les-hommes#primaryimage\",\"url\":\"https:\/\/static.africa-press.net\/cameroun\/sites\/57\/2023\/03\/postQueueImg_1678301344.76.jpg\",\"contentUrl\":\"https:\/\/static.africa-press.net\/cameroun\/sites\/57\/2023\/03\/postQueueImg_1678301344.76.jpg\",\"width\":1280,\"height\":800,\"caption\":\"JIF\u00a0: 2,4\u00a0milliards de femmes en \u00e2ge de travailler ne jouissent pas des m\u00eames droits que les hommes\"},{\"@type\":\"BreadcrumbList\",\"@id\":\"https:\/\/www.africa-press.net\/cameroun\/economie\/jif-24-milliards-de-femmes-en-age-de-travailler-ne-jouissent-pas-des-memes-droits-que-les-hommes#breadcrumb\",\"itemListElement\":[{\"@type\":\"ListItem\",\"position\":1,\"name\":\"Accueil\",\"item\":\"https:\/\/www.africa-press.net\/cameroun\/\"},{\"@type\":\"ListItem\",\"position\":2,\"name\":\"JIF\u00a0: 2,4\u00a0milliards de femmes en \u00e2ge de travailler ne jouissent pas des m\u00eames droits que les hommes\"}]},{\"@type\":\"WebSite\",\"@id\":\"https:\/\/www.africa-press.net\/cameroun\/#website\",\"url\":\"https:\/\/www.africa-press.net\/cameroun\/\",\"name\":\"Cameroun\",\"description\":\"Just another Africa News Agency Sites site\",\"potentialAction\":[{\"@type\":\"SearchAction\",\"target\":{\"@type\":\"EntryPoint\",\"urlTemplate\":\"https:\/\/www.africa-press.net\/cameroun\/?s={search_term_string}\"},\"query-input\":{\"@type\":\"PropertyValueSpecification\",\"valueRequired\":true,\"valueName\":\"search_term_string\"}}],\"inLanguage\":\"fr-FR\"},{\"@type\":\"Person\",\"@id\":\"https:\/\/www.africa-press.net\/cameroun\/#\/schema\/person\/2b1cf3cd81a31e3cd26889ca66d677f1\",\"name\":\"cfeditorfr\"}]}<\/script>\n<!-- \/ Yoast SEO Premium plugin. -->","yoast_head_json":{"title":"JIF\u00a0: 2,4\u00a0milliards de femmes en \u00e2ge de travailler ne jouissent pas des m\u00eames droits que les hommes - Cameroun","description":"Selon la Banque mondiale, cette situation entrave la croissance e\u0301conomique dans un moment critique. Selon un nouveau r ...","robots":{"index":"index","follow":"follow","max-snippet":"max-snippet:-1","max-image-preview":"max-image-preview:large","max-video-preview":"max-video-preview:-1"},"canonical":"https:\/\/www.africa-press.net\/cameroun\/economie\/jif-24-milliards-de-femmes-en-age-de-travailler-ne-jouissent-pas-des-memes-droits-que-les-hommes","og_locale":"fr_FR","og_type":"article","og_title":"JIF\u00a0: 2,4\u00a0milliards de femmes en \u00e2ge de travailler ne jouissent pas des m\u00eames droits que les hommes","og_description":"Selon la Banque mondiale, cette situation entrave la croissance e\u0301conomique dans un moment critique. Selon un nouveau r ...","og_url":"https:\/\/www.africa-press.net\/cameroun\/economie\/jif-24-milliards-de-femmes-en-age-de-travailler-ne-jouissent-pas-des-memes-droits-que-les-hommes","og_site_name":"Cameroun","article_published_time":"2023-03-08T22:19:01+00:00","article_modified_time":"2023-03-08T23:23:03+00:00","og_image":[{"width":1280,"height":800,"url":"https:\/\/static.africa-press.net\/cameroun\/sites\/57\/2023\/03\/postQueueImg_1678301344.76.jpg","type":"image\/jpeg"}],"author":"cfeditorfr","twitter_card":"summary_large_image","twitter_misc":{"\u00c9crit par":"cfeditorfr","Dur\u00e9e de lecture estim\u00e9e":"3 minutes"},"schema":{"@context":"https:\/\/schema.org","@graph":[{"@type":"Article","@id":"https:\/\/www.africa-press.net\/cameroun\/economie\/jif-24-milliards-de-femmes-en-age-de-travailler-ne-jouissent-pas-des-memes-droits-que-les-hommes#article","isPartOf":{"@id":"https:\/\/www.africa-press.net\/cameroun\/economie\/jif-24-milliards-de-femmes-en-age-de-travailler-ne-jouissent-pas-des-memes-droits-que-les-hommes"},"author":{"name":"cfeditorfr","@id":"https:\/\/www.africa-press.net\/cameroun\/#\/schema\/person\/2b1cf3cd81a31e3cd26889ca66d677f1"},"headline":"JIF\u00a0: 2,4\u00a0milliards de femmes en \u00e2ge de travailler ne jouissent pas des m\u00eames droits que les hommes","datePublished":"2023-03-08T22:19:01+00:00","dateModified":"2023-03-08T23:23:03+00:00","mainEntityOfPage":{"@id":"https:\/\/www.africa-press.net\/cameroun\/economie\/jif-24-milliards-de-femmes-en-age-de-travailler-ne-jouissent-pas-des-memes-droits-que-les-hommes"},"wordCount":523,"commentCount":0,"image":{"@id":"https:\/\/www.africa-press.net\/cameroun\/economie\/jif-24-milliards-de-femmes-en-age-de-travailler-ne-jouissent-pas-des-memes-droits-que-les-hommes#primaryimage"},"thumbnailUrl":"https:\/\/static.africa-press.net\/cameroun\/sites\/57\/2023\/03\/postQueueImg_1678301344.76.jpg","keywords":["Africa Press","Africa Press-Cameroun","Cameroun"],"articleSection":["\u00c9conomie","Toutes les actualit\u00e9s"],"inLanguage":"fr-FR","potentialAction":[{"@type":"CommentAction","name":"Comment","target":["https:\/\/www.africa-press.net\/cameroun\/economie\/jif-24-milliards-de-femmes-en-age-de-travailler-ne-jouissent-pas-des-memes-droits-que-les-hommes#respond"]}]},{"@type":"WebPage","@id":"https:\/\/www.africa-press.net\/cameroun\/economie\/jif-24-milliards-de-femmes-en-age-de-travailler-ne-jouissent-pas-des-memes-droits-que-les-hommes","url":"https:\/\/www.africa-press.net\/cameroun\/economie\/jif-24-milliards-de-femmes-en-age-de-travailler-ne-jouissent-pas-des-memes-droits-que-les-hommes","name":"JIF\u00a0: 2,4\u00a0milliards de femmes en \u00e2ge de travailler ne jouissent pas des m\u00eames droits que les hommes - Cameroun","isPartOf":{"@id":"https:\/\/www.africa-press.net\/cameroun\/#website"},"primaryImageOfPage":{"@id":"https:\/\/www.africa-press.net\/cameroun\/economie\/jif-24-milliards-de-femmes-en-age-de-travailler-ne-jouissent-pas-des-memes-droits-que-les-hommes#primaryimage"},"image":{"@id":"https:\/\/www.africa-press.net\/cameroun\/economie\/jif-24-milliards-de-femmes-en-age-de-travailler-ne-jouissent-pas-des-memes-droits-que-les-hommes#primaryimage"},"thumbnailUrl":"https:\/\/static.africa-press.net\/cameroun\/sites\/57\/2023\/03\/postQueueImg_1678301344.76.jpg","datePublished":"2023-03-08T22:19:01+00:00","dateModified":"2023-03-08T23:23:03+00:00","author":{"@id":"https:\/\/www.africa-press.net\/cameroun\/#\/schema\/person\/2b1cf3cd81a31e3cd26889ca66d677f1"},"description":"Selon la Banque mondiale, cette situation entrave la croissance e\u0301conomique dans un moment critique. Selon un nouveau r ...","breadcrumb":{"@id":"https:\/\/www.africa-press.net\/cameroun\/economie\/jif-24-milliards-de-femmes-en-age-de-travailler-ne-jouissent-pas-des-memes-droits-que-les-hommes#breadcrumb"},"inLanguage":"fr-FR","potentialAction":[{"@type":"ReadAction","target":["https:\/\/www.africa-press.net\/cameroun\/economie\/jif-24-milliards-de-femmes-en-age-de-travailler-ne-jouissent-pas-des-memes-droits-que-les-hommes"]}]},{"@type":"ImageObject","inLanguage":"fr-FR","@id":"https:\/\/www.africa-press.net\/cameroun\/economie\/jif-24-milliards-de-femmes-en-age-de-travailler-ne-jouissent-pas-des-memes-droits-que-les-hommes#primaryimage","url":"https:\/\/static.africa-press.net\/cameroun\/sites\/57\/2023\/03\/postQueueImg_1678301344.76.jpg","contentUrl":"https:\/\/static.africa-press.net\/cameroun\/sites\/57\/2023\/03\/postQueueImg_1678301344.76.jpg","width":1280,"height":800,"caption":"JIF\u00a0: 2,4\u00a0milliards de femmes en \u00e2ge de travailler ne jouissent pas des m\u00eames droits que les hommes"},{"@type":"BreadcrumbList","@id":"https:\/\/www.africa-press.net\/cameroun\/economie\/jif-24-milliards-de-femmes-en-age-de-travailler-ne-jouissent-pas-des-memes-droits-que-les-hommes#breadcrumb","itemListElement":[{"@type":"ListItem","position":1,"name":"Accueil","item":"https:\/\/www.africa-press.net\/cameroun\/"},{"@type":"ListItem","position":2,"name":"JIF\u00a0: 2,4\u00a0milliards de femmes en \u00e2ge de travailler ne jouissent pas des m\u00eames droits que les hommes"}]},{"@type":"WebSite","@id":"https:\/\/www.africa-press.net\/cameroun\/#website","url":"https:\/\/www.africa-press.net\/cameroun\/","name":"Cameroun","description":"Just another Africa News Agency Sites site","potentialAction":[{"@type":"SearchAction","target":{"@type":"EntryPoint","urlTemplate":"https:\/\/www.africa-press.net\/cameroun\/?s={search_term_string}"},"query-input":{"@type":"PropertyValueSpecification","valueRequired":true,"valueName":"search_term_string"}}],"inLanguage":"fr-FR"},{"@type":"Person","@id":"https:\/\/www.africa-press.net\/cameroun\/#\/schema\/person\/2b1cf3cd81a31e3cd26889ca66d677f1","name":"cfeditorfr"}]}},"_links":{"self":[{"href":"https:\/\/www.africa-press.net\/cameroun\/wp-json\/wp\/v2\/posts\/38749","targetHints":{"allow":["GET"]}}],"collection":[{"href":"https:\/\/www.africa-press.net\/cameroun\/wp-json\/wp\/v2\/posts"}],"about":[{"href":"https:\/\/www.africa-press.net\/cameroun\/wp-json\/wp\/v2\/types\/post"}],"author":[{"embeddable":true,"href":"https:\/\/www.africa-press.net\/cameroun\/wp-json\/wp\/v2\/users\/82"}],"replies":[{"embeddable":true,"href":"https:\/\/www.africa-press.net\/cameroun\/wp-json\/wp\/v2\/comments?post=38749"}],"version-history":[{"count":0,"href":"https:\/\/www.africa-press.net\/cameroun\/wp-json\/wp\/v2\/posts\/38749\/revisions"}],"wp:featuredmedia":[{"embeddable":true,"href":"https:\/\/www.africa-press.net\/cameroun\/wp-json\/wp\/v2\/media\/38747"}],"wp:attachment":[{"href":"https:\/\/www.africa-press.net\/cameroun\/wp-json\/wp\/v2\/media?parent=38749"}],"wp:term":[{"taxonomy":"category","embeddable":true,"href":"https:\/\/www.africa-press.net\/cameroun\/wp-json\/wp\/v2\/categories?post=38749"},{"taxonomy":"post_tag","embeddable":true,"href":"https:\/\/www.africa-press.net\/cameroun\/wp-json\/wp\/v2\/tags?post=38749"}],"curies":[{"name":"wp","href":"https:\/\/api.w.org\/{rel}","templated":true}]}}