{"id":38752,"date":"2023-03-08T22:19:29","date_gmt":"2023-03-08T22:19:29","guid":{"rendered":"https:\/\/www.africa-press.net\/cameroun\/politique\/600-camerounais-sur-le-chemin-de-leldorado-en-souffrance"},"modified":"2023-03-08T23:23:40","modified_gmt":"2023-03-08T23:23:40","slug":"600-camerounais-sur-le-chemin-de-leldorado-en-souffrance","status":"publish","type":"post","link":"https:\/\/www.africa-press.net\/cameroun\/toutes-les-actualites\/600-camerounais-sur-le-chemin-de-leldorado-en-souffrance","title":{"rendered":"600 Camerounais sur le chemin de \u00ab l\u2019Eldorado \u00bb en souffrance"},"content":{"rendered":"<p><span style=\"color: #ff6600\"><strong>Africa-Press &#8211; Cameroun. <\/strong><\/span><b>Partis en \u00abaventure\u00bb, ces migrants camerounais sont bloque\u0301s aux i\u0302les des Carai\u0308bes dont beaucoup d\u2019entre eux n\u2019avaient jamais entendu parler.<\/b><\/p>\n<p>Immigrations clandestines ! Daniel fait partie des 600 migrants camerounais de\u0301sespe\u0301re\u0301s qui se sont retrouve\u0301s bloque\u0301s sur une minuscule i\u0302le de 94 000 habitants dans les Carai\u0308bes orientales. Ils y ont e\u0301te\u0301 bloque\u0301s a\u0300 la suite de ce qui semble avoir e\u0301te\u0301 une ope\u0301ration de passage clandestin. Certains ont de\u0301bourse\u0301 jusqu\u2019a\u0300 plus de 3,5 millions de F. Ils ont emprunte\u0301 des vols charters commercialise\u0301s sur les re\u0301seaux sociaux par de faux voyagistes promettant d\u2019organiser la logistique de l\u2019immigration dans le cadre du forfait, croit savoir le site O camer.<\/p>\n<p>La plupart de ceux qui se sont retrouve\u0301s sans le savoir a\u0300 Antigua \u2013 une i\u0302le dont certains disent n\u2019avoir jamais entendu parler auparavant \u2013 disent qu\u2019ils ne s\u2019attendaient qu\u2019a\u0300 rester quelques jours avant d\u2019e\u0302tre emmene\u0301s en Ame\u0301rique du Sud. C\u2019est de la\u0300 qu\u2019ils avaient pre\u0301vu de partir pour se rendre aux E\u0301tats-Unis. Mais le transport ne s\u2019e\u0301tant pas concre\u0301tise\u0301, ils se sont retrouve\u0301s coince\u0301s a\u0300 Antigua, sans argent pour financer la suite de leur voyage.<\/p>\n<p>Le fiasco a e\u0301clate\u0301 a\u0300 la suite des tentatives du gouvernement d\u2019Antigua-et-Barbuda d\u2019e\u0301tablir une liaison ae\u0301rienne directe entre l\u2019i\u0302le jumelle et l\u2019Afrique centrale. Trois sie\u0300cles apre\u0300s que les ance\u0302tres des Antiguais ont e\u0301te\u0301 force\u0301s de monter sur des bateaux d\u2019esclaves en provenance d\u2019Afrique pour travailler dans les plantations de sucre appartenant aux Britanniques sur l\u2019i\u0302le, beaucoup ont accueilli favorablement les nouveaux liens avec la me\u0300re patrie. Le premier vol charter s\u2019est pose\u0301 \u2013 comme il se doit \u2013 le jour de l\u2019inde\u0301pendance, le 1er novembre, avec un salut au canon a\u0300 eau.<\/p>\n<p>En l\u2019espace de quelques semaines, au moins trois autres vols charters ope\u0301re\u0301s par un autre transporteur refle\u0301tant ses activite\u0301s sont arrive\u0301s dans le pays avec a\u0300 leur bord des foules de Camerounais fuyant les perse\u0301cutions.<\/p>\n<p>\u00abLe gouvernement doit re\u0301soudre cette question a\u0300 la fois pour les pauvres du Cameroun et pour les pauvres d\u2019Antigua\u00bb, de\u0301clare a\u0300 la BBC Makeda Mikael, chef d\u2019entreprise dans le secteur de l\u2019aviation. L\u2019ouverture du centre de l\u2019Atlantique comme route migratoire pourrait ruiner le tourisme dans les Carai\u0308bes\u00bb. Le gouvernement avait pre\u0301ce\u0301demment de\u0301clare\u0301 son intention de rapatrier les re\u0301fugie\u0301s. Il a depuis annonce\u0301 une volte-face pour des raisons humanitaires.<\/p>\n<p><strong>Pour plus d&rsquo;informations et d&rsquo;analyses sur la <a href=\"https:\/\/www.africa-press.net\/cameroun\">Cameroun<\/a>, suivez <a href=\"https:\/\/www.africa-press.net\/\">Africa-Press<\/a><\/strong><\/p>\n","protected":false},"excerpt":{"rendered":"<p>Africa-Press &#8211; Cameroun. Partis en \u00abaventure\u00bb, ces migrants camerounais sont bloque\u0301s aux i\u0302les des Carai\u0308bes dont beaucoup d\u2019entre eux n\u2019avaient jamais entendu parler. Immigrations clandestines ! Daniel fait partie des 600 migrants camerounais de\u0301sespe\u0301re\u0301s qui se sont retrouve\u0301s bloque\u0301s sur une minuscule i\u0302le de 94 000 habitants dans les Carai\u0308bes orientales. Ils y ont e\u0301te\u0301 [&hellip;]<\/p>\n","protected":false},"author":82,"featured_media":38750,"comment_status":"open","ping_status":"closed","sticky":false,"template":"","format":"standard","meta":{"footnotes":""},"categories":[21,10],"tags":[36,50,49],"class_list":["post-38752","post","type-post","status-publish","format-standard","has-post-thumbnail","hentry","category-communaute","category-toutes-les-actualites","tag-africa-press","tag-africa-press-cameroun","tag-cameroun"],"yoast_head":"<!-- This site is optimized with the Yoast SEO Premium plugin v26.1 (Yoast SEO v27.0) - https:\/\/yoast.com\/product\/yoast-seo-premium-wordpress\/ -->\n<title>600 Camerounais sur le chemin de \u00ab l\u2019Eldorado \u00bb en souffrance - Cameroun<\/title>\n<meta name=\"description\" content=\"Partis en \u00abaventure\u00bb, ces migrants camerounais sont bloque\u0301s aux i\u0302les des Carai\u0308bes dont beaucoup d\u2019entre eux n\u2019avai ...\" \/>\n<meta name=\"robots\" content=\"index, follow, max-snippet:-1, max-image-preview:large, max-video-preview:-1\" \/>\n<link rel=\"canonical\" href=\"https:\/\/www.africa-press.net\/cameroun\/toutes-les-actualites\/600-camerounais-sur-le-chemin-de-leldorado-en-souffrance\" \/>\n<meta property=\"og:locale\" content=\"fr_FR\" \/>\n<meta property=\"og:type\" content=\"article\" \/>\n<meta property=\"og:title\" content=\"600 Camerounais sur le chemin de \u00ab l\u2019Eldorado \u00bb en souffrance\" \/>\n<meta property=\"og:description\" content=\"Partis en \u00abaventure\u00bb, ces migrants camerounais sont bloque\u0301s aux i\u0302les des Carai\u0308bes dont beaucoup d\u2019entre eux n\u2019avai ...\" \/>\n<meta property=\"og:url\" content=\"https:\/\/www.africa-press.net\/cameroun\/toutes-les-actualites\/600-camerounais-sur-le-chemin-de-leldorado-en-souffrance\" \/>\n<meta property=\"og:site_name\" content=\"Cameroun\" \/>\n<meta property=\"article:published_time\" content=\"2023-03-08T22:19:29+00:00\" \/>\n<meta property=\"article:modified_time\" content=\"2023-03-08T23:23:40+00:00\" \/>\n<meta property=\"og:image\" content=\"https:\/\/static.africa-press.net\/cameroun\/sites\/57\/2023\/03\/postQueueImg_1678301389.75.jpg\" \/>\n\t<meta property=\"og:image:width\" content=\"720\" \/>\n\t<meta property=\"og:image:height\" content=\"405\" \/>\n\t<meta property=\"og:image:type\" content=\"image\/jpeg\" \/>\n<meta name=\"author\" content=\"cfeditorfr\" \/>\n<meta name=\"twitter:card\" content=\"summary_large_image\" \/>\n<meta name=\"twitter:label1\" content=\"\u00c9crit par\" \/>\n\t<meta name=\"twitter:data1\" content=\"cfeditorfr\" \/>\n\t<meta name=\"twitter:label2\" content=\"Dur\u00e9e de lecture estim\u00e9e\" \/>\n\t<meta name=\"twitter:data2\" content=\"2 minutes\" \/>\n<script type=\"application\/ld+json\" class=\"yoast-schema-graph\">{\"@context\":\"https:\/\/schema.org\",\"@graph\":[{\"@type\":\"Article\",\"@id\":\"https:\/\/www.africa-press.net\/cameroun\/toutes-les-actualites\/600-camerounais-sur-le-chemin-de-leldorado-en-souffrance#article\",\"isPartOf\":{\"@id\":\"https:\/\/www.africa-press.net\/cameroun\/toutes-les-actualites\/600-camerounais-sur-le-chemin-de-leldorado-en-souffrance\"},\"author\":{\"name\":\"cfeditorfr\",\"@id\":\"https:\/\/www.africa-press.net\/cameroun\/#\/schema\/person\/2b1cf3cd81a31e3cd26889ca66d677f1\"},\"headline\":\"600 Camerounais sur le chemin de \u00ab l\u2019Eldorado \u00bb en souffrance\",\"datePublished\":\"2023-03-08T22:19:29+00:00\",\"dateModified\":\"2023-03-08T23:23:40+00:00\",\"mainEntityOfPage\":{\"@id\":\"https:\/\/www.africa-press.net\/cameroun\/toutes-les-actualites\/600-camerounais-sur-le-chemin-de-leldorado-en-souffrance\"},\"wordCount\":477,\"commentCount\":0,\"image\":{\"@id\":\"https:\/\/www.africa-press.net\/cameroun\/toutes-les-actualites\/600-camerounais-sur-le-chemin-de-leldorado-en-souffrance#primaryimage\"},\"thumbnailUrl\":\"https:\/\/static.africa-press.net\/cameroun\/sites\/57\/2023\/03\/postQueueImg_1678301389.75.jpg\",\"keywords\":[\"Africa Press\",\"Africa Press-Cameroun\",\"Cameroun\"],\"articleSection\":[\"Communaut\u00e9\",\"Toutes les actualit\u00e9s\"],\"inLanguage\":\"fr-FR\",\"potentialAction\":[{\"@type\":\"CommentAction\",\"name\":\"Comment\",\"target\":[\"https:\/\/www.africa-press.net\/cameroun\/toutes-les-actualites\/600-camerounais-sur-le-chemin-de-leldorado-en-souffrance#respond\"]}]},{\"@type\":\"WebPage\",\"@id\":\"https:\/\/www.africa-press.net\/cameroun\/toutes-les-actualites\/600-camerounais-sur-le-chemin-de-leldorado-en-souffrance\",\"url\":\"https:\/\/www.africa-press.net\/cameroun\/toutes-les-actualites\/600-camerounais-sur-le-chemin-de-leldorado-en-souffrance\",\"name\":\"600 Camerounais sur le chemin de \u00ab l\u2019Eldorado \u00bb en souffrance - Cameroun\",\"isPartOf\":{\"@id\":\"https:\/\/www.africa-press.net\/cameroun\/#website\"},\"primaryImageOfPage\":{\"@id\":\"https:\/\/www.africa-press.net\/cameroun\/toutes-les-actualites\/600-camerounais-sur-le-chemin-de-leldorado-en-souffrance#primaryimage\"},\"image\":{\"@id\":\"https:\/\/www.africa-press.net\/cameroun\/toutes-les-actualites\/600-camerounais-sur-le-chemin-de-leldorado-en-souffrance#primaryimage\"},\"thumbnailUrl\":\"https:\/\/static.africa-press.net\/cameroun\/sites\/57\/2023\/03\/postQueueImg_1678301389.75.jpg\",\"datePublished\":\"2023-03-08T22:19:29+00:00\",\"dateModified\":\"2023-03-08T23:23:40+00:00\",\"author\":{\"@id\":\"https:\/\/www.africa-press.net\/cameroun\/#\/schema\/person\/2b1cf3cd81a31e3cd26889ca66d677f1\"},\"description\":\"Partis en \u00abaventure\u00bb, ces migrants camerounais sont bloque\u0301s aux i\u0302les des Carai\u0308bes dont beaucoup d\u2019entre eux n\u2019avai ...\",\"breadcrumb\":{\"@id\":\"https:\/\/www.africa-press.net\/cameroun\/toutes-les-actualites\/600-camerounais-sur-le-chemin-de-leldorado-en-souffrance#breadcrumb\"},\"inLanguage\":\"fr-FR\",\"potentialAction\":[{\"@type\":\"ReadAction\",\"target\":[\"https:\/\/www.africa-press.net\/cameroun\/toutes-les-actualites\/600-camerounais-sur-le-chemin-de-leldorado-en-souffrance\"]}]},{\"@type\":\"ImageObject\",\"inLanguage\":\"fr-FR\",\"@id\":\"https:\/\/www.africa-press.net\/cameroun\/toutes-les-actualites\/600-camerounais-sur-le-chemin-de-leldorado-en-souffrance#primaryimage\",\"url\":\"https:\/\/static.africa-press.net\/cameroun\/sites\/57\/2023\/03\/postQueueImg_1678301389.75.jpg\",\"contentUrl\":\"https:\/\/static.africa-press.net\/cameroun\/sites\/57\/2023\/03\/postQueueImg_1678301389.75.jpg\",\"width\":720,\"height\":405,\"caption\":\"600 Camerounais sur le chemin de \u00ab l\u2019Eldorado \u00bb en souffrance\"},{\"@type\":\"BreadcrumbList\",\"@id\":\"https:\/\/www.africa-press.net\/cameroun\/toutes-les-actualites\/600-camerounais-sur-le-chemin-de-leldorado-en-souffrance#breadcrumb\",\"itemListElement\":[{\"@type\":\"ListItem\",\"position\":1,\"name\":\"Accueil\",\"item\":\"https:\/\/www.africa-press.net\/cameroun\/\"},{\"@type\":\"ListItem\",\"position\":2,\"name\":\"600 Camerounais sur le chemin de \u00ab l\u2019Eldorado \u00bb en souffrance\"}]},{\"@type\":\"WebSite\",\"@id\":\"https:\/\/www.africa-press.net\/cameroun\/#website\",\"url\":\"https:\/\/www.africa-press.net\/cameroun\/\",\"name\":\"Cameroun\",\"description\":\"Just another Africa News Agency Sites site\",\"potentialAction\":[{\"@type\":\"SearchAction\",\"target\":{\"@type\":\"EntryPoint\",\"urlTemplate\":\"https:\/\/www.africa-press.net\/cameroun\/?s={search_term_string}\"},\"query-input\":{\"@type\":\"PropertyValueSpecification\",\"valueRequired\":true,\"valueName\":\"search_term_string\"}}],\"inLanguage\":\"fr-FR\"},{\"@type\":\"Person\",\"@id\":\"https:\/\/www.africa-press.net\/cameroun\/#\/schema\/person\/2b1cf3cd81a31e3cd26889ca66d677f1\",\"name\":\"cfeditorfr\"}]}<\/script>\n<!-- \/ Yoast SEO Premium plugin. -->","yoast_head_json":{"title":"600 Camerounais sur le chemin de \u00ab l\u2019Eldorado \u00bb en souffrance - Cameroun","description":"Partis en \u00abaventure\u00bb, ces migrants camerounais sont bloque\u0301s aux i\u0302les des Carai\u0308bes dont beaucoup d\u2019entre eux n\u2019avai ...","robots":{"index":"index","follow":"follow","max-snippet":"max-snippet:-1","max-image-preview":"max-image-preview:large","max-video-preview":"max-video-preview:-1"},"canonical":"https:\/\/www.africa-press.net\/cameroun\/toutes-les-actualites\/600-camerounais-sur-le-chemin-de-leldorado-en-souffrance","og_locale":"fr_FR","og_type":"article","og_title":"600 Camerounais sur le chemin de \u00ab l\u2019Eldorado \u00bb en souffrance","og_description":"Partis en \u00abaventure\u00bb, ces migrants camerounais sont bloque\u0301s aux i\u0302les des Carai\u0308bes dont beaucoup d\u2019entre eux n\u2019avai ...","og_url":"https:\/\/www.africa-press.net\/cameroun\/toutes-les-actualites\/600-camerounais-sur-le-chemin-de-leldorado-en-souffrance","og_site_name":"Cameroun","article_published_time":"2023-03-08T22:19:29+00:00","article_modified_time":"2023-03-08T23:23:40+00:00","og_image":[{"width":720,"height":405,"url":"https:\/\/static.africa-press.net\/cameroun\/sites\/57\/2023\/03\/postQueueImg_1678301389.75.jpg","type":"image\/jpeg"}],"author":"cfeditorfr","twitter_card":"summary_large_image","twitter_misc":{"\u00c9crit par":"cfeditorfr","Dur\u00e9e de lecture estim\u00e9e":"2 minutes"},"schema":{"@context":"https:\/\/schema.org","@graph":[{"@type":"Article","@id":"https:\/\/www.africa-press.net\/cameroun\/toutes-les-actualites\/600-camerounais-sur-le-chemin-de-leldorado-en-souffrance#article","isPartOf":{"@id":"https:\/\/www.africa-press.net\/cameroun\/toutes-les-actualites\/600-camerounais-sur-le-chemin-de-leldorado-en-souffrance"},"author":{"name":"cfeditorfr","@id":"https:\/\/www.africa-press.net\/cameroun\/#\/schema\/person\/2b1cf3cd81a31e3cd26889ca66d677f1"},"headline":"600 Camerounais sur le chemin de \u00ab l\u2019Eldorado \u00bb en souffrance","datePublished":"2023-03-08T22:19:29+00:00","dateModified":"2023-03-08T23:23:40+00:00","mainEntityOfPage":{"@id":"https:\/\/www.africa-press.net\/cameroun\/toutes-les-actualites\/600-camerounais-sur-le-chemin-de-leldorado-en-souffrance"},"wordCount":477,"commentCount":0,"image":{"@id":"https:\/\/www.africa-press.net\/cameroun\/toutes-les-actualites\/600-camerounais-sur-le-chemin-de-leldorado-en-souffrance#primaryimage"},"thumbnailUrl":"https:\/\/static.africa-press.net\/cameroun\/sites\/57\/2023\/03\/postQueueImg_1678301389.75.jpg","keywords":["Africa Press","Africa Press-Cameroun","Cameroun"],"articleSection":["Communaut\u00e9","Toutes les actualit\u00e9s"],"inLanguage":"fr-FR","potentialAction":[{"@type":"CommentAction","name":"Comment","target":["https:\/\/www.africa-press.net\/cameroun\/toutes-les-actualites\/600-camerounais-sur-le-chemin-de-leldorado-en-souffrance#respond"]}]},{"@type":"WebPage","@id":"https:\/\/www.africa-press.net\/cameroun\/toutes-les-actualites\/600-camerounais-sur-le-chemin-de-leldorado-en-souffrance","url":"https:\/\/www.africa-press.net\/cameroun\/toutes-les-actualites\/600-camerounais-sur-le-chemin-de-leldorado-en-souffrance","name":"600 Camerounais sur le chemin de \u00ab l\u2019Eldorado \u00bb en souffrance - Cameroun","isPartOf":{"@id":"https:\/\/www.africa-press.net\/cameroun\/#website"},"primaryImageOfPage":{"@id":"https:\/\/www.africa-press.net\/cameroun\/toutes-les-actualites\/600-camerounais-sur-le-chemin-de-leldorado-en-souffrance#primaryimage"},"image":{"@id":"https:\/\/www.africa-press.net\/cameroun\/toutes-les-actualites\/600-camerounais-sur-le-chemin-de-leldorado-en-souffrance#primaryimage"},"thumbnailUrl":"https:\/\/static.africa-press.net\/cameroun\/sites\/57\/2023\/03\/postQueueImg_1678301389.75.jpg","datePublished":"2023-03-08T22:19:29+00:00","dateModified":"2023-03-08T23:23:40+00:00","author":{"@id":"https:\/\/www.africa-press.net\/cameroun\/#\/schema\/person\/2b1cf3cd81a31e3cd26889ca66d677f1"},"description":"Partis en \u00abaventure\u00bb, ces migrants camerounais sont bloque\u0301s aux i\u0302les des Carai\u0308bes dont beaucoup d\u2019entre eux n\u2019avai ...","breadcrumb":{"@id":"https:\/\/www.africa-press.net\/cameroun\/toutes-les-actualites\/600-camerounais-sur-le-chemin-de-leldorado-en-souffrance#breadcrumb"},"inLanguage":"fr-FR","potentialAction":[{"@type":"ReadAction","target":["https:\/\/www.africa-press.net\/cameroun\/toutes-les-actualites\/600-camerounais-sur-le-chemin-de-leldorado-en-souffrance"]}]},{"@type":"ImageObject","inLanguage":"fr-FR","@id":"https:\/\/www.africa-press.net\/cameroun\/toutes-les-actualites\/600-camerounais-sur-le-chemin-de-leldorado-en-souffrance#primaryimage","url":"https:\/\/static.africa-press.net\/cameroun\/sites\/57\/2023\/03\/postQueueImg_1678301389.75.jpg","contentUrl":"https:\/\/static.africa-press.net\/cameroun\/sites\/57\/2023\/03\/postQueueImg_1678301389.75.jpg","width":720,"height":405,"caption":"600 Camerounais sur le chemin de \u00ab l\u2019Eldorado \u00bb en souffrance"},{"@type":"BreadcrumbList","@id":"https:\/\/www.africa-press.net\/cameroun\/toutes-les-actualites\/600-camerounais-sur-le-chemin-de-leldorado-en-souffrance#breadcrumb","itemListElement":[{"@type":"ListItem","position":1,"name":"Accueil","item":"https:\/\/www.africa-press.net\/cameroun\/"},{"@type":"ListItem","position":2,"name":"600 Camerounais sur le chemin de \u00ab l\u2019Eldorado \u00bb en souffrance"}]},{"@type":"WebSite","@id":"https:\/\/www.africa-press.net\/cameroun\/#website","url":"https:\/\/www.africa-press.net\/cameroun\/","name":"Cameroun","description":"Just another Africa News Agency Sites site","potentialAction":[{"@type":"SearchAction","target":{"@type":"EntryPoint","urlTemplate":"https:\/\/www.africa-press.net\/cameroun\/?s={search_term_string}"},"query-input":{"@type":"PropertyValueSpecification","valueRequired":true,"valueName":"search_term_string"}}],"inLanguage":"fr-FR"},{"@type":"Person","@id":"https:\/\/www.africa-press.net\/cameroun\/#\/schema\/person\/2b1cf3cd81a31e3cd26889ca66d677f1","name":"cfeditorfr"}]}},"_links":{"self":[{"href":"https:\/\/www.africa-press.net\/cameroun\/wp-json\/wp\/v2\/posts\/38752","targetHints":{"allow":["GET"]}}],"collection":[{"href":"https:\/\/www.africa-press.net\/cameroun\/wp-json\/wp\/v2\/posts"}],"about":[{"href":"https:\/\/www.africa-press.net\/cameroun\/wp-json\/wp\/v2\/types\/post"}],"author":[{"embeddable":true,"href":"https:\/\/www.africa-press.net\/cameroun\/wp-json\/wp\/v2\/users\/82"}],"replies":[{"embeddable":true,"href":"https:\/\/www.africa-press.net\/cameroun\/wp-json\/wp\/v2\/comments?post=38752"}],"version-history":[{"count":0,"href":"https:\/\/www.africa-press.net\/cameroun\/wp-json\/wp\/v2\/posts\/38752\/revisions"}],"wp:featuredmedia":[{"embeddable":true,"href":"https:\/\/www.africa-press.net\/cameroun\/wp-json\/wp\/v2\/media\/38750"}],"wp:attachment":[{"href":"https:\/\/www.africa-press.net\/cameroun\/wp-json\/wp\/v2\/media?parent=38752"}],"wp:term":[{"taxonomy":"category","embeddable":true,"href":"https:\/\/www.africa-press.net\/cameroun\/wp-json\/wp\/v2\/categories?post=38752"},{"taxonomy":"post_tag","embeddable":true,"href":"https:\/\/www.africa-press.net\/cameroun\/wp-json\/wp\/v2\/tags?post=38752"}],"curies":[{"name":"wp","href":"https:\/\/api.w.org\/{rel}","templated":true}]}}