{"id":38755,"date":"2023-03-08T22:19:59","date_gmt":"2023-03-08T22:19:59","guid":{"rendered":"https:\/\/www.africa-press.net\/cameroun\/politique\/fcfa-cryptomonnaie-nominations-les-enjeux-du-conclave-du-17-mars-2023-entre-paul-biya-et-ses-pairs-de-la-cemac"},"modified":"2023-03-08T23:24:15","modified_gmt":"2023-03-08T23:24:15","slug":"fcfa-cryptomonnaie-nominations-les-enjeux-du-conclave-du-17-mars-2023-entre-paul-biya-et-ses-pairs-de-la-cemac","status":"publish","type":"post","link":"https:\/\/www.africa-press.net\/cameroun\/politique\/fcfa-cryptomonnaie-nominations-les-enjeux-du-conclave-du-17-mars-2023-entre-paul-biya-et-ses-pairs-de-la-cemac","title":{"rendered":"FCFA, cryptomonnaie, nominations\u2026\u00a0: les enjeux du conclave du 17 mars 2023 entre Paul Biya et ses pairs de la Cemac"},"content":{"rendered":"<p><span style=\"color: #ff6600\"><strong>Africa-Press &#8211; Cameroun. <\/strong><\/span>Investir au Cameroun) &#8211; La 15e session ordinaire de la Confe\u0301rence des chefs d\u2019E\u0301tat de la Communaute\u0301 e\u0301conomique et mone\u0301taire de l\u2019Afrique centrale (Cemac) est convoque\u0301e pour le 17 mars 2023 a\u0300 Yaounde\u0301, apprend-on d\u2019une note circulaire signe\u0301e le 3 mars par le pre\u0301sident de la Commission, le Gabonais Daniel Ona Ondo. Depuis quelques semaines de\u0301ja\u0300, un ballet diplomatique balise le terrain a\u0300 ce sommet des chefs d\u2019E\u0301tat.<\/p>\n<p>Paul Biya, pre\u0301sident de la Re\u0301publique du Cameroun et pre\u0301sident en exercice de la Cemac (Cameroun, Congo, Gabon, Tchad, RCA et Guine\u0301e e\u0301quatoriale), a envoye\u0301 ses e\u0301missaires remettre des lettres d\u2019invitation a\u0300 ses homologues. C\u2019est ainsi qu\u2019il y a quelques jours, le ministre des Finances, Louis Paul Motaze, a e\u0301te\u0301 rec\u0327u par le pre\u0301sident Denis Sassou Nguesso du Congo, et le pre\u0301sident Faustin Archange Touadera de la Re\u0301publique centrafricaine. Le ministre des Relations exte\u0301rieures, Lejeune Mbella Mbella, a quant a\u0300 lui e\u0301te\u0301 rec\u0327u par le pre\u0301sident Ali Bongo Ondimba du Gabon, tandis que le pre\u0301sident Obiang Nguema Mbasogo de Guine\u0301e e\u0301quatoriale recevait un pli ferme\u0301 porte\u0301 par le ministre de l\u2019E\u0301conomie, Alamine Ousmane Mey.<\/p>\n<p><b>Ordre du jour<\/b><\/p>\n<p>Pour pre\u0301parer les de\u0301libe\u0301rations de ce sommet, un Conseil des ministres de l\u2019Union mone\u0301taire de l\u2019Afrique Centrale (Umac) est pre\u0301vu le 15 mars 2023. L\u2019avant-projet d\u2019ordre du jour du sommet a\u0300 partir duquel les ministres vont travailler renseigne sur les sujets qui pourraient meubler la confe\u0301rence des chefs d\u2019E\u0301tat. Il s\u2019agit de la mise en \u0153uvre du Programme des re\u0301formes e\u0301conomiques et financie\u0300res (Pref-Cemac), de l\u2019e\u0301volution du processus de rationalisation des Communaute\u0301s e\u0301conomiques re\u0301gionales d\u2019Afrique centrale (Communaute\u0301 e\u0301conomique des E\u0301tats d\u2019Afrique centrale -CEEAC-, Communaute\u0301 e\u0301conomique et mone\u0301taire de l\u2019Afrique centrale -Cemac-, et la Communaute\u0301 e\u0301conomique des pays des Grands Lacs -CEPGL) ; de la re\u0301forme du FCFA ; des conse\u0301quences de la guerre en Ukraine et de la cryptomonnaie sur les e\u0301conomies de la sous-re\u0301gion ; puis des nominations au sein de certains organes et institutions de la Cemac.<\/p>\n<p>Les dirigeants de plusieurs organes et institutions de la Cemac sont en effet arrive\u0301s en fin de mandat. Il s\u2019agit notamment du pre\u0301sident la Cemac, poste assure\u0301 depuis mars 2019 par le pre\u0301sident Paul Biya, pour un mandat d\u2019un an ; des six membres du gouvernement de la Cemac, en fonction depuis fe\u0301vrier 2017 pour un mandat de 5 ans ; du pre\u0301sident de la Commission de surveillance du marche\u0301 financier de l\u2019Afrique Centrale (Cosumaf), en poste depuis de\u0301cembre 2017 pour un mandat de 5 ans.<\/p>\n<p><b>Principe de rotation en question <\/b><\/p>\n<p>Pour l\u2019instant, on ignore si le renouvellement de ces mandants se fera sur la base de la rotation en vigueur depuis l\u2019abrogation du principe de Fort-Lamy en 2010. C\u2019est-a\u0300-dire qu\u2019il est pre\u0301mature\u0301 d\u2019affirmer que le Centrafricain Faustin Archange Touadera prendra la te\u0302te de la Cemac, un camerounais les reines de la Cosumaf, ou un e\u0301quatoguine\u0301en la pre\u0301sidence de la Commission de la Cemac.<\/p>\n<p>En effet, il est pre\u0301vu que la Confe\u0301rence des chefs d\u2019E\u0301tat e\u0301value d\u2019abord la mise en \u0153uvre de ce principe, qui veut que les ressortissants des E\u0301tats de la Communaute\u0301 se succe\u0300dent a\u0300 la te\u0302te des organes et des institutions, selon l\u2019ordre alphabe\u0301tique des noms des pays. Il faut dire que malgre\u0301 son existence, la nomination du pre\u0301sident de la Banque de de\u0301veloppement des E\u0301tats de l\u2019Afrique Centrale (BDEAC) a e\u0301te\u0301 source de frictions entre le Cameroun et le Tchad l\u2019anne\u0301e dernie\u0300re. Chaque pays a effet clame\u0301 que c\u2019e\u0301tait son tour de pre\u0301sider aux destine\u0301es de cette banque de de\u0301veloppement. Au finish, le poste est revenu au Camerounais Evou Mekou. Le Tchad a ne\u0301anmoins obtenu la promesse d\u2019\u00ab un poste de premier responsable dans l\u2019une des institutions de l\u2019Umac \u00bb.<\/p>\n<p><b>FCFA, Cryptomonnaie <\/b><\/p>\n<p>A\u0300 l\u2019issue du sommet du 17 mars 2023, on pourrait enfin avoir une ide\u0301e sur \u00ab l\u2019e\u0301volution \u00bb que les chefs d\u2019E\u0301tat de la Cemac souhaitent donner au FCFA, la monnaie communautaire. Il est en effet envisage\u0301 que le gouverneur de la Banque des E\u0301tats de l\u2019Afrique centrale (Beac), Abbas Mahamat Tolli, pre\u0301sente le fruit de sa re\u0301flexion sur la question. Cette re\u0301flexion lui avait e\u0301te\u0301 confie\u0301e en compagnie de la Commission de la Cemac, lors du sommet extraordinaire du 22 novembre 2019. Les chefs d\u2019E\u0301tat avaient ne\u0301anmoins pris soin de baliser le travail. Ils s\u2019e\u0301taient dits attache\u0301s a\u0300 \u00ab une monnaie commune stable et forte \u00bb, et avaient demande\u0301 \u00ab une re\u0301flexion approfondie sur les conditions et le cadre d\u2019une nouvelle coope\u0301ration \u00bb mone\u0301taire avec la France.<\/p>\n<p>La cryptomonnaie est l\u2019autre sujet mone\u0301taire sur lequel l\u2019arbitrage des chefs d\u2019E\u0301tat de la Cemac pourrait e\u0302tre sollicite\u0301. Pour ce faire, une analyse de la situation et les conse\u0301quences des cryptomonnaies sur les e\u0301conomies de la sous-re\u0301gion devraient leur e\u0302tre pre\u0301sente\u0301es. Il faut dire que la Centrafrique a adopte\u0301 en avril 2022 le Bitcoin comme monnaie ayant cours le\u0301gal. Pour le gouverneur de la Beac, cette de\u0301cision viole les accords de coope\u0301ration mone\u0301taire avec la France, les textes re\u0301gissant l\u2019union mone\u0301taire et les statuts de la Banque des E\u0301tats de l\u2019Afrique centrale.<\/p>\n<p><b>Programmes avec le FMI <\/b><\/p>\n<p>Le sommet du 17 mars prochain tentera aussi de donner un coup de fouet a\u0300 la mise en \u0153uvre de Pref-Cemac. A\u0300 l\u2019issue de la rencontre extraordinaire du 18 aou\u0302t 2021, les chefs d\u2019E\u0301tat avaient insiste\u0301 sur la ne\u0301cessite\u0301 pour tous les pays de la sous-re\u0301gion de conclure, courant 2021, des programmes de seconde ge\u0301ne\u0301ration et finaliser les programmes de premie\u0300re ge\u0301ne\u0301ration avec le Fonds mone\u0301taire international (FMI). Objectif : acce\u0301le\u0301rer les re\u0301formes structurelles en vue de faire face aux conse\u0301quences e\u0301conomiques de la pande\u0301mie de Covid-19, aggrave\u0301es par la guerre en Ukraine.<\/p>\n<p>Pourtant, a\u0300 ce jour, seuls quatre pays sur six ont de\u0301ja\u0300 conclu des programmes avec le FMI conforme aux objectifs du Pref-Cemac. Il s\u2019agit du Gabon, du Cameroun, du Tchad et du Congo. La mise en \u0153uvre des programmes de premie\u0300re ge\u0301ne\u0301ration de la RCA et de la Guine\u0301e e\u0301quatoriale est me\u0302me grippe\u0301e.<\/p>\n<p><b>Aboudi Ottou et Ludovic Amara<\/b><\/p>\n<p><strong>Pour plus d&rsquo;informations et d&rsquo;analyses sur la <a href=\"https:\/\/www.africa-press.net\/cameroun\">Cameroun<\/a>, suivez <a href=\"https:\/\/www.africa-press.net\/\">Africa-Press<\/a><\/strong><\/p>\n","protected":false},"excerpt":{"rendered":"<p>Africa-Press &#8211; Cameroun. Investir au Cameroun) &#8211; La 15e session ordinaire de la Confe\u0301rence des chefs d\u2019E\u0301tat de la Communaute\u0301 e\u0301conomique et mone\u0301taire de l\u2019Afrique centrale (Cemac) est convoque\u0301e pour le 17 mars 2023 a\u0300 Yaounde\u0301, apprend-on d\u2019une note circulaire signe\u0301e le 3 mars par le pre\u0301sident de la Commission, le Gabonais Daniel Ona Ondo. [&hellip;]<\/p>\n","protected":false},"author":82,"featured_media":38753,"comment_status":"open","ping_status":"closed","sticky":false,"template":"","format":"standard","meta":{"footnotes":""},"categories":[2,10],"tags":[36,50,49],"class_list":["post-38755","post","type-post","status-publish","format-standard","has-post-thumbnail","hentry","category-politique","category-toutes-les-actualites","tag-africa-press","tag-africa-press-cameroun","tag-cameroun"],"yoast_head":"<!-- This site is optimized with the Yoast SEO Premium plugin v26.1 (Yoast SEO v27.0) - https:\/\/yoast.com\/product\/yoast-seo-premium-wordpress\/ -->\n<title>FCFA, cryptomonnaie, nominations\u2026\u00a0: les enjeux du conclave du 17 mars 2023 entre Paul Biya et ses pairs de la Cemac - Cameroun<\/title>\n<meta name=\"description\" content=\"Investir au Cameroun) - La 15e session ordinaire de la Confe\u0301rence des chefs d\u2019E\u0301tat de la Communaute\u0301 e\u0301conomique et mo ...\" \/>\n<meta name=\"robots\" content=\"index, follow, max-snippet:-1, max-image-preview:large, max-video-preview:-1\" \/>\n<link rel=\"canonical\" href=\"https:\/\/www.africa-press.net\/cameroun\/politique\/fcfa-cryptomonnaie-nominations-les-enjeux-du-conclave-du-17-mars-2023-entre-paul-biya-et-ses-pairs-de-la-cemac\" \/>\n<meta property=\"og:locale\" content=\"fr_FR\" \/>\n<meta property=\"og:type\" content=\"article\" \/>\n<meta property=\"og:title\" content=\"FCFA, cryptomonnaie, nominations\u2026\u00a0: les enjeux du conclave du 17 mars 2023 entre Paul Biya et ses pairs de la Cemac\" \/>\n<meta property=\"og:description\" content=\"Investir au Cameroun) - La 15e session ordinaire de la Confe\u0301rence des chefs d\u2019E\u0301tat de la Communaute\u0301 e\u0301conomique et mo ...\" \/>\n<meta property=\"og:url\" content=\"https:\/\/www.africa-press.net\/cameroun\/politique\/fcfa-cryptomonnaie-nominations-les-enjeux-du-conclave-du-17-mars-2023-entre-paul-biya-et-ses-pairs-de-la-cemac\" \/>\n<meta property=\"og:site_name\" content=\"Cameroun\" \/>\n<meta property=\"article:published_time\" content=\"2023-03-08T22:19:59+00:00\" \/>\n<meta property=\"article:modified_time\" content=\"2023-03-08T23:24:15+00:00\" \/>\n<meta property=\"og:image\" content=\"https:\/\/static.africa-press.net\/cameroun\/sites\/57\/2023\/03\/postQueueImg_1678301408.63.jpg\" \/>\n\t<meta property=\"og:image:width\" content=\"720\" \/>\n\t<meta property=\"og:image:height\" content=\"479\" \/>\n\t<meta property=\"og:image:type\" content=\"image\/jpeg\" \/>\n<meta name=\"author\" content=\"cfeditorfr\" \/>\n<meta name=\"twitter:card\" content=\"summary_large_image\" \/>\n<meta name=\"twitter:label1\" content=\"\u00c9crit par\" \/>\n\t<meta name=\"twitter:data1\" content=\"cfeditorfr\" \/>\n\t<meta name=\"twitter:label2\" content=\"Dur\u00e9e de lecture estim\u00e9e\" \/>\n\t<meta name=\"twitter:data2\" content=\"6 minutes\" \/>\n<script type=\"application\/ld+json\" class=\"yoast-schema-graph\">{\"@context\":\"https:\/\/schema.org\",\"@graph\":[{\"@type\":\"Article\",\"@id\":\"https:\/\/www.africa-press.net\/cameroun\/politique\/fcfa-cryptomonnaie-nominations-les-enjeux-du-conclave-du-17-mars-2023-entre-paul-biya-et-ses-pairs-de-la-cemac#article\",\"isPartOf\":{\"@id\":\"https:\/\/www.africa-press.net\/cameroun\/politique\/fcfa-cryptomonnaie-nominations-les-enjeux-du-conclave-du-17-mars-2023-entre-paul-biya-et-ses-pairs-de-la-cemac\"},\"author\":{\"name\":\"cfeditorfr\",\"@id\":\"https:\/\/www.africa-press.net\/cameroun\/#\/schema\/person\/2b1cf3cd81a31e3cd26889ca66d677f1\"},\"headline\":\"FCFA, cryptomonnaie, nominations\u2026\u00a0: les enjeux du conclave du 17 mars 2023 entre Paul Biya et ses pairs de la Cemac\",\"datePublished\":\"2023-03-08T22:19:59+00:00\",\"dateModified\":\"2023-03-08T23:24:15+00:00\",\"mainEntityOfPage\":{\"@id\":\"https:\/\/www.africa-press.net\/cameroun\/politique\/fcfa-cryptomonnaie-nominations-les-enjeux-du-conclave-du-17-mars-2023-entre-paul-biya-et-ses-pairs-de-la-cemac\"},\"wordCount\":1173,\"commentCount\":0,\"image\":{\"@id\":\"https:\/\/www.africa-press.net\/cameroun\/politique\/fcfa-cryptomonnaie-nominations-les-enjeux-du-conclave-du-17-mars-2023-entre-paul-biya-et-ses-pairs-de-la-cemac#primaryimage\"},\"thumbnailUrl\":\"https:\/\/static.africa-press.net\/cameroun\/sites\/57\/2023\/03\/postQueueImg_1678301408.63.jpg\",\"keywords\":[\"Africa Press\",\"Africa Press-Cameroun\",\"Cameroun\"],\"articleSection\":[\"Politique\",\"Toutes les actualit\u00e9s\"],\"inLanguage\":\"fr-FR\",\"potentialAction\":[{\"@type\":\"CommentAction\",\"name\":\"Comment\",\"target\":[\"https:\/\/www.africa-press.net\/cameroun\/politique\/fcfa-cryptomonnaie-nominations-les-enjeux-du-conclave-du-17-mars-2023-entre-paul-biya-et-ses-pairs-de-la-cemac#respond\"]}]},{\"@type\":\"WebPage\",\"@id\":\"https:\/\/www.africa-press.net\/cameroun\/politique\/fcfa-cryptomonnaie-nominations-les-enjeux-du-conclave-du-17-mars-2023-entre-paul-biya-et-ses-pairs-de-la-cemac\",\"url\":\"https:\/\/www.africa-press.net\/cameroun\/politique\/fcfa-cryptomonnaie-nominations-les-enjeux-du-conclave-du-17-mars-2023-entre-paul-biya-et-ses-pairs-de-la-cemac\",\"name\":\"FCFA, cryptomonnaie, nominations\u2026\u00a0: les enjeux du conclave du 17 mars 2023 entre Paul Biya et ses pairs de la Cemac - Cameroun\",\"isPartOf\":{\"@id\":\"https:\/\/www.africa-press.net\/cameroun\/#website\"},\"primaryImageOfPage\":{\"@id\":\"https:\/\/www.africa-press.net\/cameroun\/politique\/fcfa-cryptomonnaie-nominations-les-enjeux-du-conclave-du-17-mars-2023-entre-paul-biya-et-ses-pairs-de-la-cemac#primaryimage\"},\"image\":{\"@id\":\"https:\/\/www.africa-press.net\/cameroun\/politique\/fcfa-cryptomonnaie-nominations-les-enjeux-du-conclave-du-17-mars-2023-entre-paul-biya-et-ses-pairs-de-la-cemac#primaryimage\"},\"thumbnailUrl\":\"https:\/\/static.africa-press.net\/cameroun\/sites\/57\/2023\/03\/postQueueImg_1678301408.63.jpg\",\"datePublished\":\"2023-03-08T22:19:59+00:00\",\"dateModified\":\"2023-03-08T23:24:15+00:00\",\"author\":{\"@id\":\"https:\/\/www.africa-press.net\/cameroun\/#\/schema\/person\/2b1cf3cd81a31e3cd26889ca66d677f1\"},\"description\":\"Investir au Cameroun) - La 15e session ordinaire de la Confe\u0301rence des chefs d\u2019E\u0301tat de la Communaute\u0301 e\u0301conomique et mo ...\",\"breadcrumb\":{\"@id\":\"https:\/\/www.africa-press.net\/cameroun\/politique\/fcfa-cryptomonnaie-nominations-les-enjeux-du-conclave-du-17-mars-2023-entre-paul-biya-et-ses-pairs-de-la-cemac#breadcrumb\"},\"inLanguage\":\"fr-FR\",\"potentialAction\":[{\"@type\":\"ReadAction\",\"target\":[\"https:\/\/www.africa-press.net\/cameroun\/politique\/fcfa-cryptomonnaie-nominations-les-enjeux-du-conclave-du-17-mars-2023-entre-paul-biya-et-ses-pairs-de-la-cemac\"]}]},{\"@type\":\"ImageObject\",\"inLanguage\":\"fr-FR\",\"@id\":\"https:\/\/www.africa-press.net\/cameroun\/politique\/fcfa-cryptomonnaie-nominations-les-enjeux-du-conclave-du-17-mars-2023-entre-paul-biya-et-ses-pairs-de-la-cemac#primaryimage\",\"url\":\"https:\/\/static.africa-press.net\/cameroun\/sites\/57\/2023\/03\/postQueueImg_1678301408.63.jpg\",\"contentUrl\":\"https:\/\/static.africa-press.net\/cameroun\/sites\/57\/2023\/03\/postQueueImg_1678301408.63.jpg\",\"width\":720,\"height\":479,\"caption\":\"FCFA, cryptomonnaie, nominations\u2026\u00a0: les enjeux du conclave du 17 mars 2023 entre Paul Biya et ses pairs de la Cemac\"},{\"@type\":\"BreadcrumbList\",\"@id\":\"https:\/\/www.africa-press.net\/cameroun\/politique\/fcfa-cryptomonnaie-nominations-les-enjeux-du-conclave-du-17-mars-2023-entre-paul-biya-et-ses-pairs-de-la-cemac#breadcrumb\",\"itemListElement\":[{\"@type\":\"ListItem\",\"position\":1,\"name\":\"Accueil\",\"item\":\"https:\/\/www.africa-press.net\/cameroun\/\"},{\"@type\":\"ListItem\",\"position\":2,\"name\":\"FCFA, cryptomonnaie, nominations\u2026\u00a0: les enjeux du conclave du 17 mars 2023 entre Paul Biya et ses pairs de la Cemac\"}]},{\"@type\":\"WebSite\",\"@id\":\"https:\/\/www.africa-press.net\/cameroun\/#website\",\"url\":\"https:\/\/www.africa-press.net\/cameroun\/\",\"name\":\"Cameroun\",\"description\":\"Just another Africa News Agency Sites site\",\"potentialAction\":[{\"@type\":\"SearchAction\",\"target\":{\"@type\":\"EntryPoint\",\"urlTemplate\":\"https:\/\/www.africa-press.net\/cameroun\/?s={search_term_string}\"},\"query-input\":{\"@type\":\"PropertyValueSpecification\",\"valueRequired\":true,\"valueName\":\"search_term_string\"}}],\"inLanguage\":\"fr-FR\"},{\"@type\":\"Person\",\"@id\":\"https:\/\/www.africa-press.net\/cameroun\/#\/schema\/person\/2b1cf3cd81a31e3cd26889ca66d677f1\",\"name\":\"cfeditorfr\"}]}<\/script>\n<!-- \/ Yoast SEO Premium plugin. -->","yoast_head_json":{"title":"FCFA, cryptomonnaie, nominations\u2026\u00a0: les enjeux du conclave du 17 mars 2023 entre Paul Biya et ses pairs de la Cemac - Cameroun","description":"Investir au Cameroun) - La 15e session ordinaire de la Confe\u0301rence des chefs d\u2019E\u0301tat de la Communaute\u0301 e\u0301conomique et mo ...","robots":{"index":"index","follow":"follow","max-snippet":"max-snippet:-1","max-image-preview":"max-image-preview:large","max-video-preview":"max-video-preview:-1"},"canonical":"https:\/\/www.africa-press.net\/cameroun\/politique\/fcfa-cryptomonnaie-nominations-les-enjeux-du-conclave-du-17-mars-2023-entre-paul-biya-et-ses-pairs-de-la-cemac","og_locale":"fr_FR","og_type":"article","og_title":"FCFA, cryptomonnaie, nominations\u2026\u00a0: les enjeux du conclave du 17 mars 2023 entre Paul Biya et ses pairs de la Cemac","og_description":"Investir au Cameroun) - La 15e session ordinaire de la Confe\u0301rence des chefs d\u2019E\u0301tat de la Communaute\u0301 e\u0301conomique et mo ...","og_url":"https:\/\/www.africa-press.net\/cameroun\/politique\/fcfa-cryptomonnaie-nominations-les-enjeux-du-conclave-du-17-mars-2023-entre-paul-biya-et-ses-pairs-de-la-cemac","og_site_name":"Cameroun","article_published_time":"2023-03-08T22:19:59+00:00","article_modified_time":"2023-03-08T23:24:15+00:00","og_image":[{"width":720,"height":479,"url":"https:\/\/static.africa-press.net\/cameroun\/sites\/57\/2023\/03\/postQueueImg_1678301408.63.jpg","type":"image\/jpeg"}],"author":"cfeditorfr","twitter_card":"summary_large_image","twitter_misc":{"\u00c9crit par":"cfeditorfr","Dur\u00e9e de lecture estim\u00e9e":"6 minutes"},"schema":{"@context":"https:\/\/schema.org","@graph":[{"@type":"Article","@id":"https:\/\/www.africa-press.net\/cameroun\/politique\/fcfa-cryptomonnaie-nominations-les-enjeux-du-conclave-du-17-mars-2023-entre-paul-biya-et-ses-pairs-de-la-cemac#article","isPartOf":{"@id":"https:\/\/www.africa-press.net\/cameroun\/politique\/fcfa-cryptomonnaie-nominations-les-enjeux-du-conclave-du-17-mars-2023-entre-paul-biya-et-ses-pairs-de-la-cemac"},"author":{"name":"cfeditorfr","@id":"https:\/\/www.africa-press.net\/cameroun\/#\/schema\/person\/2b1cf3cd81a31e3cd26889ca66d677f1"},"headline":"FCFA, cryptomonnaie, nominations\u2026\u00a0: les enjeux du conclave du 17 mars 2023 entre Paul Biya et ses pairs de la Cemac","datePublished":"2023-03-08T22:19:59+00:00","dateModified":"2023-03-08T23:24:15+00:00","mainEntityOfPage":{"@id":"https:\/\/www.africa-press.net\/cameroun\/politique\/fcfa-cryptomonnaie-nominations-les-enjeux-du-conclave-du-17-mars-2023-entre-paul-biya-et-ses-pairs-de-la-cemac"},"wordCount":1173,"commentCount":0,"image":{"@id":"https:\/\/www.africa-press.net\/cameroun\/politique\/fcfa-cryptomonnaie-nominations-les-enjeux-du-conclave-du-17-mars-2023-entre-paul-biya-et-ses-pairs-de-la-cemac#primaryimage"},"thumbnailUrl":"https:\/\/static.africa-press.net\/cameroun\/sites\/57\/2023\/03\/postQueueImg_1678301408.63.jpg","keywords":["Africa Press","Africa Press-Cameroun","Cameroun"],"articleSection":["Politique","Toutes les actualit\u00e9s"],"inLanguage":"fr-FR","potentialAction":[{"@type":"CommentAction","name":"Comment","target":["https:\/\/www.africa-press.net\/cameroun\/politique\/fcfa-cryptomonnaie-nominations-les-enjeux-du-conclave-du-17-mars-2023-entre-paul-biya-et-ses-pairs-de-la-cemac#respond"]}]},{"@type":"WebPage","@id":"https:\/\/www.africa-press.net\/cameroun\/politique\/fcfa-cryptomonnaie-nominations-les-enjeux-du-conclave-du-17-mars-2023-entre-paul-biya-et-ses-pairs-de-la-cemac","url":"https:\/\/www.africa-press.net\/cameroun\/politique\/fcfa-cryptomonnaie-nominations-les-enjeux-du-conclave-du-17-mars-2023-entre-paul-biya-et-ses-pairs-de-la-cemac","name":"FCFA, cryptomonnaie, nominations\u2026\u00a0: les enjeux du conclave du 17 mars 2023 entre Paul Biya et ses pairs de la Cemac - Cameroun","isPartOf":{"@id":"https:\/\/www.africa-press.net\/cameroun\/#website"},"primaryImageOfPage":{"@id":"https:\/\/www.africa-press.net\/cameroun\/politique\/fcfa-cryptomonnaie-nominations-les-enjeux-du-conclave-du-17-mars-2023-entre-paul-biya-et-ses-pairs-de-la-cemac#primaryimage"},"image":{"@id":"https:\/\/www.africa-press.net\/cameroun\/politique\/fcfa-cryptomonnaie-nominations-les-enjeux-du-conclave-du-17-mars-2023-entre-paul-biya-et-ses-pairs-de-la-cemac#primaryimage"},"thumbnailUrl":"https:\/\/static.africa-press.net\/cameroun\/sites\/57\/2023\/03\/postQueueImg_1678301408.63.jpg","datePublished":"2023-03-08T22:19:59+00:00","dateModified":"2023-03-08T23:24:15+00:00","author":{"@id":"https:\/\/www.africa-press.net\/cameroun\/#\/schema\/person\/2b1cf3cd81a31e3cd26889ca66d677f1"},"description":"Investir au Cameroun) - La 15e session ordinaire de la Confe\u0301rence des chefs d\u2019E\u0301tat de la Communaute\u0301 e\u0301conomique et mo ...","breadcrumb":{"@id":"https:\/\/www.africa-press.net\/cameroun\/politique\/fcfa-cryptomonnaie-nominations-les-enjeux-du-conclave-du-17-mars-2023-entre-paul-biya-et-ses-pairs-de-la-cemac#breadcrumb"},"inLanguage":"fr-FR","potentialAction":[{"@type":"ReadAction","target":["https:\/\/www.africa-press.net\/cameroun\/politique\/fcfa-cryptomonnaie-nominations-les-enjeux-du-conclave-du-17-mars-2023-entre-paul-biya-et-ses-pairs-de-la-cemac"]}]},{"@type":"ImageObject","inLanguage":"fr-FR","@id":"https:\/\/www.africa-press.net\/cameroun\/politique\/fcfa-cryptomonnaie-nominations-les-enjeux-du-conclave-du-17-mars-2023-entre-paul-biya-et-ses-pairs-de-la-cemac#primaryimage","url":"https:\/\/static.africa-press.net\/cameroun\/sites\/57\/2023\/03\/postQueueImg_1678301408.63.jpg","contentUrl":"https:\/\/static.africa-press.net\/cameroun\/sites\/57\/2023\/03\/postQueueImg_1678301408.63.jpg","width":720,"height":479,"caption":"FCFA, cryptomonnaie, nominations\u2026\u00a0: les enjeux du conclave du 17 mars 2023 entre Paul Biya et ses pairs de la Cemac"},{"@type":"BreadcrumbList","@id":"https:\/\/www.africa-press.net\/cameroun\/politique\/fcfa-cryptomonnaie-nominations-les-enjeux-du-conclave-du-17-mars-2023-entre-paul-biya-et-ses-pairs-de-la-cemac#breadcrumb","itemListElement":[{"@type":"ListItem","position":1,"name":"Accueil","item":"https:\/\/www.africa-press.net\/cameroun\/"},{"@type":"ListItem","position":2,"name":"FCFA, cryptomonnaie, nominations\u2026\u00a0: les enjeux du conclave du 17 mars 2023 entre Paul Biya et ses pairs de la Cemac"}]},{"@type":"WebSite","@id":"https:\/\/www.africa-press.net\/cameroun\/#website","url":"https:\/\/www.africa-press.net\/cameroun\/","name":"Cameroun","description":"Just another Africa News Agency Sites site","potentialAction":[{"@type":"SearchAction","target":{"@type":"EntryPoint","urlTemplate":"https:\/\/www.africa-press.net\/cameroun\/?s={search_term_string}"},"query-input":{"@type":"PropertyValueSpecification","valueRequired":true,"valueName":"search_term_string"}}],"inLanguage":"fr-FR"},{"@type":"Person","@id":"https:\/\/www.africa-press.net\/cameroun\/#\/schema\/person\/2b1cf3cd81a31e3cd26889ca66d677f1","name":"cfeditorfr"}]}},"_links":{"self":[{"href":"https:\/\/www.africa-press.net\/cameroun\/wp-json\/wp\/v2\/posts\/38755","targetHints":{"allow":["GET"]}}],"collection":[{"href":"https:\/\/www.africa-press.net\/cameroun\/wp-json\/wp\/v2\/posts"}],"about":[{"href":"https:\/\/www.africa-press.net\/cameroun\/wp-json\/wp\/v2\/types\/post"}],"author":[{"embeddable":true,"href":"https:\/\/www.africa-press.net\/cameroun\/wp-json\/wp\/v2\/users\/82"}],"replies":[{"embeddable":true,"href":"https:\/\/www.africa-press.net\/cameroun\/wp-json\/wp\/v2\/comments?post=38755"}],"version-history":[{"count":0,"href":"https:\/\/www.africa-press.net\/cameroun\/wp-json\/wp\/v2\/posts\/38755\/revisions"}],"wp:featuredmedia":[{"embeddable":true,"href":"https:\/\/www.africa-press.net\/cameroun\/wp-json\/wp\/v2\/media\/38753"}],"wp:attachment":[{"href":"https:\/\/www.africa-press.net\/cameroun\/wp-json\/wp\/v2\/media?parent=38755"}],"wp:term":[{"taxonomy":"category","embeddable":true,"href":"https:\/\/www.africa-press.net\/cameroun\/wp-json\/wp\/v2\/categories?post=38755"},{"taxonomy":"post_tag","embeddable":true,"href":"https:\/\/www.africa-press.net\/cameroun\/wp-json\/wp\/v2\/tags?post=38755"}],"curies":[{"name":"wp","href":"https:\/\/api.w.org\/{rel}","templated":true}]}}