{"id":38760,"date":"2023-03-08T22:20:19","date_gmt":"2023-03-08T22:20:19","guid":{"rendered":"https:\/\/www.africa-press.net\/cameroun\/politique\/electricite-plus-de-13-000-menages-camerounais-bientot-eclaires-au-solaire-grace-a-un-pret-dafreximbank"},"modified":"2023-03-08T23:25:32","modified_gmt":"2023-03-08T23:25:32","slug":"electricite-plus-de-13-000-menages-camerounais-bientot-eclaires-au-solaire-grace-a-un-pret-dafreximbank","status":"publish","type":"post","link":"https:\/\/www.africa-press.net\/cameroun\/economie\/electricite-plus-de-13-000-menages-camerounais-bientot-eclaires-au-solaire-grace-a-un-pret-dafreximbank","title":{"rendered":"\u00c9lectricit\u00e9\u00a0: plus de 13\u2009000 m\u00e9nages camerounais bient\u00f4t \u00e9clair\u00e9s au solaire, gr\u00e2ce \u00e0 un pr\u00eat d\u2019Afreximbank"},"content":{"rendered":"<p><span style=\"color: #ff6600\"><strong>Africa-Press &#8211; Cameroun. <\/strong><\/span>Investir au Cameroun) &#8211; Conforme\u0301ment a\u0300 l\u2019habilitation signe\u0301e le 6 fe\u0301vrier 2023 par le pre\u0301sident de la Re\u0301publique, le ministre camerounais de l\u2019E\u0301conomie, Alamine Ousmane Mey, a signe\u0301 le 7 mars 2023 avec la Banque africaine d\u2019import-export (Afrximbank), un accord de pre\u0302t d\u2019un montant de 35 milliards de FCFA. Ce financement, apprend-on, permettra d\u2019e\u0301lectrifier au solaire plus de 13 000 me\u0301nages dans 200 localite\u0301s du pays.<\/p>\n<p>Ces investissements font partie de la 3e phase du projet d\u2019e\u0301lectrification de 1 000 localite\u0301s a\u0300 l\u2019e\u0301nergie solaire, lance\u0301 en 2016 par le gouvernement camerounais et son partenaire chinois, Huawei Technology. Les deux premie\u0300res phases, encore en cours d\u2019imple\u0301mentation, permettront d\u2019e\u0301lectrifier respectivement 165 et 184 localite\u0301s camerounaises.<\/p>\n<p>Cependant, s\u2019il contribue a\u0300 augmenter le taux d\u2019e\u0301lectrification rurale au Cameroun, que l\u2019Agence d\u2019e\u0301lectrification rurale (AER) estime a\u0300 seulement 20%, ce projet ne permettra de sortir de l\u2019obscurite\u0301 que 11% des 9 000 localite\u0301s du pays encore plonge\u0301es dans le noir, faute d\u2019e\u0301lectricite\u0301. Selon le ministre de l\u2019Eau et de l\u2019E\u0301nergie, Gaston Eloundou Essomba, il faudra mobiliser 874 milliards de FCFA pour e\u0301lectrifier toutes ces localite\u0301s.<\/p>\n<p>Pour ce faire, le gouvernement camerounais a mis en place le Fonds de de\u0301veloppement du secteur de l\u2019e\u0301lectricite\u0301. En 2021, avait re\u0301ve\u0301le\u0301 le ministre Eloundou Essomba face aux de\u0301pute\u0301s le 28 juin 2021, ce fonds avait de\u0301ja\u0300 rec\u0327u une dotation de 7 milliards de FCFA.<\/p>\n<p><strong>Pour plus d&rsquo;informations et d&rsquo;analyses sur la <a href=\"https:\/\/www.africa-press.net\/cameroun\">Cameroun<\/a>, suivez <a href=\"https:\/\/www.africa-press.net\/\">Africa-Press<\/a><\/strong><\/p>\n","protected":false},"excerpt":{"rendered":"<p>Africa-Press &#8211; Cameroun. Investir au Cameroun) &#8211; Conforme\u0301ment a\u0300 l\u2019habilitation signe\u0301e le 6 fe\u0301vrier 2023 par le pre\u0301sident de la Re\u0301publique, le ministre camerounais de l\u2019E\u0301conomie, Alamine Ousmane Mey, a signe\u0301 le 7 mars 2023 avec la Banque africaine d\u2019import-export (Afrximbank), un accord de pre\u0302t d\u2019un montant de 35 milliards de FCFA. Ce financement, apprend-on, [&hellip;]<\/p>\n","protected":false},"author":82,"featured_media":38759,"comment_status":"open","ping_status":"closed","sticky":false,"template":"","format":"standard","meta":{"footnotes":""},"categories":[3,10],"tags":[36,50,49],"class_list":["post-38760","post","type-post","status-publish","format-standard","has-post-thumbnail","hentry","category-economie","category-toutes-les-actualites","tag-africa-press","tag-africa-press-cameroun","tag-cameroun"],"yoast_head":"<!-- This site is optimized with the Yoast SEO Premium plugin v26.1 (Yoast SEO v27.0) - https:\/\/yoast.com\/product\/yoast-seo-premium-wordpress\/ -->\n<title>\u00c9lectricit\u00e9\u00a0: plus de 13\u2009000 m\u00e9nages camerounais bient\u00f4t \u00e9clair\u00e9s au solaire, gr\u00e2ce \u00e0 un pr\u00eat d\u2019Afreximbank - Cameroun<\/title>\n<meta name=\"description\" content=\"Investir au Cameroun) - Conforme\u0301ment a\u0300 l\u2019habilitation signe\u0301e le 6 fe\u0301vrier 2023 par le pre\u0301sident de la Re\u0301publique, ...\" \/>\n<meta name=\"robots\" content=\"index, follow, max-snippet:-1, max-image-preview:large, max-video-preview:-1\" \/>\n<link rel=\"canonical\" href=\"https:\/\/www.africa-press.net\/cameroun\/economie\/electricite-plus-de-13-000-menages-camerounais-bientot-eclaires-au-solaire-grace-a-un-pret-dafreximbank\" \/>\n<meta property=\"og:locale\" content=\"fr_FR\" \/>\n<meta property=\"og:type\" content=\"article\" \/>\n<meta property=\"og:title\" content=\"\u00c9lectricit\u00e9\u00a0: plus de 13\u2009000 m\u00e9nages camerounais bient\u00f4t \u00e9clair\u00e9s au solaire, gr\u00e2ce \u00e0 un pr\u00eat d\u2019Afreximbank\" \/>\n<meta property=\"og:description\" content=\"Investir au Cameroun) - Conforme\u0301ment a\u0300 l\u2019habilitation signe\u0301e le 6 fe\u0301vrier 2023 par le pre\u0301sident de la Re\u0301publique, ...\" \/>\n<meta property=\"og:url\" content=\"https:\/\/www.africa-press.net\/cameroun\/economie\/electricite-plus-de-13-000-menages-camerounais-bientot-eclaires-au-solaire-grace-a-un-pret-dafreximbank\" \/>\n<meta property=\"og:site_name\" content=\"Cameroun\" \/>\n<meta property=\"article:published_time\" content=\"2023-03-08T22:20:19+00:00\" \/>\n<meta property=\"article:modified_time\" content=\"2023-03-08T23:25:32+00:00\" \/>\n<meta property=\"og:image\" content=\"https:\/\/static.africa-press.net\/cameroun\/sites\/57\/2023\/03\/postQueueImg_1678301422.95.jpg\" \/>\n\t<meta property=\"og:image:width\" content=\"720\" \/>\n\t<meta property=\"og:image:height\" content=\"479\" \/>\n\t<meta property=\"og:image:type\" content=\"image\/jpeg\" \/>\n<meta name=\"author\" content=\"cfeditorfr\" \/>\n<meta name=\"twitter:card\" content=\"summary_large_image\" \/>\n<meta name=\"twitter:label1\" content=\"\u00c9crit par\" \/>\n\t<meta name=\"twitter:data1\" content=\"cfeditorfr\" \/>\n\t<meta name=\"twitter:label2\" content=\"Dur\u00e9e de lecture estim\u00e9e\" \/>\n\t<meta name=\"twitter:data2\" content=\"1 minute\" \/>\n<script type=\"application\/ld+json\" class=\"yoast-schema-graph\">{\"@context\":\"https:\/\/schema.org\",\"@graph\":[{\"@type\":\"Article\",\"@id\":\"https:\/\/www.africa-press.net\/cameroun\/economie\/electricite-plus-de-13-000-menages-camerounais-bientot-eclaires-au-solaire-grace-a-un-pret-dafreximbank#article\",\"isPartOf\":{\"@id\":\"https:\/\/www.africa-press.net\/cameroun\/economie\/electricite-plus-de-13-000-menages-camerounais-bientot-eclaires-au-solaire-grace-a-un-pret-dafreximbank\"},\"author\":{\"name\":\"cfeditorfr\",\"@id\":\"https:\/\/www.africa-press.net\/cameroun\/#\/schema\/person\/2b1cf3cd81a31e3cd26889ca66d677f1\"},\"headline\":\"\u00c9lectricit\u00e9\u00a0: plus de 13\u2009000 m\u00e9nages camerounais bient\u00f4t \u00e9clair\u00e9s au solaire, gr\u00e2ce \u00e0 un pr\u00eat d\u2019Afreximbank\",\"datePublished\":\"2023-03-08T22:20:19+00:00\",\"dateModified\":\"2023-03-08T23:25:32+00:00\",\"mainEntityOfPage\":{\"@id\":\"https:\/\/www.africa-press.net\/cameroun\/economie\/electricite-plus-de-13-000-menages-camerounais-bientot-eclaires-au-solaire-grace-a-un-pret-dafreximbank\"},\"wordCount\":287,\"commentCount\":0,\"image\":{\"@id\":\"https:\/\/www.africa-press.net\/cameroun\/economie\/electricite-plus-de-13-000-menages-camerounais-bientot-eclaires-au-solaire-grace-a-un-pret-dafreximbank#primaryimage\"},\"thumbnailUrl\":\"https:\/\/static.africa-press.net\/cameroun\/sites\/57\/2023\/03\/postQueueImg_1678301422.95.jpg\",\"keywords\":[\"Africa Press\",\"Africa Press-Cameroun\",\"Cameroun\"],\"articleSection\":[\"\u00c9conomie\",\"Toutes les actualit\u00e9s\"],\"inLanguage\":\"fr-FR\",\"potentialAction\":[{\"@type\":\"CommentAction\",\"name\":\"Comment\",\"target\":[\"https:\/\/www.africa-press.net\/cameroun\/economie\/electricite-plus-de-13-000-menages-camerounais-bientot-eclaires-au-solaire-grace-a-un-pret-dafreximbank#respond\"]}]},{\"@type\":\"WebPage\",\"@id\":\"https:\/\/www.africa-press.net\/cameroun\/economie\/electricite-plus-de-13-000-menages-camerounais-bientot-eclaires-au-solaire-grace-a-un-pret-dafreximbank\",\"url\":\"https:\/\/www.africa-press.net\/cameroun\/economie\/electricite-plus-de-13-000-menages-camerounais-bientot-eclaires-au-solaire-grace-a-un-pret-dafreximbank\",\"name\":\"\u00c9lectricit\u00e9\u00a0: plus de 13\u2009000 m\u00e9nages camerounais bient\u00f4t \u00e9clair\u00e9s au solaire, gr\u00e2ce \u00e0 un pr\u00eat d\u2019Afreximbank - Cameroun\",\"isPartOf\":{\"@id\":\"https:\/\/www.africa-press.net\/cameroun\/#website\"},\"primaryImageOfPage\":{\"@id\":\"https:\/\/www.africa-press.net\/cameroun\/economie\/electricite-plus-de-13-000-menages-camerounais-bientot-eclaires-au-solaire-grace-a-un-pret-dafreximbank#primaryimage\"},\"image\":{\"@id\":\"https:\/\/www.africa-press.net\/cameroun\/economie\/electricite-plus-de-13-000-menages-camerounais-bientot-eclaires-au-solaire-grace-a-un-pret-dafreximbank#primaryimage\"},\"thumbnailUrl\":\"https:\/\/static.africa-press.net\/cameroun\/sites\/57\/2023\/03\/postQueueImg_1678301422.95.jpg\",\"datePublished\":\"2023-03-08T22:20:19+00:00\",\"dateModified\":\"2023-03-08T23:25:32+00:00\",\"author\":{\"@id\":\"https:\/\/www.africa-press.net\/cameroun\/#\/schema\/person\/2b1cf3cd81a31e3cd26889ca66d677f1\"},\"description\":\"Investir au Cameroun) - Conforme\u0301ment a\u0300 l\u2019habilitation signe\u0301e le 6 fe\u0301vrier 2023 par le pre\u0301sident de la Re\u0301publique, ...\",\"breadcrumb\":{\"@id\":\"https:\/\/www.africa-press.net\/cameroun\/economie\/electricite-plus-de-13-000-menages-camerounais-bientot-eclaires-au-solaire-grace-a-un-pret-dafreximbank#breadcrumb\"},\"inLanguage\":\"fr-FR\",\"potentialAction\":[{\"@type\":\"ReadAction\",\"target\":[\"https:\/\/www.africa-press.net\/cameroun\/economie\/electricite-plus-de-13-000-menages-camerounais-bientot-eclaires-au-solaire-grace-a-un-pret-dafreximbank\"]}]},{\"@type\":\"ImageObject\",\"inLanguage\":\"fr-FR\",\"@id\":\"https:\/\/www.africa-press.net\/cameroun\/economie\/electricite-plus-de-13-000-menages-camerounais-bientot-eclaires-au-solaire-grace-a-un-pret-dafreximbank#primaryimage\",\"url\":\"https:\/\/static.africa-press.net\/cameroun\/sites\/57\/2023\/03\/postQueueImg_1678301422.95.jpg\",\"contentUrl\":\"https:\/\/static.africa-press.net\/cameroun\/sites\/57\/2023\/03\/postQueueImg_1678301422.95.jpg\",\"width\":720,\"height\":479,\"caption\":\"\u00c9lectricit\u00e9\u00a0: plus de 13\u2009000 m\u00e9nages camerounais bient\u00f4t \u00e9clair\u00e9s au solaire, gr\u00e2ce \u00e0 un pr\u00eat d\u2019Afreximbank\"},{\"@type\":\"BreadcrumbList\",\"@id\":\"https:\/\/www.africa-press.net\/cameroun\/economie\/electricite-plus-de-13-000-menages-camerounais-bientot-eclaires-au-solaire-grace-a-un-pret-dafreximbank#breadcrumb\",\"itemListElement\":[{\"@type\":\"ListItem\",\"position\":1,\"name\":\"Accueil\",\"item\":\"https:\/\/www.africa-press.net\/cameroun\/\"},{\"@type\":\"ListItem\",\"position\":2,\"name\":\"\u00c9lectricit\u00e9\u00a0: plus de 13\u2009000 m\u00e9nages camerounais bient\u00f4t \u00e9clair\u00e9s au solaire, gr\u00e2ce \u00e0 un pr\u00eat d\u2019Afreximbank\"}]},{\"@type\":\"WebSite\",\"@id\":\"https:\/\/www.africa-press.net\/cameroun\/#website\",\"url\":\"https:\/\/www.africa-press.net\/cameroun\/\",\"name\":\"Cameroun\",\"description\":\"Just another Africa News Agency Sites site\",\"potentialAction\":[{\"@type\":\"SearchAction\",\"target\":{\"@type\":\"EntryPoint\",\"urlTemplate\":\"https:\/\/www.africa-press.net\/cameroun\/?s={search_term_string}\"},\"query-input\":{\"@type\":\"PropertyValueSpecification\",\"valueRequired\":true,\"valueName\":\"search_term_string\"}}],\"inLanguage\":\"fr-FR\"},{\"@type\":\"Person\",\"@id\":\"https:\/\/www.africa-press.net\/cameroun\/#\/schema\/person\/2b1cf3cd81a31e3cd26889ca66d677f1\",\"name\":\"cfeditorfr\"}]}<\/script>\n<!-- \/ Yoast SEO Premium plugin. -->","yoast_head_json":{"title":"\u00c9lectricit\u00e9\u00a0: plus de 13\u2009000 m\u00e9nages camerounais bient\u00f4t \u00e9clair\u00e9s au solaire, gr\u00e2ce \u00e0 un pr\u00eat d\u2019Afreximbank - Cameroun","description":"Investir au Cameroun) - Conforme\u0301ment a\u0300 l\u2019habilitation signe\u0301e le 6 fe\u0301vrier 2023 par le pre\u0301sident de la Re\u0301publique, ...","robots":{"index":"index","follow":"follow","max-snippet":"max-snippet:-1","max-image-preview":"max-image-preview:large","max-video-preview":"max-video-preview:-1"},"canonical":"https:\/\/www.africa-press.net\/cameroun\/economie\/electricite-plus-de-13-000-menages-camerounais-bientot-eclaires-au-solaire-grace-a-un-pret-dafreximbank","og_locale":"fr_FR","og_type":"article","og_title":"\u00c9lectricit\u00e9\u00a0: plus de 13\u2009000 m\u00e9nages camerounais bient\u00f4t \u00e9clair\u00e9s au solaire, gr\u00e2ce \u00e0 un pr\u00eat d\u2019Afreximbank","og_description":"Investir au Cameroun) - Conforme\u0301ment a\u0300 l\u2019habilitation signe\u0301e le 6 fe\u0301vrier 2023 par le pre\u0301sident de la Re\u0301publique, ...","og_url":"https:\/\/www.africa-press.net\/cameroun\/economie\/electricite-plus-de-13-000-menages-camerounais-bientot-eclaires-au-solaire-grace-a-un-pret-dafreximbank","og_site_name":"Cameroun","article_published_time":"2023-03-08T22:20:19+00:00","article_modified_time":"2023-03-08T23:25:32+00:00","og_image":[{"width":720,"height":479,"url":"https:\/\/static.africa-press.net\/cameroun\/sites\/57\/2023\/03\/postQueueImg_1678301422.95.jpg","type":"image\/jpeg"}],"author":"cfeditorfr","twitter_card":"summary_large_image","twitter_misc":{"\u00c9crit par":"cfeditorfr","Dur\u00e9e de lecture estim\u00e9e":"1 minute"},"schema":{"@context":"https:\/\/schema.org","@graph":[{"@type":"Article","@id":"https:\/\/www.africa-press.net\/cameroun\/economie\/electricite-plus-de-13-000-menages-camerounais-bientot-eclaires-au-solaire-grace-a-un-pret-dafreximbank#article","isPartOf":{"@id":"https:\/\/www.africa-press.net\/cameroun\/economie\/electricite-plus-de-13-000-menages-camerounais-bientot-eclaires-au-solaire-grace-a-un-pret-dafreximbank"},"author":{"name":"cfeditorfr","@id":"https:\/\/www.africa-press.net\/cameroun\/#\/schema\/person\/2b1cf3cd81a31e3cd26889ca66d677f1"},"headline":"\u00c9lectricit\u00e9\u00a0: plus de 13\u2009000 m\u00e9nages camerounais bient\u00f4t \u00e9clair\u00e9s au solaire, gr\u00e2ce \u00e0 un pr\u00eat d\u2019Afreximbank","datePublished":"2023-03-08T22:20:19+00:00","dateModified":"2023-03-08T23:25:32+00:00","mainEntityOfPage":{"@id":"https:\/\/www.africa-press.net\/cameroun\/economie\/electricite-plus-de-13-000-menages-camerounais-bientot-eclaires-au-solaire-grace-a-un-pret-dafreximbank"},"wordCount":287,"commentCount":0,"image":{"@id":"https:\/\/www.africa-press.net\/cameroun\/economie\/electricite-plus-de-13-000-menages-camerounais-bientot-eclaires-au-solaire-grace-a-un-pret-dafreximbank#primaryimage"},"thumbnailUrl":"https:\/\/static.africa-press.net\/cameroun\/sites\/57\/2023\/03\/postQueueImg_1678301422.95.jpg","keywords":["Africa Press","Africa Press-Cameroun","Cameroun"],"articleSection":["\u00c9conomie","Toutes les actualit\u00e9s"],"inLanguage":"fr-FR","potentialAction":[{"@type":"CommentAction","name":"Comment","target":["https:\/\/www.africa-press.net\/cameroun\/economie\/electricite-plus-de-13-000-menages-camerounais-bientot-eclaires-au-solaire-grace-a-un-pret-dafreximbank#respond"]}]},{"@type":"WebPage","@id":"https:\/\/www.africa-press.net\/cameroun\/economie\/electricite-plus-de-13-000-menages-camerounais-bientot-eclaires-au-solaire-grace-a-un-pret-dafreximbank","url":"https:\/\/www.africa-press.net\/cameroun\/economie\/electricite-plus-de-13-000-menages-camerounais-bientot-eclaires-au-solaire-grace-a-un-pret-dafreximbank","name":"\u00c9lectricit\u00e9\u00a0: plus de 13\u2009000 m\u00e9nages camerounais bient\u00f4t \u00e9clair\u00e9s au solaire, gr\u00e2ce \u00e0 un pr\u00eat d\u2019Afreximbank - Cameroun","isPartOf":{"@id":"https:\/\/www.africa-press.net\/cameroun\/#website"},"primaryImageOfPage":{"@id":"https:\/\/www.africa-press.net\/cameroun\/economie\/electricite-plus-de-13-000-menages-camerounais-bientot-eclaires-au-solaire-grace-a-un-pret-dafreximbank#primaryimage"},"image":{"@id":"https:\/\/www.africa-press.net\/cameroun\/economie\/electricite-plus-de-13-000-menages-camerounais-bientot-eclaires-au-solaire-grace-a-un-pret-dafreximbank#primaryimage"},"thumbnailUrl":"https:\/\/static.africa-press.net\/cameroun\/sites\/57\/2023\/03\/postQueueImg_1678301422.95.jpg","datePublished":"2023-03-08T22:20:19+00:00","dateModified":"2023-03-08T23:25:32+00:00","author":{"@id":"https:\/\/www.africa-press.net\/cameroun\/#\/schema\/person\/2b1cf3cd81a31e3cd26889ca66d677f1"},"description":"Investir au Cameroun) - Conforme\u0301ment a\u0300 l\u2019habilitation signe\u0301e le 6 fe\u0301vrier 2023 par le pre\u0301sident de la Re\u0301publique, ...","breadcrumb":{"@id":"https:\/\/www.africa-press.net\/cameroun\/economie\/electricite-plus-de-13-000-menages-camerounais-bientot-eclaires-au-solaire-grace-a-un-pret-dafreximbank#breadcrumb"},"inLanguage":"fr-FR","potentialAction":[{"@type":"ReadAction","target":["https:\/\/www.africa-press.net\/cameroun\/economie\/electricite-plus-de-13-000-menages-camerounais-bientot-eclaires-au-solaire-grace-a-un-pret-dafreximbank"]}]},{"@type":"ImageObject","inLanguage":"fr-FR","@id":"https:\/\/www.africa-press.net\/cameroun\/economie\/electricite-plus-de-13-000-menages-camerounais-bientot-eclaires-au-solaire-grace-a-un-pret-dafreximbank#primaryimage","url":"https:\/\/static.africa-press.net\/cameroun\/sites\/57\/2023\/03\/postQueueImg_1678301422.95.jpg","contentUrl":"https:\/\/static.africa-press.net\/cameroun\/sites\/57\/2023\/03\/postQueueImg_1678301422.95.jpg","width":720,"height":479,"caption":"\u00c9lectricit\u00e9\u00a0: plus de 13\u2009000 m\u00e9nages camerounais bient\u00f4t \u00e9clair\u00e9s au solaire, gr\u00e2ce \u00e0 un pr\u00eat d\u2019Afreximbank"},{"@type":"BreadcrumbList","@id":"https:\/\/www.africa-press.net\/cameroun\/economie\/electricite-plus-de-13-000-menages-camerounais-bientot-eclaires-au-solaire-grace-a-un-pret-dafreximbank#breadcrumb","itemListElement":[{"@type":"ListItem","position":1,"name":"Accueil","item":"https:\/\/www.africa-press.net\/cameroun\/"},{"@type":"ListItem","position":2,"name":"\u00c9lectricit\u00e9\u00a0: plus de 13\u2009000 m\u00e9nages camerounais bient\u00f4t \u00e9clair\u00e9s au solaire, gr\u00e2ce \u00e0 un pr\u00eat d\u2019Afreximbank"}]},{"@type":"WebSite","@id":"https:\/\/www.africa-press.net\/cameroun\/#website","url":"https:\/\/www.africa-press.net\/cameroun\/","name":"Cameroun","description":"Just another Africa News Agency Sites site","potentialAction":[{"@type":"SearchAction","target":{"@type":"EntryPoint","urlTemplate":"https:\/\/www.africa-press.net\/cameroun\/?s={search_term_string}"},"query-input":{"@type":"PropertyValueSpecification","valueRequired":true,"valueName":"search_term_string"}}],"inLanguage":"fr-FR"},{"@type":"Person","@id":"https:\/\/www.africa-press.net\/cameroun\/#\/schema\/person\/2b1cf3cd81a31e3cd26889ca66d677f1","name":"cfeditorfr"}]}},"_links":{"self":[{"href":"https:\/\/www.africa-press.net\/cameroun\/wp-json\/wp\/v2\/posts\/38760","targetHints":{"allow":["GET"]}}],"collection":[{"href":"https:\/\/www.africa-press.net\/cameroun\/wp-json\/wp\/v2\/posts"}],"about":[{"href":"https:\/\/www.africa-press.net\/cameroun\/wp-json\/wp\/v2\/types\/post"}],"author":[{"embeddable":true,"href":"https:\/\/www.africa-press.net\/cameroun\/wp-json\/wp\/v2\/users\/82"}],"replies":[{"embeddable":true,"href":"https:\/\/www.africa-press.net\/cameroun\/wp-json\/wp\/v2\/comments?post=38760"}],"version-history":[{"count":0,"href":"https:\/\/www.africa-press.net\/cameroun\/wp-json\/wp\/v2\/posts\/38760\/revisions"}],"wp:featuredmedia":[{"embeddable":true,"href":"https:\/\/www.africa-press.net\/cameroun\/wp-json\/wp\/v2\/media\/38759"}],"wp:attachment":[{"href":"https:\/\/www.africa-press.net\/cameroun\/wp-json\/wp\/v2\/media?parent=38760"}],"wp:term":[{"taxonomy":"category","embeddable":true,"href":"https:\/\/www.africa-press.net\/cameroun\/wp-json\/wp\/v2\/categories?post=38760"},{"taxonomy":"post_tag","embeddable":true,"href":"https:\/\/www.africa-press.net\/cameroun\/wp-json\/wp\/v2\/tags?post=38760"}],"curies":[{"name":"wp","href":"https:\/\/api.w.org\/{rel}","templated":true}]}}