{"id":38775,"date":"2023-03-09T12:02:10","date_gmt":"2023-03-09T12:02:10","guid":{"rendered":"https:\/\/www.africa-press.net\/cameroun\/politique\/projet-franck-biya-pour-2025-ca-se-precise-mais-ca-se-critique-aussi"},"modified":"2023-03-09T12:15:57","modified_gmt":"2023-03-09T12:15:57","slug":"projet-franck-biya-pour-2025-ca-se-precise-mais-ca-se-critique-aussi","status":"publish","type":"post","link":"https:\/\/www.africa-press.net\/cameroun\/politique\/projet-franck-biya-pour-2025-ca-se-precise-mais-ca-se-critique-aussi","title":{"rendered":"Projet Franck Biya pour 2025: \u00e7a se pr\u00e9cise, mais \u00e7a se critique aussi"},"content":{"rendered":"<p><span style=\"color: #ff6600\"><strong>Africa-Press &#8211; Cameroun. <\/strong><\/span>Il e\u0301tait monte\u0301 en puissance par des sorties ge\u0301antes aux allures de campagne en 2021 et en 2022. Mais depuis, le premier fils du pre\u0301sident s&rsquo;est refait discret. Mais il semble que cette discre\u0301tion cache bien son jeu, ses projets et la pre\u0301-campagne qu&rsquo;il ferait en sourdine.<\/p>\n<p>Selon des informations diffuse\u0301es dans une publication de Se\u0301bastien Ebala, \u00ab\u00a0plusieurs officiers supe\u0301rieurs de arme\u0301e passent de leurs temps a\u0300 lui faire alle\u0301geance a\u0300 Franck Biya\u00a0\u00bb. Ils sont tre\u0300s nombreux, a\u0300 se rendre au domicile de Franck Biya du co\u0302te\u0301 de Bastos, selon l&rsquo;activiste politique.<\/p>\n<p>Cette information, si elle est vraie, veut simplement dire que le fait que Franck Biya ne multiplie plus les sorties bruyantes sur le terrain, ne veut pas dire qu&rsquo;il a abandonne\u0301 son projet de devenir le prochain pre\u0301sident du Cameroun. L&rsquo;on devrait prendre au se\u0301rieux cet autre candidat (me\u0302me s&rsquo;il ne le de\u0301clare pas, tout comme les autres d&rsquo;ailleurs) a\u0300 la succession de Paul Biya.<\/p>\n<p>\u00ab\u00a0Je fais cette autre tribune pour interpeller les jouisseurs qui veulent se maintenir au pouvoir en voulant imposer Frank Emmanuel Biya, que cela ne se passera pas aujourd&rsquo;hui.<\/p>\n<p>Beaucoup de camerounais sont devenus intelligents. Le cameroun ce n&rsquo;est pas une monarchie, c&rsquo;est une Re\u0301publique. Voila\u0300 pourquoi nous qui sommes le peuples du changement comme l&rsquo;a si bien dit notre guide le pre\u0301sident e\u0301lu Maurice Kamto, nous allons barrer la route.<\/p>\n<p>Cette imposture, depuis un certain temps, plusieurs officiers supe\u0301rieurs de notre arme\u0301e passent de leurs temps a\u0300 lui faire alle\u0301geance dans son domicile du co\u0302te\u0301 de Bastos. Mais je puis vous dire que rien de c\u0327a ne passera devant nos yeux en ce qui me concerne moi personnellement. Je suis pre\u0302t depuis. Quelque soit votre violence ou votre me\u0301chancete\u0301 envers nous, nous irons jusqu&rsquo;au bout de ce combat\u00a0\u00bb, e\u0301crit Ebala.<\/p>\n<p>\u00ab\u00a0Voila\u0300 pourquoi j&rsquo;interpelle certaines puissances e\u0301trange\u0300res qui sont les soutiens de ce syste\u0300me ille\u0301gitime de prendre leurs responsabilite\u0301s en dissuadant ces jouisseurs paresseux de laisser tomber ce projet de vouloir imposer Frank Biya comme le successeur de son pe\u0300re. Cela va tre\u0300s mal se terminer. C&rsquo;est juste une mise en garde apre\u0300s quarante ans de re\u0300gne sans partage de son pe\u0300re.<\/p>\n<p>Nous ne sommes plus pre\u0302ts a\u0300 repartir pour se faire diriger par un notre paresseux. C&rsquo;est de c\u0327a qu&rsquo;il s&rsquo;agit. Chacun de nous se souvient d&rsquo;un certain nombre de ses frasques a\u0300 travers le monde surtout l&rsquo;affaire de trafic de stupe\u0301fiants aux E\u0301tats-Unis. Donc on ne saurait accepter a\u0300 la te\u0302te de notre cher et beau pays un trafiquant de drogue apre\u0300s avoir de\u0301truit nos fore\u0302ts avec l&rsquo;aide de son pe\u0300re qui a laisse\u0301 tout faire dans ce pays pour se maintenir le plus longtemps au pouvoir. Rien ne sera plus comme avant malgre\u0301 les milliards qui sont en circulation pour faire retourner les personnes les plus influentes de la socie\u0301te\u0301. Moi je suis non partant ou alors le cliente\u0301lisme tribal qui est instrumentalise\u0301 par certains ressortissants du Centre-Sud qui veulent pre\u0301server leurs inte\u0301re\u0302ts personnels en faisant croire aux gens que c&rsquo;est une histoire de notre pouvoir. Je ne suis pas avec vous. Tous les camerounais sont mes fre\u0300res. L&rsquo;espoir du Cameroun et de notre ge\u0301ne\u0301ration c&rsquo;est le pre\u0301sident e\u0301lu Maurice Kamto. C&rsquo;est l&rsquo;homme de la situation. C&rsquo;est pour cette raison que je le soutiendrai jusqu&rsquo;au bout\u00a0\u00bb, ajoute t-il.<\/p>\n<p><strong>Pour plus d&rsquo;informations et d&rsquo;analyses sur la <a href=\"https:\/\/www.africa-press.net\/cameroun\">Cameroun<\/a>, suivez <a href=\"https:\/\/www.africa-press.net\/\">Africa-Press<\/a><\/strong><\/p>\n","protected":false},"excerpt":{"rendered":"<p>Africa-Press &#8211; Cameroun. Il e\u0301tait monte\u0301 en puissance par des sorties ge\u0301antes aux allures de campagne en 2021 et en 2022. Mais depuis, le premier fils du pre\u0301sident s&rsquo;est refait discret. Mais il semble que cette discre\u0301tion cache bien son jeu, ses projets et la pre\u0301-campagne qu&rsquo;il ferait en sourdine. Selon des informations diffuse\u0301es dans [&hellip;]<\/p>\n","protected":false},"author":82,"featured_media":38774,"comment_status":"open","ping_status":"closed","sticky":false,"template":"","format":"standard","meta":{"footnotes":""},"categories":[2,10],"tags":[36,50,49],"class_list":["post-38775","post","type-post","status-publish","format-standard","has-post-thumbnail","hentry","category-politique","category-toutes-les-actualites","tag-africa-press","tag-africa-press-cameroun","tag-cameroun"],"yoast_head":"<!-- This site is optimized with the Yoast SEO Premium plugin v26.1 (Yoast SEO v27.0) - https:\/\/yoast.com\/product\/yoast-seo-premium-wordpress\/ -->\n<title>Projet Franck Biya pour 2025: \u00e7a se pr\u00e9cise, mais \u00e7a se critique aussi - Cameroun<\/title>\n<meta name=\"description\" content=\"Il e\u0301tait monte\u0301 en puissance par des sorties ge\u0301antes aux allures de campagne en 2021 et en 2022. Mais depuis, le premi ...\" \/>\n<meta name=\"robots\" content=\"index, follow, max-snippet:-1, max-image-preview:large, max-video-preview:-1\" \/>\n<link rel=\"canonical\" href=\"https:\/\/www.africa-press.net\/cameroun\/politique\/projet-franck-biya-pour-2025-ca-se-precise-mais-ca-se-critique-aussi\" \/>\n<meta property=\"og:locale\" content=\"fr_FR\" \/>\n<meta property=\"og:type\" content=\"article\" \/>\n<meta property=\"og:title\" content=\"Projet Franck Biya pour 2025: \u00e7a se pr\u00e9cise, mais \u00e7a se critique aussi\" \/>\n<meta property=\"og:description\" content=\"Il e\u0301tait monte\u0301 en puissance par des sorties ge\u0301antes aux allures de campagne en 2021 et en 2022. Mais depuis, le premi ...\" \/>\n<meta property=\"og:url\" content=\"https:\/\/www.africa-press.net\/cameroun\/politique\/projet-franck-biya-pour-2025-ca-se-precise-mais-ca-se-critique-aussi\" \/>\n<meta property=\"og:site_name\" content=\"Cameroun\" \/>\n<meta property=\"article:published_time\" content=\"2023-03-09T12:02:10+00:00\" \/>\n<meta property=\"article:modified_time\" content=\"2023-03-09T12:15:57+00:00\" \/>\n<meta property=\"og:image\" content=\"https:\/\/static.africa-press.net\/cameroun\/sites\/57\/2023\/03\/postQueueImg_1678350748.20.jpg\" \/>\n\t<meta property=\"og:image:width\" content=\"720\" \/>\n\t<meta property=\"og:image:height\" content=\"360\" \/>\n\t<meta property=\"og:image:type\" content=\"image\/jpeg\" \/>\n<meta name=\"author\" content=\"cfeditorfr\" \/>\n<meta name=\"twitter:card\" content=\"summary_large_image\" \/>\n<meta name=\"twitter:label1\" content=\"\u00c9crit par\" \/>\n\t<meta name=\"twitter:data1\" content=\"cfeditorfr\" \/>\n\t<meta name=\"twitter:label2\" content=\"Dur\u00e9e de lecture estim\u00e9e\" \/>\n\t<meta name=\"twitter:data2\" content=\"3 minutes\" \/>\n<script type=\"application\/ld+json\" class=\"yoast-schema-graph\">{\"@context\":\"https:\/\/schema.org\",\"@graph\":[{\"@type\":\"Article\",\"@id\":\"https:\/\/www.africa-press.net\/cameroun\/politique\/projet-franck-biya-pour-2025-ca-se-precise-mais-ca-se-critique-aussi#article\",\"isPartOf\":{\"@id\":\"https:\/\/www.africa-press.net\/cameroun\/politique\/projet-franck-biya-pour-2025-ca-se-precise-mais-ca-se-critique-aussi\"},\"author\":{\"name\":\"cfeditorfr\",\"@id\":\"https:\/\/www.africa-press.net\/cameroun\/#\/schema\/person\/2b1cf3cd81a31e3cd26889ca66d677f1\"},\"headline\":\"Projet Franck Biya pour 2025: \u00e7a se pr\u00e9cise, mais \u00e7a se critique aussi\",\"datePublished\":\"2023-03-09T12:02:10+00:00\",\"dateModified\":\"2023-03-09T12:15:57+00:00\",\"mainEntityOfPage\":{\"@id\":\"https:\/\/www.africa-press.net\/cameroun\/politique\/projet-franck-biya-pour-2025-ca-se-precise-mais-ca-se-critique-aussi\"},\"wordCount\":656,\"commentCount\":0,\"image\":{\"@id\":\"https:\/\/www.africa-press.net\/cameroun\/politique\/projet-franck-biya-pour-2025-ca-se-precise-mais-ca-se-critique-aussi#primaryimage\"},\"thumbnailUrl\":\"https:\/\/static.africa-press.net\/cameroun\/sites\/57\/2023\/03\/postQueueImg_1678350748.20.jpg\",\"keywords\":[\"Africa Press\",\"Africa Press-Cameroun\",\"Cameroun\"],\"articleSection\":[\"Politique\",\"Toutes les actualit\u00e9s\"],\"inLanguage\":\"fr-FR\",\"potentialAction\":[{\"@type\":\"CommentAction\",\"name\":\"Comment\",\"target\":[\"https:\/\/www.africa-press.net\/cameroun\/politique\/projet-franck-biya-pour-2025-ca-se-precise-mais-ca-se-critique-aussi#respond\"]}]},{\"@type\":\"WebPage\",\"@id\":\"https:\/\/www.africa-press.net\/cameroun\/politique\/projet-franck-biya-pour-2025-ca-se-precise-mais-ca-se-critique-aussi\",\"url\":\"https:\/\/www.africa-press.net\/cameroun\/politique\/projet-franck-biya-pour-2025-ca-se-precise-mais-ca-se-critique-aussi\",\"name\":\"Projet Franck Biya pour 2025: \u00e7a se pr\u00e9cise, mais \u00e7a se critique aussi - Cameroun\",\"isPartOf\":{\"@id\":\"https:\/\/www.africa-press.net\/cameroun\/#website\"},\"primaryImageOfPage\":{\"@id\":\"https:\/\/www.africa-press.net\/cameroun\/politique\/projet-franck-biya-pour-2025-ca-se-precise-mais-ca-se-critique-aussi#primaryimage\"},\"image\":{\"@id\":\"https:\/\/www.africa-press.net\/cameroun\/politique\/projet-franck-biya-pour-2025-ca-se-precise-mais-ca-se-critique-aussi#primaryimage\"},\"thumbnailUrl\":\"https:\/\/static.africa-press.net\/cameroun\/sites\/57\/2023\/03\/postQueueImg_1678350748.20.jpg\",\"datePublished\":\"2023-03-09T12:02:10+00:00\",\"dateModified\":\"2023-03-09T12:15:57+00:00\",\"author\":{\"@id\":\"https:\/\/www.africa-press.net\/cameroun\/#\/schema\/person\/2b1cf3cd81a31e3cd26889ca66d677f1\"},\"description\":\"Il e\u0301tait monte\u0301 en puissance par des sorties ge\u0301antes aux allures de campagne en 2021 et en 2022. Mais depuis, le premi ...\",\"breadcrumb\":{\"@id\":\"https:\/\/www.africa-press.net\/cameroun\/politique\/projet-franck-biya-pour-2025-ca-se-precise-mais-ca-se-critique-aussi#breadcrumb\"},\"inLanguage\":\"fr-FR\",\"potentialAction\":[{\"@type\":\"ReadAction\",\"target\":[\"https:\/\/www.africa-press.net\/cameroun\/politique\/projet-franck-biya-pour-2025-ca-se-precise-mais-ca-se-critique-aussi\"]}]},{\"@type\":\"ImageObject\",\"inLanguage\":\"fr-FR\",\"@id\":\"https:\/\/www.africa-press.net\/cameroun\/politique\/projet-franck-biya-pour-2025-ca-se-precise-mais-ca-se-critique-aussi#primaryimage\",\"url\":\"https:\/\/static.africa-press.net\/cameroun\/sites\/57\/2023\/03\/postQueueImg_1678350748.20.jpg\",\"contentUrl\":\"https:\/\/static.africa-press.net\/cameroun\/sites\/57\/2023\/03\/postQueueImg_1678350748.20.jpg\",\"width\":720,\"height\":360,\"caption\":\"Projet Franck Biya pour 2025: \u00e7a se pr\u00e9cise, mais \u00e7a se critique aussi\"},{\"@type\":\"BreadcrumbList\",\"@id\":\"https:\/\/www.africa-press.net\/cameroun\/politique\/projet-franck-biya-pour-2025-ca-se-precise-mais-ca-se-critique-aussi#breadcrumb\",\"itemListElement\":[{\"@type\":\"ListItem\",\"position\":1,\"name\":\"Accueil\",\"item\":\"https:\/\/www.africa-press.net\/cameroun\/\"},{\"@type\":\"ListItem\",\"position\":2,\"name\":\"Projet Franck Biya pour 2025: \u00e7a se pr\u00e9cise, mais \u00e7a se critique aussi\"}]},{\"@type\":\"WebSite\",\"@id\":\"https:\/\/www.africa-press.net\/cameroun\/#website\",\"url\":\"https:\/\/www.africa-press.net\/cameroun\/\",\"name\":\"Cameroun\",\"description\":\"Just another Africa News Agency Sites site\",\"potentialAction\":[{\"@type\":\"SearchAction\",\"target\":{\"@type\":\"EntryPoint\",\"urlTemplate\":\"https:\/\/www.africa-press.net\/cameroun\/?s={search_term_string}\"},\"query-input\":{\"@type\":\"PropertyValueSpecification\",\"valueRequired\":true,\"valueName\":\"search_term_string\"}}],\"inLanguage\":\"fr-FR\"},{\"@type\":\"Person\",\"@id\":\"https:\/\/www.africa-press.net\/cameroun\/#\/schema\/person\/2b1cf3cd81a31e3cd26889ca66d677f1\",\"name\":\"cfeditorfr\"}]}<\/script>\n<!-- \/ Yoast SEO Premium plugin. -->","yoast_head_json":{"title":"Projet Franck Biya pour 2025: \u00e7a se pr\u00e9cise, mais \u00e7a se critique aussi - Cameroun","description":"Il e\u0301tait monte\u0301 en puissance par des sorties ge\u0301antes aux allures de campagne en 2021 et en 2022. Mais depuis, le premi ...","robots":{"index":"index","follow":"follow","max-snippet":"max-snippet:-1","max-image-preview":"max-image-preview:large","max-video-preview":"max-video-preview:-1"},"canonical":"https:\/\/www.africa-press.net\/cameroun\/politique\/projet-franck-biya-pour-2025-ca-se-precise-mais-ca-se-critique-aussi","og_locale":"fr_FR","og_type":"article","og_title":"Projet Franck Biya pour 2025: \u00e7a se pr\u00e9cise, mais \u00e7a se critique aussi","og_description":"Il e\u0301tait monte\u0301 en puissance par des sorties ge\u0301antes aux allures de campagne en 2021 et en 2022. Mais depuis, le premi ...","og_url":"https:\/\/www.africa-press.net\/cameroun\/politique\/projet-franck-biya-pour-2025-ca-se-precise-mais-ca-se-critique-aussi","og_site_name":"Cameroun","article_published_time":"2023-03-09T12:02:10+00:00","article_modified_time":"2023-03-09T12:15:57+00:00","og_image":[{"width":720,"height":360,"url":"https:\/\/static.africa-press.net\/cameroun\/sites\/57\/2023\/03\/postQueueImg_1678350748.20.jpg","type":"image\/jpeg"}],"author":"cfeditorfr","twitter_card":"summary_large_image","twitter_misc":{"\u00c9crit par":"cfeditorfr","Dur\u00e9e de lecture estim\u00e9e":"3 minutes"},"schema":{"@context":"https:\/\/schema.org","@graph":[{"@type":"Article","@id":"https:\/\/www.africa-press.net\/cameroun\/politique\/projet-franck-biya-pour-2025-ca-se-precise-mais-ca-se-critique-aussi#article","isPartOf":{"@id":"https:\/\/www.africa-press.net\/cameroun\/politique\/projet-franck-biya-pour-2025-ca-se-precise-mais-ca-se-critique-aussi"},"author":{"name":"cfeditorfr","@id":"https:\/\/www.africa-press.net\/cameroun\/#\/schema\/person\/2b1cf3cd81a31e3cd26889ca66d677f1"},"headline":"Projet Franck Biya pour 2025: \u00e7a se pr\u00e9cise, mais \u00e7a se critique aussi","datePublished":"2023-03-09T12:02:10+00:00","dateModified":"2023-03-09T12:15:57+00:00","mainEntityOfPage":{"@id":"https:\/\/www.africa-press.net\/cameroun\/politique\/projet-franck-biya-pour-2025-ca-se-precise-mais-ca-se-critique-aussi"},"wordCount":656,"commentCount":0,"image":{"@id":"https:\/\/www.africa-press.net\/cameroun\/politique\/projet-franck-biya-pour-2025-ca-se-precise-mais-ca-se-critique-aussi#primaryimage"},"thumbnailUrl":"https:\/\/static.africa-press.net\/cameroun\/sites\/57\/2023\/03\/postQueueImg_1678350748.20.jpg","keywords":["Africa Press","Africa Press-Cameroun","Cameroun"],"articleSection":["Politique","Toutes les actualit\u00e9s"],"inLanguage":"fr-FR","potentialAction":[{"@type":"CommentAction","name":"Comment","target":["https:\/\/www.africa-press.net\/cameroun\/politique\/projet-franck-biya-pour-2025-ca-se-precise-mais-ca-se-critique-aussi#respond"]}]},{"@type":"WebPage","@id":"https:\/\/www.africa-press.net\/cameroun\/politique\/projet-franck-biya-pour-2025-ca-se-precise-mais-ca-se-critique-aussi","url":"https:\/\/www.africa-press.net\/cameroun\/politique\/projet-franck-biya-pour-2025-ca-se-precise-mais-ca-se-critique-aussi","name":"Projet Franck Biya pour 2025: \u00e7a se pr\u00e9cise, mais \u00e7a se critique aussi - Cameroun","isPartOf":{"@id":"https:\/\/www.africa-press.net\/cameroun\/#website"},"primaryImageOfPage":{"@id":"https:\/\/www.africa-press.net\/cameroun\/politique\/projet-franck-biya-pour-2025-ca-se-precise-mais-ca-se-critique-aussi#primaryimage"},"image":{"@id":"https:\/\/www.africa-press.net\/cameroun\/politique\/projet-franck-biya-pour-2025-ca-se-precise-mais-ca-se-critique-aussi#primaryimage"},"thumbnailUrl":"https:\/\/static.africa-press.net\/cameroun\/sites\/57\/2023\/03\/postQueueImg_1678350748.20.jpg","datePublished":"2023-03-09T12:02:10+00:00","dateModified":"2023-03-09T12:15:57+00:00","author":{"@id":"https:\/\/www.africa-press.net\/cameroun\/#\/schema\/person\/2b1cf3cd81a31e3cd26889ca66d677f1"},"description":"Il e\u0301tait monte\u0301 en puissance par des sorties ge\u0301antes aux allures de campagne en 2021 et en 2022. Mais depuis, le premi ...","breadcrumb":{"@id":"https:\/\/www.africa-press.net\/cameroun\/politique\/projet-franck-biya-pour-2025-ca-se-precise-mais-ca-se-critique-aussi#breadcrumb"},"inLanguage":"fr-FR","potentialAction":[{"@type":"ReadAction","target":["https:\/\/www.africa-press.net\/cameroun\/politique\/projet-franck-biya-pour-2025-ca-se-precise-mais-ca-se-critique-aussi"]}]},{"@type":"ImageObject","inLanguage":"fr-FR","@id":"https:\/\/www.africa-press.net\/cameroun\/politique\/projet-franck-biya-pour-2025-ca-se-precise-mais-ca-se-critique-aussi#primaryimage","url":"https:\/\/static.africa-press.net\/cameroun\/sites\/57\/2023\/03\/postQueueImg_1678350748.20.jpg","contentUrl":"https:\/\/static.africa-press.net\/cameroun\/sites\/57\/2023\/03\/postQueueImg_1678350748.20.jpg","width":720,"height":360,"caption":"Projet Franck Biya pour 2025: \u00e7a se pr\u00e9cise, mais \u00e7a se critique aussi"},{"@type":"BreadcrumbList","@id":"https:\/\/www.africa-press.net\/cameroun\/politique\/projet-franck-biya-pour-2025-ca-se-precise-mais-ca-se-critique-aussi#breadcrumb","itemListElement":[{"@type":"ListItem","position":1,"name":"Accueil","item":"https:\/\/www.africa-press.net\/cameroun\/"},{"@type":"ListItem","position":2,"name":"Projet Franck Biya pour 2025: \u00e7a se pr\u00e9cise, mais \u00e7a se critique aussi"}]},{"@type":"WebSite","@id":"https:\/\/www.africa-press.net\/cameroun\/#website","url":"https:\/\/www.africa-press.net\/cameroun\/","name":"Cameroun","description":"Just another Africa News Agency Sites site","potentialAction":[{"@type":"SearchAction","target":{"@type":"EntryPoint","urlTemplate":"https:\/\/www.africa-press.net\/cameroun\/?s={search_term_string}"},"query-input":{"@type":"PropertyValueSpecification","valueRequired":true,"valueName":"search_term_string"}}],"inLanguage":"fr-FR"},{"@type":"Person","@id":"https:\/\/www.africa-press.net\/cameroun\/#\/schema\/person\/2b1cf3cd81a31e3cd26889ca66d677f1","name":"cfeditorfr"}]}},"_links":{"self":[{"href":"https:\/\/www.africa-press.net\/cameroun\/wp-json\/wp\/v2\/posts\/38775","targetHints":{"allow":["GET"]}}],"collection":[{"href":"https:\/\/www.africa-press.net\/cameroun\/wp-json\/wp\/v2\/posts"}],"about":[{"href":"https:\/\/www.africa-press.net\/cameroun\/wp-json\/wp\/v2\/types\/post"}],"author":[{"embeddable":true,"href":"https:\/\/www.africa-press.net\/cameroun\/wp-json\/wp\/v2\/users\/82"}],"replies":[{"embeddable":true,"href":"https:\/\/www.africa-press.net\/cameroun\/wp-json\/wp\/v2\/comments?post=38775"}],"version-history":[{"count":0,"href":"https:\/\/www.africa-press.net\/cameroun\/wp-json\/wp\/v2\/posts\/38775\/revisions"}],"wp:featuredmedia":[{"embeddable":true,"href":"https:\/\/www.africa-press.net\/cameroun\/wp-json\/wp\/v2\/media\/38774"}],"wp:attachment":[{"href":"https:\/\/www.africa-press.net\/cameroun\/wp-json\/wp\/v2\/media?parent=38775"}],"wp:term":[{"taxonomy":"category","embeddable":true,"href":"https:\/\/www.africa-press.net\/cameroun\/wp-json\/wp\/v2\/categories?post=38775"},{"taxonomy":"post_tag","embeddable":true,"href":"https:\/\/www.africa-press.net\/cameroun\/wp-json\/wp\/v2\/tags?post=38775"}],"curies":[{"name":"wp","href":"https:\/\/api.w.org\/{rel}","templated":true}]}}