{"id":38786,"date":"2023-03-09T12:02:51","date_gmt":"2023-03-09T12:02:51","guid":{"rendered":"https:\/\/www.africa-press.net\/cameroun\/politique\/drame-a-oudjila-plus-de-100-cases-brulees-par-un-violent-incendie"},"modified":"2023-03-09T12:18:16","modified_gmt":"2023-03-09T12:18:16","slug":"drame-a-oudjila-plus-de-100-cases-brulees-par-un-violent-incendie","status":"publish","type":"post","link":"https:\/\/www.africa-press.net\/cameroun\/toutes-les-actualites\/drame-a-oudjila-plus-de-100-cases-brulees-par-un-violent-incendie","title":{"rendered":"Drame \u00e0 Oudjila: plus de 100 cases br\u00fbl\u00e9es par un violent incendie"},"content":{"rendered":"<p><span style=\"color: #ff6600\"><strong>Africa-Press &#8211; Cameroun. <\/strong><\/span>Les cases se plusieurs camerounais ont e\u0301te\u0301 re\u0301duites en cendres hier mercredi 08 mars a\u0300 Oudjila, d&rsquo;apre\u0300s des informations parvenues a\u0300 la re\u0301daction de CamerounWeb.<\/p>\n<p>\u00ab\u00a0Un incendie consume plus d&rsquo;une centaine de cases a\u0300 Oudjila. Ce village de l&rsquo;Extre\u0302me-Nord a essuye\u0301 un incendie d&rsquo;une rare violence. Aucune perte en vie humaine, mais on enregistre pre\u0300s d&rsquo;un millier de sinistre\u0301s qui dorment a\u0300 la belle e\u0301toile, ainsi que d&rsquo;importants de\u0301ga\u0302ts\u00a0\u00bb, apprend-on d&rsquo;une source officielle.<\/p>\n<p>L&rsquo;information n&rsquo;a pas vraiment fait e\u0301chos, certainement a\u0300 cause de la comme\u0301moration de la journe\u0301e internationale du 08 mars qui a capte\u0301 toutes les attentions.<\/p>\n<p>La re\u0301daction de CamerounWeb a e\u0301galement appris en de\u0301but de semaine, qu&rsquo;un incendie a re\u0301duit en cendres, le stockage des archives, lyce\u0301e classique et moderne de Maroua.<\/p>\n<p>Le feu, selon les sapeurs pompier, a e\u0301te\u0301 mai\u0302trise\u0301 et n&rsquo;a pas pu se propager aux autres ba\u0302timents du lyce\u0301e. Mais les de\u0301ga\u0302ts n&rsquo;ont pas pu e\u0302tre e\u0301vite\u0301s le stockage des archives.<\/p>\n<p>\u00ab\u00a0Dimanche, 05 mars 2023 a\u0300 15 heures, les secours de la 401e Compagnie d&rsquo;Incendie de Maroua ont e\u0301te\u0301 alerte\u0301s pour un feu de local de stockage des archives au lyce\u0301e classique et moderne de Maroua. Les secours ont promptement re\u0301agi et sont venus a\u0300 bout des flammes apre\u0300s 03 heurs d&rsquo;attaque. Il est conseille\u0301 de solliciter l&rsquo;expertise des sapeurs-pompiers pour la se\u0301curite\u0301 incendie dans les e\u0301tablissements recevant du public\u00a0\u00bb, lit-on dans le communique\u0301 du Corps National de Sapeurs Pompiers du Cameroun.<\/p>\n<p>Le dimanche, 05 mars 2023 a\u0300 14h45, les secours de la 401e Compagnie d&rsquo;Incendie de Maroua ont e\u0301te\u0301 alerte\u0301s pour un feu de groupe e\u0301lectroge\u0300ne au quartier Djarengol a\u0300 Maroua.<\/p>\n<p>Les secours ont promptement re\u0301agi et sont aussito\u0302t venus a\u0300 bout des flammes au moyen d&rsquo;une lance.<\/p>\n<p><strong>Pour plus d&rsquo;informations et d&rsquo;analyses sur la <a href=\"https:\/\/www.africa-press.net\/cameroun\">Cameroun<\/a>, suivez <a href=\"https:\/\/www.africa-press.net\/\">Africa-Press<\/a><\/strong><\/p>\n","protected":false},"excerpt":{"rendered":"<p>Africa-Press &#8211; Cameroun. Les cases se plusieurs camerounais ont e\u0301te\u0301 re\u0301duites en cendres hier mercredi 08 mars a\u0300 Oudjila, d&rsquo;apre\u0300s des informations parvenues a\u0300 la re\u0301daction de CamerounWeb. \u00ab\u00a0Un incendie consume plus d&rsquo;une centaine de cases a\u0300 Oudjila. Ce village de l&rsquo;Extre\u0302me-Nord a essuye\u0301 un incendie d&rsquo;une rare violence. Aucune perte en vie humaine, mais [&hellip;]<\/p>\n","protected":false},"author":82,"featured_media":38784,"comment_status":"open","ping_status":"closed","sticky":false,"template":"","format":"standard","meta":{"footnotes":""},"categories":[21,10],"tags":[36,50,49],"class_list":["post-38786","post","type-post","status-publish","format-standard","has-post-thumbnail","hentry","category-communaute","category-toutes-les-actualites","tag-africa-press","tag-africa-press-cameroun","tag-cameroun"],"yoast_head":"<!-- This site is optimized with the Yoast SEO Premium plugin v26.1 (Yoast SEO v27.0) - https:\/\/yoast.com\/product\/yoast-seo-premium-wordpress\/ -->\n<title>Drame \u00e0 Oudjila: plus de 100 cases br\u00fbl\u00e9es par un violent incendie - Cameroun<\/title>\n<meta name=\"description\" content=\"Les cases se plusieurs camerounais ont e\u0301te\u0301 re\u0301duites en cendres hier mercredi 08 mars a\u0300 Oudjila, d&#039;apre\u0300s des informa ...\" \/>\n<meta name=\"robots\" content=\"index, follow, max-snippet:-1, max-image-preview:large, max-video-preview:-1\" \/>\n<link rel=\"canonical\" href=\"https:\/\/www.africa-press.net\/cameroun\/toutes-les-actualites\/drame-a-oudjila-plus-de-100-cases-brulees-par-un-violent-incendie\" \/>\n<meta property=\"og:locale\" content=\"fr_FR\" \/>\n<meta property=\"og:type\" content=\"article\" \/>\n<meta property=\"og:title\" content=\"Drame \u00e0 Oudjila: plus de 100 cases br\u00fbl\u00e9es par un violent incendie\" \/>\n<meta property=\"og:description\" content=\"Les cases se plusieurs camerounais ont e\u0301te\u0301 re\u0301duites en cendres hier mercredi 08 mars a\u0300 Oudjila, d&#039;apre\u0300s des informa ...\" \/>\n<meta property=\"og:url\" content=\"https:\/\/www.africa-press.net\/cameroun\/toutes-les-actualites\/drame-a-oudjila-plus-de-100-cases-brulees-par-un-violent-incendie\" \/>\n<meta property=\"og:site_name\" content=\"Cameroun\" \/>\n<meta property=\"article:published_time\" content=\"2023-03-09T12:02:51+00:00\" \/>\n<meta property=\"article:modified_time\" content=\"2023-03-09T12:18:16+00:00\" \/>\n<meta property=\"og:image\" content=\"https:\/\/static.africa-press.net\/cameroun\/sites\/57\/2023\/03\/postQueueImg_1678350773.62.jpg\" \/>\n\t<meta property=\"og:image:width\" content=\"720\" \/>\n\t<meta property=\"og:image:height\" content=\"360\" \/>\n\t<meta property=\"og:image:type\" content=\"image\/jpeg\" \/>\n<meta name=\"author\" content=\"cfeditorfr\" \/>\n<meta name=\"twitter:card\" content=\"summary_large_image\" \/>\n<meta name=\"twitter:label1\" content=\"\u00c9crit par\" \/>\n\t<meta name=\"twitter:data1\" content=\"cfeditorfr\" \/>\n\t<meta name=\"twitter:label2\" content=\"Dur\u00e9e de lecture estim\u00e9e\" \/>\n\t<meta name=\"twitter:data2\" content=\"2 minutes\" \/>\n<script type=\"application\/ld+json\" class=\"yoast-schema-graph\">{\"@context\":\"https:\/\/schema.org\",\"@graph\":[{\"@type\":\"Article\",\"@id\":\"https:\/\/www.africa-press.net\/cameroun\/toutes-les-actualites\/drame-a-oudjila-plus-de-100-cases-brulees-par-un-violent-incendie#article\",\"isPartOf\":{\"@id\":\"https:\/\/www.africa-press.net\/cameroun\/toutes-les-actualites\/drame-a-oudjila-plus-de-100-cases-brulees-par-un-violent-incendie\"},\"author\":{\"name\":\"cfeditorfr\",\"@id\":\"https:\/\/www.africa-press.net\/cameroun\/#\/schema\/person\/2b1cf3cd81a31e3cd26889ca66d677f1\"},\"headline\":\"Drame \u00e0 Oudjila: plus de 100 cases br\u00fbl\u00e9es par un violent incendie\",\"datePublished\":\"2023-03-09T12:02:51+00:00\",\"dateModified\":\"2023-03-09T12:18:16+00:00\",\"mainEntityOfPage\":{\"@id\":\"https:\/\/www.africa-press.net\/cameroun\/toutes-les-actualites\/drame-a-oudjila-plus-de-100-cases-brulees-par-un-violent-incendie\"},\"wordCount\":361,\"commentCount\":0,\"image\":{\"@id\":\"https:\/\/www.africa-press.net\/cameroun\/toutes-les-actualites\/drame-a-oudjila-plus-de-100-cases-brulees-par-un-violent-incendie#primaryimage\"},\"thumbnailUrl\":\"https:\/\/static.africa-press.net\/cameroun\/sites\/57\/2023\/03\/postQueueImg_1678350773.62.jpg\",\"keywords\":[\"Africa Press\",\"Africa Press-Cameroun\",\"Cameroun\"],\"articleSection\":[\"Communaut\u00e9\",\"Toutes les actualit\u00e9s\"],\"inLanguage\":\"fr-FR\",\"potentialAction\":[{\"@type\":\"CommentAction\",\"name\":\"Comment\",\"target\":[\"https:\/\/www.africa-press.net\/cameroun\/toutes-les-actualites\/drame-a-oudjila-plus-de-100-cases-brulees-par-un-violent-incendie#respond\"]}]},{\"@type\":\"WebPage\",\"@id\":\"https:\/\/www.africa-press.net\/cameroun\/toutes-les-actualites\/drame-a-oudjila-plus-de-100-cases-brulees-par-un-violent-incendie\",\"url\":\"https:\/\/www.africa-press.net\/cameroun\/toutes-les-actualites\/drame-a-oudjila-plus-de-100-cases-brulees-par-un-violent-incendie\",\"name\":\"Drame \u00e0 Oudjila: plus de 100 cases br\u00fbl\u00e9es par un violent incendie - Cameroun\",\"isPartOf\":{\"@id\":\"https:\/\/www.africa-press.net\/cameroun\/#website\"},\"primaryImageOfPage\":{\"@id\":\"https:\/\/www.africa-press.net\/cameroun\/toutes-les-actualites\/drame-a-oudjila-plus-de-100-cases-brulees-par-un-violent-incendie#primaryimage\"},\"image\":{\"@id\":\"https:\/\/www.africa-press.net\/cameroun\/toutes-les-actualites\/drame-a-oudjila-plus-de-100-cases-brulees-par-un-violent-incendie#primaryimage\"},\"thumbnailUrl\":\"https:\/\/static.africa-press.net\/cameroun\/sites\/57\/2023\/03\/postQueueImg_1678350773.62.jpg\",\"datePublished\":\"2023-03-09T12:02:51+00:00\",\"dateModified\":\"2023-03-09T12:18:16+00:00\",\"author\":{\"@id\":\"https:\/\/www.africa-press.net\/cameroun\/#\/schema\/person\/2b1cf3cd81a31e3cd26889ca66d677f1\"},\"description\":\"Les cases se plusieurs camerounais ont e\u0301te\u0301 re\u0301duites en cendres hier mercredi 08 mars a\u0300 Oudjila, d'apre\u0300s des informa ...\",\"breadcrumb\":{\"@id\":\"https:\/\/www.africa-press.net\/cameroun\/toutes-les-actualites\/drame-a-oudjila-plus-de-100-cases-brulees-par-un-violent-incendie#breadcrumb\"},\"inLanguage\":\"fr-FR\",\"potentialAction\":[{\"@type\":\"ReadAction\",\"target\":[\"https:\/\/www.africa-press.net\/cameroun\/toutes-les-actualites\/drame-a-oudjila-plus-de-100-cases-brulees-par-un-violent-incendie\"]}]},{\"@type\":\"ImageObject\",\"inLanguage\":\"fr-FR\",\"@id\":\"https:\/\/www.africa-press.net\/cameroun\/toutes-les-actualites\/drame-a-oudjila-plus-de-100-cases-brulees-par-un-violent-incendie#primaryimage\",\"url\":\"https:\/\/static.africa-press.net\/cameroun\/sites\/57\/2023\/03\/postQueueImg_1678350773.62.jpg\",\"contentUrl\":\"https:\/\/static.africa-press.net\/cameroun\/sites\/57\/2023\/03\/postQueueImg_1678350773.62.jpg\",\"width\":720,\"height\":360,\"caption\":\"Drame \u00e0 Oudjila: plus de 100 cases br\u00fbl\u00e9es par un violent incendie\"},{\"@type\":\"BreadcrumbList\",\"@id\":\"https:\/\/www.africa-press.net\/cameroun\/toutes-les-actualites\/drame-a-oudjila-plus-de-100-cases-brulees-par-un-violent-incendie#breadcrumb\",\"itemListElement\":[{\"@type\":\"ListItem\",\"position\":1,\"name\":\"Accueil\",\"item\":\"https:\/\/www.africa-press.net\/cameroun\/\"},{\"@type\":\"ListItem\",\"position\":2,\"name\":\"Drame \u00e0 Oudjila: plus de 100 cases br\u00fbl\u00e9es par un violent incendie\"}]},{\"@type\":\"WebSite\",\"@id\":\"https:\/\/www.africa-press.net\/cameroun\/#website\",\"url\":\"https:\/\/www.africa-press.net\/cameroun\/\",\"name\":\"Cameroun\",\"description\":\"Just another Africa News Agency Sites site\",\"potentialAction\":[{\"@type\":\"SearchAction\",\"target\":{\"@type\":\"EntryPoint\",\"urlTemplate\":\"https:\/\/www.africa-press.net\/cameroun\/?s={search_term_string}\"},\"query-input\":{\"@type\":\"PropertyValueSpecification\",\"valueRequired\":true,\"valueName\":\"search_term_string\"}}],\"inLanguage\":\"fr-FR\"},{\"@type\":\"Person\",\"@id\":\"https:\/\/www.africa-press.net\/cameroun\/#\/schema\/person\/2b1cf3cd81a31e3cd26889ca66d677f1\",\"name\":\"cfeditorfr\"}]}<\/script>\n<!-- \/ Yoast SEO Premium plugin. -->","yoast_head_json":{"title":"Drame \u00e0 Oudjila: plus de 100 cases br\u00fbl\u00e9es par un violent incendie - Cameroun","description":"Les cases se plusieurs camerounais ont e\u0301te\u0301 re\u0301duites en cendres hier mercredi 08 mars a\u0300 Oudjila, d'apre\u0300s des informa ...","robots":{"index":"index","follow":"follow","max-snippet":"max-snippet:-1","max-image-preview":"max-image-preview:large","max-video-preview":"max-video-preview:-1"},"canonical":"https:\/\/www.africa-press.net\/cameroun\/toutes-les-actualites\/drame-a-oudjila-plus-de-100-cases-brulees-par-un-violent-incendie","og_locale":"fr_FR","og_type":"article","og_title":"Drame \u00e0 Oudjila: plus de 100 cases br\u00fbl\u00e9es par un violent incendie","og_description":"Les cases se plusieurs camerounais ont e\u0301te\u0301 re\u0301duites en cendres hier mercredi 08 mars a\u0300 Oudjila, d'apre\u0300s des informa ...","og_url":"https:\/\/www.africa-press.net\/cameroun\/toutes-les-actualites\/drame-a-oudjila-plus-de-100-cases-brulees-par-un-violent-incendie","og_site_name":"Cameroun","article_published_time":"2023-03-09T12:02:51+00:00","article_modified_time":"2023-03-09T12:18:16+00:00","og_image":[{"width":720,"height":360,"url":"https:\/\/static.africa-press.net\/cameroun\/sites\/57\/2023\/03\/postQueueImg_1678350773.62.jpg","type":"image\/jpeg"}],"author":"cfeditorfr","twitter_card":"summary_large_image","twitter_misc":{"\u00c9crit par":"cfeditorfr","Dur\u00e9e de lecture estim\u00e9e":"2 minutes"},"schema":{"@context":"https:\/\/schema.org","@graph":[{"@type":"Article","@id":"https:\/\/www.africa-press.net\/cameroun\/toutes-les-actualites\/drame-a-oudjila-plus-de-100-cases-brulees-par-un-violent-incendie#article","isPartOf":{"@id":"https:\/\/www.africa-press.net\/cameroun\/toutes-les-actualites\/drame-a-oudjila-plus-de-100-cases-brulees-par-un-violent-incendie"},"author":{"name":"cfeditorfr","@id":"https:\/\/www.africa-press.net\/cameroun\/#\/schema\/person\/2b1cf3cd81a31e3cd26889ca66d677f1"},"headline":"Drame \u00e0 Oudjila: plus de 100 cases br\u00fbl\u00e9es par un violent incendie","datePublished":"2023-03-09T12:02:51+00:00","dateModified":"2023-03-09T12:18:16+00:00","mainEntityOfPage":{"@id":"https:\/\/www.africa-press.net\/cameroun\/toutes-les-actualites\/drame-a-oudjila-plus-de-100-cases-brulees-par-un-violent-incendie"},"wordCount":361,"commentCount":0,"image":{"@id":"https:\/\/www.africa-press.net\/cameroun\/toutes-les-actualites\/drame-a-oudjila-plus-de-100-cases-brulees-par-un-violent-incendie#primaryimage"},"thumbnailUrl":"https:\/\/static.africa-press.net\/cameroun\/sites\/57\/2023\/03\/postQueueImg_1678350773.62.jpg","keywords":["Africa Press","Africa Press-Cameroun","Cameroun"],"articleSection":["Communaut\u00e9","Toutes les actualit\u00e9s"],"inLanguage":"fr-FR","potentialAction":[{"@type":"CommentAction","name":"Comment","target":["https:\/\/www.africa-press.net\/cameroun\/toutes-les-actualites\/drame-a-oudjila-plus-de-100-cases-brulees-par-un-violent-incendie#respond"]}]},{"@type":"WebPage","@id":"https:\/\/www.africa-press.net\/cameroun\/toutes-les-actualites\/drame-a-oudjila-plus-de-100-cases-brulees-par-un-violent-incendie","url":"https:\/\/www.africa-press.net\/cameroun\/toutes-les-actualites\/drame-a-oudjila-plus-de-100-cases-brulees-par-un-violent-incendie","name":"Drame \u00e0 Oudjila: plus de 100 cases br\u00fbl\u00e9es par un violent incendie - Cameroun","isPartOf":{"@id":"https:\/\/www.africa-press.net\/cameroun\/#website"},"primaryImageOfPage":{"@id":"https:\/\/www.africa-press.net\/cameroun\/toutes-les-actualites\/drame-a-oudjila-plus-de-100-cases-brulees-par-un-violent-incendie#primaryimage"},"image":{"@id":"https:\/\/www.africa-press.net\/cameroun\/toutes-les-actualites\/drame-a-oudjila-plus-de-100-cases-brulees-par-un-violent-incendie#primaryimage"},"thumbnailUrl":"https:\/\/static.africa-press.net\/cameroun\/sites\/57\/2023\/03\/postQueueImg_1678350773.62.jpg","datePublished":"2023-03-09T12:02:51+00:00","dateModified":"2023-03-09T12:18:16+00:00","author":{"@id":"https:\/\/www.africa-press.net\/cameroun\/#\/schema\/person\/2b1cf3cd81a31e3cd26889ca66d677f1"},"description":"Les cases se plusieurs camerounais ont e\u0301te\u0301 re\u0301duites en cendres hier mercredi 08 mars a\u0300 Oudjila, d'apre\u0300s des informa ...","breadcrumb":{"@id":"https:\/\/www.africa-press.net\/cameroun\/toutes-les-actualites\/drame-a-oudjila-plus-de-100-cases-brulees-par-un-violent-incendie#breadcrumb"},"inLanguage":"fr-FR","potentialAction":[{"@type":"ReadAction","target":["https:\/\/www.africa-press.net\/cameroun\/toutes-les-actualites\/drame-a-oudjila-plus-de-100-cases-brulees-par-un-violent-incendie"]}]},{"@type":"ImageObject","inLanguage":"fr-FR","@id":"https:\/\/www.africa-press.net\/cameroun\/toutes-les-actualites\/drame-a-oudjila-plus-de-100-cases-brulees-par-un-violent-incendie#primaryimage","url":"https:\/\/static.africa-press.net\/cameroun\/sites\/57\/2023\/03\/postQueueImg_1678350773.62.jpg","contentUrl":"https:\/\/static.africa-press.net\/cameroun\/sites\/57\/2023\/03\/postQueueImg_1678350773.62.jpg","width":720,"height":360,"caption":"Drame \u00e0 Oudjila: plus de 100 cases br\u00fbl\u00e9es par un violent incendie"},{"@type":"BreadcrumbList","@id":"https:\/\/www.africa-press.net\/cameroun\/toutes-les-actualites\/drame-a-oudjila-plus-de-100-cases-brulees-par-un-violent-incendie#breadcrumb","itemListElement":[{"@type":"ListItem","position":1,"name":"Accueil","item":"https:\/\/www.africa-press.net\/cameroun\/"},{"@type":"ListItem","position":2,"name":"Drame \u00e0 Oudjila: plus de 100 cases br\u00fbl\u00e9es par un violent incendie"}]},{"@type":"WebSite","@id":"https:\/\/www.africa-press.net\/cameroun\/#website","url":"https:\/\/www.africa-press.net\/cameroun\/","name":"Cameroun","description":"Just another Africa News Agency Sites site","potentialAction":[{"@type":"SearchAction","target":{"@type":"EntryPoint","urlTemplate":"https:\/\/www.africa-press.net\/cameroun\/?s={search_term_string}"},"query-input":{"@type":"PropertyValueSpecification","valueRequired":true,"valueName":"search_term_string"}}],"inLanguage":"fr-FR"},{"@type":"Person","@id":"https:\/\/www.africa-press.net\/cameroun\/#\/schema\/person\/2b1cf3cd81a31e3cd26889ca66d677f1","name":"cfeditorfr"}]}},"_links":{"self":[{"href":"https:\/\/www.africa-press.net\/cameroun\/wp-json\/wp\/v2\/posts\/38786","targetHints":{"allow":["GET"]}}],"collection":[{"href":"https:\/\/www.africa-press.net\/cameroun\/wp-json\/wp\/v2\/posts"}],"about":[{"href":"https:\/\/www.africa-press.net\/cameroun\/wp-json\/wp\/v2\/types\/post"}],"author":[{"embeddable":true,"href":"https:\/\/www.africa-press.net\/cameroun\/wp-json\/wp\/v2\/users\/82"}],"replies":[{"embeddable":true,"href":"https:\/\/www.africa-press.net\/cameroun\/wp-json\/wp\/v2\/comments?post=38786"}],"version-history":[{"count":0,"href":"https:\/\/www.africa-press.net\/cameroun\/wp-json\/wp\/v2\/posts\/38786\/revisions"}],"wp:featuredmedia":[{"embeddable":true,"href":"https:\/\/www.africa-press.net\/cameroun\/wp-json\/wp\/v2\/media\/38784"}],"wp:attachment":[{"href":"https:\/\/www.africa-press.net\/cameroun\/wp-json\/wp\/v2\/media?parent=38786"}],"wp:term":[{"taxonomy":"category","embeddable":true,"href":"https:\/\/www.africa-press.net\/cameroun\/wp-json\/wp\/v2\/categories?post=38786"},{"taxonomy":"post_tag","embeddable":true,"href":"https:\/\/www.africa-press.net\/cameroun\/wp-json\/wp\/v2\/tags?post=38786"}],"curies":[{"name":"wp","href":"https:\/\/api.w.org\/{rel}","templated":true}]}}