{"id":38798,"date":"2023-03-09T12:03:29","date_gmt":"2023-03-09T12:03:29","guid":{"rendered":"https:\/\/www.africa-press.net\/cameroun\/politique\/affaire-martinez-zogo-probable-requalification-des-faits-contre-amougou-belinga-et-coaccuses"},"modified":"2023-03-09T12:20:35","modified_gmt":"2023-03-09T12:20:35","slug":"affaire-martinez-zogo-probable-requalification-des-faits-contre-amougou-belinga-et-coaccuses","status":"publish","type":"post","link":"https:\/\/www.africa-press.net\/cameroun\/toutes-les-actualites\/affaire-martinez-zogo-probable-requalification-des-faits-contre-amougou-belinga-et-coaccuses","title":{"rendered":"Affaire Martinez Zogo : probable requalification des faits contre Amougou Belinga et coaccus\u00e9s"},"content":{"rendered":"<p><span style=\"color: #ff6600\"><strong>Africa-Press &#8211; Cameroun. <\/strong><\/span>Les avis continuent d&rsquo;e\u0302tre donne\u0301s dans le cadre du verdict donne\u0301 par le Commissaire du gouvernement au tribunal militaire dans le cadre de l&rsquo;assassinat de Martinez Zogo. Le motif de la de\u0301tention provisoire des accuse\u0301s restent flous jusqu&rsquo;a\u0300 pre\u0301sent pour les uns et les autres. La complicite\u0301 de torture par aide reste \u00ab\u00a0le\u0301ger\u00a0\u00bb pour des avis.<\/p>\n<p>C&rsquo;est le cas du journal Kalara qui indique que plusieurs auraient souhaite\u0301 que le commissaire du gouvernement choisisse l\u2019infraction d\u2019assassinat, qui traduit mieux, selon eux, le caracte\u0300re horrible des se\u0301vices qu\u2019aurait subi l\u2019animateur vedette d\u2019Amplitude FM avant sa mort, en tout cas tel que le laissent croire les images de sa de\u0301pouille mortuaire lorsqu\u2019elle a e\u0301te\u0301 retrouve\u0301e.<\/p>\n<p>Plus loin, le journal cite Me Assira Engoute\u0301 avocat et enseignant d\u2019universite\u0301 qui donne d&rsquo;amples informations sur les motifs pour lesquels les accuse\u0301s ont e\u0301te\u0301 inculpe\u0301s.<\/p>\n<p>\u00ab la torture telle qu\u2019elle a e\u0301te\u0301 pre\u0301vue, aboutit a\u0300 une qualification induisant le fait que la mort n\u2019e\u0301tait pas volontaire&#8230; Moi, je pense que la mort e\u0301tait voulue, depuis le de\u0301but. Il n\u2019y a qu\u2019a\u0300 voir d\u2019abord le nombre des personnes qui ont e\u0301te\u0301 mobilise\u0301es pour cela. Quand on veut faire peur a\u0300 quelqu\u2019un, on utilise souvent des moyens a\u0300 distance, des messages ou des menaces&#8230; Mais, en l\u2019occurrence, mobiliser autant de personnes et les tortures qu\u2019on lui a fait subir sont des tortures le\u0301tales, qui devrait conduire a\u0300 la mort&#8230; Par ailleurs, quand on a tue\u0301 sans l\u2019avoir voulu, en ge\u0301ne\u0301ral on s\u2019empresse de cacher le corps. Or, la\u0300, on a voulu exposer le corps pour dire que voici ce qu\u2019on voulait. On l\u2019assume. Je ne suis donc pas su\u0302r que la mort ait e\u0301te\u0301 accidentelle.<\/p>\n<p>La deuxie\u0300me chose pour laquelle je ne suis pas d\u2019accord avec les qualifications, c\u2019est pour la complicite\u0301. Je conside\u0300re que la complicite\u0301 est une infraction qui aurait pu e\u0302tre libelle\u0301e de fac\u0327on plus large, en parlant comme toujours de complicite\u0301 tout court. Mais la\u0300, on a tellement cisele\u0301 l\u2019infraction. On l\u2019a libelle\u0301e pour ne retenir que la complicite\u0301 par aide. Et c\u0327a m\u2019ennuie un peu parce que la complicite\u0301 est souvent plus large que c\u0327a. C\u0327a peut e\u0302tre la complicite\u0301 par instruction ou par don&#8230; J\u2019ai donc l\u2019impression que c\u2019est une fac\u0327on d\u2019e\u0301liminer toute recherche autour, c\u2019est-a\u0300-dire qu\u2019en dehors des personnes qu\u2019on a limitativement retenues dans la proce\u0301dure, il ne faut pas aller chercher au-dela\u0300, parce que les autres personnes n\u2019ont pas donne\u0301 d\u2019aide, alors que dans la coulisse, elles ont du\u0302 donner des instructions, ou autre chose. \u00bb indique l&rsquo;avocat.<\/p>\n<p>Assisterons nous a\u0300 une requalification des faits contre les pre\u0301venus ? Nous y reviendrons.<\/p>\n<p><strong>Pour plus d&rsquo;informations et d&rsquo;analyses sur la <a href=\"https:\/\/www.africa-press.net\/cameroun\">Cameroun<\/a>, suivez <a href=\"https:\/\/www.africa-press.net\/\">Africa-Press<\/a><\/strong><\/p>\n","protected":false},"excerpt":{"rendered":"<p>Africa-Press &#8211; Cameroun. Les avis continuent d&rsquo;e\u0302tre donne\u0301s dans le cadre du verdict donne\u0301 par le Commissaire du gouvernement au tribunal militaire dans le cadre de l&rsquo;assassinat de Martinez Zogo. Le motif de la de\u0301tention provisoire des accuse\u0301s restent flous jusqu&rsquo;a\u0300 pre\u0301sent pour les uns et les autres. La complicite\u0301 de torture par aide reste [&hellip;]<\/p>\n","protected":false},"author":82,"featured_media":38796,"comment_status":"open","ping_status":"closed","sticky":false,"template":"","format":"standard","meta":{"footnotes":""},"categories":[21,10],"tags":[36,50,49],"class_list":["post-38798","post","type-post","status-publish","format-standard","has-post-thumbnail","hentry","category-communaute","category-toutes-les-actualites","tag-africa-press","tag-africa-press-cameroun","tag-cameroun"],"yoast_head":"<!-- This site is optimized with the Yoast SEO Premium plugin v26.1 (Yoast SEO v27.0) - https:\/\/yoast.com\/product\/yoast-seo-premium-wordpress\/ -->\n<title>Affaire Martinez Zogo : probable requalification des faits contre Amougou Belinga et coaccus\u00e9s - Cameroun<\/title>\n<meta name=\"description\" content=\"Les avis continuent d&#039;e\u0302tre donne\u0301s dans le cadre du verdict donne\u0301 par le Commissaire du gouvernement au tribunal milit ...\" \/>\n<meta name=\"robots\" content=\"index, follow, max-snippet:-1, max-image-preview:large, max-video-preview:-1\" \/>\n<link rel=\"canonical\" href=\"https:\/\/www.africa-press.net\/cameroun\/toutes-les-actualites\/affaire-martinez-zogo-probable-requalification-des-faits-contre-amougou-belinga-et-coaccuses\" \/>\n<meta property=\"og:locale\" content=\"fr_FR\" \/>\n<meta property=\"og:type\" content=\"article\" \/>\n<meta property=\"og:title\" content=\"Affaire Martinez Zogo : probable requalification des faits contre Amougou Belinga et coaccus\u00e9s\" \/>\n<meta property=\"og:description\" content=\"Les avis continuent d&#039;e\u0302tre donne\u0301s dans le cadre du verdict donne\u0301 par le Commissaire du gouvernement au tribunal milit ...\" \/>\n<meta property=\"og:url\" content=\"https:\/\/www.africa-press.net\/cameroun\/toutes-les-actualites\/affaire-martinez-zogo-probable-requalification-des-faits-contre-amougou-belinga-et-coaccuses\" \/>\n<meta property=\"og:site_name\" content=\"Cameroun\" \/>\n<meta property=\"article:published_time\" content=\"2023-03-09T12:03:29+00:00\" \/>\n<meta property=\"article:modified_time\" content=\"2023-03-09T12:20:35+00:00\" \/>\n<meta property=\"og:image\" content=\"https:\/\/static.africa-press.net\/cameroun\/sites\/57\/2023\/03\/postQueueImg_1678350816.73.jpg\" \/>\n\t<meta property=\"og:image:width\" content=\"720\" \/>\n\t<meta property=\"og:image:height\" content=\"460\" \/>\n\t<meta property=\"og:image:type\" content=\"image\/jpeg\" \/>\n<meta name=\"author\" content=\"cfeditorfr\" \/>\n<meta name=\"twitter:card\" content=\"summary_large_image\" \/>\n<meta name=\"twitter:label1\" content=\"\u00c9crit par\" \/>\n\t<meta name=\"twitter:data1\" content=\"cfeditorfr\" \/>\n\t<meta name=\"twitter:label2\" content=\"Dur\u00e9e de lecture estim\u00e9e\" \/>\n\t<meta name=\"twitter:data2\" content=\"3 minutes\" \/>\n<script type=\"application\/ld+json\" class=\"yoast-schema-graph\">{\"@context\":\"https:\/\/schema.org\",\"@graph\":[{\"@type\":\"Article\",\"@id\":\"https:\/\/www.africa-press.net\/cameroun\/toutes-les-actualites\/affaire-martinez-zogo-probable-requalification-des-faits-contre-amougou-belinga-et-coaccuses#article\",\"isPartOf\":{\"@id\":\"https:\/\/www.africa-press.net\/cameroun\/toutes-les-actualites\/affaire-martinez-zogo-probable-requalification-des-faits-contre-amougou-belinga-et-coaccuses\"},\"author\":{\"name\":\"cfeditorfr\",\"@id\":\"https:\/\/www.africa-press.net\/cameroun\/#\/schema\/person\/2b1cf3cd81a31e3cd26889ca66d677f1\"},\"headline\":\"Affaire Martinez Zogo : probable requalification des faits contre Amougou Belinga et coaccus\u00e9s\",\"datePublished\":\"2023-03-09T12:03:29+00:00\",\"dateModified\":\"2023-03-09T12:20:35+00:00\",\"mainEntityOfPage\":{\"@id\":\"https:\/\/www.africa-press.net\/cameroun\/toutes-les-actualites\/affaire-martinez-zogo-probable-requalification-des-faits-contre-amougou-belinga-et-coaccuses\"},\"wordCount\":537,\"commentCount\":0,\"image\":{\"@id\":\"https:\/\/www.africa-press.net\/cameroun\/toutes-les-actualites\/affaire-martinez-zogo-probable-requalification-des-faits-contre-amougou-belinga-et-coaccuses#primaryimage\"},\"thumbnailUrl\":\"https:\/\/static.africa-press.net\/cameroun\/sites\/57\/2023\/03\/postQueueImg_1678350816.73.jpg\",\"keywords\":[\"Africa Press\",\"Africa Press-Cameroun\",\"Cameroun\"],\"articleSection\":[\"Communaut\u00e9\",\"Toutes les actualit\u00e9s\"],\"inLanguage\":\"fr-FR\",\"potentialAction\":[{\"@type\":\"CommentAction\",\"name\":\"Comment\",\"target\":[\"https:\/\/www.africa-press.net\/cameroun\/toutes-les-actualites\/affaire-martinez-zogo-probable-requalification-des-faits-contre-amougou-belinga-et-coaccuses#respond\"]}]},{\"@type\":\"WebPage\",\"@id\":\"https:\/\/www.africa-press.net\/cameroun\/toutes-les-actualites\/affaire-martinez-zogo-probable-requalification-des-faits-contre-amougou-belinga-et-coaccuses\",\"url\":\"https:\/\/www.africa-press.net\/cameroun\/toutes-les-actualites\/affaire-martinez-zogo-probable-requalification-des-faits-contre-amougou-belinga-et-coaccuses\",\"name\":\"Affaire Martinez Zogo : probable requalification des faits contre Amougou Belinga et coaccus\u00e9s - Cameroun\",\"isPartOf\":{\"@id\":\"https:\/\/www.africa-press.net\/cameroun\/#website\"},\"primaryImageOfPage\":{\"@id\":\"https:\/\/www.africa-press.net\/cameroun\/toutes-les-actualites\/affaire-martinez-zogo-probable-requalification-des-faits-contre-amougou-belinga-et-coaccuses#primaryimage\"},\"image\":{\"@id\":\"https:\/\/www.africa-press.net\/cameroun\/toutes-les-actualites\/affaire-martinez-zogo-probable-requalification-des-faits-contre-amougou-belinga-et-coaccuses#primaryimage\"},\"thumbnailUrl\":\"https:\/\/static.africa-press.net\/cameroun\/sites\/57\/2023\/03\/postQueueImg_1678350816.73.jpg\",\"datePublished\":\"2023-03-09T12:03:29+00:00\",\"dateModified\":\"2023-03-09T12:20:35+00:00\",\"author\":{\"@id\":\"https:\/\/www.africa-press.net\/cameroun\/#\/schema\/person\/2b1cf3cd81a31e3cd26889ca66d677f1\"},\"description\":\"Les avis continuent d'e\u0302tre donne\u0301s dans le cadre du verdict donne\u0301 par le Commissaire du gouvernement au tribunal milit ...\",\"breadcrumb\":{\"@id\":\"https:\/\/www.africa-press.net\/cameroun\/toutes-les-actualites\/affaire-martinez-zogo-probable-requalification-des-faits-contre-amougou-belinga-et-coaccuses#breadcrumb\"},\"inLanguage\":\"fr-FR\",\"potentialAction\":[{\"@type\":\"ReadAction\",\"target\":[\"https:\/\/www.africa-press.net\/cameroun\/toutes-les-actualites\/affaire-martinez-zogo-probable-requalification-des-faits-contre-amougou-belinga-et-coaccuses\"]}]},{\"@type\":\"ImageObject\",\"inLanguage\":\"fr-FR\",\"@id\":\"https:\/\/www.africa-press.net\/cameroun\/toutes-les-actualites\/affaire-martinez-zogo-probable-requalification-des-faits-contre-amougou-belinga-et-coaccuses#primaryimage\",\"url\":\"https:\/\/static.africa-press.net\/cameroun\/sites\/57\/2023\/03\/postQueueImg_1678350816.73.jpg\",\"contentUrl\":\"https:\/\/static.africa-press.net\/cameroun\/sites\/57\/2023\/03\/postQueueImg_1678350816.73.jpg\",\"width\":720,\"height\":460,\"caption\":\"Affaire Martinez Zogo : probable requalification des faits contre Amougou Belinga et coaccus\u00e9s\"},{\"@type\":\"BreadcrumbList\",\"@id\":\"https:\/\/www.africa-press.net\/cameroun\/toutes-les-actualites\/affaire-martinez-zogo-probable-requalification-des-faits-contre-amougou-belinga-et-coaccuses#breadcrumb\",\"itemListElement\":[{\"@type\":\"ListItem\",\"position\":1,\"name\":\"Accueil\",\"item\":\"https:\/\/www.africa-press.net\/cameroun\/\"},{\"@type\":\"ListItem\",\"position\":2,\"name\":\"Affaire Martinez Zogo : probable requalification des faits contre Amougou Belinga et coaccus\u00e9s\"}]},{\"@type\":\"WebSite\",\"@id\":\"https:\/\/www.africa-press.net\/cameroun\/#website\",\"url\":\"https:\/\/www.africa-press.net\/cameroun\/\",\"name\":\"Cameroun\",\"description\":\"Just another Africa News Agency Sites site\",\"potentialAction\":[{\"@type\":\"SearchAction\",\"target\":{\"@type\":\"EntryPoint\",\"urlTemplate\":\"https:\/\/www.africa-press.net\/cameroun\/?s={search_term_string}\"},\"query-input\":{\"@type\":\"PropertyValueSpecification\",\"valueRequired\":true,\"valueName\":\"search_term_string\"}}],\"inLanguage\":\"fr-FR\"},{\"@type\":\"Person\",\"@id\":\"https:\/\/www.africa-press.net\/cameroun\/#\/schema\/person\/2b1cf3cd81a31e3cd26889ca66d677f1\",\"name\":\"cfeditorfr\"}]}<\/script>\n<!-- \/ Yoast SEO Premium plugin. -->","yoast_head_json":{"title":"Affaire Martinez Zogo : probable requalification des faits contre Amougou Belinga et coaccus\u00e9s - Cameroun","description":"Les avis continuent d'e\u0302tre donne\u0301s dans le cadre du verdict donne\u0301 par le Commissaire du gouvernement au tribunal milit ...","robots":{"index":"index","follow":"follow","max-snippet":"max-snippet:-1","max-image-preview":"max-image-preview:large","max-video-preview":"max-video-preview:-1"},"canonical":"https:\/\/www.africa-press.net\/cameroun\/toutes-les-actualites\/affaire-martinez-zogo-probable-requalification-des-faits-contre-amougou-belinga-et-coaccuses","og_locale":"fr_FR","og_type":"article","og_title":"Affaire Martinez Zogo : probable requalification des faits contre Amougou Belinga et coaccus\u00e9s","og_description":"Les avis continuent d'e\u0302tre donne\u0301s dans le cadre du verdict donne\u0301 par le Commissaire du gouvernement au tribunal milit ...","og_url":"https:\/\/www.africa-press.net\/cameroun\/toutes-les-actualites\/affaire-martinez-zogo-probable-requalification-des-faits-contre-amougou-belinga-et-coaccuses","og_site_name":"Cameroun","article_published_time":"2023-03-09T12:03:29+00:00","article_modified_time":"2023-03-09T12:20:35+00:00","og_image":[{"width":720,"height":460,"url":"https:\/\/static.africa-press.net\/cameroun\/sites\/57\/2023\/03\/postQueueImg_1678350816.73.jpg","type":"image\/jpeg"}],"author":"cfeditorfr","twitter_card":"summary_large_image","twitter_misc":{"\u00c9crit par":"cfeditorfr","Dur\u00e9e de lecture estim\u00e9e":"3 minutes"},"schema":{"@context":"https:\/\/schema.org","@graph":[{"@type":"Article","@id":"https:\/\/www.africa-press.net\/cameroun\/toutes-les-actualites\/affaire-martinez-zogo-probable-requalification-des-faits-contre-amougou-belinga-et-coaccuses#article","isPartOf":{"@id":"https:\/\/www.africa-press.net\/cameroun\/toutes-les-actualites\/affaire-martinez-zogo-probable-requalification-des-faits-contre-amougou-belinga-et-coaccuses"},"author":{"name":"cfeditorfr","@id":"https:\/\/www.africa-press.net\/cameroun\/#\/schema\/person\/2b1cf3cd81a31e3cd26889ca66d677f1"},"headline":"Affaire Martinez Zogo : probable requalification des faits contre Amougou Belinga et coaccus\u00e9s","datePublished":"2023-03-09T12:03:29+00:00","dateModified":"2023-03-09T12:20:35+00:00","mainEntityOfPage":{"@id":"https:\/\/www.africa-press.net\/cameroun\/toutes-les-actualites\/affaire-martinez-zogo-probable-requalification-des-faits-contre-amougou-belinga-et-coaccuses"},"wordCount":537,"commentCount":0,"image":{"@id":"https:\/\/www.africa-press.net\/cameroun\/toutes-les-actualites\/affaire-martinez-zogo-probable-requalification-des-faits-contre-amougou-belinga-et-coaccuses#primaryimage"},"thumbnailUrl":"https:\/\/static.africa-press.net\/cameroun\/sites\/57\/2023\/03\/postQueueImg_1678350816.73.jpg","keywords":["Africa Press","Africa Press-Cameroun","Cameroun"],"articleSection":["Communaut\u00e9","Toutes les actualit\u00e9s"],"inLanguage":"fr-FR","potentialAction":[{"@type":"CommentAction","name":"Comment","target":["https:\/\/www.africa-press.net\/cameroun\/toutes-les-actualites\/affaire-martinez-zogo-probable-requalification-des-faits-contre-amougou-belinga-et-coaccuses#respond"]}]},{"@type":"WebPage","@id":"https:\/\/www.africa-press.net\/cameroun\/toutes-les-actualites\/affaire-martinez-zogo-probable-requalification-des-faits-contre-amougou-belinga-et-coaccuses","url":"https:\/\/www.africa-press.net\/cameroun\/toutes-les-actualites\/affaire-martinez-zogo-probable-requalification-des-faits-contre-amougou-belinga-et-coaccuses","name":"Affaire Martinez Zogo : probable requalification des faits contre Amougou Belinga et coaccus\u00e9s - Cameroun","isPartOf":{"@id":"https:\/\/www.africa-press.net\/cameroun\/#website"},"primaryImageOfPage":{"@id":"https:\/\/www.africa-press.net\/cameroun\/toutes-les-actualites\/affaire-martinez-zogo-probable-requalification-des-faits-contre-amougou-belinga-et-coaccuses#primaryimage"},"image":{"@id":"https:\/\/www.africa-press.net\/cameroun\/toutes-les-actualites\/affaire-martinez-zogo-probable-requalification-des-faits-contre-amougou-belinga-et-coaccuses#primaryimage"},"thumbnailUrl":"https:\/\/static.africa-press.net\/cameroun\/sites\/57\/2023\/03\/postQueueImg_1678350816.73.jpg","datePublished":"2023-03-09T12:03:29+00:00","dateModified":"2023-03-09T12:20:35+00:00","author":{"@id":"https:\/\/www.africa-press.net\/cameroun\/#\/schema\/person\/2b1cf3cd81a31e3cd26889ca66d677f1"},"description":"Les avis continuent d'e\u0302tre donne\u0301s dans le cadre du verdict donne\u0301 par le Commissaire du gouvernement au tribunal milit ...","breadcrumb":{"@id":"https:\/\/www.africa-press.net\/cameroun\/toutes-les-actualites\/affaire-martinez-zogo-probable-requalification-des-faits-contre-amougou-belinga-et-coaccuses#breadcrumb"},"inLanguage":"fr-FR","potentialAction":[{"@type":"ReadAction","target":["https:\/\/www.africa-press.net\/cameroun\/toutes-les-actualites\/affaire-martinez-zogo-probable-requalification-des-faits-contre-amougou-belinga-et-coaccuses"]}]},{"@type":"ImageObject","inLanguage":"fr-FR","@id":"https:\/\/www.africa-press.net\/cameroun\/toutes-les-actualites\/affaire-martinez-zogo-probable-requalification-des-faits-contre-amougou-belinga-et-coaccuses#primaryimage","url":"https:\/\/static.africa-press.net\/cameroun\/sites\/57\/2023\/03\/postQueueImg_1678350816.73.jpg","contentUrl":"https:\/\/static.africa-press.net\/cameroun\/sites\/57\/2023\/03\/postQueueImg_1678350816.73.jpg","width":720,"height":460,"caption":"Affaire Martinez Zogo : probable requalification des faits contre Amougou Belinga et coaccus\u00e9s"},{"@type":"BreadcrumbList","@id":"https:\/\/www.africa-press.net\/cameroun\/toutes-les-actualites\/affaire-martinez-zogo-probable-requalification-des-faits-contre-amougou-belinga-et-coaccuses#breadcrumb","itemListElement":[{"@type":"ListItem","position":1,"name":"Accueil","item":"https:\/\/www.africa-press.net\/cameroun\/"},{"@type":"ListItem","position":2,"name":"Affaire Martinez Zogo : probable requalification des faits contre Amougou Belinga et coaccus\u00e9s"}]},{"@type":"WebSite","@id":"https:\/\/www.africa-press.net\/cameroun\/#website","url":"https:\/\/www.africa-press.net\/cameroun\/","name":"Cameroun","description":"Just another Africa News Agency Sites site","potentialAction":[{"@type":"SearchAction","target":{"@type":"EntryPoint","urlTemplate":"https:\/\/www.africa-press.net\/cameroun\/?s={search_term_string}"},"query-input":{"@type":"PropertyValueSpecification","valueRequired":true,"valueName":"search_term_string"}}],"inLanguage":"fr-FR"},{"@type":"Person","@id":"https:\/\/www.africa-press.net\/cameroun\/#\/schema\/person\/2b1cf3cd81a31e3cd26889ca66d677f1","name":"cfeditorfr"}]}},"_links":{"self":[{"href":"https:\/\/www.africa-press.net\/cameroun\/wp-json\/wp\/v2\/posts\/38798","targetHints":{"allow":["GET"]}}],"collection":[{"href":"https:\/\/www.africa-press.net\/cameroun\/wp-json\/wp\/v2\/posts"}],"about":[{"href":"https:\/\/www.africa-press.net\/cameroun\/wp-json\/wp\/v2\/types\/post"}],"author":[{"embeddable":true,"href":"https:\/\/www.africa-press.net\/cameroun\/wp-json\/wp\/v2\/users\/82"}],"replies":[{"embeddable":true,"href":"https:\/\/www.africa-press.net\/cameroun\/wp-json\/wp\/v2\/comments?post=38798"}],"version-history":[{"count":0,"href":"https:\/\/www.africa-press.net\/cameroun\/wp-json\/wp\/v2\/posts\/38798\/revisions"}],"wp:featuredmedia":[{"embeddable":true,"href":"https:\/\/www.africa-press.net\/cameroun\/wp-json\/wp\/v2\/media\/38796"}],"wp:attachment":[{"href":"https:\/\/www.africa-press.net\/cameroun\/wp-json\/wp\/v2\/media?parent=38798"}],"wp:term":[{"taxonomy":"category","embeddable":true,"href":"https:\/\/www.africa-press.net\/cameroun\/wp-json\/wp\/v2\/categories?post=38798"},{"taxonomy":"post_tag","embeddable":true,"href":"https:\/\/www.africa-press.net\/cameroun\/wp-json\/wp\/v2\/tags?post=38798"}],"curies":[{"name":"wp","href":"https:\/\/api.w.org\/{rel}","templated":true}]}}