{"id":38806,"date":"2023-03-09T12:03:51","date_gmt":"2023-03-09T12:03:51","guid":{"rendered":"https:\/\/www.africa-press.net\/cameroun\/politique\/le-pagne-du-8-mars-et-le-business-de-chantal-biya-devoiles"},"modified":"2023-03-09T12:22:13","modified_gmt":"2023-03-09T12:22:13","slug":"le-pagne-du-8-mars-et-le-business-de-chantal-biya-devoiles","status":"publish","type":"post","link":"https:\/\/www.africa-press.net\/cameroun\/toutes-les-actualites\/le-pagne-du-8-mars-et-le-business-de-chantal-biya-devoiles","title":{"rendered":"Le pagne du 8 mars et le &lsquo;business&rsquo; de Chantal Biya d\u00e9voil\u00e9s"},"content":{"rendered":"<p><span style=\"color: #ff6600\"><strong>Africa-Press &#8211; Cameroun. <\/strong><\/span>Les pagnes du 8 mars sont sans doute les pagnes les plus commercialise\u0301s au Cameroun, et un peu partout dans les pays africains. Presque toutes les femmes ont achete\u0301 ces pagnes ou en ont rec\u0327u comme cadeau.<\/p>\n<p>Mais sait-on d&rsquo;ou\u0300 viennent ces pagnes? C&rsquo;est la Cotonnie\u0300re industrielle du Cameroun (CICAM) qui produit ces pagnes. Selon le journaliste politique Boris Bertolt, les du 8 mars est \u00ab\u00a0la chasse garde\u0301e\u00a0\u00bb de la Premie\u0300re dame Chantal Biya.<\/p>\n<p>\u00ab\u00a0Le 8 mars est sa chasse garde\u0301e de Chantal Biya. C\u2019est elle qui valide en de\u0301finitive le motif ou design du pagne du 8 mars produit par CICAM et cette anne\u0301e, elle a me\u0302me de\u0301cide\u0301 que ledit pagne ne devait e\u0302tre produit que dans une seule couleur. C\u2019est e\u0301galement Chantal Biya qui arre\u0302te le prix et enfin c\u2019est e\u0301galement la femme de Paul Biya l\u2019une des plus grandes clientes de CICAM puisqu\u2019elle en ache\u0300te des milliers d\u2019exemplaires pour distribuer ici et la\u0300\u00a0\u00bb, e\u0301crit le journaliste.<\/p>\n<p>Dans la me\u0302me publication, il met en garde l&rsquo;artiste Lady Ponde contre la cole\u0300re de Chantal Biya, pour la campagne qu&rsquo;elle a lance\u0301 contre les pagnes du 8 mars qui seront produits en 2024.<\/p>\n<p>\u00ab\u00a0Dans un post devenu viral et poste\u0301 le 8 mars, la chanteuse au talent immense s\u2019attaque au prix exorbitant du pagne qui a e\u0301te\u0301 fixe\u0301 cette anne\u0301e a\u0300 10.000 FCFA et menace de lancer un grand mouvement de boycott pour le 8 mars 2024 si le prix n\u2019e\u0301tait pas drastiquement revu a\u0300 la baisse. Une augmentation d\u2019ailleurs de\u0301nonce\u0301e par la majorite\u0301 de l\u2019opinion publique&#8230;Lady Ponce de\u0301fie donc Chantal Biya et entend l\u2019anne\u0301e prochaine s\u2019attaquer a\u0300 son \u00ab business \u00bb puisqu\u2019elle appellera e\u0301ventuellement les femmes camerounaises a\u0300 s\u2019abstenir d\u2019acheter le pagne de la journe\u0301e de la femme si celui-ci n\u2019est pas en dessous de 3500 FCFA, compte tenu de la bourse moyenne des familles camerounaises. L\u2019initiative de la chanteuse est louable dans un pays ou\u0300 chaque anne\u0301e, le pouvoir d\u2019achat des femmes diminue alors que le prix du pagne augmente\u00a0\u00bb, ajoute t-il.<\/p>\n<p><strong>Pour plus d&rsquo;informations et d&rsquo;analyses sur la <a href=\"https:\/\/www.africa-press.net\/cameroun\">Cameroun<\/a>, suivez <a href=\"https:\/\/www.africa-press.net\/\">Africa-Press<\/a><\/strong><\/p>\n","protected":false},"excerpt":{"rendered":"<p>Africa-Press &#8211; Cameroun. Les pagnes du 8 mars sont sans doute les pagnes les plus commercialise\u0301s au Cameroun, et un peu partout dans les pays africains. Presque toutes les femmes ont achete\u0301 ces pagnes ou en ont rec\u0327u comme cadeau. Mais sait-on d&rsquo;ou\u0300 viennent ces pagnes? C&rsquo;est la Cotonnie\u0300re industrielle du Cameroun (CICAM) qui produit [&hellip;]<\/p>\n","protected":false},"author":82,"featured_media":38805,"comment_status":"open","ping_status":"closed","sticky":false,"template":"","format":"standard","meta":{"footnotes":""},"categories":[21,10],"tags":[36,50,49],"class_list":["post-38806","post","type-post","status-publish","format-standard","has-post-thumbnail","hentry","category-communaute","category-toutes-les-actualites","tag-africa-press","tag-africa-press-cameroun","tag-cameroun"],"yoast_head":"<!-- This site is optimized with the Yoast SEO Premium plugin v26.1 (Yoast SEO v27.0) - https:\/\/yoast.com\/product\/yoast-seo-premium-wordpress\/ -->\n<title>Le pagne du 8 mars et le &#039;business&#039; de Chantal Biya d\u00e9voil\u00e9s - Cameroun<\/title>\n<meta name=\"description\" content=\"Les pagnes du 8 mars sont sans doute les pagnes les plus commercialise\u0301s au Cameroun, et un peu partout dans les pays af ...\" \/>\n<meta name=\"robots\" content=\"index, follow, max-snippet:-1, max-image-preview:large, max-video-preview:-1\" \/>\n<link rel=\"canonical\" href=\"https:\/\/www.africa-press.net\/cameroun\/toutes-les-actualites\/le-pagne-du-8-mars-et-le-business-de-chantal-biya-devoiles\" \/>\n<meta property=\"og:locale\" content=\"fr_FR\" \/>\n<meta property=\"og:type\" content=\"article\" \/>\n<meta property=\"og:title\" content=\"Le pagne du 8 mars et le &#039;business&#039; de Chantal Biya d\u00e9voil\u00e9s\" \/>\n<meta property=\"og:description\" content=\"Les pagnes du 8 mars sont sans doute les pagnes les plus commercialise\u0301s au Cameroun, et un peu partout dans les pays af ...\" \/>\n<meta property=\"og:url\" content=\"https:\/\/www.africa-press.net\/cameroun\/toutes-les-actualites\/le-pagne-du-8-mars-et-le-business-de-chantal-biya-devoiles\" \/>\n<meta property=\"og:site_name\" content=\"Cameroun\" \/>\n<meta property=\"article:published_time\" content=\"2023-03-09T12:03:51+00:00\" \/>\n<meta property=\"article:modified_time\" content=\"2023-03-09T12:22:13+00:00\" \/>\n<meta property=\"og:image\" content=\"https:\/\/static.africa-press.net\/cameroun\/sites\/57\/2023\/03\/postQueueImg_1678350834.19.jpg\" \/>\n\t<meta property=\"og:image:width\" content=\"720\" \/>\n\t<meta property=\"og:image:height\" content=\"360\" \/>\n\t<meta property=\"og:image:type\" content=\"image\/jpeg\" \/>\n<meta name=\"author\" content=\"cfeditorfr\" \/>\n<meta name=\"twitter:card\" content=\"summary_large_image\" \/>\n<meta name=\"twitter:label1\" content=\"\u00c9crit par\" \/>\n\t<meta name=\"twitter:data1\" content=\"cfeditorfr\" \/>\n\t<meta name=\"twitter:label2\" content=\"Dur\u00e9e de lecture estim\u00e9e\" \/>\n\t<meta name=\"twitter:data2\" content=\"2 minutes\" \/>\n<script type=\"application\/ld+json\" class=\"yoast-schema-graph\">{\"@context\":\"https:\/\/schema.org\",\"@graph\":[{\"@type\":\"Article\",\"@id\":\"https:\/\/www.africa-press.net\/cameroun\/toutes-les-actualites\/le-pagne-du-8-mars-et-le-business-de-chantal-biya-devoiles#article\",\"isPartOf\":{\"@id\":\"https:\/\/www.africa-press.net\/cameroun\/toutes-les-actualites\/le-pagne-du-8-mars-et-le-business-de-chantal-biya-devoiles\"},\"author\":{\"name\":\"cfeditorfr\",\"@id\":\"https:\/\/www.africa-press.net\/cameroun\/#\/schema\/person\/2b1cf3cd81a31e3cd26889ca66d677f1\"},\"headline\":\"Le pagne du 8 mars et le &lsquo;business&rsquo; de Chantal Biya d\u00e9voil\u00e9s\",\"datePublished\":\"2023-03-09T12:03:51+00:00\",\"dateModified\":\"2023-03-09T12:22:13+00:00\",\"mainEntityOfPage\":{\"@id\":\"https:\/\/www.africa-press.net\/cameroun\/toutes-les-actualites\/le-pagne-du-8-mars-et-le-business-de-chantal-biya-devoiles\"},\"wordCount\":400,\"commentCount\":0,\"image\":{\"@id\":\"https:\/\/www.africa-press.net\/cameroun\/toutes-les-actualites\/le-pagne-du-8-mars-et-le-business-de-chantal-biya-devoiles#primaryimage\"},\"thumbnailUrl\":\"https:\/\/static.africa-press.net\/cameroun\/sites\/57\/2023\/03\/postQueueImg_1678350834.19.jpg\",\"keywords\":[\"Africa Press\",\"Africa Press-Cameroun\",\"Cameroun\"],\"articleSection\":[\"Communaut\u00e9\",\"Toutes les actualit\u00e9s\"],\"inLanguage\":\"fr-FR\",\"potentialAction\":[{\"@type\":\"CommentAction\",\"name\":\"Comment\",\"target\":[\"https:\/\/www.africa-press.net\/cameroun\/toutes-les-actualites\/le-pagne-du-8-mars-et-le-business-de-chantal-biya-devoiles#respond\"]}]},{\"@type\":\"WebPage\",\"@id\":\"https:\/\/www.africa-press.net\/cameroun\/toutes-les-actualites\/le-pagne-du-8-mars-et-le-business-de-chantal-biya-devoiles\",\"url\":\"https:\/\/www.africa-press.net\/cameroun\/toutes-les-actualites\/le-pagne-du-8-mars-et-le-business-de-chantal-biya-devoiles\",\"name\":\"Le pagne du 8 mars et le 'business' de Chantal Biya d\u00e9voil\u00e9s - Cameroun\",\"isPartOf\":{\"@id\":\"https:\/\/www.africa-press.net\/cameroun\/#website\"},\"primaryImageOfPage\":{\"@id\":\"https:\/\/www.africa-press.net\/cameroun\/toutes-les-actualites\/le-pagne-du-8-mars-et-le-business-de-chantal-biya-devoiles#primaryimage\"},\"image\":{\"@id\":\"https:\/\/www.africa-press.net\/cameroun\/toutes-les-actualites\/le-pagne-du-8-mars-et-le-business-de-chantal-biya-devoiles#primaryimage\"},\"thumbnailUrl\":\"https:\/\/static.africa-press.net\/cameroun\/sites\/57\/2023\/03\/postQueueImg_1678350834.19.jpg\",\"datePublished\":\"2023-03-09T12:03:51+00:00\",\"dateModified\":\"2023-03-09T12:22:13+00:00\",\"author\":{\"@id\":\"https:\/\/www.africa-press.net\/cameroun\/#\/schema\/person\/2b1cf3cd81a31e3cd26889ca66d677f1\"},\"description\":\"Les pagnes du 8 mars sont sans doute les pagnes les plus commercialise\u0301s au Cameroun, et un peu partout dans les pays af ...\",\"breadcrumb\":{\"@id\":\"https:\/\/www.africa-press.net\/cameroun\/toutes-les-actualites\/le-pagne-du-8-mars-et-le-business-de-chantal-biya-devoiles#breadcrumb\"},\"inLanguage\":\"fr-FR\",\"potentialAction\":[{\"@type\":\"ReadAction\",\"target\":[\"https:\/\/www.africa-press.net\/cameroun\/toutes-les-actualites\/le-pagne-du-8-mars-et-le-business-de-chantal-biya-devoiles\"]}]},{\"@type\":\"ImageObject\",\"inLanguage\":\"fr-FR\",\"@id\":\"https:\/\/www.africa-press.net\/cameroun\/toutes-les-actualites\/le-pagne-du-8-mars-et-le-business-de-chantal-biya-devoiles#primaryimage\",\"url\":\"https:\/\/static.africa-press.net\/cameroun\/sites\/57\/2023\/03\/postQueueImg_1678350834.19.jpg\",\"contentUrl\":\"https:\/\/static.africa-press.net\/cameroun\/sites\/57\/2023\/03\/postQueueImg_1678350834.19.jpg\",\"width\":720,\"height\":360,\"caption\":\"Le pagne du 8 mars et le 'business' de Chantal Biya d\u00e9voil\u00e9s\"},{\"@type\":\"BreadcrumbList\",\"@id\":\"https:\/\/www.africa-press.net\/cameroun\/toutes-les-actualites\/le-pagne-du-8-mars-et-le-business-de-chantal-biya-devoiles#breadcrumb\",\"itemListElement\":[{\"@type\":\"ListItem\",\"position\":1,\"name\":\"Accueil\",\"item\":\"https:\/\/www.africa-press.net\/cameroun\/\"},{\"@type\":\"ListItem\",\"position\":2,\"name\":\"Le pagne du 8 mars et le &lsquo;business&rsquo; de Chantal Biya d\u00e9voil\u00e9s\"}]},{\"@type\":\"WebSite\",\"@id\":\"https:\/\/www.africa-press.net\/cameroun\/#website\",\"url\":\"https:\/\/www.africa-press.net\/cameroun\/\",\"name\":\"Cameroun\",\"description\":\"Just another Africa News Agency Sites site\",\"potentialAction\":[{\"@type\":\"SearchAction\",\"target\":{\"@type\":\"EntryPoint\",\"urlTemplate\":\"https:\/\/www.africa-press.net\/cameroun\/?s={search_term_string}\"},\"query-input\":{\"@type\":\"PropertyValueSpecification\",\"valueRequired\":true,\"valueName\":\"search_term_string\"}}],\"inLanguage\":\"fr-FR\"},{\"@type\":\"Person\",\"@id\":\"https:\/\/www.africa-press.net\/cameroun\/#\/schema\/person\/2b1cf3cd81a31e3cd26889ca66d677f1\",\"name\":\"cfeditorfr\"}]}<\/script>\n<!-- \/ Yoast SEO Premium plugin. -->","yoast_head_json":{"title":"Le pagne du 8 mars et le 'business' de Chantal Biya d\u00e9voil\u00e9s - Cameroun","description":"Les pagnes du 8 mars sont sans doute les pagnes les plus commercialise\u0301s au Cameroun, et un peu partout dans les pays af ...","robots":{"index":"index","follow":"follow","max-snippet":"max-snippet:-1","max-image-preview":"max-image-preview:large","max-video-preview":"max-video-preview:-1"},"canonical":"https:\/\/www.africa-press.net\/cameroun\/toutes-les-actualites\/le-pagne-du-8-mars-et-le-business-de-chantal-biya-devoiles","og_locale":"fr_FR","og_type":"article","og_title":"Le pagne du 8 mars et le 'business' de Chantal Biya d\u00e9voil\u00e9s","og_description":"Les pagnes du 8 mars sont sans doute les pagnes les plus commercialise\u0301s au Cameroun, et un peu partout dans les pays af ...","og_url":"https:\/\/www.africa-press.net\/cameroun\/toutes-les-actualites\/le-pagne-du-8-mars-et-le-business-de-chantal-biya-devoiles","og_site_name":"Cameroun","article_published_time":"2023-03-09T12:03:51+00:00","article_modified_time":"2023-03-09T12:22:13+00:00","og_image":[{"width":720,"height":360,"url":"https:\/\/static.africa-press.net\/cameroun\/sites\/57\/2023\/03\/postQueueImg_1678350834.19.jpg","type":"image\/jpeg"}],"author":"cfeditorfr","twitter_card":"summary_large_image","twitter_misc":{"\u00c9crit par":"cfeditorfr","Dur\u00e9e de lecture estim\u00e9e":"2 minutes"},"schema":{"@context":"https:\/\/schema.org","@graph":[{"@type":"Article","@id":"https:\/\/www.africa-press.net\/cameroun\/toutes-les-actualites\/le-pagne-du-8-mars-et-le-business-de-chantal-biya-devoiles#article","isPartOf":{"@id":"https:\/\/www.africa-press.net\/cameroun\/toutes-les-actualites\/le-pagne-du-8-mars-et-le-business-de-chantal-biya-devoiles"},"author":{"name":"cfeditorfr","@id":"https:\/\/www.africa-press.net\/cameroun\/#\/schema\/person\/2b1cf3cd81a31e3cd26889ca66d677f1"},"headline":"Le pagne du 8 mars et le &lsquo;business&rsquo; de Chantal Biya d\u00e9voil\u00e9s","datePublished":"2023-03-09T12:03:51+00:00","dateModified":"2023-03-09T12:22:13+00:00","mainEntityOfPage":{"@id":"https:\/\/www.africa-press.net\/cameroun\/toutes-les-actualites\/le-pagne-du-8-mars-et-le-business-de-chantal-biya-devoiles"},"wordCount":400,"commentCount":0,"image":{"@id":"https:\/\/www.africa-press.net\/cameroun\/toutes-les-actualites\/le-pagne-du-8-mars-et-le-business-de-chantal-biya-devoiles#primaryimage"},"thumbnailUrl":"https:\/\/static.africa-press.net\/cameroun\/sites\/57\/2023\/03\/postQueueImg_1678350834.19.jpg","keywords":["Africa Press","Africa Press-Cameroun","Cameroun"],"articleSection":["Communaut\u00e9","Toutes les actualit\u00e9s"],"inLanguage":"fr-FR","potentialAction":[{"@type":"CommentAction","name":"Comment","target":["https:\/\/www.africa-press.net\/cameroun\/toutes-les-actualites\/le-pagne-du-8-mars-et-le-business-de-chantal-biya-devoiles#respond"]}]},{"@type":"WebPage","@id":"https:\/\/www.africa-press.net\/cameroun\/toutes-les-actualites\/le-pagne-du-8-mars-et-le-business-de-chantal-biya-devoiles","url":"https:\/\/www.africa-press.net\/cameroun\/toutes-les-actualites\/le-pagne-du-8-mars-et-le-business-de-chantal-biya-devoiles","name":"Le pagne du 8 mars et le 'business' de Chantal Biya d\u00e9voil\u00e9s - Cameroun","isPartOf":{"@id":"https:\/\/www.africa-press.net\/cameroun\/#website"},"primaryImageOfPage":{"@id":"https:\/\/www.africa-press.net\/cameroun\/toutes-les-actualites\/le-pagne-du-8-mars-et-le-business-de-chantal-biya-devoiles#primaryimage"},"image":{"@id":"https:\/\/www.africa-press.net\/cameroun\/toutes-les-actualites\/le-pagne-du-8-mars-et-le-business-de-chantal-biya-devoiles#primaryimage"},"thumbnailUrl":"https:\/\/static.africa-press.net\/cameroun\/sites\/57\/2023\/03\/postQueueImg_1678350834.19.jpg","datePublished":"2023-03-09T12:03:51+00:00","dateModified":"2023-03-09T12:22:13+00:00","author":{"@id":"https:\/\/www.africa-press.net\/cameroun\/#\/schema\/person\/2b1cf3cd81a31e3cd26889ca66d677f1"},"description":"Les pagnes du 8 mars sont sans doute les pagnes les plus commercialise\u0301s au Cameroun, et un peu partout dans les pays af ...","breadcrumb":{"@id":"https:\/\/www.africa-press.net\/cameroun\/toutes-les-actualites\/le-pagne-du-8-mars-et-le-business-de-chantal-biya-devoiles#breadcrumb"},"inLanguage":"fr-FR","potentialAction":[{"@type":"ReadAction","target":["https:\/\/www.africa-press.net\/cameroun\/toutes-les-actualites\/le-pagne-du-8-mars-et-le-business-de-chantal-biya-devoiles"]}]},{"@type":"ImageObject","inLanguage":"fr-FR","@id":"https:\/\/www.africa-press.net\/cameroun\/toutes-les-actualites\/le-pagne-du-8-mars-et-le-business-de-chantal-biya-devoiles#primaryimage","url":"https:\/\/static.africa-press.net\/cameroun\/sites\/57\/2023\/03\/postQueueImg_1678350834.19.jpg","contentUrl":"https:\/\/static.africa-press.net\/cameroun\/sites\/57\/2023\/03\/postQueueImg_1678350834.19.jpg","width":720,"height":360,"caption":"Le pagne du 8 mars et le 'business' de Chantal Biya d\u00e9voil\u00e9s"},{"@type":"BreadcrumbList","@id":"https:\/\/www.africa-press.net\/cameroun\/toutes-les-actualites\/le-pagne-du-8-mars-et-le-business-de-chantal-biya-devoiles#breadcrumb","itemListElement":[{"@type":"ListItem","position":1,"name":"Accueil","item":"https:\/\/www.africa-press.net\/cameroun\/"},{"@type":"ListItem","position":2,"name":"Le pagne du 8 mars et le &lsquo;business&rsquo; de Chantal Biya d\u00e9voil\u00e9s"}]},{"@type":"WebSite","@id":"https:\/\/www.africa-press.net\/cameroun\/#website","url":"https:\/\/www.africa-press.net\/cameroun\/","name":"Cameroun","description":"Just another Africa News Agency Sites site","potentialAction":[{"@type":"SearchAction","target":{"@type":"EntryPoint","urlTemplate":"https:\/\/www.africa-press.net\/cameroun\/?s={search_term_string}"},"query-input":{"@type":"PropertyValueSpecification","valueRequired":true,"valueName":"search_term_string"}}],"inLanguage":"fr-FR"},{"@type":"Person","@id":"https:\/\/www.africa-press.net\/cameroun\/#\/schema\/person\/2b1cf3cd81a31e3cd26889ca66d677f1","name":"cfeditorfr"}]}},"_links":{"self":[{"href":"https:\/\/www.africa-press.net\/cameroun\/wp-json\/wp\/v2\/posts\/38806","targetHints":{"allow":["GET"]}}],"collection":[{"href":"https:\/\/www.africa-press.net\/cameroun\/wp-json\/wp\/v2\/posts"}],"about":[{"href":"https:\/\/www.africa-press.net\/cameroun\/wp-json\/wp\/v2\/types\/post"}],"author":[{"embeddable":true,"href":"https:\/\/www.africa-press.net\/cameroun\/wp-json\/wp\/v2\/users\/82"}],"replies":[{"embeddable":true,"href":"https:\/\/www.africa-press.net\/cameroun\/wp-json\/wp\/v2\/comments?post=38806"}],"version-history":[{"count":0,"href":"https:\/\/www.africa-press.net\/cameroun\/wp-json\/wp\/v2\/posts\/38806\/revisions"}],"wp:featuredmedia":[{"embeddable":true,"href":"https:\/\/www.africa-press.net\/cameroun\/wp-json\/wp\/v2\/media\/38805"}],"wp:attachment":[{"href":"https:\/\/www.africa-press.net\/cameroun\/wp-json\/wp\/v2\/media?parent=38806"}],"wp:term":[{"taxonomy":"category","embeddable":true,"href":"https:\/\/www.africa-press.net\/cameroun\/wp-json\/wp\/v2\/categories?post=38806"},{"taxonomy":"post_tag","embeddable":true,"href":"https:\/\/www.africa-press.net\/cameroun\/wp-json\/wp\/v2\/tags?post=38806"}],"curies":[{"name":"wp","href":"https:\/\/api.w.org\/{rel}","templated":true}]}}