{"id":38815,"date":"2023-03-09T12:04:11","date_gmt":"2023-03-09T12:04:11","guid":{"rendered":"https:\/\/www.africa-press.net\/cameroun\/politique\/mise-au-point-le-collectif-des-avocats-de-maxime-eko-eko-montre-enfin-les-crocs"},"modified":"2023-03-09T12:24:14","modified_gmt":"2023-03-09T12:24:14","slug":"mise-au-point-le-collectif-des-avocats-de-maxime-eko-eko-montre-enfin-les-crocs","status":"publish","type":"post","link":"https:\/\/www.africa-press.net\/cameroun\/toutes-les-actualites\/mise-au-point-le-collectif-des-avocats-de-maxime-eko-eko-montre-enfin-les-crocs","title":{"rendered":"Mise au point : le collectif des avocats de Maxime Eko Eko montre enfin les crocs"},"content":{"rendered":"<p><span style=\"color: #ff6600\"><strong>Africa-Press &#8211; Cameroun. <\/strong><\/span>Le collectif des avocats d\u2019Eko Eko Le\u0301opold Maxime sort pour la premie\u0300re fois depuis le de\u0301but des proble\u0300mes judicaires de leur client.<\/p>\n<p>Dans leur sortie, le collectif s\u2019inte\u0301resse principalement a\u0300 deux journaux camerounais : \u00ab La Re\u0301publique \u00bb et \u00ab l\u2019Elite \u00bb. Mais, surtout, il s\u2019inte\u0301resse a\u0300 leurs parutions respectives No 618 et No 269 du 7 mars 2023.<\/p>\n<p>Le collectif pre\u0301cise que \u00ab sous leurs manchettes respectivement intitule\u0301es : \u00ab EKO EKO dans les crocs de la mafia \u00bb dans le quotidien \u00ab La Re\u0301publique \u00bb et \u00ab L\u2019EKO Broye\u0301 \u00bb dans l\u2019hebdomadaire \u00ab L\u2019Elite \u00bb, \u00ab les journaux sus indique\u0301s ont accorde\u0301 un espace au Docteur Succe\u0300s Nkongho, lequel se pre\u0301sente comme un ancien leader se\u0301cessionniste ambazonien reconverti et revenu dans la Re\u0301publique gra\u0302ce aux bonnes offices et actions persuasives de son client Eko Eko a\u0300 l\u2019e\u0301gard duquel, cet intervenant ne tarit point les e\u0301loges, ni de propos laudateurs et dithyrambiques dont leur auteur porte l\u2019entie\u0300re responsabilite\u0301 \u00bb.<\/p>\n<p>Pour le collectif des avocats d\u2019Eko Eko, leur client \u00ab n\u2019en est ni de pre\u0300s, ni de loin l\u2019auteur, ou encore mois l\u2019instigateur de ce te\u0301moignage qu\u2019il e\u0301prouve d\u2019ailleurs avec ve\u0301he\u0301mence \u00bb. Cette mise au point est destine\u0301e a\u0300 l\u2019opinion publique nationale et internationale et aux lecteurs de ces deux journaux \u00ab dans l\u2019optique de la sauvegarde des inte\u0301re\u0302t \u00bb de Maxime Eko Eko.<\/p>\n<p>Autre mise au point important, le collectif des avocats informe l\u2019opinion que leur client, durant toute sa carrie\u0300re, n\u2019a jamais recrute\u0301 \u00ab quelque laudateur \u00bb que ce soit ou influenceurs d\u2019opinions, a\u0300 l\u2019effet de blanchir son image dans les journaux de la Re\u0301publique et\/ou me\u0302me ailleurs sur les re\u0301seaux sociaux.<\/p>\n<p>Enfin, tout en rappelant a\u0300 l\u2019opinion publique nationale et internationale de ne point accorder du cre\u0301dit a\u0300 toute parution et publication qui pourraient e\u0302tre attribue\u0301s a\u0300 leur client, les avocats rassurent : \u00ab le collectif des avocats, son client et tous les vrais membres de la famille Eko Eko restent sereins et font absolument confiance a\u0300 la justice du Cameroun qui depuis le 03 mars 2023 est de\u0301sormais saisie du dossier de proce\u0301dure concernant l\u2019affaire Martinez Zogo. \u00bb<\/p>\n<p><strong>Pour plus d&rsquo;informations et d&rsquo;analyses sur la <a href=\"https:\/\/www.africa-press.net\/cameroun\">Cameroun<\/a>, suivez <a href=\"https:\/\/www.africa-press.net\/\">Africa-Press<\/a><\/strong><\/p>\n","protected":false},"excerpt":{"rendered":"<p>Africa-Press &#8211; Cameroun. Le collectif des avocats d\u2019Eko Eko Le\u0301opold Maxime sort pour la premie\u0300re fois depuis le de\u0301but des proble\u0300mes judicaires de leur client. Dans leur sortie, le collectif s\u2019inte\u0301resse principalement a\u0300 deux journaux camerounais : \u00ab La Re\u0301publique \u00bb et \u00ab l\u2019Elite \u00bb. Mais, surtout, il s\u2019inte\u0301resse a\u0300 leurs parutions respectives No 618 [&hellip;]<\/p>\n","protected":false},"author":82,"featured_media":38813,"comment_status":"open","ping_status":"closed","sticky":false,"template":"","format":"standard","meta":{"footnotes":""},"categories":[21,10],"tags":[36,50,49],"class_list":["post-38815","post","type-post","status-publish","format-standard","has-post-thumbnail","hentry","category-communaute","category-toutes-les-actualites","tag-africa-press","tag-africa-press-cameroun","tag-cameroun"],"yoast_head":"<!-- This site is optimized with the Yoast SEO Premium plugin v26.1 (Yoast SEO v27.0) - https:\/\/yoast.com\/product\/yoast-seo-premium-wordpress\/ -->\n<title>Mise au point : le collectif des avocats de Maxime Eko Eko montre enfin les crocs - Cameroun<\/title>\n<meta name=\"description\" content=\"Le collectif des avocats d\u2019Eko Eko Le\u0301opold Maxime sort pour la premie\u0300re fois depuis le de\u0301but des proble\u0300mes judicaire ...\" \/>\n<meta name=\"robots\" content=\"index, follow, max-snippet:-1, max-image-preview:large, max-video-preview:-1\" \/>\n<link rel=\"canonical\" href=\"https:\/\/www.africa-press.net\/cameroun\/toutes-les-actualites\/mise-au-point-le-collectif-des-avocats-de-maxime-eko-eko-montre-enfin-les-crocs\" \/>\n<meta property=\"og:locale\" content=\"fr_FR\" \/>\n<meta property=\"og:type\" content=\"article\" \/>\n<meta property=\"og:title\" content=\"Mise au point : le collectif des avocats de Maxime Eko Eko montre enfin les crocs\" \/>\n<meta property=\"og:description\" content=\"Le collectif des avocats d\u2019Eko Eko Le\u0301opold Maxime sort pour la premie\u0300re fois depuis le de\u0301but des proble\u0300mes judicaire ...\" \/>\n<meta property=\"og:url\" content=\"https:\/\/www.africa-press.net\/cameroun\/toutes-les-actualites\/mise-au-point-le-collectif-des-avocats-de-maxime-eko-eko-montre-enfin-les-crocs\" \/>\n<meta property=\"og:site_name\" content=\"Cameroun\" \/>\n<meta property=\"article:published_time\" content=\"2023-03-09T12:04:11+00:00\" \/>\n<meta property=\"article:modified_time\" content=\"2023-03-09T12:24:14+00:00\" \/>\n<meta property=\"og:image\" content=\"https:\/\/static.africa-press.net\/cameroun\/sites\/57\/2023\/03\/postQueueImg_1678350855.55.jpg\" \/>\n\t<meta property=\"og:image:width\" content=\"720\" \/>\n\t<meta property=\"og:image:height\" content=\"525\" \/>\n\t<meta property=\"og:image:type\" content=\"image\/jpeg\" \/>\n<meta name=\"author\" content=\"cfeditorfr\" \/>\n<meta name=\"twitter:card\" content=\"summary_large_image\" \/>\n<meta name=\"twitter:label1\" content=\"\u00c9crit par\" \/>\n\t<meta name=\"twitter:data1\" content=\"cfeditorfr\" \/>\n\t<meta name=\"twitter:label2\" content=\"Dur\u00e9e de lecture estim\u00e9e\" \/>\n\t<meta name=\"twitter:data2\" content=\"2 minutes\" \/>\n<script type=\"application\/ld+json\" class=\"yoast-schema-graph\">{\"@context\":\"https:\/\/schema.org\",\"@graph\":[{\"@type\":\"Article\",\"@id\":\"https:\/\/www.africa-press.net\/cameroun\/toutes-les-actualites\/mise-au-point-le-collectif-des-avocats-de-maxime-eko-eko-montre-enfin-les-crocs#article\",\"isPartOf\":{\"@id\":\"https:\/\/www.africa-press.net\/cameroun\/toutes-les-actualites\/mise-au-point-le-collectif-des-avocats-de-maxime-eko-eko-montre-enfin-les-crocs\"},\"author\":{\"name\":\"cfeditorfr\",\"@id\":\"https:\/\/www.africa-press.net\/cameroun\/#\/schema\/person\/2b1cf3cd81a31e3cd26889ca66d677f1\"},\"headline\":\"Mise au point : le collectif des avocats de Maxime Eko Eko montre enfin les crocs\",\"datePublished\":\"2023-03-09T12:04:11+00:00\",\"dateModified\":\"2023-03-09T12:24:14+00:00\",\"mainEntityOfPage\":{\"@id\":\"https:\/\/www.africa-press.net\/cameroun\/toutes-les-actualites\/mise-au-point-le-collectif-des-avocats-de-maxime-eko-eko-montre-enfin-les-crocs\"},\"wordCount\":410,\"commentCount\":0,\"image\":{\"@id\":\"https:\/\/www.africa-press.net\/cameroun\/toutes-les-actualites\/mise-au-point-le-collectif-des-avocats-de-maxime-eko-eko-montre-enfin-les-crocs#primaryimage\"},\"thumbnailUrl\":\"https:\/\/static.africa-press.net\/cameroun\/sites\/57\/2023\/03\/postQueueImg_1678350855.55.jpg\",\"keywords\":[\"Africa Press\",\"Africa Press-Cameroun\",\"Cameroun\"],\"articleSection\":[\"Communaut\u00e9\",\"Toutes les actualit\u00e9s\"],\"inLanguage\":\"fr-FR\",\"potentialAction\":[{\"@type\":\"CommentAction\",\"name\":\"Comment\",\"target\":[\"https:\/\/www.africa-press.net\/cameroun\/toutes-les-actualites\/mise-au-point-le-collectif-des-avocats-de-maxime-eko-eko-montre-enfin-les-crocs#respond\"]}]},{\"@type\":\"WebPage\",\"@id\":\"https:\/\/www.africa-press.net\/cameroun\/toutes-les-actualites\/mise-au-point-le-collectif-des-avocats-de-maxime-eko-eko-montre-enfin-les-crocs\",\"url\":\"https:\/\/www.africa-press.net\/cameroun\/toutes-les-actualites\/mise-au-point-le-collectif-des-avocats-de-maxime-eko-eko-montre-enfin-les-crocs\",\"name\":\"Mise au point : le collectif des avocats de Maxime Eko Eko montre enfin les crocs - Cameroun\",\"isPartOf\":{\"@id\":\"https:\/\/www.africa-press.net\/cameroun\/#website\"},\"primaryImageOfPage\":{\"@id\":\"https:\/\/www.africa-press.net\/cameroun\/toutes-les-actualites\/mise-au-point-le-collectif-des-avocats-de-maxime-eko-eko-montre-enfin-les-crocs#primaryimage\"},\"image\":{\"@id\":\"https:\/\/www.africa-press.net\/cameroun\/toutes-les-actualites\/mise-au-point-le-collectif-des-avocats-de-maxime-eko-eko-montre-enfin-les-crocs#primaryimage\"},\"thumbnailUrl\":\"https:\/\/static.africa-press.net\/cameroun\/sites\/57\/2023\/03\/postQueueImg_1678350855.55.jpg\",\"datePublished\":\"2023-03-09T12:04:11+00:00\",\"dateModified\":\"2023-03-09T12:24:14+00:00\",\"author\":{\"@id\":\"https:\/\/www.africa-press.net\/cameroun\/#\/schema\/person\/2b1cf3cd81a31e3cd26889ca66d677f1\"},\"description\":\"Le collectif des avocats d\u2019Eko Eko Le\u0301opold Maxime sort pour la premie\u0300re fois depuis le de\u0301but des proble\u0300mes judicaire ...\",\"breadcrumb\":{\"@id\":\"https:\/\/www.africa-press.net\/cameroun\/toutes-les-actualites\/mise-au-point-le-collectif-des-avocats-de-maxime-eko-eko-montre-enfin-les-crocs#breadcrumb\"},\"inLanguage\":\"fr-FR\",\"potentialAction\":[{\"@type\":\"ReadAction\",\"target\":[\"https:\/\/www.africa-press.net\/cameroun\/toutes-les-actualites\/mise-au-point-le-collectif-des-avocats-de-maxime-eko-eko-montre-enfin-les-crocs\"]}]},{\"@type\":\"ImageObject\",\"inLanguage\":\"fr-FR\",\"@id\":\"https:\/\/www.africa-press.net\/cameroun\/toutes-les-actualites\/mise-au-point-le-collectif-des-avocats-de-maxime-eko-eko-montre-enfin-les-crocs#primaryimage\",\"url\":\"https:\/\/static.africa-press.net\/cameroun\/sites\/57\/2023\/03\/postQueueImg_1678350855.55.jpg\",\"contentUrl\":\"https:\/\/static.africa-press.net\/cameroun\/sites\/57\/2023\/03\/postQueueImg_1678350855.55.jpg\",\"width\":720,\"height\":525,\"caption\":\"Mise au point : le collectif des avocats de Maxime Eko Eko montre enfin les crocs\"},{\"@type\":\"BreadcrumbList\",\"@id\":\"https:\/\/www.africa-press.net\/cameroun\/toutes-les-actualites\/mise-au-point-le-collectif-des-avocats-de-maxime-eko-eko-montre-enfin-les-crocs#breadcrumb\",\"itemListElement\":[{\"@type\":\"ListItem\",\"position\":1,\"name\":\"Accueil\",\"item\":\"https:\/\/www.africa-press.net\/cameroun\/\"},{\"@type\":\"ListItem\",\"position\":2,\"name\":\"Mise au point : le collectif des avocats de Maxime Eko Eko montre enfin les crocs\"}]},{\"@type\":\"WebSite\",\"@id\":\"https:\/\/www.africa-press.net\/cameroun\/#website\",\"url\":\"https:\/\/www.africa-press.net\/cameroun\/\",\"name\":\"Cameroun\",\"description\":\"Just another Africa News Agency Sites site\",\"potentialAction\":[{\"@type\":\"SearchAction\",\"target\":{\"@type\":\"EntryPoint\",\"urlTemplate\":\"https:\/\/www.africa-press.net\/cameroun\/?s={search_term_string}\"},\"query-input\":{\"@type\":\"PropertyValueSpecification\",\"valueRequired\":true,\"valueName\":\"search_term_string\"}}],\"inLanguage\":\"fr-FR\"},{\"@type\":\"Person\",\"@id\":\"https:\/\/www.africa-press.net\/cameroun\/#\/schema\/person\/2b1cf3cd81a31e3cd26889ca66d677f1\",\"name\":\"cfeditorfr\"}]}<\/script>\n<!-- \/ Yoast SEO Premium plugin. -->","yoast_head_json":{"title":"Mise au point : le collectif des avocats de Maxime Eko Eko montre enfin les crocs - Cameroun","description":"Le collectif des avocats d\u2019Eko Eko Le\u0301opold Maxime sort pour la premie\u0300re fois depuis le de\u0301but des proble\u0300mes judicaire ...","robots":{"index":"index","follow":"follow","max-snippet":"max-snippet:-1","max-image-preview":"max-image-preview:large","max-video-preview":"max-video-preview:-1"},"canonical":"https:\/\/www.africa-press.net\/cameroun\/toutes-les-actualites\/mise-au-point-le-collectif-des-avocats-de-maxime-eko-eko-montre-enfin-les-crocs","og_locale":"fr_FR","og_type":"article","og_title":"Mise au point : le collectif des avocats de Maxime Eko Eko montre enfin les crocs","og_description":"Le collectif des avocats d\u2019Eko Eko Le\u0301opold Maxime sort pour la premie\u0300re fois depuis le de\u0301but des proble\u0300mes judicaire ...","og_url":"https:\/\/www.africa-press.net\/cameroun\/toutes-les-actualites\/mise-au-point-le-collectif-des-avocats-de-maxime-eko-eko-montre-enfin-les-crocs","og_site_name":"Cameroun","article_published_time":"2023-03-09T12:04:11+00:00","article_modified_time":"2023-03-09T12:24:14+00:00","og_image":[{"width":720,"height":525,"url":"https:\/\/static.africa-press.net\/cameroun\/sites\/57\/2023\/03\/postQueueImg_1678350855.55.jpg","type":"image\/jpeg"}],"author":"cfeditorfr","twitter_card":"summary_large_image","twitter_misc":{"\u00c9crit par":"cfeditorfr","Dur\u00e9e de lecture estim\u00e9e":"2 minutes"},"schema":{"@context":"https:\/\/schema.org","@graph":[{"@type":"Article","@id":"https:\/\/www.africa-press.net\/cameroun\/toutes-les-actualites\/mise-au-point-le-collectif-des-avocats-de-maxime-eko-eko-montre-enfin-les-crocs#article","isPartOf":{"@id":"https:\/\/www.africa-press.net\/cameroun\/toutes-les-actualites\/mise-au-point-le-collectif-des-avocats-de-maxime-eko-eko-montre-enfin-les-crocs"},"author":{"name":"cfeditorfr","@id":"https:\/\/www.africa-press.net\/cameroun\/#\/schema\/person\/2b1cf3cd81a31e3cd26889ca66d677f1"},"headline":"Mise au point : le collectif des avocats de Maxime Eko Eko montre enfin les crocs","datePublished":"2023-03-09T12:04:11+00:00","dateModified":"2023-03-09T12:24:14+00:00","mainEntityOfPage":{"@id":"https:\/\/www.africa-press.net\/cameroun\/toutes-les-actualites\/mise-au-point-le-collectif-des-avocats-de-maxime-eko-eko-montre-enfin-les-crocs"},"wordCount":410,"commentCount":0,"image":{"@id":"https:\/\/www.africa-press.net\/cameroun\/toutes-les-actualites\/mise-au-point-le-collectif-des-avocats-de-maxime-eko-eko-montre-enfin-les-crocs#primaryimage"},"thumbnailUrl":"https:\/\/static.africa-press.net\/cameroun\/sites\/57\/2023\/03\/postQueueImg_1678350855.55.jpg","keywords":["Africa Press","Africa Press-Cameroun","Cameroun"],"articleSection":["Communaut\u00e9","Toutes les actualit\u00e9s"],"inLanguage":"fr-FR","potentialAction":[{"@type":"CommentAction","name":"Comment","target":["https:\/\/www.africa-press.net\/cameroun\/toutes-les-actualites\/mise-au-point-le-collectif-des-avocats-de-maxime-eko-eko-montre-enfin-les-crocs#respond"]}]},{"@type":"WebPage","@id":"https:\/\/www.africa-press.net\/cameroun\/toutes-les-actualites\/mise-au-point-le-collectif-des-avocats-de-maxime-eko-eko-montre-enfin-les-crocs","url":"https:\/\/www.africa-press.net\/cameroun\/toutes-les-actualites\/mise-au-point-le-collectif-des-avocats-de-maxime-eko-eko-montre-enfin-les-crocs","name":"Mise au point : le collectif des avocats de Maxime Eko Eko montre enfin les crocs - Cameroun","isPartOf":{"@id":"https:\/\/www.africa-press.net\/cameroun\/#website"},"primaryImageOfPage":{"@id":"https:\/\/www.africa-press.net\/cameroun\/toutes-les-actualites\/mise-au-point-le-collectif-des-avocats-de-maxime-eko-eko-montre-enfin-les-crocs#primaryimage"},"image":{"@id":"https:\/\/www.africa-press.net\/cameroun\/toutes-les-actualites\/mise-au-point-le-collectif-des-avocats-de-maxime-eko-eko-montre-enfin-les-crocs#primaryimage"},"thumbnailUrl":"https:\/\/static.africa-press.net\/cameroun\/sites\/57\/2023\/03\/postQueueImg_1678350855.55.jpg","datePublished":"2023-03-09T12:04:11+00:00","dateModified":"2023-03-09T12:24:14+00:00","author":{"@id":"https:\/\/www.africa-press.net\/cameroun\/#\/schema\/person\/2b1cf3cd81a31e3cd26889ca66d677f1"},"description":"Le collectif des avocats d\u2019Eko Eko Le\u0301opold Maxime sort pour la premie\u0300re fois depuis le de\u0301but des proble\u0300mes judicaire ...","breadcrumb":{"@id":"https:\/\/www.africa-press.net\/cameroun\/toutes-les-actualites\/mise-au-point-le-collectif-des-avocats-de-maxime-eko-eko-montre-enfin-les-crocs#breadcrumb"},"inLanguage":"fr-FR","potentialAction":[{"@type":"ReadAction","target":["https:\/\/www.africa-press.net\/cameroun\/toutes-les-actualites\/mise-au-point-le-collectif-des-avocats-de-maxime-eko-eko-montre-enfin-les-crocs"]}]},{"@type":"ImageObject","inLanguage":"fr-FR","@id":"https:\/\/www.africa-press.net\/cameroun\/toutes-les-actualites\/mise-au-point-le-collectif-des-avocats-de-maxime-eko-eko-montre-enfin-les-crocs#primaryimage","url":"https:\/\/static.africa-press.net\/cameroun\/sites\/57\/2023\/03\/postQueueImg_1678350855.55.jpg","contentUrl":"https:\/\/static.africa-press.net\/cameroun\/sites\/57\/2023\/03\/postQueueImg_1678350855.55.jpg","width":720,"height":525,"caption":"Mise au point : le collectif des avocats de Maxime Eko Eko montre enfin les crocs"},{"@type":"BreadcrumbList","@id":"https:\/\/www.africa-press.net\/cameroun\/toutes-les-actualites\/mise-au-point-le-collectif-des-avocats-de-maxime-eko-eko-montre-enfin-les-crocs#breadcrumb","itemListElement":[{"@type":"ListItem","position":1,"name":"Accueil","item":"https:\/\/www.africa-press.net\/cameroun\/"},{"@type":"ListItem","position":2,"name":"Mise au point : le collectif des avocats de Maxime Eko Eko montre enfin les crocs"}]},{"@type":"WebSite","@id":"https:\/\/www.africa-press.net\/cameroun\/#website","url":"https:\/\/www.africa-press.net\/cameroun\/","name":"Cameroun","description":"Just another Africa News Agency Sites site","potentialAction":[{"@type":"SearchAction","target":{"@type":"EntryPoint","urlTemplate":"https:\/\/www.africa-press.net\/cameroun\/?s={search_term_string}"},"query-input":{"@type":"PropertyValueSpecification","valueRequired":true,"valueName":"search_term_string"}}],"inLanguage":"fr-FR"},{"@type":"Person","@id":"https:\/\/www.africa-press.net\/cameroun\/#\/schema\/person\/2b1cf3cd81a31e3cd26889ca66d677f1","name":"cfeditorfr"}]}},"_links":{"self":[{"href":"https:\/\/www.africa-press.net\/cameroun\/wp-json\/wp\/v2\/posts\/38815","targetHints":{"allow":["GET"]}}],"collection":[{"href":"https:\/\/www.africa-press.net\/cameroun\/wp-json\/wp\/v2\/posts"}],"about":[{"href":"https:\/\/www.africa-press.net\/cameroun\/wp-json\/wp\/v2\/types\/post"}],"author":[{"embeddable":true,"href":"https:\/\/www.africa-press.net\/cameroun\/wp-json\/wp\/v2\/users\/82"}],"replies":[{"embeddable":true,"href":"https:\/\/www.africa-press.net\/cameroun\/wp-json\/wp\/v2\/comments?post=38815"}],"version-history":[{"count":0,"href":"https:\/\/www.africa-press.net\/cameroun\/wp-json\/wp\/v2\/posts\/38815\/revisions"}],"wp:featuredmedia":[{"embeddable":true,"href":"https:\/\/www.africa-press.net\/cameroun\/wp-json\/wp\/v2\/media\/38813"}],"wp:attachment":[{"href":"https:\/\/www.africa-press.net\/cameroun\/wp-json\/wp\/v2\/media?parent=38815"}],"wp:term":[{"taxonomy":"category","embeddable":true,"href":"https:\/\/www.africa-press.net\/cameroun\/wp-json\/wp\/v2\/categories?post=38815"},{"taxonomy":"post_tag","embeddable":true,"href":"https:\/\/www.africa-press.net\/cameroun\/wp-json\/wp\/v2\/tags?post=38815"}],"curies":[{"name":"wp","href":"https:\/\/api.w.org\/{rel}","templated":true}]}}