{"id":38817,"date":"2023-03-09T12:04:32","date_gmt":"2023-03-09T12:04:32","guid":{"rendered":"https:\/\/www.africa-press.net\/cameroun\/politique\/cameroun-phenomene-de-microbes-douala-sous-controle-bafia-prend-la-releve"},"modified":"2023-03-09T12:24:50","modified_gmt":"2023-03-09T12:24:50","slug":"cameroun-phenomene-de-microbes-douala-sous-controle-bafia-prend-la-releve","status":"publish","type":"post","link":"https:\/\/www.africa-press.net\/cameroun\/toutes-les-actualites\/cameroun-phenomene-de-microbes-douala-sous-controle-bafia-prend-la-releve","title":{"rendered":"Cameroun-ph\u00e9nom\u00e8ne de microbes : Douala sous contr\u00f4le, Bafia prend la rel\u00e8ve"},"content":{"rendered":"<p><span style=\"color: #ff6600\"><strong>Africa-Press &#8211; Cameroun. <\/strong><\/span>Des de\u0301linquants d\u2019un a\u0302ge compris entre 15 et 25 ans commettent des actes d\u2019agression dans la ville de Bafia, chef-lieu du de\u0301partement du Mbam-et-Inoubou.<\/p>\n<p>La violence que les \u00ab Microbes \u00bb ont impose\u0301e dans certains quartiers de la ville de Douala il y a encore quelques mois semble se de\u0301porter et s\u2019installer a\u0300 Bafia. Dans cette ville situe\u0301e a\u0300 120 km de Yaounde\u0301, des jeunes arme\u0301s de poignards, de gourdins, de machettes, agressent en bande, des passagers des bus de transports interurbains en provenance de Yaounde\u0301 ou des re\u0301gions de l\u2019Ouest ou du Nord-Ouest.<\/p>\n<p>A l\u2019arre\u0302t de ces ve\u0301hicules dont les chauffeurs permettent souvent aux occupants de se mettre a\u0300 l\u2019aise, des de\u0301linquants envahissent l\u2019inte\u0301rieur. Ils arrachent des biens, et n\u2019he\u0301sitent pas a\u0300 blesser, parfois mortellement des victimes. L\u2019autre mode ope\u0301ratoire consiste pour certains de\u0301linquants a\u0300 emprunter le bus par auto stop. Une fois arrive\u0301 a\u0300 destination a\u0300 Bafia, ses complices sortent de la brousse et attaquent les passagers du ve\u0301hicule.<\/p>\n<p>Cette prolife\u0301ration des microbes fait ne\u0301anmoins face a\u0300 la re\u0301action des forces du maintien de l\u2019ordre et de se\u0301curite\u0301. Des ope\u0301rations organise\u0301es a\u0300 cet effet ont permis d\u2019interpeller une dizaine de pre\u0301sume\u0301s de\u0301linquants.<\/p>\n<p>Pendant la pe\u0301riode des fe\u0302tes de Noe\u0308l 2022 et de nouvel an 2023, des attaquent similaires ont seme\u0301 la panique a\u0300 Douala. Le gouverneur de la re\u0301gion du Littoral et le pre\u0301fet du Wouri ont successivement pris des mesures conservatoires pour contenir la menace.<\/p>\n<p>Selon l\u2019e\u0301crivain Calvin Djouari, les agressions de Bafia sont issues d\u2019une imitation des jeunes de Douala. Alors que la ville de Douala est sous contro\u0302le, Bafia prend la rele\u0300ve et le phe\u0301nome\u0300ne va grandissant. Il convient ainsi de \u00ab tirer la sonnette d\u2019alarme avant que les de\u0301linquants ne passent a\u0300 l\u2019action forte \u00bb, pre\u0301vient-il.<\/p>\n<p><strong>Pour plus d&rsquo;informations et d&rsquo;analyses sur la <a href=\"https:\/\/www.africa-press.net\/cameroun\">Cameroun<\/a>, suivez <a href=\"https:\/\/www.africa-press.net\/\">Africa-Press<\/a><\/strong><\/p>\n","protected":false},"excerpt":{"rendered":"<p>Africa-Press &#8211; Cameroun. Des de\u0301linquants d\u2019un a\u0302ge compris entre 15 et 25 ans commettent des actes d\u2019agression dans la ville de Bafia, chef-lieu du de\u0301partement du Mbam-et-Inoubou. La violence que les \u00ab Microbes \u00bb ont impose\u0301e dans certains quartiers de la ville de Douala il y a encore quelques mois semble se de\u0301porter et s\u2019installer [&hellip;]<\/p>\n","protected":false},"author":82,"featured_media":38816,"comment_status":"open","ping_status":"closed","sticky":false,"template":"","format":"standard","meta":{"footnotes":""},"categories":[21,10],"tags":[36,50,49],"class_list":["post-38817","post","type-post","status-publish","format-standard","has-post-thumbnail","hentry","category-communaute","category-toutes-les-actualites","tag-africa-press","tag-africa-press-cameroun","tag-cameroun"],"yoast_head":"<!-- This site is optimized with the Yoast SEO Premium plugin v26.1 (Yoast SEO v27.0) - https:\/\/yoast.com\/product\/yoast-seo-premium-wordpress\/ -->\n<title>Cameroun-ph\u00e9nom\u00e8ne de microbes : Douala sous contr\u00f4le, Bafia prend la rel\u00e8ve - Cameroun<\/title>\n<meta name=\"description\" content=\"Des de\u0301linquants d\u2019un a\u0302ge compris entre 15 et 25 ans commettent des actes d\u2019agression dans la ville de Bafia, chef-lieu ...\" \/>\n<meta name=\"robots\" content=\"index, follow, max-snippet:-1, max-image-preview:large, max-video-preview:-1\" \/>\n<link rel=\"canonical\" href=\"https:\/\/www.africa-press.net\/cameroun\/toutes-les-actualites\/cameroun-phenomene-de-microbes-douala-sous-controle-bafia-prend-la-releve\" \/>\n<meta property=\"og:locale\" content=\"fr_FR\" \/>\n<meta property=\"og:type\" content=\"article\" \/>\n<meta property=\"og:title\" content=\"Cameroun-ph\u00e9nom\u00e8ne de microbes : Douala sous contr\u00f4le, Bafia prend la rel\u00e8ve\" \/>\n<meta property=\"og:description\" content=\"Des de\u0301linquants d\u2019un a\u0302ge compris entre 15 et 25 ans commettent des actes d\u2019agression dans la ville de Bafia, chef-lieu ...\" \/>\n<meta property=\"og:url\" content=\"https:\/\/www.africa-press.net\/cameroun\/toutes-les-actualites\/cameroun-phenomene-de-microbes-douala-sous-controle-bafia-prend-la-releve\" \/>\n<meta property=\"og:site_name\" content=\"Cameroun\" \/>\n<meta property=\"article:published_time\" content=\"2023-03-09T12:04:32+00:00\" \/>\n<meta property=\"article:modified_time\" content=\"2023-03-09T12:24:50+00:00\" \/>\n<meta property=\"og:image\" content=\"https:\/\/static.africa-press.net\/cameroun\/sites\/57\/2023\/03\/postQueueImg_1678350875.05.jpg\" \/>\n\t<meta property=\"og:image:width\" content=\"720\" \/>\n\t<meta property=\"og:image:height\" content=\"493\" \/>\n\t<meta property=\"og:image:type\" content=\"image\/jpeg\" \/>\n<meta name=\"author\" content=\"cfeditorfr\" \/>\n<meta name=\"twitter:card\" content=\"summary_large_image\" \/>\n<meta name=\"twitter:label1\" content=\"\u00c9crit par\" \/>\n\t<meta name=\"twitter:data1\" content=\"cfeditorfr\" \/>\n\t<meta name=\"twitter:label2\" content=\"Dur\u00e9e de lecture estim\u00e9e\" \/>\n\t<meta name=\"twitter:data2\" content=\"2 minutes\" \/>\n<script type=\"application\/ld+json\" class=\"yoast-schema-graph\">{\"@context\":\"https:\/\/schema.org\",\"@graph\":[{\"@type\":\"Article\",\"@id\":\"https:\/\/www.africa-press.net\/cameroun\/toutes-les-actualites\/cameroun-phenomene-de-microbes-douala-sous-controle-bafia-prend-la-releve#article\",\"isPartOf\":{\"@id\":\"https:\/\/www.africa-press.net\/cameroun\/toutes-les-actualites\/cameroun-phenomene-de-microbes-douala-sous-controle-bafia-prend-la-releve\"},\"author\":{\"name\":\"cfeditorfr\",\"@id\":\"https:\/\/www.africa-press.net\/cameroun\/#\/schema\/person\/2b1cf3cd81a31e3cd26889ca66d677f1\"},\"headline\":\"Cameroun-ph\u00e9nom\u00e8ne de microbes : Douala sous contr\u00f4le, Bafia prend la rel\u00e8ve\",\"datePublished\":\"2023-03-09T12:04:32+00:00\",\"dateModified\":\"2023-03-09T12:24:50+00:00\",\"mainEntityOfPage\":{\"@id\":\"https:\/\/www.africa-press.net\/cameroun\/toutes-les-actualites\/cameroun-phenomene-de-microbes-douala-sous-controle-bafia-prend-la-releve\"},\"wordCount\":364,\"commentCount\":0,\"image\":{\"@id\":\"https:\/\/www.africa-press.net\/cameroun\/toutes-les-actualites\/cameroun-phenomene-de-microbes-douala-sous-controle-bafia-prend-la-releve#primaryimage\"},\"thumbnailUrl\":\"https:\/\/static.africa-press.net\/cameroun\/sites\/57\/2023\/03\/postQueueImg_1678350875.05.jpg\",\"keywords\":[\"Africa Press\",\"Africa Press-Cameroun\",\"Cameroun\"],\"articleSection\":[\"Communaut\u00e9\",\"Toutes les actualit\u00e9s\"],\"inLanguage\":\"fr-FR\",\"potentialAction\":[{\"@type\":\"CommentAction\",\"name\":\"Comment\",\"target\":[\"https:\/\/www.africa-press.net\/cameroun\/toutes-les-actualites\/cameroun-phenomene-de-microbes-douala-sous-controle-bafia-prend-la-releve#respond\"]}]},{\"@type\":\"WebPage\",\"@id\":\"https:\/\/www.africa-press.net\/cameroun\/toutes-les-actualites\/cameroun-phenomene-de-microbes-douala-sous-controle-bafia-prend-la-releve\",\"url\":\"https:\/\/www.africa-press.net\/cameroun\/toutes-les-actualites\/cameroun-phenomene-de-microbes-douala-sous-controle-bafia-prend-la-releve\",\"name\":\"Cameroun-ph\u00e9nom\u00e8ne de microbes : Douala sous contr\u00f4le, Bafia prend la rel\u00e8ve - Cameroun\",\"isPartOf\":{\"@id\":\"https:\/\/www.africa-press.net\/cameroun\/#website\"},\"primaryImageOfPage\":{\"@id\":\"https:\/\/www.africa-press.net\/cameroun\/toutes-les-actualites\/cameroun-phenomene-de-microbes-douala-sous-controle-bafia-prend-la-releve#primaryimage\"},\"image\":{\"@id\":\"https:\/\/www.africa-press.net\/cameroun\/toutes-les-actualites\/cameroun-phenomene-de-microbes-douala-sous-controle-bafia-prend-la-releve#primaryimage\"},\"thumbnailUrl\":\"https:\/\/static.africa-press.net\/cameroun\/sites\/57\/2023\/03\/postQueueImg_1678350875.05.jpg\",\"datePublished\":\"2023-03-09T12:04:32+00:00\",\"dateModified\":\"2023-03-09T12:24:50+00:00\",\"author\":{\"@id\":\"https:\/\/www.africa-press.net\/cameroun\/#\/schema\/person\/2b1cf3cd81a31e3cd26889ca66d677f1\"},\"description\":\"Des de\u0301linquants d\u2019un a\u0302ge compris entre 15 et 25 ans commettent des actes d\u2019agression dans la ville de Bafia, chef-lieu ...\",\"breadcrumb\":{\"@id\":\"https:\/\/www.africa-press.net\/cameroun\/toutes-les-actualites\/cameroun-phenomene-de-microbes-douala-sous-controle-bafia-prend-la-releve#breadcrumb\"},\"inLanguage\":\"fr-FR\",\"potentialAction\":[{\"@type\":\"ReadAction\",\"target\":[\"https:\/\/www.africa-press.net\/cameroun\/toutes-les-actualites\/cameroun-phenomene-de-microbes-douala-sous-controle-bafia-prend-la-releve\"]}]},{\"@type\":\"ImageObject\",\"inLanguage\":\"fr-FR\",\"@id\":\"https:\/\/www.africa-press.net\/cameroun\/toutes-les-actualites\/cameroun-phenomene-de-microbes-douala-sous-controle-bafia-prend-la-releve#primaryimage\",\"url\":\"https:\/\/static.africa-press.net\/cameroun\/sites\/57\/2023\/03\/postQueueImg_1678350875.05.jpg\",\"contentUrl\":\"https:\/\/static.africa-press.net\/cameroun\/sites\/57\/2023\/03\/postQueueImg_1678350875.05.jpg\",\"width\":720,\"height\":493,\"caption\":\"Cameroun-ph\u00e9nom\u00e8ne de microbes : Douala sous contr\u00f4le, Bafia prend la rel\u00e8ve\"},{\"@type\":\"BreadcrumbList\",\"@id\":\"https:\/\/www.africa-press.net\/cameroun\/toutes-les-actualites\/cameroun-phenomene-de-microbes-douala-sous-controle-bafia-prend-la-releve#breadcrumb\",\"itemListElement\":[{\"@type\":\"ListItem\",\"position\":1,\"name\":\"Accueil\",\"item\":\"https:\/\/www.africa-press.net\/cameroun\/\"},{\"@type\":\"ListItem\",\"position\":2,\"name\":\"Cameroun-ph\u00e9nom\u00e8ne de microbes : Douala sous contr\u00f4le, Bafia prend la rel\u00e8ve\"}]},{\"@type\":\"WebSite\",\"@id\":\"https:\/\/www.africa-press.net\/cameroun\/#website\",\"url\":\"https:\/\/www.africa-press.net\/cameroun\/\",\"name\":\"Cameroun\",\"description\":\"Just another Africa News Agency Sites site\",\"potentialAction\":[{\"@type\":\"SearchAction\",\"target\":{\"@type\":\"EntryPoint\",\"urlTemplate\":\"https:\/\/www.africa-press.net\/cameroun\/?s={search_term_string}\"},\"query-input\":{\"@type\":\"PropertyValueSpecification\",\"valueRequired\":true,\"valueName\":\"search_term_string\"}}],\"inLanguage\":\"fr-FR\"},{\"@type\":\"Person\",\"@id\":\"https:\/\/www.africa-press.net\/cameroun\/#\/schema\/person\/2b1cf3cd81a31e3cd26889ca66d677f1\",\"name\":\"cfeditorfr\"}]}<\/script>\n<!-- \/ Yoast SEO Premium plugin. -->","yoast_head_json":{"title":"Cameroun-ph\u00e9nom\u00e8ne de microbes : Douala sous contr\u00f4le, Bafia prend la rel\u00e8ve - Cameroun","description":"Des de\u0301linquants d\u2019un a\u0302ge compris entre 15 et 25 ans commettent des actes d\u2019agression dans la ville de Bafia, chef-lieu ...","robots":{"index":"index","follow":"follow","max-snippet":"max-snippet:-1","max-image-preview":"max-image-preview:large","max-video-preview":"max-video-preview:-1"},"canonical":"https:\/\/www.africa-press.net\/cameroun\/toutes-les-actualites\/cameroun-phenomene-de-microbes-douala-sous-controle-bafia-prend-la-releve","og_locale":"fr_FR","og_type":"article","og_title":"Cameroun-ph\u00e9nom\u00e8ne de microbes : Douala sous contr\u00f4le, Bafia prend la rel\u00e8ve","og_description":"Des de\u0301linquants d\u2019un a\u0302ge compris entre 15 et 25 ans commettent des actes d\u2019agression dans la ville de Bafia, chef-lieu ...","og_url":"https:\/\/www.africa-press.net\/cameroun\/toutes-les-actualites\/cameroun-phenomene-de-microbes-douala-sous-controle-bafia-prend-la-releve","og_site_name":"Cameroun","article_published_time":"2023-03-09T12:04:32+00:00","article_modified_time":"2023-03-09T12:24:50+00:00","og_image":[{"width":720,"height":493,"url":"https:\/\/static.africa-press.net\/cameroun\/sites\/57\/2023\/03\/postQueueImg_1678350875.05.jpg","type":"image\/jpeg"}],"author":"cfeditorfr","twitter_card":"summary_large_image","twitter_misc":{"\u00c9crit par":"cfeditorfr","Dur\u00e9e de lecture estim\u00e9e":"2 minutes"},"schema":{"@context":"https:\/\/schema.org","@graph":[{"@type":"Article","@id":"https:\/\/www.africa-press.net\/cameroun\/toutes-les-actualites\/cameroun-phenomene-de-microbes-douala-sous-controle-bafia-prend-la-releve#article","isPartOf":{"@id":"https:\/\/www.africa-press.net\/cameroun\/toutes-les-actualites\/cameroun-phenomene-de-microbes-douala-sous-controle-bafia-prend-la-releve"},"author":{"name":"cfeditorfr","@id":"https:\/\/www.africa-press.net\/cameroun\/#\/schema\/person\/2b1cf3cd81a31e3cd26889ca66d677f1"},"headline":"Cameroun-ph\u00e9nom\u00e8ne de microbes : Douala sous contr\u00f4le, Bafia prend la rel\u00e8ve","datePublished":"2023-03-09T12:04:32+00:00","dateModified":"2023-03-09T12:24:50+00:00","mainEntityOfPage":{"@id":"https:\/\/www.africa-press.net\/cameroun\/toutes-les-actualites\/cameroun-phenomene-de-microbes-douala-sous-controle-bafia-prend-la-releve"},"wordCount":364,"commentCount":0,"image":{"@id":"https:\/\/www.africa-press.net\/cameroun\/toutes-les-actualites\/cameroun-phenomene-de-microbes-douala-sous-controle-bafia-prend-la-releve#primaryimage"},"thumbnailUrl":"https:\/\/static.africa-press.net\/cameroun\/sites\/57\/2023\/03\/postQueueImg_1678350875.05.jpg","keywords":["Africa Press","Africa Press-Cameroun","Cameroun"],"articleSection":["Communaut\u00e9","Toutes les actualit\u00e9s"],"inLanguage":"fr-FR","potentialAction":[{"@type":"CommentAction","name":"Comment","target":["https:\/\/www.africa-press.net\/cameroun\/toutes-les-actualites\/cameroun-phenomene-de-microbes-douala-sous-controle-bafia-prend-la-releve#respond"]}]},{"@type":"WebPage","@id":"https:\/\/www.africa-press.net\/cameroun\/toutes-les-actualites\/cameroun-phenomene-de-microbes-douala-sous-controle-bafia-prend-la-releve","url":"https:\/\/www.africa-press.net\/cameroun\/toutes-les-actualites\/cameroun-phenomene-de-microbes-douala-sous-controle-bafia-prend-la-releve","name":"Cameroun-ph\u00e9nom\u00e8ne de microbes : Douala sous contr\u00f4le, Bafia prend la rel\u00e8ve - Cameroun","isPartOf":{"@id":"https:\/\/www.africa-press.net\/cameroun\/#website"},"primaryImageOfPage":{"@id":"https:\/\/www.africa-press.net\/cameroun\/toutes-les-actualites\/cameroun-phenomene-de-microbes-douala-sous-controle-bafia-prend-la-releve#primaryimage"},"image":{"@id":"https:\/\/www.africa-press.net\/cameroun\/toutes-les-actualites\/cameroun-phenomene-de-microbes-douala-sous-controle-bafia-prend-la-releve#primaryimage"},"thumbnailUrl":"https:\/\/static.africa-press.net\/cameroun\/sites\/57\/2023\/03\/postQueueImg_1678350875.05.jpg","datePublished":"2023-03-09T12:04:32+00:00","dateModified":"2023-03-09T12:24:50+00:00","author":{"@id":"https:\/\/www.africa-press.net\/cameroun\/#\/schema\/person\/2b1cf3cd81a31e3cd26889ca66d677f1"},"description":"Des de\u0301linquants d\u2019un a\u0302ge compris entre 15 et 25 ans commettent des actes d\u2019agression dans la ville de Bafia, chef-lieu ...","breadcrumb":{"@id":"https:\/\/www.africa-press.net\/cameroun\/toutes-les-actualites\/cameroun-phenomene-de-microbes-douala-sous-controle-bafia-prend-la-releve#breadcrumb"},"inLanguage":"fr-FR","potentialAction":[{"@type":"ReadAction","target":["https:\/\/www.africa-press.net\/cameroun\/toutes-les-actualites\/cameroun-phenomene-de-microbes-douala-sous-controle-bafia-prend-la-releve"]}]},{"@type":"ImageObject","inLanguage":"fr-FR","@id":"https:\/\/www.africa-press.net\/cameroun\/toutes-les-actualites\/cameroun-phenomene-de-microbes-douala-sous-controle-bafia-prend-la-releve#primaryimage","url":"https:\/\/static.africa-press.net\/cameroun\/sites\/57\/2023\/03\/postQueueImg_1678350875.05.jpg","contentUrl":"https:\/\/static.africa-press.net\/cameroun\/sites\/57\/2023\/03\/postQueueImg_1678350875.05.jpg","width":720,"height":493,"caption":"Cameroun-ph\u00e9nom\u00e8ne de microbes : Douala sous contr\u00f4le, Bafia prend la rel\u00e8ve"},{"@type":"BreadcrumbList","@id":"https:\/\/www.africa-press.net\/cameroun\/toutes-les-actualites\/cameroun-phenomene-de-microbes-douala-sous-controle-bafia-prend-la-releve#breadcrumb","itemListElement":[{"@type":"ListItem","position":1,"name":"Accueil","item":"https:\/\/www.africa-press.net\/cameroun\/"},{"@type":"ListItem","position":2,"name":"Cameroun-ph\u00e9nom\u00e8ne de microbes : Douala sous contr\u00f4le, Bafia prend la rel\u00e8ve"}]},{"@type":"WebSite","@id":"https:\/\/www.africa-press.net\/cameroun\/#website","url":"https:\/\/www.africa-press.net\/cameroun\/","name":"Cameroun","description":"Just another Africa News Agency Sites site","potentialAction":[{"@type":"SearchAction","target":{"@type":"EntryPoint","urlTemplate":"https:\/\/www.africa-press.net\/cameroun\/?s={search_term_string}"},"query-input":{"@type":"PropertyValueSpecification","valueRequired":true,"valueName":"search_term_string"}}],"inLanguage":"fr-FR"},{"@type":"Person","@id":"https:\/\/www.africa-press.net\/cameroun\/#\/schema\/person\/2b1cf3cd81a31e3cd26889ca66d677f1","name":"cfeditorfr"}]}},"_links":{"self":[{"href":"https:\/\/www.africa-press.net\/cameroun\/wp-json\/wp\/v2\/posts\/38817","targetHints":{"allow":["GET"]}}],"collection":[{"href":"https:\/\/www.africa-press.net\/cameroun\/wp-json\/wp\/v2\/posts"}],"about":[{"href":"https:\/\/www.africa-press.net\/cameroun\/wp-json\/wp\/v2\/types\/post"}],"author":[{"embeddable":true,"href":"https:\/\/www.africa-press.net\/cameroun\/wp-json\/wp\/v2\/users\/82"}],"replies":[{"embeddable":true,"href":"https:\/\/www.africa-press.net\/cameroun\/wp-json\/wp\/v2\/comments?post=38817"}],"version-history":[{"count":0,"href":"https:\/\/www.africa-press.net\/cameroun\/wp-json\/wp\/v2\/posts\/38817\/revisions"}],"wp:featuredmedia":[{"embeddable":true,"href":"https:\/\/www.africa-press.net\/cameroun\/wp-json\/wp\/v2\/media\/38816"}],"wp:attachment":[{"href":"https:\/\/www.africa-press.net\/cameroun\/wp-json\/wp\/v2\/media?parent=38817"}],"wp:term":[{"taxonomy":"category","embeddable":true,"href":"https:\/\/www.africa-press.net\/cameroun\/wp-json\/wp\/v2\/categories?post=38817"},{"taxonomy":"post_tag","embeddable":true,"href":"https:\/\/www.africa-press.net\/cameroun\/wp-json\/wp\/v2\/tags?post=38817"}],"curies":[{"name":"wp","href":"https:\/\/api.w.org\/{rel}","templated":true}]}}