{"id":38839,"date":"2023-03-09T18:57:31","date_gmt":"2023-03-09T18:57:31","guid":{"rendered":"https:\/\/www.africa-press.net\/cameroun\/politique\/discrets-et-moins-bavards-les-avocats-de-maxime-eko-eko-font-une-entree-spectaculaire"},"modified":"2023-03-09T19:20:19","modified_gmt":"2023-03-09T19:20:19","slug":"discrets-et-moins-bavards-les-avocats-de-maxime-eko-eko-font-une-entree-spectaculaire","status":"publish","type":"post","link":"https:\/\/www.africa-press.net\/cameroun\/politique\/discrets-et-moins-bavards-les-avocats-de-maxime-eko-eko-font-une-entree-spectaculaire","title":{"rendered":"Discrets et moins bavards : les avocats de Maxime Eko Eko font une entr\u00e9e spectaculaire"},"content":{"rendered":"<p><span style=\"color: #ff6600\"><strong>Africa-Press &#8211; Cameroun. <\/strong><\/span>Depuis le de\u0301but de la proce\u0301dure judicaire entame\u0301e a\u0300 l\u2019encontre des personnes pre\u0301sume\u0301es implique\u0301es dans l\u2019assassinat de Martinez Zogo, seuls les avocats d\u2019Amougou Belinga et Justin Danwe se sont ve\u0301ritablement montre\u0301s au public.<\/p>\n<p>Mais qui sont re\u0301ellement les avocats de Maxime Eko Eko, le patron de la DGRE, inculpe\u0301 pour \u00ab filature, enle\u0300vement et torture \u00bb et place\u0301 sous mandat de de\u0301po\u0302t a\u0300 la prison de Kondengui ?<\/p>\n<p>Si, il y a de\u0301sormais une re\u0301ponse a\u0300 cette interrogation, c\u2019est gra\u0302ce a\u0300 une mise au point parue dans le journal \u00ab Le Jour \u00bb du Jeudi 09 mars 2023.<\/p>\n<p>Dans celle-ci, le collectif des avocats du directeur de la DGRE a apporte\u0301 des de\u0301tails sur des parutions de certains journaux. C\u2019est la\u0300 que leurs noms ont e\u0301te\u0301 cite\u0301s.<\/p>\n<p>En effet, Maxime Eko Eko Le\u0301opold Maxime n\u2019est pas repre\u0301sente\u0301 par un seul avocat mais plusieurs. Ils sont rassemble\u0301s au sein d\u2019un collectif compose\u0301 de six(06) avocats : Mes Ndjana Ndjana Hossanna, N\u2019Goumou Josiane, Licken Junior, Ofomo Toueli Justin, Nkea Emmanuel et Ndjah Joseph De\u0301sire\u0301.<\/p>\n<p>Moins bavards, ils ont ainsi marque\u0301 leur premie\u0300re sortie ce 9 mars 2023. Dans la mise au point que le collectif a fait publier, il a rappele\u0301 a\u0300 l\u2019opinion publique nationale et internationale a\u0300 ne point accorder du cre\u0301dit a\u0300 toute parution ou publication qui pourrait e\u0302tre attribue\u0301 a\u0300 leur client, sans que ces e\u0301crits et propos n\u2019aient e\u0301te\u0301 corrobore\u0301s par l\u2019un d\u2019eux.<\/p>\n<p>Surtout, il est a\u0300 noter que dans la mise au point du collectif, ce dernier, Eko Eko et \u00ab tous les vrais membres de la famille Eko Eko \u00bb affirment qu\u2019ils restent sereins et font absolument confiance en la justice camerounaise dans le dossier Martinez Zogo.<\/p>\n<p><strong>Pour plus d&rsquo;informations et d&rsquo;analyses sur la <a href=\"https:\/\/www.africa-press.net\/cameroun\">Cameroun<\/a>, suivez <a href=\"https:\/\/www.africa-press.net\/\">Africa-Press<\/a><\/strong><\/p>\n","protected":false},"excerpt":{"rendered":"<p>Africa-Press &#8211; Cameroun. Depuis le de\u0301but de la proce\u0301dure judicaire entame\u0301e a\u0300 l\u2019encontre des personnes pre\u0301sume\u0301es implique\u0301es dans l\u2019assassinat de Martinez Zogo, seuls les avocats d\u2019Amougou Belinga et Justin Danwe se sont ve\u0301ritablement montre\u0301s au public. Mais qui sont re\u0301ellement les avocats de Maxime Eko Eko, le patron de la DGRE, inculpe\u0301 pour \u00ab filature, [&hellip;]<\/p>\n","protected":false},"author":82,"featured_media":38838,"comment_status":"open","ping_status":"closed","sticky":false,"template":"","format":"standard","meta":{"footnotes":""},"categories":[2,10],"tags":[36,50,49],"class_list":["post-38839","post","type-post","status-publish","format-standard","has-post-thumbnail","hentry","category-politique","category-toutes-les-actualites","tag-africa-press","tag-africa-press-cameroun","tag-cameroun"],"yoast_head":"<!-- This site is optimized with the Yoast SEO Premium plugin v26.1 (Yoast SEO v27.0) - https:\/\/yoast.com\/product\/yoast-seo-premium-wordpress\/ -->\n<title>Discrets et moins bavards : les avocats de Maxime Eko Eko font une entr\u00e9e spectaculaire - Cameroun<\/title>\n<meta name=\"description\" content=\"Depuis le de\u0301but de la proce\u0301dure judicaire entame\u0301e a\u0300 l\u2019encontre des personnes pre\u0301sume\u0301es implique\u0301es dans l\u2019assassin ...\" \/>\n<meta name=\"robots\" content=\"index, follow, max-snippet:-1, max-image-preview:large, max-video-preview:-1\" \/>\n<link rel=\"canonical\" href=\"https:\/\/www.africa-press.net\/cameroun\/politique\/discrets-et-moins-bavards-les-avocats-de-maxime-eko-eko-font-une-entree-spectaculaire\" \/>\n<meta property=\"og:locale\" content=\"fr_FR\" \/>\n<meta property=\"og:type\" content=\"article\" \/>\n<meta property=\"og:title\" content=\"Discrets et moins bavards : les avocats de Maxime Eko Eko font une entr\u00e9e spectaculaire\" \/>\n<meta property=\"og:description\" content=\"Depuis le de\u0301but de la proce\u0301dure judicaire entame\u0301e a\u0300 l\u2019encontre des personnes pre\u0301sume\u0301es implique\u0301es dans l\u2019assassin ...\" \/>\n<meta property=\"og:url\" content=\"https:\/\/www.africa-press.net\/cameroun\/politique\/discrets-et-moins-bavards-les-avocats-de-maxime-eko-eko-font-une-entree-spectaculaire\" \/>\n<meta property=\"og:site_name\" content=\"Cameroun\" \/>\n<meta property=\"article:published_time\" content=\"2023-03-09T18:57:31+00:00\" \/>\n<meta property=\"article:modified_time\" content=\"2023-03-09T19:20:19+00:00\" \/>\n<meta property=\"og:image\" content=\"https:\/\/static.africa-press.net\/cameroun\/sites\/57\/2023\/03\/postQueueImg_1678375658.99.jpg\" \/>\n\t<meta property=\"og:image:width\" content=\"1280\" \/>\n\t<meta property=\"og:image:height\" content=\"720\" \/>\n\t<meta property=\"og:image:type\" content=\"image\/jpeg\" \/>\n<meta name=\"author\" content=\"cfeditorfr\" \/>\n<meta name=\"twitter:card\" content=\"summary_large_image\" \/>\n<meta name=\"twitter:label1\" content=\"\u00c9crit par\" \/>\n\t<meta name=\"twitter:data1\" content=\"cfeditorfr\" \/>\n\t<meta name=\"twitter:label2\" content=\"Dur\u00e9e de lecture estim\u00e9e\" \/>\n\t<meta name=\"twitter:data2\" content=\"2 minutes\" \/>\n<script type=\"application\/ld+json\" class=\"yoast-schema-graph\">{\"@context\":\"https:\/\/schema.org\",\"@graph\":[{\"@type\":\"Article\",\"@id\":\"https:\/\/www.africa-press.net\/cameroun\/politique\/discrets-et-moins-bavards-les-avocats-de-maxime-eko-eko-font-une-entree-spectaculaire#article\",\"isPartOf\":{\"@id\":\"https:\/\/www.africa-press.net\/cameroun\/politique\/discrets-et-moins-bavards-les-avocats-de-maxime-eko-eko-font-une-entree-spectaculaire\"},\"author\":{\"name\":\"cfeditorfr\",\"@id\":\"https:\/\/www.africa-press.net\/cameroun\/#\/schema\/person\/2b1cf3cd81a31e3cd26889ca66d677f1\"},\"headline\":\"Discrets et moins bavards : les avocats de Maxime Eko Eko font une entr\u00e9e spectaculaire\",\"datePublished\":\"2023-03-09T18:57:31+00:00\",\"dateModified\":\"2023-03-09T19:20:19+00:00\",\"mainEntityOfPage\":{\"@id\":\"https:\/\/www.africa-press.net\/cameroun\/politique\/discrets-et-moins-bavards-les-avocats-de-maxime-eko-eko-font-une-entree-spectaculaire\"},\"wordCount\":340,\"commentCount\":0,\"image\":{\"@id\":\"https:\/\/www.africa-press.net\/cameroun\/politique\/discrets-et-moins-bavards-les-avocats-de-maxime-eko-eko-font-une-entree-spectaculaire#primaryimage\"},\"thumbnailUrl\":\"https:\/\/static.africa-press.net\/cameroun\/sites\/57\/2023\/03\/postQueueImg_1678375658.99.jpg\",\"keywords\":[\"Africa Press\",\"Africa Press-Cameroun\",\"Cameroun\"],\"articleSection\":[\"Politique\",\"Toutes les actualit\u00e9s\"],\"inLanguage\":\"fr-FR\",\"potentialAction\":[{\"@type\":\"CommentAction\",\"name\":\"Comment\",\"target\":[\"https:\/\/www.africa-press.net\/cameroun\/politique\/discrets-et-moins-bavards-les-avocats-de-maxime-eko-eko-font-une-entree-spectaculaire#respond\"]}]},{\"@type\":\"WebPage\",\"@id\":\"https:\/\/www.africa-press.net\/cameroun\/politique\/discrets-et-moins-bavards-les-avocats-de-maxime-eko-eko-font-une-entree-spectaculaire\",\"url\":\"https:\/\/www.africa-press.net\/cameroun\/politique\/discrets-et-moins-bavards-les-avocats-de-maxime-eko-eko-font-une-entree-spectaculaire\",\"name\":\"Discrets et moins bavards : les avocats de Maxime Eko Eko font une entr\u00e9e spectaculaire - Cameroun\",\"isPartOf\":{\"@id\":\"https:\/\/www.africa-press.net\/cameroun\/#website\"},\"primaryImageOfPage\":{\"@id\":\"https:\/\/www.africa-press.net\/cameroun\/politique\/discrets-et-moins-bavards-les-avocats-de-maxime-eko-eko-font-une-entree-spectaculaire#primaryimage\"},\"image\":{\"@id\":\"https:\/\/www.africa-press.net\/cameroun\/politique\/discrets-et-moins-bavards-les-avocats-de-maxime-eko-eko-font-une-entree-spectaculaire#primaryimage\"},\"thumbnailUrl\":\"https:\/\/static.africa-press.net\/cameroun\/sites\/57\/2023\/03\/postQueueImg_1678375658.99.jpg\",\"datePublished\":\"2023-03-09T18:57:31+00:00\",\"dateModified\":\"2023-03-09T19:20:19+00:00\",\"author\":{\"@id\":\"https:\/\/www.africa-press.net\/cameroun\/#\/schema\/person\/2b1cf3cd81a31e3cd26889ca66d677f1\"},\"description\":\"Depuis le de\u0301but de la proce\u0301dure judicaire entame\u0301e a\u0300 l\u2019encontre des personnes pre\u0301sume\u0301es implique\u0301es dans l\u2019assassin ...\",\"breadcrumb\":{\"@id\":\"https:\/\/www.africa-press.net\/cameroun\/politique\/discrets-et-moins-bavards-les-avocats-de-maxime-eko-eko-font-une-entree-spectaculaire#breadcrumb\"},\"inLanguage\":\"fr-FR\",\"potentialAction\":[{\"@type\":\"ReadAction\",\"target\":[\"https:\/\/www.africa-press.net\/cameroun\/politique\/discrets-et-moins-bavards-les-avocats-de-maxime-eko-eko-font-une-entree-spectaculaire\"]}]},{\"@type\":\"ImageObject\",\"inLanguage\":\"fr-FR\",\"@id\":\"https:\/\/www.africa-press.net\/cameroun\/politique\/discrets-et-moins-bavards-les-avocats-de-maxime-eko-eko-font-une-entree-spectaculaire#primaryimage\",\"url\":\"https:\/\/static.africa-press.net\/cameroun\/sites\/57\/2023\/03\/postQueueImg_1678375658.99.jpg\",\"contentUrl\":\"https:\/\/static.africa-press.net\/cameroun\/sites\/57\/2023\/03\/postQueueImg_1678375658.99.jpg\",\"width\":1280,\"height\":720,\"caption\":\"Discrets et moins bavards : les avocats de Maxime Eko Eko font une entr\u00e9e spectaculaire\"},{\"@type\":\"BreadcrumbList\",\"@id\":\"https:\/\/www.africa-press.net\/cameroun\/politique\/discrets-et-moins-bavards-les-avocats-de-maxime-eko-eko-font-une-entree-spectaculaire#breadcrumb\",\"itemListElement\":[{\"@type\":\"ListItem\",\"position\":1,\"name\":\"Accueil\",\"item\":\"https:\/\/www.africa-press.net\/cameroun\/\"},{\"@type\":\"ListItem\",\"position\":2,\"name\":\"Discrets et moins bavards : les avocats de Maxime Eko Eko font une entr\u00e9e spectaculaire\"}]},{\"@type\":\"WebSite\",\"@id\":\"https:\/\/www.africa-press.net\/cameroun\/#website\",\"url\":\"https:\/\/www.africa-press.net\/cameroun\/\",\"name\":\"Cameroun\",\"description\":\"Just another Africa News Agency Sites site\",\"potentialAction\":[{\"@type\":\"SearchAction\",\"target\":{\"@type\":\"EntryPoint\",\"urlTemplate\":\"https:\/\/www.africa-press.net\/cameroun\/?s={search_term_string}\"},\"query-input\":{\"@type\":\"PropertyValueSpecification\",\"valueRequired\":true,\"valueName\":\"search_term_string\"}}],\"inLanguage\":\"fr-FR\"},{\"@type\":\"Person\",\"@id\":\"https:\/\/www.africa-press.net\/cameroun\/#\/schema\/person\/2b1cf3cd81a31e3cd26889ca66d677f1\",\"name\":\"cfeditorfr\"}]}<\/script>\n<!-- \/ Yoast SEO Premium plugin. -->","yoast_head_json":{"title":"Discrets et moins bavards : les avocats de Maxime Eko Eko font une entr\u00e9e spectaculaire - Cameroun","description":"Depuis le de\u0301but de la proce\u0301dure judicaire entame\u0301e a\u0300 l\u2019encontre des personnes pre\u0301sume\u0301es implique\u0301es dans l\u2019assassin ...","robots":{"index":"index","follow":"follow","max-snippet":"max-snippet:-1","max-image-preview":"max-image-preview:large","max-video-preview":"max-video-preview:-1"},"canonical":"https:\/\/www.africa-press.net\/cameroun\/politique\/discrets-et-moins-bavards-les-avocats-de-maxime-eko-eko-font-une-entree-spectaculaire","og_locale":"fr_FR","og_type":"article","og_title":"Discrets et moins bavards : les avocats de Maxime Eko Eko font une entr\u00e9e spectaculaire","og_description":"Depuis le de\u0301but de la proce\u0301dure judicaire entame\u0301e a\u0300 l\u2019encontre des personnes pre\u0301sume\u0301es implique\u0301es dans l\u2019assassin ...","og_url":"https:\/\/www.africa-press.net\/cameroun\/politique\/discrets-et-moins-bavards-les-avocats-de-maxime-eko-eko-font-une-entree-spectaculaire","og_site_name":"Cameroun","article_published_time":"2023-03-09T18:57:31+00:00","article_modified_time":"2023-03-09T19:20:19+00:00","og_image":[{"width":1280,"height":720,"url":"https:\/\/static.africa-press.net\/cameroun\/sites\/57\/2023\/03\/postQueueImg_1678375658.99.jpg","type":"image\/jpeg"}],"author":"cfeditorfr","twitter_card":"summary_large_image","twitter_misc":{"\u00c9crit par":"cfeditorfr","Dur\u00e9e de lecture estim\u00e9e":"2 minutes"},"schema":{"@context":"https:\/\/schema.org","@graph":[{"@type":"Article","@id":"https:\/\/www.africa-press.net\/cameroun\/politique\/discrets-et-moins-bavards-les-avocats-de-maxime-eko-eko-font-une-entree-spectaculaire#article","isPartOf":{"@id":"https:\/\/www.africa-press.net\/cameroun\/politique\/discrets-et-moins-bavards-les-avocats-de-maxime-eko-eko-font-une-entree-spectaculaire"},"author":{"name":"cfeditorfr","@id":"https:\/\/www.africa-press.net\/cameroun\/#\/schema\/person\/2b1cf3cd81a31e3cd26889ca66d677f1"},"headline":"Discrets et moins bavards : les avocats de Maxime Eko Eko font une entr\u00e9e spectaculaire","datePublished":"2023-03-09T18:57:31+00:00","dateModified":"2023-03-09T19:20:19+00:00","mainEntityOfPage":{"@id":"https:\/\/www.africa-press.net\/cameroun\/politique\/discrets-et-moins-bavards-les-avocats-de-maxime-eko-eko-font-une-entree-spectaculaire"},"wordCount":340,"commentCount":0,"image":{"@id":"https:\/\/www.africa-press.net\/cameroun\/politique\/discrets-et-moins-bavards-les-avocats-de-maxime-eko-eko-font-une-entree-spectaculaire#primaryimage"},"thumbnailUrl":"https:\/\/static.africa-press.net\/cameroun\/sites\/57\/2023\/03\/postQueueImg_1678375658.99.jpg","keywords":["Africa Press","Africa Press-Cameroun","Cameroun"],"articleSection":["Politique","Toutes les actualit\u00e9s"],"inLanguage":"fr-FR","potentialAction":[{"@type":"CommentAction","name":"Comment","target":["https:\/\/www.africa-press.net\/cameroun\/politique\/discrets-et-moins-bavards-les-avocats-de-maxime-eko-eko-font-une-entree-spectaculaire#respond"]}]},{"@type":"WebPage","@id":"https:\/\/www.africa-press.net\/cameroun\/politique\/discrets-et-moins-bavards-les-avocats-de-maxime-eko-eko-font-une-entree-spectaculaire","url":"https:\/\/www.africa-press.net\/cameroun\/politique\/discrets-et-moins-bavards-les-avocats-de-maxime-eko-eko-font-une-entree-spectaculaire","name":"Discrets et moins bavards : les avocats de Maxime Eko Eko font une entr\u00e9e spectaculaire - Cameroun","isPartOf":{"@id":"https:\/\/www.africa-press.net\/cameroun\/#website"},"primaryImageOfPage":{"@id":"https:\/\/www.africa-press.net\/cameroun\/politique\/discrets-et-moins-bavards-les-avocats-de-maxime-eko-eko-font-une-entree-spectaculaire#primaryimage"},"image":{"@id":"https:\/\/www.africa-press.net\/cameroun\/politique\/discrets-et-moins-bavards-les-avocats-de-maxime-eko-eko-font-une-entree-spectaculaire#primaryimage"},"thumbnailUrl":"https:\/\/static.africa-press.net\/cameroun\/sites\/57\/2023\/03\/postQueueImg_1678375658.99.jpg","datePublished":"2023-03-09T18:57:31+00:00","dateModified":"2023-03-09T19:20:19+00:00","author":{"@id":"https:\/\/www.africa-press.net\/cameroun\/#\/schema\/person\/2b1cf3cd81a31e3cd26889ca66d677f1"},"description":"Depuis le de\u0301but de la proce\u0301dure judicaire entame\u0301e a\u0300 l\u2019encontre des personnes pre\u0301sume\u0301es implique\u0301es dans l\u2019assassin ...","breadcrumb":{"@id":"https:\/\/www.africa-press.net\/cameroun\/politique\/discrets-et-moins-bavards-les-avocats-de-maxime-eko-eko-font-une-entree-spectaculaire#breadcrumb"},"inLanguage":"fr-FR","potentialAction":[{"@type":"ReadAction","target":["https:\/\/www.africa-press.net\/cameroun\/politique\/discrets-et-moins-bavards-les-avocats-de-maxime-eko-eko-font-une-entree-spectaculaire"]}]},{"@type":"ImageObject","inLanguage":"fr-FR","@id":"https:\/\/www.africa-press.net\/cameroun\/politique\/discrets-et-moins-bavards-les-avocats-de-maxime-eko-eko-font-une-entree-spectaculaire#primaryimage","url":"https:\/\/static.africa-press.net\/cameroun\/sites\/57\/2023\/03\/postQueueImg_1678375658.99.jpg","contentUrl":"https:\/\/static.africa-press.net\/cameroun\/sites\/57\/2023\/03\/postQueueImg_1678375658.99.jpg","width":1280,"height":720,"caption":"Discrets et moins bavards : les avocats de Maxime Eko Eko font une entr\u00e9e spectaculaire"},{"@type":"BreadcrumbList","@id":"https:\/\/www.africa-press.net\/cameroun\/politique\/discrets-et-moins-bavards-les-avocats-de-maxime-eko-eko-font-une-entree-spectaculaire#breadcrumb","itemListElement":[{"@type":"ListItem","position":1,"name":"Accueil","item":"https:\/\/www.africa-press.net\/cameroun\/"},{"@type":"ListItem","position":2,"name":"Discrets et moins bavards : les avocats de Maxime Eko Eko font une entr\u00e9e spectaculaire"}]},{"@type":"WebSite","@id":"https:\/\/www.africa-press.net\/cameroun\/#website","url":"https:\/\/www.africa-press.net\/cameroun\/","name":"Cameroun","description":"Just another Africa News Agency Sites site","potentialAction":[{"@type":"SearchAction","target":{"@type":"EntryPoint","urlTemplate":"https:\/\/www.africa-press.net\/cameroun\/?s={search_term_string}"},"query-input":{"@type":"PropertyValueSpecification","valueRequired":true,"valueName":"search_term_string"}}],"inLanguage":"fr-FR"},{"@type":"Person","@id":"https:\/\/www.africa-press.net\/cameroun\/#\/schema\/person\/2b1cf3cd81a31e3cd26889ca66d677f1","name":"cfeditorfr"}]}},"_links":{"self":[{"href":"https:\/\/www.africa-press.net\/cameroun\/wp-json\/wp\/v2\/posts\/38839","targetHints":{"allow":["GET"]}}],"collection":[{"href":"https:\/\/www.africa-press.net\/cameroun\/wp-json\/wp\/v2\/posts"}],"about":[{"href":"https:\/\/www.africa-press.net\/cameroun\/wp-json\/wp\/v2\/types\/post"}],"author":[{"embeddable":true,"href":"https:\/\/www.africa-press.net\/cameroun\/wp-json\/wp\/v2\/users\/82"}],"replies":[{"embeddable":true,"href":"https:\/\/www.africa-press.net\/cameroun\/wp-json\/wp\/v2\/comments?post=38839"}],"version-history":[{"count":0,"href":"https:\/\/www.africa-press.net\/cameroun\/wp-json\/wp\/v2\/posts\/38839\/revisions"}],"wp:featuredmedia":[{"embeddable":true,"href":"https:\/\/www.africa-press.net\/cameroun\/wp-json\/wp\/v2\/media\/38838"}],"wp:attachment":[{"href":"https:\/\/www.africa-press.net\/cameroun\/wp-json\/wp\/v2\/media?parent=38839"}],"wp:term":[{"taxonomy":"category","embeddable":true,"href":"https:\/\/www.africa-press.net\/cameroun\/wp-json\/wp\/v2\/categories?post=38839"},{"taxonomy":"post_tag","embeddable":true,"href":"https:\/\/www.africa-press.net\/cameroun\/wp-json\/wp\/v2\/tags?post=38839"}],"curies":[{"name":"wp","href":"https:\/\/api.w.org\/{rel}","templated":true}]}}