{"id":38843,"date":"2023-03-09T18:57:56","date_gmt":"2023-03-09T18:57:56","guid":{"rendered":"https:\/\/www.africa-press.net\/cameroun\/politique\/jete-en-prison-apres-setre-rendu-voici-le-chauffeur-de-la-prado-qui-a-enleve-martinez-zogo"},"modified":"2023-03-09T19:21:36","modified_gmt":"2023-03-09T19:21:36","slug":"jete-en-prison-apres-setre-rendu-voici-le-chauffeur-de-la-prado-qui-a-enleve-martinez-zogo","status":"publish","type":"post","link":"https:\/\/www.africa-press.net\/cameroun\/toutes-les-actualites\/jete-en-prison-apres-setre-rendu-voici-le-chauffeur-de-la-prado-qui-a-enleve-martinez-zogo","title":{"rendered":"Jet\u00e9 en prison apr\u00e8s s&rsquo;\u00eatre rendu : voici le chauffeur de la Prado qui a enlev\u00e9 Martinez Zogo"},"content":{"rendered":"<p><span style=\"color: #ff6600\"><strong>Africa-Press &#8211; Cameroun. <\/strong><\/span>Les personnes implique\u0301es dans l\u2019assassinat du journaliste radio Martinez Zogo sont en train d\u2019e\u0302tre trouve\u0301es une apre\u0300s l\u2019autre et inculpe\u0301es pour leur participation a\u0300 ce crime odieux. C\u2019est tout ce que les populations et les observateurs de la sce\u0300ne sociopolitique camerounaise attendent de la justice, qu\u2019elle fasse bien son travail re\u0301galien pour assurer la se\u0301curite\u0301 des citoyens et promouvoir un E\u0301tat de droit.<\/p>\n<p>Tout a commence\u0301 avec l\u2019arrestation cordonne\u0301e de l\u2019homme d\u2019affaires Jean-Pierre Amougou Belinga, du directeur ge\u0301ne\u0301ral du groupe L\u2019Anecdote Bruno Bidjang Apikoro, de Raymond Etoundi Nsoe l\u2019ancien commandant de la garde pre\u0301sidentielle et chef de se\u0301curite\u0301 de Jean-Pierre Amougou Belinga, de la nounou de Melissa Amougou Belinga, etc.<\/p>\n<p>Au bout du compte, toutes ces personnes ont e\u0301te\u0301 rela\u0302che\u0301es sauf le milliardaire Ekang Jean-Pierre Amougou Belinga qui a pris cher pour sa \u00ab complicite\u0301 de torture par aide \u00bb. Le boss du service de renseignements Le\u0301opold Maxime Eko Eko a aussi plonge\u0301 pour \u00ab filature \u00bb, \u00ab enle\u0300vement \u00bb et \u00ab torture \u00bb.<\/p>\n<p>Pour rappel, ce sont les hommes de la Direction ge\u0301ne\u0301rale de la recherche exte\u0301rieure (DGRE) a\u0300 la te\u0302te desquels se trouvait le lieutenant-colonel Justin Danwe qui ont mene\u0301 l\u2019ope\u0301ration sur le terrain. Le chauffeur du ve\u0301hicule qui a e\u0301te\u0301 utilise\u0301 pour kidnapper Martinez Zogo avait fui et e\u0301tait activement recherche\u0301.<\/p>\n<p>Ces dernie\u0300res heures, il s\u2019est rendu aux enque\u0302teurs et inculpe\u0301 dans la foule\u0301e a\u0300 cause des accusations graves qui pesaient sur lui, comme toutes les personnes qui ont fomente\u0301 le coup. Le journaliste politique en exil Boris Bertolt raconte que \u00ab le chauffeur de la voiture dans laquelle Martinez Zogo a e\u0301te\u0301 enleve\u0301, s\u2019est rendu et a e\u0301te\u0301 inculpe\u0301 au tribunal militaire mardi dernier \u00bb.<\/p>\n<p>En effet apprend-on, \u00ab dans le commando ayant a\u0300 sa te\u0302te le lieutenant-colonel Justin Danwe, c\u2019e\u0301tait l\u2019e\u0301le\u0301ment manquant. Le mare\u0301chal des logis Godje, chauffeur de la voiture qui a enleve\u0301 Martinez Zogo est de\u0301sormais en prison \u00bb.<\/p>\n<p>Les de\u0301tails sont tels que \u00ab mardi dernier, il s\u2019est lui-me\u0302me rendu aupre\u0300s du commissaire du gouvernement et a directement e\u0301te\u0301 inculpe\u0301 par le juge d\u2019instruction Oyono du tribunal militaire et place\u0301 en de\u0301tention. Il s\u2019agit d\u2019un magistrat civil. Le me\u0302me qui a inculpe\u0301 le lieutenant-colonel Justin Danwe \u00bb.<\/p>\n<p>Par ailleurs pre\u0301cise Boris Bertolt, \u00ab d\u2019autres e\u0301le\u0301ments de la DGRE arre\u0302te\u0301s ont e\u0301te\u0301 rela\u0302che\u0301s pour faits non e\u0301tablis. Ils appartenaient toujours a\u0300 la direction des ope\u0301rations. Le mare\u0301chal des logis Godje rejoint en prison sept (07) autres e\u0301le\u0301ments de la DGRE e\u0301galement inculpe\u0301s pour filature, enle\u0300vement et torture dans le cadre de cette affaire \u00bb.<\/p>\n<p>La source susmentionne\u0301e est arrive\u0301e a\u0300 la me\u0302me conclusion que la plupart des personnes informe\u0301es sur ce facteur e\u0301volutif de l\u2019affaire : \u00ab Un chauffeur en fuite poursuivi pour \u00ab\u00a0filature, enle\u0300vement et torture\u00a0\u00bb qui se rend de lui-me\u0302me alors qu\u2019il risque une peine de prison a\u0300 vie. N\u2019est-ce pas bizarre tout c\u0327a. Il y a des choses qui ne tournent pas rond dans le dossier de l\u2019affaire Martinez Zogo \u00bb.<\/p>\n<p><strong>Pour plus d&rsquo;informations et d&rsquo;analyses sur la <a href=\"https:\/\/www.africa-press.net\/cameroun\">Cameroun<\/a>, suivez <a href=\"https:\/\/www.africa-press.net\/\">Africa-Press<\/a><\/strong><\/p>\n","protected":false},"excerpt":{"rendered":"<p>Africa-Press &#8211; Cameroun. Les personnes implique\u0301es dans l\u2019assassinat du journaliste radio Martinez Zogo sont en train d\u2019e\u0302tre trouve\u0301es une apre\u0300s l\u2019autre et inculpe\u0301es pour leur participation a\u0300 ce crime odieux. C\u2019est tout ce que les populations et les observateurs de la sce\u0300ne sociopolitique camerounaise attendent de la justice, qu\u2019elle fasse bien son travail re\u0301galien pour [&hellip;]<\/p>\n","protected":false},"author":82,"featured_media":38842,"comment_status":"open","ping_status":"closed","sticky":false,"template":"","format":"standard","meta":{"footnotes":""},"categories":[21,10],"tags":[36,50,49],"class_list":["post-38843","post","type-post","status-publish","format-standard","has-post-thumbnail","hentry","category-communaute","category-toutes-les-actualites","tag-africa-press","tag-africa-press-cameroun","tag-cameroun"],"yoast_head":"<!-- This site is optimized with the Yoast SEO Premium plugin v26.1 (Yoast SEO v27.0) - https:\/\/yoast.com\/product\/yoast-seo-premium-wordpress\/ -->\n<title>Jet\u00e9 en prison apr\u00e8s s&#039;\u00eatre rendu : voici le chauffeur de la Prado qui a enlev\u00e9 Martinez Zogo - Cameroun<\/title>\n<meta name=\"description\" content=\"Les personnes implique\u0301es dans l\u2019assassinat du journaliste radio Martinez Zogo sont en train d\u2019e\u0302tre trouve\u0301es une apre\u0300 ...\" \/>\n<meta name=\"robots\" content=\"index, follow, max-snippet:-1, max-image-preview:large, max-video-preview:-1\" \/>\n<link rel=\"canonical\" href=\"https:\/\/www.africa-press.net\/cameroun\/toutes-les-actualites\/jete-en-prison-apres-setre-rendu-voici-le-chauffeur-de-la-prado-qui-a-enleve-martinez-zogo\" \/>\n<meta property=\"og:locale\" content=\"fr_FR\" \/>\n<meta property=\"og:type\" content=\"article\" \/>\n<meta property=\"og:title\" content=\"Jet\u00e9 en prison apr\u00e8s s&#039;\u00eatre rendu : voici le chauffeur de la Prado qui a enlev\u00e9 Martinez Zogo\" \/>\n<meta property=\"og:description\" content=\"Les personnes implique\u0301es dans l\u2019assassinat du journaliste radio Martinez Zogo sont en train d\u2019e\u0302tre trouve\u0301es une apre\u0300 ...\" \/>\n<meta property=\"og:url\" content=\"https:\/\/www.africa-press.net\/cameroun\/toutes-les-actualites\/jete-en-prison-apres-setre-rendu-voici-le-chauffeur-de-la-prado-qui-a-enleve-martinez-zogo\" \/>\n<meta property=\"og:site_name\" content=\"Cameroun\" \/>\n<meta property=\"article:published_time\" content=\"2023-03-09T18:57:56+00:00\" \/>\n<meta property=\"article:modified_time\" content=\"2023-03-09T19:21:36+00:00\" \/>\n<meta property=\"og:image\" content=\"https:\/\/static.africa-press.net\/cameroun\/sites\/57\/2023\/03\/postQueueImg_1678375695.13.jpg\" \/>\n\t<meta property=\"og:image:width\" content=\"720\" \/>\n\t<meta property=\"og:image:height\" content=\"464\" \/>\n\t<meta property=\"og:image:type\" content=\"image\/jpeg\" \/>\n<meta name=\"author\" content=\"cfeditorfr\" \/>\n<meta name=\"twitter:card\" content=\"summary_large_image\" \/>\n<meta name=\"twitter:label1\" content=\"\u00c9crit par\" \/>\n\t<meta name=\"twitter:data1\" content=\"cfeditorfr\" \/>\n\t<meta name=\"twitter:label2\" content=\"Dur\u00e9e de lecture estim\u00e9e\" \/>\n\t<meta name=\"twitter:data2\" content=\"3 minutes\" \/>\n<script type=\"application\/ld+json\" class=\"yoast-schema-graph\">{\"@context\":\"https:\/\/schema.org\",\"@graph\":[{\"@type\":\"Article\",\"@id\":\"https:\/\/www.africa-press.net\/cameroun\/toutes-les-actualites\/jete-en-prison-apres-setre-rendu-voici-le-chauffeur-de-la-prado-qui-a-enleve-martinez-zogo#article\",\"isPartOf\":{\"@id\":\"https:\/\/www.africa-press.net\/cameroun\/toutes-les-actualites\/jete-en-prison-apres-setre-rendu-voici-le-chauffeur-de-la-prado-qui-a-enleve-martinez-zogo\"},\"author\":{\"name\":\"cfeditorfr\",\"@id\":\"https:\/\/www.africa-press.net\/cameroun\/#\/schema\/person\/2b1cf3cd81a31e3cd26889ca66d677f1\"},\"headline\":\"Jet\u00e9 en prison apr\u00e8s s&rsquo;\u00eatre rendu : voici le chauffeur de la Prado qui a enlev\u00e9 Martinez Zogo\",\"datePublished\":\"2023-03-09T18:57:56+00:00\",\"dateModified\":\"2023-03-09T19:21:36+00:00\",\"mainEntityOfPage\":{\"@id\":\"https:\/\/www.africa-press.net\/cameroun\/toutes-les-actualites\/jete-en-prison-apres-setre-rendu-voici-le-chauffeur-de-la-prado-qui-a-enleve-martinez-zogo\"},\"wordCount\":597,\"commentCount\":0,\"image\":{\"@id\":\"https:\/\/www.africa-press.net\/cameroun\/toutes-les-actualites\/jete-en-prison-apres-setre-rendu-voici-le-chauffeur-de-la-prado-qui-a-enleve-martinez-zogo#primaryimage\"},\"thumbnailUrl\":\"https:\/\/static.africa-press.net\/cameroun\/sites\/57\/2023\/03\/postQueueImg_1678375695.13.jpg\",\"keywords\":[\"Africa Press\",\"Africa Press-Cameroun\",\"Cameroun\"],\"articleSection\":[\"Communaut\u00e9\",\"Toutes les actualit\u00e9s\"],\"inLanguage\":\"fr-FR\",\"potentialAction\":[{\"@type\":\"CommentAction\",\"name\":\"Comment\",\"target\":[\"https:\/\/www.africa-press.net\/cameroun\/toutes-les-actualites\/jete-en-prison-apres-setre-rendu-voici-le-chauffeur-de-la-prado-qui-a-enleve-martinez-zogo#respond\"]}]},{\"@type\":\"WebPage\",\"@id\":\"https:\/\/www.africa-press.net\/cameroun\/toutes-les-actualites\/jete-en-prison-apres-setre-rendu-voici-le-chauffeur-de-la-prado-qui-a-enleve-martinez-zogo\",\"url\":\"https:\/\/www.africa-press.net\/cameroun\/toutes-les-actualites\/jete-en-prison-apres-setre-rendu-voici-le-chauffeur-de-la-prado-qui-a-enleve-martinez-zogo\",\"name\":\"Jet\u00e9 en prison apr\u00e8s s'\u00eatre rendu : voici le chauffeur de la Prado qui a enlev\u00e9 Martinez Zogo - Cameroun\",\"isPartOf\":{\"@id\":\"https:\/\/www.africa-press.net\/cameroun\/#website\"},\"primaryImageOfPage\":{\"@id\":\"https:\/\/www.africa-press.net\/cameroun\/toutes-les-actualites\/jete-en-prison-apres-setre-rendu-voici-le-chauffeur-de-la-prado-qui-a-enleve-martinez-zogo#primaryimage\"},\"image\":{\"@id\":\"https:\/\/www.africa-press.net\/cameroun\/toutes-les-actualites\/jete-en-prison-apres-setre-rendu-voici-le-chauffeur-de-la-prado-qui-a-enleve-martinez-zogo#primaryimage\"},\"thumbnailUrl\":\"https:\/\/static.africa-press.net\/cameroun\/sites\/57\/2023\/03\/postQueueImg_1678375695.13.jpg\",\"datePublished\":\"2023-03-09T18:57:56+00:00\",\"dateModified\":\"2023-03-09T19:21:36+00:00\",\"author\":{\"@id\":\"https:\/\/www.africa-press.net\/cameroun\/#\/schema\/person\/2b1cf3cd81a31e3cd26889ca66d677f1\"},\"description\":\"Les personnes implique\u0301es dans l\u2019assassinat du journaliste radio Martinez Zogo sont en train d\u2019e\u0302tre trouve\u0301es une apre\u0300 ...\",\"breadcrumb\":{\"@id\":\"https:\/\/www.africa-press.net\/cameroun\/toutes-les-actualites\/jete-en-prison-apres-setre-rendu-voici-le-chauffeur-de-la-prado-qui-a-enleve-martinez-zogo#breadcrumb\"},\"inLanguage\":\"fr-FR\",\"potentialAction\":[{\"@type\":\"ReadAction\",\"target\":[\"https:\/\/www.africa-press.net\/cameroun\/toutes-les-actualites\/jete-en-prison-apres-setre-rendu-voici-le-chauffeur-de-la-prado-qui-a-enleve-martinez-zogo\"]}]},{\"@type\":\"ImageObject\",\"inLanguage\":\"fr-FR\",\"@id\":\"https:\/\/www.africa-press.net\/cameroun\/toutes-les-actualites\/jete-en-prison-apres-setre-rendu-voici-le-chauffeur-de-la-prado-qui-a-enleve-martinez-zogo#primaryimage\",\"url\":\"https:\/\/static.africa-press.net\/cameroun\/sites\/57\/2023\/03\/postQueueImg_1678375695.13.jpg\",\"contentUrl\":\"https:\/\/static.africa-press.net\/cameroun\/sites\/57\/2023\/03\/postQueueImg_1678375695.13.jpg\",\"width\":720,\"height\":464,\"caption\":\"Jet\u00e9 en prison apr\u00e8s s'\u00eatre rendu : voici le chauffeur de la Prado qui a enlev\u00e9 Martinez Zogo\"},{\"@type\":\"BreadcrumbList\",\"@id\":\"https:\/\/www.africa-press.net\/cameroun\/toutes-les-actualites\/jete-en-prison-apres-setre-rendu-voici-le-chauffeur-de-la-prado-qui-a-enleve-martinez-zogo#breadcrumb\",\"itemListElement\":[{\"@type\":\"ListItem\",\"position\":1,\"name\":\"Accueil\",\"item\":\"https:\/\/www.africa-press.net\/cameroun\/\"},{\"@type\":\"ListItem\",\"position\":2,\"name\":\"Jet\u00e9 en prison apr\u00e8s s&rsquo;\u00eatre rendu : voici le chauffeur de la Prado qui a enlev\u00e9 Martinez Zogo\"}]},{\"@type\":\"WebSite\",\"@id\":\"https:\/\/www.africa-press.net\/cameroun\/#website\",\"url\":\"https:\/\/www.africa-press.net\/cameroun\/\",\"name\":\"Cameroun\",\"description\":\"Just another Africa News Agency Sites site\",\"potentialAction\":[{\"@type\":\"SearchAction\",\"target\":{\"@type\":\"EntryPoint\",\"urlTemplate\":\"https:\/\/www.africa-press.net\/cameroun\/?s={search_term_string}\"},\"query-input\":{\"@type\":\"PropertyValueSpecification\",\"valueRequired\":true,\"valueName\":\"search_term_string\"}}],\"inLanguage\":\"fr-FR\"},{\"@type\":\"Person\",\"@id\":\"https:\/\/www.africa-press.net\/cameroun\/#\/schema\/person\/2b1cf3cd81a31e3cd26889ca66d677f1\",\"name\":\"cfeditorfr\"}]}<\/script>\n<!-- \/ Yoast SEO Premium plugin. -->","yoast_head_json":{"title":"Jet\u00e9 en prison apr\u00e8s s'\u00eatre rendu : voici le chauffeur de la Prado qui a enlev\u00e9 Martinez Zogo - Cameroun","description":"Les personnes implique\u0301es dans l\u2019assassinat du journaliste radio Martinez Zogo sont en train d\u2019e\u0302tre trouve\u0301es une apre\u0300 ...","robots":{"index":"index","follow":"follow","max-snippet":"max-snippet:-1","max-image-preview":"max-image-preview:large","max-video-preview":"max-video-preview:-1"},"canonical":"https:\/\/www.africa-press.net\/cameroun\/toutes-les-actualites\/jete-en-prison-apres-setre-rendu-voici-le-chauffeur-de-la-prado-qui-a-enleve-martinez-zogo","og_locale":"fr_FR","og_type":"article","og_title":"Jet\u00e9 en prison apr\u00e8s s'\u00eatre rendu : voici le chauffeur de la Prado qui a enlev\u00e9 Martinez Zogo","og_description":"Les personnes implique\u0301es dans l\u2019assassinat du journaliste radio Martinez Zogo sont en train d\u2019e\u0302tre trouve\u0301es une apre\u0300 ...","og_url":"https:\/\/www.africa-press.net\/cameroun\/toutes-les-actualites\/jete-en-prison-apres-setre-rendu-voici-le-chauffeur-de-la-prado-qui-a-enleve-martinez-zogo","og_site_name":"Cameroun","article_published_time":"2023-03-09T18:57:56+00:00","article_modified_time":"2023-03-09T19:21:36+00:00","og_image":[{"width":720,"height":464,"url":"https:\/\/static.africa-press.net\/cameroun\/sites\/57\/2023\/03\/postQueueImg_1678375695.13.jpg","type":"image\/jpeg"}],"author":"cfeditorfr","twitter_card":"summary_large_image","twitter_misc":{"\u00c9crit par":"cfeditorfr","Dur\u00e9e de lecture estim\u00e9e":"3 minutes"},"schema":{"@context":"https:\/\/schema.org","@graph":[{"@type":"Article","@id":"https:\/\/www.africa-press.net\/cameroun\/toutes-les-actualites\/jete-en-prison-apres-setre-rendu-voici-le-chauffeur-de-la-prado-qui-a-enleve-martinez-zogo#article","isPartOf":{"@id":"https:\/\/www.africa-press.net\/cameroun\/toutes-les-actualites\/jete-en-prison-apres-setre-rendu-voici-le-chauffeur-de-la-prado-qui-a-enleve-martinez-zogo"},"author":{"name":"cfeditorfr","@id":"https:\/\/www.africa-press.net\/cameroun\/#\/schema\/person\/2b1cf3cd81a31e3cd26889ca66d677f1"},"headline":"Jet\u00e9 en prison apr\u00e8s s&rsquo;\u00eatre rendu : voici le chauffeur de la Prado qui a enlev\u00e9 Martinez Zogo","datePublished":"2023-03-09T18:57:56+00:00","dateModified":"2023-03-09T19:21:36+00:00","mainEntityOfPage":{"@id":"https:\/\/www.africa-press.net\/cameroun\/toutes-les-actualites\/jete-en-prison-apres-setre-rendu-voici-le-chauffeur-de-la-prado-qui-a-enleve-martinez-zogo"},"wordCount":597,"commentCount":0,"image":{"@id":"https:\/\/www.africa-press.net\/cameroun\/toutes-les-actualites\/jete-en-prison-apres-setre-rendu-voici-le-chauffeur-de-la-prado-qui-a-enleve-martinez-zogo#primaryimage"},"thumbnailUrl":"https:\/\/static.africa-press.net\/cameroun\/sites\/57\/2023\/03\/postQueueImg_1678375695.13.jpg","keywords":["Africa Press","Africa Press-Cameroun","Cameroun"],"articleSection":["Communaut\u00e9","Toutes les actualit\u00e9s"],"inLanguage":"fr-FR","potentialAction":[{"@type":"CommentAction","name":"Comment","target":["https:\/\/www.africa-press.net\/cameroun\/toutes-les-actualites\/jete-en-prison-apres-setre-rendu-voici-le-chauffeur-de-la-prado-qui-a-enleve-martinez-zogo#respond"]}]},{"@type":"WebPage","@id":"https:\/\/www.africa-press.net\/cameroun\/toutes-les-actualites\/jete-en-prison-apres-setre-rendu-voici-le-chauffeur-de-la-prado-qui-a-enleve-martinez-zogo","url":"https:\/\/www.africa-press.net\/cameroun\/toutes-les-actualites\/jete-en-prison-apres-setre-rendu-voici-le-chauffeur-de-la-prado-qui-a-enleve-martinez-zogo","name":"Jet\u00e9 en prison apr\u00e8s s'\u00eatre rendu : voici le chauffeur de la Prado qui a enlev\u00e9 Martinez Zogo - Cameroun","isPartOf":{"@id":"https:\/\/www.africa-press.net\/cameroun\/#website"},"primaryImageOfPage":{"@id":"https:\/\/www.africa-press.net\/cameroun\/toutes-les-actualites\/jete-en-prison-apres-setre-rendu-voici-le-chauffeur-de-la-prado-qui-a-enleve-martinez-zogo#primaryimage"},"image":{"@id":"https:\/\/www.africa-press.net\/cameroun\/toutes-les-actualites\/jete-en-prison-apres-setre-rendu-voici-le-chauffeur-de-la-prado-qui-a-enleve-martinez-zogo#primaryimage"},"thumbnailUrl":"https:\/\/static.africa-press.net\/cameroun\/sites\/57\/2023\/03\/postQueueImg_1678375695.13.jpg","datePublished":"2023-03-09T18:57:56+00:00","dateModified":"2023-03-09T19:21:36+00:00","author":{"@id":"https:\/\/www.africa-press.net\/cameroun\/#\/schema\/person\/2b1cf3cd81a31e3cd26889ca66d677f1"},"description":"Les personnes implique\u0301es dans l\u2019assassinat du journaliste radio Martinez Zogo sont en train d\u2019e\u0302tre trouve\u0301es une apre\u0300 ...","breadcrumb":{"@id":"https:\/\/www.africa-press.net\/cameroun\/toutes-les-actualites\/jete-en-prison-apres-setre-rendu-voici-le-chauffeur-de-la-prado-qui-a-enleve-martinez-zogo#breadcrumb"},"inLanguage":"fr-FR","potentialAction":[{"@type":"ReadAction","target":["https:\/\/www.africa-press.net\/cameroun\/toutes-les-actualites\/jete-en-prison-apres-setre-rendu-voici-le-chauffeur-de-la-prado-qui-a-enleve-martinez-zogo"]}]},{"@type":"ImageObject","inLanguage":"fr-FR","@id":"https:\/\/www.africa-press.net\/cameroun\/toutes-les-actualites\/jete-en-prison-apres-setre-rendu-voici-le-chauffeur-de-la-prado-qui-a-enleve-martinez-zogo#primaryimage","url":"https:\/\/static.africa-press.net\/cameroun\/sites\/57\/2023\/03\/postQueueImg_1678375695.13.jpg","contentUrl":"https:\/\/static.africa-press.net\/cameroun\/sites\/57\/2023\/03\/postQueueImg_1678375695.13.jpg","width":720,"height":464,"caption":"Jet\u00e9 en prison apr\u00e8s s'\u00eatre rendu : voici le chauffeur de la Prado qui a enlev\u00e9 Martinez Zogo"},{"@type":"BreadcrumbList","@id":"https:\/\/www.africa-press.net\/cameroun\/toutes-les-actualites\/jete-en-prison-apres-setre-rendu-voici-le-chauffeur-de-la-prado-qui-a-enleve-martinez-zogo#breadcrumb","itemListElement":[{"@type":"ListItem","position":1,"name":"Accueil","item":"https:\/\/www.africa-press.net\/cameroun\/"},{"@type":"ListItem","position":2,"name":"Jet\u00e9 en prison apr\u00e8s s&rsquo;\u00eatre rendu : voici le chauffeur de la Prado qui a enlev\u00e9 Martinez Zogo"}]},{"@type":"WebSite","@id":"https:\/\/www.africa-press.net\/cameroun\/#website","url":"https:\/\/www.africa-press.net\/cameroun\/","name":"Cameroun","description":"Just another Africa News Agency Sites site","potentialAction":[{"@type":"SearchAction","target":{"@type":"EntryPoint","urlTemplate":"https:\/\/www.africa-press.net\/cameroun\/?s={search_term_string}"},"query-input":{"@type":"PropertyValueSpecification","valueRequired":true,"valueName":"search_term_string"}}],"inLanguage":"fr-FR"},{"@type":"Person","@id":"https:\/\/www.africa-press.net\/cameroun\/#\/schema\/person\/2b1cf3cd81a31e3cd26889ca66d677f1","name":"cfeditorfr"}]}},"_links":{"self":[{"href":"https:\/\/www.africa-press.net\/cameroun\/wp-json\/wp\/v2\/posts\/38843","targetHints":{"allow":["GET"]}}],"collection":[{"href":"https:\/\/www.africa-press.net\/cameroun\/wp-json\/wp\/v2\/posts"}],"about":[{"href":"https:\/\/www.africa-press.net\/cameroun\/wp-json\/wp\/v2\/types\/post"}],"author":[{"embeddable":true,"href":"https:\/\/www.africa-press.net\/cameroun\/wp-json\/wp\/v2\/users\/82"}],"replies":[{"embeddable":true,"href":"https:\/\/www.africa-press.net\/cameroun\/wp-json\/wp\/v2\/comments?post=38843"}],"version-history":[{"count":0,"href":"https:\/\/www.africa-press.net\/cameroun\/wp-json\/wp\/v2\/posts\/38843\/revisions"}],"wp:featuredmedia":[{"embeddable":true,"href":"https:\/\/www.africa-press.net\/cameroun\/wp-json\/wp\/v2\/media\/38842"}],"wp:attachment":[{"href":"https:\/\/www.africa-press.net\/cameroun\/wp-json\/wp\/v2\/media?parent=38843"}],"wp:term":[{"taxonomy":"category","embeddable":true,"href":"https:\/\/www.africa-press.net\/cameroun\/wp-json\/wp\/v2\/categories?post=38843"},{"taxonomy":"post_tag","embeddable":true,"href":"https:\/\/www.africa-press.net\/cameroun\/wp-json\/wp\/v2\/tags?post=38843"}],"curies":[{"name":"wp","href":"https:\/\/api.w.org\/{rel}","templated":true}]}}