{"id":38846,"date":"2023-03-09T18:58:17","date_gmt":"2023-03-09T18:58:17","guid":{"rendered":"https:\/\/www.africa-press.net\/cameroun\/politique\/08-mars-2023-louest-et-le-sud-communient-a-bangangte"},"modified":"2023-03-09T19:22:09","modified_gmt":"2023-03-09T19:22:09","slug":"08-mars-2023-louest-et-le-sud-communient-a-bangangte","status":"publish","type":"post","link":"https:\/\/www.africa-press.net\/cameroun\/toutes-les-actualites\/08-mars-2023-louest-et-le-sud-communient-a-bangangte","title":{"rendered":"08 Mars 2023: L&rsquo;Ouest et le Sud communient \u00e0 Bangangt\u00e9"},"content":{"rendered":"<p><span style=\"color: #ff6600\"><strong>Africa-Press &#8211; Cameroun. <\/strong><\/span>_Sous l&rsquo;encadrement de la Reine-me\u0300re Ce\u0301lestine Ketcha Courte\u0300s, une importante de\u0301le\u0301gation des femmes venues du Sud-Cameroun, a activement pris part aux ce\u0301re\u0301monies organise\u0301es dans le Nde\u0301 a\u0300 l&rsquo;occasion de la ce\u0301le\u0301bration de la 38e\u0300me e\u0301dition de la journe\u0301e internationale de la femme . En remerciant le Chef de l&rsquo;E\u0301tat pour la paix et le vivre ensemble dans la diversite\u0301 culturelle, les femmes ont solennellement exprime\u0301 leur since\u0300re reconnaissance a\u0300 Madame Chantal BIYA pour ses nombreuses \u0153uvres humanitaires et sociales._<\/p>\n<p>En permettant a\u0300 une centaine de femmes membres des associations Fe\u0301minines des arrondissements de la re\u0301gion du Sud ( Ebolowa, Ngoulemakong, Zoete\u0301le\u0301, Akom2, Meyo-centre) de prendre part au de\u0301file\u0301 marquant la 38e\u0300me e\u0301dition de la Journe\u0301e internationale de la femme, ce 08 mars 2023 a\u0300 la place des fe\u0302tes de Bangangte\u0301, la Reine-me\u0300re Ce\u0301lestine Ketcha Courte\u0300s, Ministre de l&rsquo;habitat et du de\u0301veloppement urbain, a simplement renouvele\u0301 son engagement et re\u0301affirme\u0301 la ferme volonte\u0301 du Pre\u0301sident de la Re\u0301publique pour l\u2019avancement des droits de la femme dans une socie\u0301te\u0301 camerounaise re\u0301solument tourne\u0301e vers l\u2019e\u0301mergence. Cette Journe\u0301e de la femme e\u0301tait, en effet, ce\u0301le\u0301bre\u0301e sous le the\u0300me, \u00ab Pour un monde digital inclusif : innovation et technologies pour l&rsquo;e\u0301galite\u0301 des sexes \u00bb,<\/p>\n<p>Apre\u0300s l&rsquo;arrive\u0301e du pre\u0301fet du Nde\u0301 qui pre\u0301sidait la ce\u0301re\u0301monie, et l&rsquo;exe\u0301cution de l&rsquo;hymne nationale, la pre\u0301sidente du comite\u0301 d&rsquo;organisation E\u0301velyne Nana dans son discours a pre\u0301sente\u0301 la situation de la femme dans l&rsquo;arrondissement de Bangangte\u0301 en saluant l&rsquo;accompagnement de l&rsquo;E\u0301tat et des partenaires sociaux. Elle reconnai\u0302tra que gra\u0302ce aux initiatives du Re\u0301seau des associations des femmes, l&rsquo;autonomisation de la femme et la Femme est de plus en plus une re\u0301alite\u0301. Aussi elle reconnai\u0302tra que gra\u0302ce aux actions des partenaires comme le Reseau international des princesses et Reines-me\u0300res du Nde\u0301, la lutte contre la pauvrete\u0301 et l&rsquo;inclusion au digital est une re\u0301alite\u0301 dans le Nde\u0301.<\/p>\n<p>Habille\u0301e, comme les autres femmes, aux couleurs du pagne de la fe\u0302te, le ministre Ce\u0301lestine Ketcha Courte\u0300s a pris place a\u0300 la loge d\u2019honneur, sous les acclamations d\u2019une foule nombreuse compose\u0301e notamment des femmes des diffe\u0301rentes associations socioculturelles, professionnelles, et religieuses.<\/p>\n<p>La ce\u0301re\u0301monie qui a dure\u0301e plus de deux heures, a connu une se\u0301rie d&rsquo;animations et d&rsquo;activite\u0301s en hommage a\u0300 la femme . La prestation des femmes du Sud a mis en vitrine des pre\u0301occupations d\u2019inte\u0301re\u0302t national telles que la paix, la se\u0301curite\u0301 et la stabilite\u0301 du Cameroun.<\/p>\n<p>Comme un seul homme, les femmes de l&rsquo;ouest et celles du Sud-cameroun ont une fois encore exprime\u0301 leur gratitude au Pre\u0301sident de la Re\u0301publique, Paul BIYA, pour sa politique ge\u0301ne\u0301reuse en faveur de leur e\u0301mancipation et de leur promotion ainsi que pour son engagement pour la paix et la stabilite\u0301 du Cameroun. Elles ont de\u0301nonce\u0301 les man\u0153uvres de de\u0301stabilisation de notre pays et apporte\u0301 leur total soutien au Chef de l\u2019Etat.<\/p>\n<p>En saluant l&rsquo;implication sans re\u0301serve de Ce\u0301lestine Ketcha Courte\u0300s a\u0300 l&rsquo;ensemble des activite\u0301s de cette ce\u0301le\u0301bration, les femmes ont solennellement exprime\u0301 leur since\u0300re reconnaissance a\u0300 Madame Chantal BIYA pour ses nombreuses \u0153uvres humanitaires et sociales.<\/p>\n<p>L&rsquo; impressionnante parade fe\u0301minine a e\u0301te\u0301 re\u0301gulie\u0300rement ovationne\u0301e par la tribune officielle, en signe de communion et d\u2019encouragement.<\/p>\n<p>Le passage de la fondation WAKECO ( fondation de Wamen Pauline &#8211; Ketcha le valeureux et Courte\u0300s) a particulie\u0300rement retenu l\u2019attention du pre\u0301fet du Nde\u0301 et des autres invite\u0301s. En effet, dans le cadre des activite\u0301s organise\u0301es pour cette ce\u0301le\u0301bration, la fondation WAKECO a permis a\u0300 plusieurs malades retenus a\u0300 l&rsquo;ho\u0302pital de Bangoua de regagner leurs familles en payant les factures relatives a\u0300 leur soins et dans le me\u0302me e\u0301lan, les travaux de re\u0301habilitation et d&rsquo;ame\u0301nagement du forage de la prison a e\u0301te\u0301 engage\u0301. Madame le ministre, PCA de cette fondation s\u2019est leve\u0301e de son sie\u0300ge pour acclamer les membres de cette fondation, tous be\u0301ne\u0301voles.<\/p>\n<p>L\u2019autre image saisissante de cette parade aura e\u0301te\u0301 le passage, sous le signe du vivre ensemble dans la paix et la concorde, des femmes originaires des re\u0301gions du Sud et de l&rsquo;ouest et ainsi que celui des femmes regroupe\u0301es sous la bannie\u0300re du \u00ab RIPREM \u00bb.<\/p>\n<p>En soutien aux multiples actions sociales de la premie\u0300re dame, le ministre Ce\u0301lestine Ketcha Courte\u0300s a offert en ce jours des dons constitue\u0301s d&rsquo;intrants agricoles, des semences ame\u0301liore\u0301es, et autres denre\u0301es aux femmes des diffe\u0301rentes associations, avec un prix spe\u0301cial a\u0300 la de\u0301le\u0301gation venue du Sud.<\/p>\n<p>Des actions qui ont solennellement e\u0301te\u0301 cite\u0301es par le pre\u0301fet du Nde\u0301 qui en remerciant le ministre Ce\u0301lestine Ketcha Courte\u0300s, a reconnu que la beaute\u0301, l&rsquo;e\u0301clat et l&rsquo;e\u0301chos de cette ce\u0301le\u0301bration reposent sur son implication et sa pre\u0301sence effective et sa touche personnelle qui exprime l&rsquo;amour et la conside\u0301ration qu&rsquo;elle porte pour ses soeurs .<\/p>\n<p><strong>Pour plus d&rsquo;informations et d&rsquo;analyses sur la <a href=\"https:\/\/www.africa-press.net\/cameroun\">Cameroun<\/a>, suivez <a href=\"https:\/\/www.africa-press.net\/\">Africa-Press<\/a><\/strong><\/p>\n","protected":false},"excerpt":{"rendered":"<p>Africa-Press &#8211; Cameroun. _Sous l&rsquo;encadrement de la Reine-me\u0300re Ce\u0301lestine Ketcha Courte\u0300s, une importante de\u0301le\u0301gation des femmes venues du Sud-Cameroun, a activement pris part aux ce\u0301re\u0301monies organise\u0301es dans le Nde\u0301 a\u0300 l&rsquo;occasion de la ce\u0301le\u0301bration de la 38e\u0300me e\u0301dition de la journe\u0301e internationale de la femme . En remerciant le Chef de l&rsquo;E\u0301tat pour la paix [&hellip;]<\/p>\n","protected":false},"author":82,"featured_media":38844,"comment_status":"open","ping_status":"closed","sticky":false,"template":"","format":"standard","meta":{"footnotes":""},"categories":[21,10],"tags":[36,50,49],"class_list":["post-38846","post","type-post","status-publish","format-standard","has-post-thumbnail","hentry","category-communaute","category-toutes-les-actualites","tag-africa-press","tag-africa-press-cameroun","tag-cameroun"],"yoast_head":"<!-- This site is optimized with the Yoast SEO Premium plugin v26.1 (Yoast SEO v27.0) - https:\/\/yoast.com\/product\/yoast-seo-premium-wordpress\/ -->\n<title>08 Mars 2023: L&#039;Ouest et le Sud communient \u00e0 Bangangt\u00e9 - Cameroun<\/title>\n<meta name=\"description\" content=\"_Sous l&#039;encadrement de la Reine-me\u0300re Ce\u0301lestine Ketcha Courte\u0300s, une importante de\u0301le\u0301gation des femmes venues du Sud-C ...\" \/>\n<meta name=\"robots\" content=\"index, follow, max-snippet:-1, max-image-preview:large, max-video-preview:-1\" \/>\n<link rel=\"canonical\" href=\"https:\/\/www.africa-press.net\/cameroun\/toutes-les-actualites\/08-mars-2023-louest-et-le-sud-communient-a-bangangte\" \/>\n<meta property=\"og:locale\" content=\"fr_FR\" \/>\n<meta property=\"og:type\" content=\"article\" \/>\n<meta property=\"og:title\" content=\"08 Mars 2023: L&#039;Ouest et le Sud communient \u00e0 Bangangt\u00e9\" \/>\n<meta property=\"og:description\" content=\"_Sous l&#039;encadrement de la Reine-me\u0300re Ce\u0301lestine Ketcha Courte\u0300s, une importante de\u0301le\u0301gation des femmes venues du Sud-C ...\" \/>\n<meta property=\"og:url\" content=\"https:\/\/www.africa-press.net\/cameroun\/toutes-les-actualites\/08-mars-2023-louest-et-le-sud-communient-a-bangangte\" \/>\n<meta property=\"og:site_name\" content=\"Cameroun\" \/>\n<meta property=\"article:published_time\" content=\"2023-03-09T18:58:17+00:00\" \/>\n<meta property=\"article:modified_time\" content=\"2023-03-09T19:22:09+00:00\" \/>\n<meta property=\"og:image\" content=\"https:\/\/static.africa-press.net\/cameroun\/sites\/57\/2023\/03\/postQueueImg_1678375706.54.jpg\" \/>\n\t<meta property=\"og:image:width\" content=\"720\" \/>\n\t<meta property=\"og:image:height\" content=\"540\" \/>\n\t<meta property=\"og:image:type\" content=\"image\/jpeg\" \/>\n<meta name=\"author\" content=\"cfeditorfr\" \/>\n<meta name=\"twitter:card\" content=\"summary_large_image\" \/>\n<meta name=\"twitter:label1\" content=\"\u00c9crit par\" \/>\n\t<meta name=\"twitter:data1\" content=\"cfeditorfr\" \/>\n\t<meta name=\"twitter:label2\" content=\"Dur\u00e9e de lecture estim\u00e9e\" \/>\n\t<meta name=\"twitter:data2\" content=\"5 minutes\" \/>\n<script type=\"application\/ld+json\" class=\"yoast-schema-graph\">{\"@context\":\"https:\/\/schema.org\",\"@graph\":[{\"@type\":\"Article\",\"@id\":\"https:\/\/www.africa-press.net\/cameroun\/toutes-les-actualites\/08-mars-2023-louest-et-le-sud-communient-a-bangangte#article\",\"isPartOf\":{\"@id\":\"https:\/\/www.africa-press.net\/cameroun\/toutes-les-actualites\/08-mars-2023-louest-et-le-sud-communient-a-bangangte\"},\"author\":{\"name\":\"cfeditorfr\",\"@id\":\"https:\/\/www.africa-press.net\/cameroun\/#\/schema\/person\/2b1cf3cd81a31e3cd26889ca66d677f1\"},\"headline\":\"08 Mars 2023: L&rsquo;Ouest et le Sud communient \u00e0 Bangangt\u00e9\",\"datePublished\":\"2023-03-09T18:58:17+00:00\",\"dateModified\":\"2023-03-09T19:22:09+00:00\",\"mainEntityOfPage\":{\"@id\":\"https:\/\/www.africa-press.net\/cameroun\/toutes-les-actualites\/08-mars-2023-louest-et-le-sud-communient-a-bangangte\"},\"wordCount\":955,\"commentCount\":0,\"image\":{\"@id\":\"https:\/\/www.africa-press.net\/cameroun\/toutes-les-actualites\/08-mars-2023-louest-et-le-sud-communient-a-bangangte#primaryimage\"},\"thumbnailUrl\":\"https:\/\/static.africa-press.net\/cameroun\/sites\/57\/2023\/03\/postQueueImg_1678375706.54.jpg\",\"keywords\":[\"Africa Press\",\"Africa Press-Cameroun\",\"Cameroun\"],\"articleSection\":[\"Communaut\u00e9\",\"Toutes les actualit\u00e9s\"],\"inLanguage\":\"fr-FR\",\"potentialAction\":[{\"@type\":\"CommentAction\",\"name\":\"Comment\",\"target\":[\"https:\/\/www.africa-press.net\/cameroun\/toutes-les-actualites\/08-mars-2023-louest-et-le-sud-communient-a-bangangte#respond\"]}]},{\"@type\":\"WebPage\",\"@id\":\"https:\/\/www.africa-press.net\/cameroun\/toutes-les-actualites\/08-mars-2023-louest-et-le-sud-communient-a-bangangte\",\"url\":\"https:\/\/www.africa-press.net\/cameroun\/toutes-les-actualites\/08-mars-2023-louest-et-le-sud-communient-a-bangangte\",\"name\":\"08 Mars 2023: L'Ouest et le Sud communient \u00e0 Bangangt\u00e9 - Cameroun\",\"isPartOf\":{\"@id\":\"https:\/\/www.africa-press.net\/cameroun\/#website\"},\"primaryImageOfPage\":{\"@id\":\"https:\/\/www.africa-press.net\/cameroun\/toutes-les-actualites\/08-mars-2023-louest-et-le-sud-communient-a-bangangte#primaryimage\"},\"image\":{\"@id\":\"https:\/\/www.africa-press.net\/cameroun\/toutes-les-actualites\/08-mars-2023-louest-et-le-sud-communient-a-bangangte#primaryimage\"},\"thumbnailUrl\":\"https:\/\/static.africa-press.net\/cameroun\/sites\/57\/2023\/03\/postQueueImg_1678375706.54.jpg\",\"datePublished\":\"2023-03-09T18:58:17+00:00\",\"dateModified\":\"2023-03-09T19:22:09+00:00\",\"author\":{\"@id\":\"https:\/\/www.africa-press.net\/cameroun\/#\/schema\/person\/2b1cf3cd81a31e3cd26889ca66d677f1\"},\"description\":\"_Sous l'encadrement de la Reine-me\u0300re Ce\u0301lestine Ketcha Courte\u0300s, une importante de\u0301le\u0301gation des femmes venues du Sud-C ...\",\"breadcrumb\":{\"@id\":\"https:\/\/www.africa-press.net\/cameroun\/toutes-les-actualites\/08-mars-2023-louest-et-le-sud-communient-a-bangangte#breadcrumb\"},\"inLanguage\":\"fr-FR\",\"potentialAction\":[{\"@type\":\"ReadAction\",\"target\":[\"https:\/\/www.africa-press.net\/cameroun\/toutes-les-actualites\/08-mars-2023-louest-et-le-sud-communient-a-bangangte\"]}]},{\"@type\":\"ImageObject\",\"inLanguage\":\"fr-FR\",\"@id\":\"https:\/\/www.africa-press.net\/cameroun\/toutes-les-actualites\/08-mars-2023-louest-et-le-sud-communient-a-bangangte#primaryimage\",\"url\":\"https:\/\/static.africa-press.net\/cameroun\/sites\/57\/2023\/03\/postQueueImg_1678375706.54.jpg\",\"contentUrl\":\"https:\/\/static.africa-press.net\/cameroun\/sites\/57\/2023\/03\/postQueueImg_1678375706.54.jpg\",\"width\":720,\"height\":540,\"caption\":\"08 Mars 2023: L'Ouest et le Sud communient \u00e0 Bangangt\u00e9\"},{\"@type\":\"BreadcrumbList\",\"@id\":\"https:\/\/www.africa-press.net\/cameroun\/toutes-les-actualites\/08-mars-2023-louest-et-le-sud-communient-a-bangangte#breadcrumb\",\"itemListElement\":[{\"@type\":\"ListItem\",\"position\":1,\"name\":\"Accueil\",\"item\":\"https:\/\/www.africa-press.net\/cameroun\/\"},{\"@type\":\"ListItem\",\"position\":2,\"name\":\"08 Mars 2023: L&rsquo;Ouest et le Sud communient \u00e0 Bangangt\u00e9\"}]},{\"@type\":\"WebSite\",\"@id\":\"https:\/\/www.africa-press.net\/cameroun\/#website\",\"url\":\"https:\/\/www.africa-press.net\/cameroun\/\",\"name\":\"Cameroun\",\"description\":\"Just another Africa News Agency Sites site\",\"potentialAction\":[{\"@type\":\"SearchAction\",\"target\":{\"@type\":\"EntryPoint\",\"urlTemplate\":\"https:\/\/www.africa-press.net\/cameroun\/?s={search_term_string}\"},\"query-input\":{\"@type\":\"PropertyValueSpecification\",\"valueRequired\":true,\"valueName\":\"search_term_string\"}}],\"inLanguage\":\"fr-FR\"},{\"@type\":\"Person\",\"@id\":\"https:\/\/www.africa-press.net\/cameroun\/#\/schema\/person\/2b1cf3cd81a31e3cd26889ca66d677f1\",\"name\":\"cfeditorfr\"}]}<\/script>\n<!-- \/ Yoast SEO Premium plugin. -->","yoast_head_json":{"title":"08 Mars 2023: L'Ouest et le Sud communient \u00e0 Bangangt\u00e9 - Cameroun","description":"_Sous l'encadrement de la Reine-me\u0300re Ce\u0301lestine Ketcha Courte\u0300s, une importante de\u0301le\u0301gation des femmes venues du Sud-C ...","robots":{"index":"index","follow":"follow","max-snippet":"max-snippet:-1","max-image-preview":"max-image-preview:large","max-video-preview":"max-video-preview:-1"},"canonical":"https:\/\/www.africa-press.net\/cameroun\/toutes-les-actualites\/08-mars-2023-louest-et-le-sud-communient-a-bangangte","og_locale":"fr_FR","og_type":"article","og_title":"08 Mars 2023: L'Ouest et le Sud communient \u00e0 Bangangt\u00e9","og_description":"_Sous l'encadrement de la Reine-me\u0300re Ce\u0301lestine Ketcha Courte\u0300s, une importante de\u0301le\u0301gation des femmes venues du Sud-C ...","og_url":"https:\/\/www.africa-press.net\/cameroun\/toutes-les-actualites\/08-mars-2023-louest-et-le-sud-communient-a-bangangte","og_site_name":"Cameroun","article_published_time":"2023-03-09T18:58:17+00:00","article_modified_time":"2023-03-09T19:22:09+00:00","og_image":[{"width":720,"height":540,"url":"https:\/\/static.africa-press.net\/cameroun\/sites\/57\/2023\/03\/postQueueImg_1678375706.54.jpg","type":"image\/jpeg"}],"author":"cfeditorfr","twitter_card":"summary_large_image","twitter_misc":{"\u00c9crit par":"cfeditorfr","Dur\u00e9e de lecture estim\u00e9e":"5 minutes"},"schema":{"@context":"https:\/\/schema.org","@graph":[{"@type":"Article","@id":"https:\/\/www.africa-press.net\/cameroun\/toutes-les-actualites\/08-mars-2023-louest-et-le-sud-communient-a-bangangte#article","isPartOf":{"@id":"https:\/\/www.africa-press.net\/cameroun\/toutes-les-actualites\/08-mars-2023-louest-et-le-sud-communient-a-bangangte"},"author":{"name":"cfeditorfr","@id":"https:\/\/www.africa-press.net\/cameroun\/#\/schema\/person\/2b1cf3cd81a31e3cd26889ca66d677f1"},"headline":"08 Mars 2023: L&rsquo;Ouest et le Sud communient \u00e0 Bangangt\u00e9","datePublished":"2023-03-09T18:58:17+00:00","dateModified":"2023-03-09T19:22:09+00:00","mainEntityOfPage":{"@id":"https:\/\/www.africa-press.net\/cameroun\/toutes-les-actualites\/08-mars-2023-louest-et-le-sud-communient-a-bangangte"},"wordCount":955,"commentCount":0,"image":{"@id":"https:\/\/www.africa-press.net\/cameroun\/toutes-les-actualites\/08-mars-2023-louest-et-le-sud-communient-a-bangangte#primaryimage"},"thumbnailUrl":"https:\/\/static.africa-press.net\/cameroun\/sites\/57\/2023\/03\/postQueueImg_1678375706.54.jpg","keywords":["Africa Press","Africa Press-Cameroun","Cameroun"],"articleSection":["Communaut\u00e9","Toutes les actualit\u00e9s"],"inLanguage":"fr-FR","potentialAction":[{"@type":"CommentAction","name":"Comment","target":["https:\/\/www.africa-press.net\/cameroun\/toutes-les-actualites\/08-mars-2023-louest-et-le-sud-communient-a-bangangte#respond"]}]},{"@type":"WebPage","@id":"https:\/\/www.africa-press.net\/cameroun\/toutes-les-actualites\/08-mars-2023-louest-et-le-sud-communient-a-bangangte","url":"https:\/\/www.africa-press.net\/cameroun\/toutes-les-actualites\/08-mars-2023-louest-et-le-sud-communient-a-bangangte","name":"08 Mars 2023: L'Ouest et le Sud communient \u00e0 Bangangt\u00e9 - Cameroun","isPartOf":{"@id":"https:\/\/www.africa-press.net\/cameroun\/#website"},"primaryImageOfPage":{"@id":"https:\/\/www.africa-press.net\/cameroun\/toutes-les-actualites\/08-mars-2023-louest-et-le-sud-communient-a-bangangte#primaryimage"},"image":{"@id":"https:\/\/www.africa-press.net\/cameroun\/toutes-les-actualites\/08-mars-2023-louest-et-le-sud-communient-a-bangangte#primaryimage"},"thumbnailUrl":"https:\/\/static.africa-press.net\/cameroun\/sites\/57\/2023\/03\/postQueueImg_1678375706.54.jpg","datePublished":"2023-03-09T18:58:17+00:00","dateModified":"2023-03-09T19:22:09+00:00","author":{"@id":"https:\/\/www.africa-press.net\/cameroun\/#\/schema\/person\/2b1cf3cd81a31e3cd26889ca66d677f1"},"description":"_Sous l'encadrement de la Reine-me\u0300re Ce\u0301lestine Ketcha Courte\u0300s, une importante de\u0301le\u0301gation des femmes venues du Sud-C ...","breadcrumb":{"@id":"https:\/\/www.africa-press.net\/cameroun\/toutes-les-actualites\/08-mars-2023-louest-et-le-sud-communient-a-bangangte#breadcrumb"},"inLanguage":"fr-FR","potentialAction":[{"@type":"ReadAction","target":["https:\/\/www.africa-press.net\/cameroun\/toutes-les-actualites\/08-mars-2023-louest-et-le-sud-communient-a-bangangte"]}]},{"@type":"ImageObject","inLanguage":"fr-FR","@id":"https:\/\/www.africa-press.net\/cameroun\/toutes-les-actualites\/08-mars-2023-louest-et-le-sud-communient-a-bangangte#primaryimage","url":"https:\/\/static.africa-press.net\/cameroun\/sites\/57\/2023\/03\/postQueueImg_1678375706.54.jpg","contentUrl":"https:\/\/static.africa-press.net\/cameroun\/sites\/57\/2023\/03\/postQueueImg_1678375706.54.jpg","width":720,"height":540,"caption":"08 Mars 2023: L'Ouest et le Sud communient \u00e0 Bangangt\u00e9"},{"@type":"BreadcrumbList","@id":"https:\/\/www.africa-press.net\/cameroun\/toutes-les-actualites\/08-mars-2023-louest-et-le-sud-communient-a-bangangte#breadcrumb","itemListElement":[{"@type":"ListItem","position":1,"name":"Accueil","item":"https:\/\/www.africa-press.net\/cameroun\/"},{"@type":"ListItem","position":2,"name":"08 Mars 2023: L&rsquo;Ouest et le Sud communient \u00e0 Bangangt\u00e9"}]},{"@type":"WebSite","@id":"https:\/\/www.africa-press.net\/cameroun\/#website","url":"https:\/\/www.africa-press.net\/cameroun\/","name":"Cameroun","description":"Just another Africa News Agency Sites site","potentialAction":[{"@type":"SearchAction","target":{"@type":"EntryPoint","urlTemplate":"https:\/\/www.africa-press.net\/cameroun\/?s={search_term_string}"},"query-input":{"@type":"PropertyValueSpecification","valueRequired":true,"valueName":"search_term_string"}}],"inLanguage":"fr-FR"},{"@type":"Person","@id":"https:\/\/www.africa-press.net\/cameroun\/#\/schema\/person\/2b1cf3cd81a31e3cd26889ca66d677f1","name":"cfeditorfr"}]}},"_links":{"self":[{"href":"https:\/\/www.africa-press.net\/cameroun\/wp-json\/wp\/v2\/posts\/38846","targetHints":{"allow":["GET"]}}],"collection":[{"href":"https:\/\/www.africa-press.net\/cameroun\/wp-json\/wp\/v2\/posts"}],"about":[{"href":"https:\/\/www.africa-press.net\/cameroun\/wp-json\/wp\/v2\/types\/post"}],"author":[{"embeddable":true,"href":"https:\/\/www.africa-press.net\/cameroun\/wp-json\/wp\/v2\/users\/82"}],"replies":[{"embeddable":true,"href":"https:\/\/www.africa-press.net\/cameroun\/wp-json\/wp\/v2\/comments?post=38846"}],"version-history":[{"count":0,"href":"https:\/\/www.africa-press.net\/cameroun\/wp-json\/wp\/v2\/posts\/38846\/revisions"}],"wp:featuredmedia":[{"embeddable":true,"href":"https:\/\/www.africa-press.net\/cameroun\/wp-json\/wp\/v2\/media\/38844"}],"wp:attachment":[{"href":"https:\/\/www.africa-press.net\/cameroun\/wp-json\/wp\/v2\/media?parent=38846"}],"wp:term":[{"taxonomy":"category","embeddable":true,"href":"https:\/\/www.africa-press.net\/cameroun\/wp-json\/wp\/v2\/categories?post=38846"},{"taxonomy":"post_tag","embeddable":true,"href":"https:\/\/www.africa-press.net\/cameroun\/wp-json\/wp\/v2\/tags?post=38846"}],"curies":[{"name":"wp","href":"https:\/\/api.w.org\/{rel}","templated":true}]}}